{"id":38430,"date":"2025-03-14T12:28:20","date_gmt":"2025-03-14T15:28:20","guid":{"rendered":"https:\/\/hcd.malargue.gov.ar\/?p=38430"},"modified":"2025-03-14T12:28:24","modified_gmt":"2025-03-14T15:28:24","slug":"el-hcd-llevo-a-cabo-la-1-sesion-ordinaria","status":"publish","type":"post","link":"https:\/\/hcd.malargue.gov.ar\/?p=38430","title":{"rendered":"EL HCD LLEV\u00d3 A CABO LA 1\u00b0 SESI\u00d3N ORDINARIA"},"content":{"rendered":"\n<h5 class=\"wp-block-heading has-text-align-right\">SESI\u00d3N ORDINARIA \u2013\u00a0 14 de MARZO del 2025<\/h5>\n\n\n\n<h5 class=\"wp-block-heading has-text-align-right\">Presidiendo la Sesi\u00f3n:&nbsp;&nbsp;Concejal Rodrigo Hidalgo (Bloque Partido Justicialista)<\/h5>\n\n\n\n<h5 class=\"wp-block-heading has-text-align-right\">Concejales Presentes: Pablo Villarruel, Viviana Mosca (Bloque Frente Cambia Mendoza), Magali Acosta (Bloque Partido Justicialista), Silvina Camiolo (Reconstruyendo Malarg\u00fce), Elizabeth Gonz\u00e1lez (Bloque Uni\u00f3n Mendocina), Francisco Parada (Bloque Encuentro).<\/h5>\n\n\n\n<p>Luego que en el dia de ayer quedara <a href=\"https:\/\/hcd.malargue.gov.ar\/?p=38429\">inaugurado el Periodo de Sesiones Ordinarias 2025 con el Informe Anual del Sr Intendente Municipal<\/a> , esta ma\u00f1ana se continuo con el cumplimiento del Orden del D\u00eda, se <strong><em>Conformaron las Comisiones permanentes del Cuerpo detallando dia, hora y representantes por Bloque<\/em><\/strong> en cada una de ellas.<\/p>\n\n\n\n<p>En el punto&nbsp;<strong><em>g)Determinaci\u00f3n de los Bloques que har\u00e1n uso de la palabra en fechas Patrias;&nbsp;<\/em><\/strong>qued\u00f3 establecido de la siguiente manera:<\/p>\n\n\n\n<ul class=\"wp-block-list\">\n<li><em>2 de abril: Bloque UCR-Independiente<\/em><\/li>\n\n\n\n<li><em>25 de mayo: Bloque Partido Justicialista<\/em><\/li>\n\n\n\n<li><em>20 de junio: Bloque Encuentro<\/em><\/li>\n\n\n\n<li><em>9 de julio:&nbsp; Bloque Frente Cambia Mendoza<\/em><\/li>\n\n\n\n<li><em>17 de agosto: Bloque <em>Reconstruyendo Malarg\u00fce<\/em><\/em><\/li>\n\n\n\n<li><em>16 de Noviembre: Bloque Union Mendocina<\/em><\/li>\n<\/ul>\n\n\n<div class=\"wp-block-image\">\n<figure class=\"aligncenter size-large is-resized\"><img loading=\"lazy\" decoding=\"async\" width=\"1024\" height=\"576\" src=\"https:\/\/hcd.malargue.gov.ar\/wp-content\/uploads\/2025\/03\/483837021_964446872527868_3528559086675768969_n-1024x576.jpg\" alt=\"\" class=\"wp-image-38436\" style=\"width:683px;height:auto\" srcset=\"https:\/\/hcd.malargue.gov.ar\/wp-content\/uploads\/2025\/03\/483837021_964446872527868_3528559086675768969_n-1024x576.jpg 1024w, https:\/\/hcd.malargue.gov.ar\/wp-content\/uploads\/2025\/03\/483837021_964446872527868_3528559086675768969_n-300x169.jpg 300w, https:\/\/hcd.malargue.gov.ar\/wp-content\/uploads\/2025\/03\/483837021_964446872527868_3528559086675768969_n-768x432.jpg 768w, https:\/\/hcd.malargue.gov.ar\/wp-content\/uploads\/2025\/03\/483837021_964446872527868_3528559086675768969_n-1536x864.jpg 1536w, https:\/\/hcd.malargue.gov.ar\/wp-content\/uploads\/2025\/03\/483837021_964446872527868_3528559086675768969_n.jpg 2048w\" sizes=\"auto, (max-width: 1024px) 100vw, 1024px\" \/><\/figure>\n<\/div>\n\n\n<p>Dando cumplimiento al Orden del D\u00eda elevaron un total de 6 Proyectos de los Sres Concejales y&nbsp;6 Expedientes provenientes del Departamento Ejecutivo a las distintas Comisiones de trabajo para su correspondiente tratamiento. Detalle:<\/p>\n\n\n\n<blockquote class=\"wp-block-quote is-layout-flow wp-block-quote-is-layout-flow\">\n<p><strong><em>La COMISI\u00d3N DE EDUCACI\u00d3N, HIGIENE, MORALIDAD, ACCI\u00d3N SOCIAL Y CULTURA (EHMASyC) recepcionar\u00e1\u00a03 proyectos:\u00a0<\/em><\/strong><\/p>\n\n\n\n<ul class=\"wp-block-list\">\n<li>Expte N\u00b0 5.526-HC-072-2.024. Proyecto de Resoluci\u00f3n: Solicitar al Departamento Ejecutivo que arbitre los medios necesarios para la apertura de una extensi\u00f3n \u00e1ulica de la Facultad Regional San Rafael de la UTN en nuestro Departamento. (BLOQUE PARTIDO JUSTICIALISTA) Autores: Concejales: Magal\u00ed ACOSTA; Emilce MANSILLA; Pablo CABRERA y Rodrigo HIDALGO<\/li>\n\n\n\n<li>Expte. N\u00b0 1.801\/2.025-0. Proyecto de Ordenanza: Imponer el nombre \u201cArcangeoletti Graciela\u201d a la Sala de Extracci\u00f3n de la Planta Ap\u00edcola emplazada en la Incubadora de Empresas Malarg\u00fce. (BLOQUE PARTIDO JUSTICIALISTA). Autores: Concejales Magal\u00ed ACOSTA, Emilce MANSILLA, Pablo CABRERA, Rodrigo HIDALGO (Tras el an\u00e1lisis en la Comisi\u00f3n de Educaci\u00f3n, pasa a la Comisi\u00f3n de Hacienda).<\/li>\n\n\n\n<li>Expte\u00a0 N\u00b0 1.844\/2.025-0. Proyecto\u00a0 de Resoluci\u00f3n: Acompa\u00f1ar y solicitar la aprobaci\u00f3n del Marco Regulatorio para los Cuerpos de Seguridad Ciudadana. (BLOQUE FRENTE CAMBIA MENDOZA.) Autores: Concejales \u00a0Pablo VILLARRUEL y Viviana MOSCA. (Tras el an\u00e1lisis en la Comisi\u00f3n de Educaci\u00f3n, pasa a la Comisi\u00f3n de Hacienda).<\/li>\n<\/ul>\n\n\n\n<p><strong><em>La COMISI\u00d3N DE HACIENDA PRESUPUESTO LEGISLACI\u00d3N Y ASUNTOS CONSTITUCIONALES (HPLAC) recepcionar\u00e1\u00a07 proyectos:<\/em><\/strong><\/p>\n\n\n\n<ul class=\"wp-block-list\">\n<li>Expte N\u00b0 5.527-HC-072-2.024. Proyecto de Resoluci\u00f3n: Solicitar presentaci\u00f3n ante la Corte Suprema de Justicia por la no realizaci\u00f3n de la Obra \u201cAprovechamiento Integral Multiprop\u00f3sito Portezuelo del Viento\u201d.(BLOQUE\u00a0 (RECONSTRUYENDO MALARG\u00dcE). Autora:\u00a0 Concejal Silvina CAMIOLO.<\/li>\n\n\n\n<li>TRATAMIENTO PREFERENCIAL- Expte. N\u00b0 1.828\/2.025-0. Proyecto de Ordenanza: Programas de Ayudas Econ\u00f3micas Educativas-Becas y\/o Subsidios. (INTERBLOQUE UCR-INDEPENDIENTE, RECONSTRUYENDO MALARG\u00dcE y UNI\u00d3N MENDOCINA). Autores: Concejales: Mart\u00edn PALMA, Silvina CAMIOLO; Elizabeth GONZALEZ<\/li>\n\n\n\n<li>Expte. N\u00b0 5.506-HC-070-2.024Proyecto de Ordenanza: Identificar las Unidades M\u00f3viles y Maquinarias del Parque Automotor del Departamento Ejecutivo Municipal y Honorable Concejo Deliberante.<\/li>\n\n\n\n<li>Expte. N\u00b0 5.461-HC-067-2.024. Proyecto de Ordenanza: implementar Personal Permanente de Seguridad y Salud en el Centro Polideportivo Malal- Hue.<\/li>\n\n\n\n<li>Expte. N\u00b0 43751616\/2.024-1 Departamento Ejecutivo. Proyecto de Presupuesto y C\u00e1lculo de Recursos para el Ejercicio 2.025. (Copia Decreto N\u00b0 135\/2.025<\/li>\n\n\n\n<li>Expte. N\u00b0 13752076\/24. Responsabilidad Fiscal N\u00b0 3.949 Honorable Tribunal de Cuentas. Tercer Trimestre\u00a0 Ejercicio 2.024.<\/li>\n\n\n\n<li>Expte. N\u00b0 43751609\/2.024-0. Departamento Ejecutivo. Cdor Celso Jaque. Proyecto de Ordenanza: Ordenanza Tarifaria 2.025<\/li>\n<\/ul>\n\n\n\n<p><em><strong>La COMISI\u00d3N DE GENERO, EQUIDAD Y DIVERSIDAD (GED ) recepcionar\u00e1 1 proyecto:&nbsp;<\/strong><\/em><\/p>\n\n\n\n<ul class=\"wp-block-list\">\n<li>Expte. N\u00b0 1.889\/2.025-0. Proyecto de Resoluci\u00f3n: Solicitar al Departamento Ejecutivo Municipal diversos puntos sobre la poblaci\u00f3n de adultos mayores de Malarg\u00fce. (BLOQUE RECONSTRUYENDO MALARG\u00dcE). Autora: Silvina CAMIOLO<\/li>\n<\/ul>\n<\/blockquote>\n\n\n\n<p>En el punto<em><strong> m)Asuntos Varios , <\/strong><\/em>la Concejal\u00a0Camiolo mocion\u00f3 por la desafectaci\u00f3n de la Nota HC 112\/2025 para se anexada a la Nota 13 del Orden del Dia elevada por la Sra. Luciana Andrea Villegas, expresa preocupaci\u00f3n por los distintos hechos\u00a0 ocurridos en el Centro de Hemodi\u00e1lisis del Malarg\u00fce que paso a la Comisi\u00f3n de Educacion. Por otra parte se solicit\u00f3 la conformaci\u00f3n dela Comisi\u00f3n Especial de Reglamento Interno que funcionara el primer lunes de cada mes a las 18:30hrs. <\/p>\n\n\n\n<p>Sin m\u00e1s que tratar, el Presidente del Cuerpo Deliberativo dio por finalizada la Sesi\u00f3n.<\/p>\n\n\n\n<p class=\"has-text-align-center\">\ud83c\udfa5<strong> SESION EN VIVO:<\/strong> <a href=\"https:\/\/www.youtube.com\/watch?v=YILQG2-hxgM\">https:\/\/www.youtube.com\/watch?v=YILQG2-hxgM<\/a><\/p>\n\n\n\n<p class=\"has-text-align-center\">\ud83d\udcf8 <strong>GALER\u00cdA DE FOTOS<\/strong>: <a href=\"https:\/\/www.facebook.com\/photo\/?fbid=964439572528598&amp;set=pcb.964445399194682\">https:\/\/www.facebook.com\/photo\/?fbid=964439572528598&amp;set=pcb.964445399194682<\/a><\/p>\n\n\n\n<p><\/p>\n","protected":false},"excerpt":{"rendered":"<p>SESI\u00d3N ORDINARIA \u2013\u00a0 14 de MARZO del 2025 Presidiendo la Sesi\u00f3n:&nbsp;&nbsp;Concejal Rodrigo Hidalgo (Bloque Partido Justicialista) Concejales Presentes: Pablo Villarruel, Viviana Mosca (Bloque Frente Cambia Mendoza), Magali Acosta (Bloque Partido Justicialista), Silvina Camiolo (Reconstruyendo Malarg\u00fce), Elizabeth Gonz\u00e1lez (Bloque Uni\u00f3n Mendocina), Francisco Parada (Bloque Encuentro). Luego que en el dia de ayer quedara inaugurado el Periodo [&hellip;]<\/p>\n","protected":false},"author":5,"featured_media":38435,"comment_status":"closed","ping_status":"closed","sticky":false,"template":"","format":"standard","meta":{"footnotes":""},"categories":[52,58,33,36],"tags":[],"class_list":["post-38430","post","type-post","status-publish","format-standard","has-post-thumbnail","hentry","category-gacetillas","category-ordinarias","category-prensa","category-sesiones"],"yoast_head":"<!-- This site is optimized with the Yoast SEO plugin v19.10 - https:\/\/yoast.com\/wordpress\/plugins\/seo\/ -->\n<title>EL HCD LLEV\u00d3 A CABO LA 1\u00b0 SESI\u00d3N ORDINARIA - Malarg\u00fce HCD<\/title>\n<meta name=\"robots\" content=\"index, follow, max-snippet:-1, max-image-preview:large, max-video-preview:-1\" \/>\n<link rel=\"canonical\" href=\"https:\/\/hcd.malargue.gov.ar\/?p=38430\" \/>\n<meta property=\"og:locale\" content=\"es_ES\" \/>\n<meta property=\"og:type\" content=\"article\" \/>\n<meta property=\"og:title\" content=\"EL HCD LLEV\u00d3 A CABO LA 1\u00b0 SESI\u00d3N ORDINARIA - Malarg\u00fce HCD\" \/>\n<meta property=\"og:description\" content=\"SESI\u00d3N ORDINARIA \u2013\u00a0 14 de MARZO del 2025 Presidiendo la Sesi\u00f3n:&nbsp;&nbsp;Concejal Rodrigo Hidalgo (Bloque Partido Justicialista) Concejales Presentes: Pablo Villarruel, Viviana Mosca (Bloque Frente Cambia Mendoza), Magali Acosta (Bloque Partido Justicialista), Silvina Camiolo (Reconstruyendo Malarg\u00fce), Elizabeth Gonz\u00e1lez (Bloque Uni\u00f3n Mendocina), Francisco Parada (Bloque Encuentro). Luego que en el dia de ayer quedara inaugurado el Periodo [&hellip;]\" \/>\n<meta property=\"og:url\" content=\"https:\/\/hcd.malargue.gov.ar\/?p=38430\" \/>\n<meta property=\"og:site_name\" content=\"Malarg\u00fce HCD\" \/>\n<meta property=\"article:published_time\" content=\"2025-03-14T15:28:20+00:00\" \/>\n<meta property=\"article:modified_time\" content=\"2025-03-14T15:28:24+00:00\" \/>\n<meta property=\"og:image\" content=\"https:\/\/hcd.malargue.gov.ar\/wp-content\/uploads\/2025\/03\/484190779_964445442528011_279307232312127841_n.jpg\" \/>\n\t<meta property=\"og:image:width\" content=\"2048\" \/>\n\t<meta property=\"og:image:height\" content=\"1152\" \/>\n\t<meta property=\"og:image:type\" content=\"image\/jpeg\" \/>\n<meta name=\"author\" content=\"Belen Pedernera Ferragut\" \/>\n<meta name=\"twitter:card\" content=\"summary_large_image\" \/>\n<meta name=\"twitter:label1\" content=\"Escrito por\" \/>\n\t<meta name=\"twitter:data1\" content=\"Belen Pedernera Ferragut\" \/>\n\t<meta name=\"twitter:label2\" content=\"Tiempo de lectura\" \/>\n\t<meta name=\"twitter:data2\" content=\"4 minutos\" \/>\n<script type=\"application\/ld+json\" class=\"yoast-schema-graph\">{\"@context\":\"https:\/\/schema.org\",\"@graph\":[{\"@type\":\"WebPage\",\"@id\":\"https:\/\/hcd.malargue.gov.ar\/?p=38430\",\"url\":\"https:\/\/hcd.malargue.gov.ar\/?p=38430\",\"name\":\"EL HCD LLEV\u00d3 A CABO LA 1\u00b0 SESI\u00d3N ORDINARIA - Malarg\u00fce HCD\",\"isPartOf\":{\"@id\":\"https:\/\/hcd.malargue.gov.ar\/#website\"},\"datePublished\":\"2025-03-14T15:28:20+00:00\",\"dateModified\":\"2025-03-14T15:28:24+00:00\",\"author\":{\"@id\":\"https:\/\/hcd.malargue.gov.ar\/#\/schema\/person\/3fd6bbab64edd703961b795156c955d0\"},\"breadcrumb\":{\"@id\":\"https:\/\/hcd.malargue.gov.ar\/?p=38430#breadcrumb\"},\"inLanguage\":\"es-AR\",\"potentialAction\":[{\"@type\":\"ReadAction\",\"target\":[\"https:\/\/hcd.malargue.gov.ar\/?p=38430\"]}]},{\"@type\":\"BreadcrumbList\",\"@id\":\"https:\/\/hcd.malargue.gov.ar\/?p=38430#breadcrumb\",\"itemListElement\":[{\"@type\":\"ListItem\",\"position\":1,\"name\":\"Inicio\",\"item\":\"https:\/\/hcd.malargue.gov.ar\/\"},{\"@type\":\"ListItem\",\"position\":2,\"name\":\"EL HCD LLEV\u00d3 A CABO LA 1\u00b0 SESI\u00d3N ORDINARIA\"}]},{\"@type\":\"WebSite\",\"@id\":\"https:\/\/hcd.malargue.gov.ar\/#website\",\"url\":\"https:\/\/hcd.malargue.gov.ar\/\",\"name\":\"Malarg\u00fce HCD\",\"description\":\"Malarg\u00fce Mendoza Argentina\",\"potentialAction\":[{\"@type\":\"SearchAction\",\"target\":{\"@type\":\"EntryPoint\",\"urlTemplate\":\"https:\/\/hcd.malargue.gov.ar\/?s={search_term_string}\"},\"query-input\":\"required name=search_term_string\"}],\"inLanguage\":\"es-AR\"},{\"@type\":\"Person\",\"@id\":\"https:\/\/hcd.malargue.gov.ar\/#\/schema\/person\/3fd6bbab64edd703961b795156c955d0\",\"name\":\"Belen Pedernera Ferragut\",\"image\":{\"@type\":\"ImageObject\",\"inLanguage\":\"es-AR\",\"@id\":\"https:\/\/hcd.malargue.gov.ar\/#\/schema\/person\/image\/\",\"url\":\"https:\/\/secure.gravatar.com\/avatar\/1054ffab3893de4bb3eb29bdd22f7e34b8537bf5d34d9dab311818154ad5b71f?s=96&d=mm&r=g\",\"contentUrl\":\"https:\/\/secure.gravatar.com\/avatar\/1054ffab3893de4bb3eb29bdd22f7e34b8537bf5d34d9dab311818154ad5b71f?s=96&d=mm&r=g\",\"caption\":\"Belen Pedernera Ferragut\"},\"url\":\"https:\/\/hcd.malargue.gov.ar\/?author=5\"}]}<\/script>\n<!-- \/ Yoast SEO plugin. -->","yoast_head_json":{"title":"EL HCD LLEV\u00d3 A CABO LA 1\u00b0 SESI\u00d3N ORDINARIA - Malarg\u00fce HCD","robots":{"index":"index","follow":"follow","max-snippet":"max-snippet:-1","max-image-preview":"max-image-preview:large","max-video-preview":"max-video-preview:-1"},"canonical":"https:\/\/hcd.malargue.gov.ar\/?p=38430","og_locale":"es_ES","og_type":"article","og_title":"EL HCD LLEV\u00d3 A CABO LA 1\u00b0 SESI\u00d3N ORDINARIA - Malarg\u00fce HCD","og_description":"SESI\u00d3N ORDINARIA \u2013\u00a0 14 de MARZO del 2025 Presidiendo la Sesi\u00f3n:&nbsp;&nbsp;Concejal Rodrigo Hidalgo (Bloque Partido Justicialista) Concejales Presentes: Pablo Villarruel, Viviana Mosca (Bloque Frente Cambia Mendoza), Magali Acosta (Bloque Partido Justicialista), Silvina Camiolo (Reconstruyendo Malarg\u00fce), Elizabeth Gonz\u00e1lez (Bloque Uni\u00f3n Mendocina), Francisco Parada (Bloque Encuentro). Luego que en el dia de ayer quedara inaugurado el Periodo [&hellip;]","og_url":"https:\/\/hcd.malargue.gov.ar\/?p=38430","og_site_name":"Malarg\u00fce HCD","article_published_time":"2025-03-14T15:28:20+00:00","article_modified_time":"2025-03-14T15:28:24+00:00","og_image":[{"width":2048,"height":1152,"url":"https:\/\/hcd.malargue.gov.ar\/wp-content\/uploads\/2025\/03\/484190779_964445442528011_279307232312127841_n.jpg","type":"image\/jpeg"}],"author":"Belen Pedernera Ferragut","twitter_card":"summary_large_image","twitter_misc":{"Escrito por":"Belen Pedernera Ferragut","Tiempo de lectura":"4 minutos"},"schema":{"@context":"https:\/\/schema.org","@graph":[{"@type":"WebPage","@id":"https:\/\/hcd.malargue.gov.ar\/?p=38430","url":"https:\/\/hcd.malargue.gov.ar\/?p=38430","name":"EL HCD LLEV\u00d3 A CABO LA 1\u00b0 SESI\u00d3N ORDINARIA - Malarg\u00fce HCD","isPartOf":{"@id":"https:\/\/hcd.malargue.gov.ar\/#website"},"datePublished":"2025-03-14T15:28:20+00:00","dateModified":"2025-03-14T15:28:24+00:00","author":{"@id":"https:\/\/hcd.malargue.gov.ar\/#\/schema\/person\/3fd6bbab64edd703961b795156c955d0"},"breadcrumb":{"@id":"https:\/\/hcd.malargue.gov.ar\/?p=38430#breadcrumb"},"inLanguage":"es-AR","potentialAction":[{"@type":"ReadAction","target":["https:\/\/hcd.malargue.gov.ar\/?p=38430"]}]},{"@type":"BreadcrumbList","@id":"https:\/\/hcd.malargue.gov.ar\/?p=38430#breadcrumb","itemListElement":[{"@type":"ListItem","position":1,"name":"Inicio","item":"https:\/\/hcd.malargue.gov.ar\/"},{"@type":"ListItem","position":2,"name":"EL HCD LLEV\u00d3 A CABO LA 1\u00b0 SESI\u00d3N ORDINARIA"}]},{"@type":"WebSite","@id":"https:\/\/hcd.malargue.gov.ar\/#website","url":"https:\/\/hcd.malargue.gov.ar\/","name":"Malarg\u00fce HCD","description":"Malarg\u00fce Mendoza Argentina","potentialAction":[{"@type":"SearchAction","target":{"@type":"EntryPoint","urlTemplate":"https:\/\/hcd.malargue.gov.ar\/?s={search_term_string}"},"query-input":"required name=search_term_string"}],"inLanguage":"es-AR"},{"@type":"Person","@id":"https:\/\/hcd.malargue.gov.ar\/#\/schema\/person\/3fd6bbab64edd703961b795156c955d0","name":"Belen Pedernera Ferragut","image":{"@type":"ImageObject","inLanguage":"es-AR","@id":"https:\/\/hcd.malargue.gov.ar\/#\/schema\/person\/image\/","url":"https:\/\/secure.gravatar.com\/avatar\/1054ffab3893de4bb3eb29bdd22f7e34b8537bf5d34d9dab311818154ad5b71f?s=96&d=mm&r=g","contentUrl":"https:\/\/secure.gravatar.com\/avatar\/1054ffab3893de4bb3eb29bdd22f7e34b8537bf5d34d9dab311818154ad5b71f?s=96&d=mm&r=g","caption":"Belen Pedernera Ferragut"},"url":"https:\/\/hcd.malargue.gov.ar\/?author=5"}]}},"_links":{"self":[{"href":"https:\/\/hcd.malargue.gov.ar\/index.php?rest_route=\/wp\/v2\/posts\/38430","targetHints":{"allow":["GET"]}}],"collection":[{"href":"https:\/\/hcd.malargue.gov.ar\/index.php?rest_route=\/wp\/v2\/posts"}],"about":[{"href":"https:\/\/hcd.malargue.gov.ar\/index.php?rest_route=\/wp\/v2\/types\/post"}],"author":[{"embeddable":true,"href":"https:\/\/hcd.malargue.gov.ar\/index.php?rest_route=\/wp\/v2\/users\/5"}],"replies":[{"embeddable":true,"href":"https:\/\/hcd.malargue.gov.ar\/index.php?rest_route=%2Fwp%2Fv2%2Fcomments&post=38430"}],"version-history":[{"count":3,"href":"https:\/\/hcd.malargue.gov.ar\/index.php?rest_route=\/wp\/v2\/posts\/38430\/revisions"}],"predecessor-version":[{"id":40103,"href":"https:\/\/hcd.malargue.gov.ar\/index.php?rest_route=\/wp\/v2\/posts\/38430\/revisions\/40103"}],"wp:featuredmedia":[{"embeddable":true,"href":"https:\/\/hcd.malargue.gov.ar\/index.php?rest_route=\/wp\/v2\/media\/38435"}],"wp:attachment":[{"href":"https:\/\/hcd.malargue.gov.ar\/index.php?rest_route=%2Fwp%2Fv2%2Fmedia&parent=38430"}],"wp:term":[{"taxonomy":"category","embeddable":true,"href":"https:\/\/hcd.malargue.gov.ar\/index.php?rest_route=%2Fwp%2Fv2%2Fcategories&post=38430"},{"taxonomy":"post_tag","embeddable":true,"href":"https:\/\/hcd.malargue.gov.ar\/index.php?rest_route=%2Fwp%2Fv2%2Ftags&post=38430"}],"curies":[{"name":"wp","href":"https:\/\/api.w.org\/{rel}","templated":true}]}}