{"id":38474,"date":"2025-03-25T09:42:35","date_gmt":"2025-03-25T12:42:35","guid":{"rendered":"https:\/\/hcd.malargue.gov.ar\/?p=38474"},"modified":"2025-03-25T09:44:56","modified_gmt":"2025-03-25T12:44:56","slug":"declaracion-n-350-2-025","status":"publish","type":"post","link":"https:\/\/hcd.malargue.gov.ar\/?p=38474","title":{"rendered":"DECLARACI\u00d3N N\u00b0 350\/2.025"},"content":{"rendered":"\n<h3 class=\"wp-block-heading\">El HCD declar\u00f3 de Inter\u00e9s Departamental la Vigilia \u201cMalvinas, Malarg\u00fce te recuerda\u201d<\/h3>\n\n\n\n<p><em>El Honorable Concejo Deliberante de Malarg\u00fce declar\u00f3 de Inter\u00e9s Departamental la Vigilia \u201cMalvinas, Malarg\u00fce te Recuerda\u201d, un evento anual impulsado por el Sr. Rolando C\u00e1rdenas que se lleva a cabo cada 1 de abril en homenaje a los Veteranos y Ca\u00eddos en la Guerra de Malvinas.<\/em><\/p>\n\n\n\n<p><em>Esta vigilia, que en 2025 celebrar\u00e1 su 15\u00aa edici\u00f3n, se ha consolidado como un acto de gran significado hist\u00f3rico y social, promoviendo la memoria colectiva sobre el conflicto del Atl\u00e1ntico Sur. La iniciativa re\u00fane a veteranos de guerra, familiares, autoridades y vecinos, reafirmando valores como el patriotismo y la solidaridad.<\/em><\/p>\n\n\n\n<p><em>El reconocimiento del HCD destaca el impacto regional de la actividad y su rol en la preservaci\u00f3n de la identidad nacional. Adem\u00e1s, se remitir\u00e1n copias de la declaraci\u00f3n y un certificado al Sr. C\u00e1rdenas en reconocimiento a su labor.<\/em><\/p>\n\n\n\n<p class=\"has-text-align-center\"><strong>MIRA LA PIEZA LEGAL COMPLETA<\/strong><\/p>\n\n\n<div class=\"wp-block-image\">\n<figure class=\"alignright is-resized\"><a href=\"http:\/\/hcd.malargue.gov.ar\/2025\/decla%20350%202025.pdf\"><img loading=\"lazy\" decoding=\"async\" width=\"512\" height=\"512\" src=\"https:\/\/hcd.malargue.gov.ar\/wp-content\/uploads\/2018\/06\/PDF-JPG.jpg\" alt=\"\" class=\"wp-image-7950\" style=\"width:124px;height:auto\" srcset=\"https:\/\/hcd.malargue.gov.ar\/wp-content\/uploads\/2018\/06\/PDF-JPG.jpg 512w, https:\/\/hcd.malargue.gov.ar\/wp-content\/uploads\/2018\/06\/PDF-JPG-150x150.jpg 150w, https:\/\/hcd.malargue.gov.ar\/wp-content\/uploads\/2018\/06\/PDF-JPG-300x300.jpg 300w\" sizes=\"auto, (max-width: 512px) 100vw, 512px\" \/><\/a><\/figure>\n<\/div>\n\n\n<p><strong>AUTORES: CONCEJAL<\/strong>\u00a0<strong>PABLO VILLARRUEL<\/strong> <strong>Y CONCEJALA VIVIANA MOSCA<\/strong><\/p>\n\n\n\n<p><strong>BLOQUE FRENTE CAMBIA MENDOZA<\/strong><\/p>\n\n\n\n<p>VISTO: El contenido del Expte. N\u00b0 2.029-2.025-0. Bloque Frente Cambia Mendoza. Proyecto de Declaraci\u00f3n: &#8220;Declarar de Inter\u00e9s Departamental la Vigilia \u201cMalvinas, Malarg\u00fce te recuerda\u201d<\/p>\n\n\n\n<p>La realizaci\u00f3n anual de la Vigilia &#8220;Malvinas Malarg\u00fce te Recuerda&#8221;, creada por el Sr. Rolando C\u00e1rdenas, que se lleva a cabo cada 1 de abril en nuestra Ciudad con el objetivo de rendir homenaje a los Veteranos y Ca\u00eddos en la Guerra de Malvinas.<\/p>\n\n\n\n<p>y;<\/p>\n\n\n\n<p>CONSIDERANDO: Que cada a\u00f1o se conmemora en todo el territorio argentino el &#8220;D\u00eda del Veterano y de los Ca\u00eddos en la Guerra de Malvinas&#8221;, como un acto de reconocimiento y respeto a quienes combatieron en la contienda de 1982.<\/p>\n\n\n\n<p>Que la Vigilia &#8220;Malvinas Malarg\u00fce te Recuerda&#8221; se ha consolidado como un evento de gran significado hist\u00f3rico y social para la comunidad de Malarg\u00fce, contribuyendo a la preservaci\u00f3n de la memoria colectiva sobre el conflicto del Atl\u00e1ntico Sur.<\/p>\n\n\n\n<p>Que dicha actividad, impulsada por el Sr. Rolando C\u00e1rdenas, ha contado con la participaci\u00f3n de veteranos de guerra, familiares, autoridades locales y vecinos, quienes se re\u00fanen cada a\u00f1o para rendir homenaje a los h\u00e9roes de Malvinas.<\/p>\n\n\n\n<p>Que este evento permite reforzar valores como el patriotismo, la solidaridad y el reconocimiento a quienes entregaron su vida en defensa de la soberan\u00eda argentina sobre las Islas Malvinas.<\/p>\n\n\n\n<p>Que en el presente a\u00f1o 2025 se llevar\u00e1 a cabo la 15\u00aa edici\u00f3n del Homenaje Vigilia<em> &#8220;Malvinas, Malarg\u00fce te Recuerda&#8221;<\/em>, reafirmando el sentimiento de gratitud y respeto del pueblo de Malarg\u00fce hacia sus veteranos y hacia todos aquellos que dieron su vida en defensa de la Patria.<\/p>\n\n\n\n<p>Que es deber de este Honorable Concejo Deliberante reconocer y destacar iniciativas que fomenten la memoria hist\u00f3rica y el compromiso ciudadano con nuestra identidad nacional.<\/p>\n\n\n\n<p>Que la realizaci\u00f3n de este evento ha trascendido el \u00e1mbito local, generando un impacto regional y promoviendo la participaci\u00f3n de delegaciones y representantes de distintos puntos del Pa\u00eds, lo que contribuye a fortalecer los lazos de hermandad y el reconocimiento nacional hacia la causa Malvinas.<\/p>\n\n\n\n<p>Que este Honorable Cuerpo ya ha emitido piezas legales referentes a Malvinas, d\u00e1ndole la importancia que \u00e9ste tema&nbsp; tiene para todos los ciudadanos de nuestro Departamento, como&nbsp; la Ordenanza N\u00b0 2.162\/2.022 que Declara la Ciudad de Malarg\u00fce \u201cHermana de Ciudades por la&nbsp; cuesti\u00f3n&nbsp; Malvinas\u201d de otras Ciudades argentinas que manifiesten&nbsp; el reconocimiento y homenaje a los ca\u00eddos&nbsp; familiares Veteranos y Veteranas de Malvinas\u201d y la Ordenanza N\u00b0 2.288\/2.024, donde se invita a veteranos o Agrupaciones de Veteranos de la Guerra de Malvinas del Pa\u00eds a participar&nbsp; en el Desfile C\u00edvico-Militar que se realiza cada 16 de noviembre por los festejos del d\u00eda del Departamento.<\/p>\n\n\n\n<p>EL HONORABLE CONCEJO DELIBERANTE DE LA MUNICIPALIDAD DE MALARG\u00dcE EN USO DE LAS FACULTADES QUE LE SON PROPIAS<\/p>\n\n\n\n<p>&nbsp;&nbsp;&nbsp;&nbsp;&nbsp;&nbsp;&nbsp;&nbsp;&nbsp;&nbsp;&nbsp;&nbsp;&nbsp;&nbsp;&nbsp;&nbsp;&nbsp;&nbsp;&nbsp;&nbsp;&nbsp;&nbsp;&nbsp;&nbsp;&nbsp;&nbsp;&nbsp;&nbsp;&nbsp;&nbsp;&nbsp;&nbsp;&nbsp;&nbsp;&nbsp;&nbsp;&nbsp;&nbsp;&nbsp;&nbsp;&nbsp;&nbsp;&nbsp;&nbsp;&nbsp;&nbsp;&nbsp;&nbsp;&nbsp;&nbsp;&nbsp;&nbsp;&nbsp;&nbsp;&nbsp;&nbsp;&nbsp;&nbsp;&nbsp; DECLARA<\/p>\n\n\n\n<p>ARTICULO 1\u00b0: Declarar de Inter\u00e9s Departamental la Vigilia \u201cMalvinas, Malarg\u00fce te recuerda\u201d, creada por el Sr.&nbsp; Rolando C\u00e1rdenas y realizada anualmente el 01 de abril en nuestra Ciudad, en homenaje a los Veteranos y Ca\u00eddos en la Guerra de Malvinas.<\/p>\n\n\n\n<p>ARTICULO 2\u00b0: Destacar la importancia de este evento como un acto de memoria y reconocimiento hacia quienes participaron en el conflicto b\u00e9lico del Atl\u00e1ntico Sur.<\/p>\n\n\n\n<p>ARTICULO 3\u00b0: Comunicar la presente a los medios de difusi\u00f3n locales para su correspondiente divulgaci\u00f3n.<\/p>\n\n\n\n<p>ARTICULO 4\u00b0: Remitir copia de la presente pieza legal junto a un Certificado al Sr. Rolando C\u00e1rdenas y copia al Departamento Ejecutivo Municipal para su conocimiento<\/p>\n\n\n\n<p>ARTICULO 5\u00b0: Comun\u00edquese, reg\u00edstrese, agr\u00e9guese copia de la presente en las actuaciones correspondientes y arch\u00edvese.<\/p>\n\n\n\n<p>DADA EN LA SALA DE SESIONES DR. RICARDO BALBIN DEL HONORABLE CONCEJO DELIBERANTE DE LA MUNICIPALIDAD DE MALARG\u00dcE A VEINTE D\u00cdAS DE MARZO DE DOS MIL VEINTICINCO<\/p>\n","protected":false},"excerpt":{"rendered":"<p>El HCD declar\u00f3 de Inter\u00e9s Departamental la Vigilia \u201cMalvinas, Malarg\u00fce te recuerda\u201d El Honorable Concejo Deliberante de Malarg\u00fce declar\u00f3 de Inter\u00e9s Departamental la Vigilia \u201cMalvinas, Malarg\u00fce te Recuerda\u201d, un evento anual impulsado por el Sr. Rolando C\u00e1rdenas que se lleva a cabo cada 1 de abril en homenaje a los Veteranos y Ca\u00eddos en la [&hellip;]<\/p>\n","protected":false},"author":5,"featured_media":38475,"comment_status":"closed","ping_status":"closed","sticky":false,"template":"","format":"standard","meta":{"footnotes":""},"categories":[46,52,29,33],"tags":[],"class_list":["post-38474","post","type-post","status-publish","format-standard","has-post-thumbnail","hentry","category-declaraciones","category-gacetillas","category-lesgilacion","category-prensa"],"yoast_head":"<!-- This site is optimized with the Yoast SEO plugin v19.10 - https:\/\/yoast.com\/wordpress\/plugins\/seo\/ -->\n<title>DECLARACI\u00d3N N\u00b0 350\/2.025 - Malarg\u00fce HCD<\/title>\n<meta name=\"robots\" content=\"index, follow, max-snippet:-1, max-image-preview:large, max-video-preview:-1\" \/>\n<link rel=\"canonical\" href=\"https:\/\/hcd.malargue.gov.ar\/?p=38474\" \/>\n<meta property=\"og:locale\" content=\"es_ES\" \/>\n<meta property=\"og:type\" content=\"article\" \/>\n<meta property=\"og:title\" content=\"DECLARACI\u00d3N N\u00b0 350\/2.025 - Malarg\u00fce HCD\" \/>\n<meta property=\"og:description\" content=\"El HCD declar\u00f3 de Inter\u00e9s Departamental la Vigilia \u201cMalvinas, Malarg\u00fce te recuerda\u201d El Honorable Concejo Deliberante de Malarg\u00fce declar\u00f3 de Inter\u00e9s Departamental la Vigilia \u201cMalvinas, Malarg\u00fce te Recuerda\u201d, un evento anual impulsado por el Sr. Rolando C\u00e1rdenas que se lleva a cabo cada 1 de abril en homenaje a los Veteranos y Ca\u00eddos en la [&hellip;]\" \/>\n<meta property=\"og:url\" content=\"https:\/\/hcd.malargue.gov.ar\/?p=38474\" \/>\n<meta property=\"og:site_name\" content=\"Malarg\u00fce HCD\" \/>\n<meta property=\"article:published_time\" content=\"2025-03-25T12:42:35+00:00\" \/>\n<meta property=\"article:modified_time\" content=\"2025-03-25T12:44:56+00:00\" \/>\n<meta property=\"og:image\" content=\"https:\/\/hcd.malargue.gov.ar\/wp-content\/uploads\/2025\/03\/DECLARACION-350-2025.png\" \/>\n\t<meta property=\"og:image:width\" content=\"940\" \/>\n\t<meta property=\"og:image:height\" content=\"788\" \/>\n\t<meta property=\"og:image:type\" content=\"image\/png\" \/>\n<meta name=\"author\" content=\"Belen Pedernera Ferragut\" \/>\n<meta name=\"twitter:card\" content=\"summary_large_image\" \/>\n<meta name=\"twitter:label1\" content=\"Escrito por\" \/>\n\t<meta name=\"twitter:data1\" content=\"Belen Pedernera Ferragut\" \/>\n\t<meta name=\"twitter:label2\" content=\"Tiempo de lectura\" \/>\n\t<meta name=\"twitter:data2\" content=\"4 minutos\" \/>\n<script type=\"application\/ld+json\" class=\"yoast-schema-graph\">{\"@context\":\"https:\/\/schema.org\",\"@graph\":[{\"@type\":\"WebPage\",\"@id\":\"https:\/\/hcd.malargue.gov.ar\/?p=38474\",\"url\":\"https:\/\/hcd.malargue.gov.ar\/?p=38474\",\"name\":\"DECLARACI\u00d3N N\u00b0 350\/2.025 - Malarg\u00fce HCD\",\"isPartOf\":{\"@id\":\"https:\/\/hcd.malargue.gov.ar\/#website\"},\"datePublished\":\"2025-03-25T12:42:35+00:00\",\"dateModified\":\"2025-03-25T12:44:56+00:00\",\"author\":{\"@id\":\"https:\/\/hcd.malargue.gov.ar\/#\/schema\/person\/3fd6bbab64edd703961b795156c955d0\"},\"breadcrumb\":{\"@id\":\"https:\/\/hcd.malargue.gov.ar\/?p=38474#breadcrumb\"},\"inLanguage\":\"es-AR\",\"potentialAction\":[{\"@type\":\"ReadAction\",\"target\":[\"https:\/\/hcd.malargue.gov.ar\/?p=38474\"]}]},{\"@type\":\"BreadcrumbList\",\"@id\":\"https:\/\/hcd.malargue.gov.ar\/?p=38474#breadcrumb\",\"itemListElement\":[{\"@type\":\"ListItem\",\"position\":1,\"name\":\"Inicio\",\"item\":\"https:\/\/hcd.malargue.gov.ar\/\"},{\"@type\":\"ListItem\",\"position\":2,\"name\":\"DECLARACI\u00d3N N\u00b0 350\/2.025\"}]},{\"@type\":\"WebSite\",\"@id\":\"https:\/\/hcd.malargue.gov.ar\/#website\",\"url\":\"https:\/\/hcd.malargue.gov.ar\/\",\"name\":\"Malarg\u00fce HCD\",\"description\":\"Malarg\u00fce Mendoza Argentina\",\"potentialAction\":[{\"@type\":\"SearchAction\",\"target\":{\"@type\":\"EntryPoint\",\"urlTemplate\":\"https:\/\/hcd.malargue.gov.ar\/?s={search_term_string}\"},\"query-input\":\"required name=search_term_string\"}],\"inLanguage\":\"es-AR\"},{\"@type\":\"Person\",\"@id\":\"https:\/\/hcd.malargue.gov.ar\/#\/schema\/person\/3fd6bbab64edd703961b795156c955d0\",\"name\":\"Belen Pedernera Ferragut\",\"image\":{\"@type\":\"ImageObject\",\"inLanguage\":\"es-AR\",\"@id\":\"https:\/\/hcd.malargue.gov.ar\/#\/schema\/person\/image\/\",\"url\":\"https:\/\/secure.gravatar.com\/avatar\/1054ffab3893de4bb3eb29bdd22f7e34b8537bf5d34d9dab311818154ad5b71f?s=96&d=mm&r=g\",\"contentUrl\":\"https:\/\/secure.gravatar.com\/avatar\/1054ffab3893de4bb3eb29bdd22f7e34b8537bf5d34d9dab311818154ad5b71f?s=96&d=mm&r=g\",\"caption\":\"Belen Pedernera Ferragut\"},\"url\":\"https:\/\/hcd.malargue.gov.ar\/?author=5\"}]}<\/script>\n<!-- \/ Yoast SEO plugin. -->","yoast_head_json":{"title":"DECLARACI\u00d3N N\u00b0 350\/2.025 - Malarg\u00fce HCD","robots":{"index":"index","follow":"follow","max-snippet":"max-snippet:-1","max-image-preview":"max-image-preview:large","max-video-preview":"max-video-preview:-1"},"canonical":"https:\/\/hcd.malargue.gov.ar\/?p=38474","og_locale":"es_ES","og_type":"article","og_title":"DECLARACI\u00d3N N\u00b0 350\/2.025 - Malarg\u00fce HCD","og_description":"El HCD declar\u00f3 de Inter\u00e9s Departamental la Vigilia \u201cMalvinas, Malarg\u00fce te recuerda\u201d El Honorable Concejo Deliberante de Malarg\u00fce declar\u00f3 de Inter\u00e9s Departamental la Vigilia \u201cMalvinas, Malarg\u00fce te Recuerda\u201d, un evento anual impulsado por el Sr. Rolando C\u00e1rdenas que se lleva a cabo cada 1 de abril en homenaje a los Veteranos y Ca\u00eddos en la [&hellip;]","og_url":"https:\/\/hcd.malargue.gov.ar\/?p=38474","og_site_name":"Malarg\u00fce HCD","article_published_time":"2025-03-25T12:42:35+00:00","article_modified_time":"2025-03-25T12:44:56+00:00","og_image":[{"width":940,"height":788,"url":"https:\/\/hcd.malargue.gov.ar\/wp-content\/uploads\/2025\/03\/DECLARACION-350-2025.png","type":"image\/png"}],"author":"Belen Pedernera Ferragut","twitter_card":"summary_large_image","twitter_misc":{"Escrito por":"Belen Pedernera Ferragut","Tiempo de lectura":"4 minutos"},"schema":{"@context":"https:\/\/schema.org","@graph":[{"@type":"WebPage","@id":"https:\/\/hcd.malargue.gov.ar\/?p=38474","url":"https:\/\/hcd.malargue.gov.ar\/?p=38474","name":"DECLARACI\u00d3N N\u00b0 350\/2.025 - Malarg\u00fce HCD","isPartOf":{"@id":"https:\/\/hcd.malargue.gov.ar\/#website"},"datePublished":"2025-03-25T12:42:35+00:00","dateModified":"2025-03-25T12:44:56+00:00","author":{"@id":"https:\/\/hcd.malargue.gov.ar\/#\/schema\/person\/3fd6bbab64edd703961b795156c955d0"},"breadcrumb":{"@id":"https:\/\/hcd.malargue.gov.ar\/?p=38474#breadcrumb"},"inLanguage":"es-AR","potentialAction":[{"@type":"ReadAction","target":["https:\/\/hcd.malargue.gov.ar\/?p=38474"]}]},{"@type":"BreadcrumbList","@id":"https:\/\/hcd.malargue.gov.ar\/?p=38474#breadcrumb","itemListElement":[{"@type":"ListItem","position":1,"name":"Inicio","item":"https:\/\/hcd.malargue.gov.ar\/"},{"@type":"ListItem","position":2,"name":"DECLARACI\u00d3N N\u00b0 350\/2.025"}]},{"@type":"WebSite","@id":"https:\/\/hcd.malargue.gov.ar\/#website","url":"https:\/\/hcd.malargue.gov.ar\/","name":"Malarg\u00fce HCD","description":"Malarg\u00fce Mendoza Argentina","potentialAction":[{"@type":"SearchAction","target":{"@type":"EntryPoint","urlTemplate":"https:\/\/hcd.malargue.gov.ar\/?s={search_term_string}"},"query-input":"required name=search_term_string"}],"inLanguage":"es-AR"},{"@type":"Person","@id":"https:\/\/hcd.malargue.gov.ar\/#\/schema\/person\/3fd6bbab64edd703961b795156c955d0","name":"Belen Pedernera Ferragut","image":{"@type":"ImageObject","inLanguage":"es-AR","@id":"https:\/\/hcd.malargue.gov.ar\/#\/schema\/person\/image\/","url":"https:\/\/secure.gravatar.com\/avatar\/1054ffab3893de4bb3eb29bdd22f7e34b8537bf5d34d9dab311818154ad5b71f?s=96&d=mm&r=g","contentUrl":"https:\/\/secure.gravatar.com\/avatar\/1054ffab3893de4bb3eb29bdd22f7e34b8537bf5d34d9dab311818154ad5b71f?s=96&d=mm&r=g","caption":"Belen Pedernera Ferragut"},"url":"https:\/\/hcd.malargue.gov.ar\/?author=5"}]}},"_links":{"self":[{"href":"https:\/\/hcd.malargue.gov.ar\/index.php?rest_route=\/wp\/v2\/posts\/38474","targetHints":{"allow":["GET"]}}],"collection":[{"href":"https:\/\/hcd.malargue.gov.ar\/index.php?rest_route=\/wp\/v2\/posts"}],"about":[{"href":"https:\/\/hcd.malargue.gov.ar\/index.php?rest_route=\/wp\/v2\/types\/post"}],"author":[{"embeddable":true,"href":"https:\/\/hcd.malargue.gov.ar\/index.php?rest_route=\/wp\/v2\/users\/5"}],"replies":[{"embeddable":true,"href":"https:\/\/hcd.malargue.gov.ar\/index.php?rest_route=%2Fwp%2Fv2%2Fcomments&post=38474"}],"version-history":[{"count":1,"href":"https:\/\/hcd.malargue.gov.ar\/index.php?rest_route=\/wp\/v2\/posts\/38474\/revisions"}],"predecessor-version":[{"id":38476,"href":"https:\/\/hcd.malargue.gov.ar\/index.php?rest_route=\/wp\/v2\/posts\/38474\/revisions\/38476"}],"wp:featuredmedia":[{"embeddable":true,"href":"https:\/\/hcd.malargue.gov.ar\/index.php?rest_route=\/wp\/v2\/media\/38475"}],"wp:attachment":[{"href":"https:\/\/hcd.malargue.gov.ar\/index.php?rest_route=%2Fwp%2Fv2%2Fmedia&parent=38474"}],"wp:term":[{"taxonomy":"category","embeddable":true,"href":"https:\/\/hcd.malargue.gov.ar\/index.php?rest_route=%2Fwp%2Fv2%2Fcategories&post=38474"},{"taxonomy":"post_tag","embeddable":true,"href":"https:\/\/hcd.malargue.gov.ar\/index.php?rest_route=%2Fwp%2Fv2%2Ftags&post=38474"}],"curies":[{"name":"wp","href":"https:\/\/api.w.org\/{rel}","templated":true}]}}