{"id":38558,"date":"2025-04-09T11:31:56","date_gmt":"2025-04-09T14:31:56","guid":{"rendered":"https:\/\/hcd.malargue.gov.ar\/?p=38558"},"modified":"2025-04-09T11:32:00","modified_gmt":"2025-04-09T14:32:00","slug":"resolucion-n-039-2-024","status":"publish","type":"post","link":"https:\/\/hcd.malargue.gov.ar\/?p=38558","title":{"rendered":"RESOLUCI\u00d3N N\u00b0 039\/2.024"},"content":{"rendered":"\n<h4 class=\"wp-block-heading has-text-align-center\"><strong>El HCD de Malarg\u00fce adhiri\u00f3 al proyecto \u201cGuardianes de las Rutas contra la Trata de Personas\u201d<\/strong><\/h4>\n\n\n\n<p><em>Durante la \u00faltima sesi\u00f3n, el Concejo aprob\u00f3 una Resoluci\u00f3n en la que expresa su adhesi\u00f3n y acompa\u00f1amiento al Proyecto de Ley N\u00ba E-80.572, impulsado por la Senadora Provincial J\u00e9sica Laferte, que propone la creaci\u00f3n de la figura de \u201cGuardianes de las Rutas contra la Trata de Personas\u201d.<\/em><\/p>\n\n\n\n<p><em>La iniciativa, que ya cuenta con media sanci\u00f3n del Senado provincial, busca capacitar y articular el trabajo de transportistas y actores del \u00e1mbito vial con los organismos gubernamentales para detectar situaciones de trata de personas.<\/em><\/p>\n\n\n\n<p><em>Desde el HCD destacaron que esta problem\u00e1tica constituye una grave violaci\u00f3n a los Derechos Humanos y que, a pesar de los avances legislativos, persiste en nuestro pa\u00eds con cifras alarmantes. La resoluci\u00f3n aprobada tambi\u00e9n hace \u00e9nfasis en la importancia de involucrar a los municipios y fortalecer programas de sensibilizaci\u00f3n y prevenci\u00f3n.<\/em><\/p>\n\n\n\n<p><em>Con esta medida, el Cuerpo Legislativo Local busca acompa\u00f1ar acciones concretas en la lucha contra este delito, visibilizando su compromiso con la erradicaci\u00f3n de la trata de personas.<\/em><\/p>\n\n\n\n<p class=\"has-text-align-center\"><strong>MIRA LA PIEZA LEGAL COMPLETA<\/strong><\/p>\n\n\n<div class=\"wp-block-image\">\n<figure class=\"alignright is-resized\"><a href=\"http:\/\/hcd.malargue.gov.ar\/2025\/Rn%20039%202025%20Guardianes%20de%20la%20Ruta.pdf\"><img loading=\"lazy\" decoding=\"async\" width=\"512\" height=\"512\" src=\"https:\/\/hcd.malargue.gov.ar\/wp-content\/uploads\/2018\/06\/PDF-JPG.jpg\" alt=\"\" class=\"wp-image-7950\" style=\"width:152px;height:auto\" srcset=\"https:\/\/hcd.malargue.gov.ar\/wp-content\/uploads\/2018\/06\/PDF-JPG.jpg 512w, https:\/\/hcd.malargue.gov.ar\/wp-content\/uploads\/2018\/06\/PDF-JPG-150x150.jpg 150w, https:\/\/hcd.malargue.gov.ar\/wp-content\/uploads\/2018\/06\/PDF-JPG-300x300.jpg 300w\" sizes=\"auto, (max-width: 512px) 100vw, 512px\" \/><\/a><\/figure>\n<\/div>\n\n\n<p><strong>AUTORES: CONCEJALSE VIVIANA MOSCA Y PABLO VILLARRUEL<\/strong><\/p>\n\n\n\n<p><strong>BLOQUE FRENTE CAMBIA MENDOZA<\/strong><\/p>\n\n\n\n<p>VISTO: El contenido del Expediente N\u00b0 2.177\/2.025-0. Bloque Frente Cambia Mendoza.&nbsp;Proyecto de Resoluci\u00f3n: Adherir y acompa\u00f1ar el Proyecto de Ley N\u00b0 E-80.572 para la creaci\u00f3n de la figura&nbsp;de \u201cGuardianes de las Rutas contra la Trata de Personas\u201d.<\/p>\n\n\n\n<p>El Proyecto de Ley N\u00b0 E-80.572 propuesto por la Senadora Provincial J\u00e9sica Laferte, referido a la creaci\u00f3n de la figura de Guardianes de las Rutas contra la Trata de Personas&#8221;, el cual cuenta con media sanci\u00f3n favorable de la C\u00e1mara de Senadores de la Provincia<\/p>\n\n\n\n<p>y;<\/p>\n\n\n\n<p>CONSIDERANDO: &nbsp;Que la trata de personas es una de las formas m\u00e1s graves de vulneraci\u00f3n de los Derechos Humanos y constituye un delito de lesa humanidad, seg\u00fan lo establecido por la Organizaci\u00f3n de las Naciones Unidas en la Declaraci\u00f3n Universal de los Derechos Humanos del a\u00f1o 1.948.<\/p>\n\n\n\n<p>Que el Protocolo para Prevenir, Reprimir y Sancionar la Trata de Personas, especialmente Mujeres y Ni\u00f1os, complementario de la Convenci\u00f3n de las Naciones Unidas contra la Delincuencia Organizada Transnacional, define la trata de personas como la captaci\u00f3n, transporte, traslado, acogida o recepci\u00f3n de personas con fines de explotaci\u00f3n, ya sea sexual, laboral u otras formas de esclavitud.<\/p>\n\n\n\n<p>Que seg\u00fan datos del Colectivo de Datos sobre la Lucha contra la Trata (CTDC) de la Organizaci\u00f3n Internacional para las Migraciones (OIM) en el a\u00f1o 2.023 se reportaron 156.330 casos de victimas de trata en 189 pa\u00edses, lo que demuestra la magnitud del problema a nivel global.<\/p>\n\n\n\n<p>Que la necesidad de mejorar la respuesta internacional a la trata de personas y el compromiso con su erradicaci\u00f3n se refleja en los Objetivos de Desarrollo Sostenible (ODS) de la ONU, espec\u00edficamente en los objetivos 5.2, 8.7 y 16.2, as\u00ed como en el Pacto Mundial para una Migraci\u00f3n Segura, Ordenada y Regular (GCM)<\/p>\n\n\n\n<p>Que en el a\u00f1o 2.002 Argentina ratific\u00f3 el Protocolo de las Naciones Unidas para Prevenir, Reprimir y Sancionar la Trata de Personas, lo que llev\u00f3 a la sanci\u00f3n de la Ley N\u00b0 26.364 en 2.008, posteriormente modificada por la Ley N\u00b0 26.842 en 2.012, estableciendo penas severas y eliminando el consentimiento de la v\u00edctima como atenuante.<\/p>\n\n\n\n<p>Que a pesar de estos avances, el problema persiste, seg\u00fan el portal de datos del Programa Justicia Abierta, en 2.024 se registraron 812 denuncias por trata de personas en Argentina, de las cuales 121 involucraron la explotaci\u00f3n de menores<\/p>\n\n\n\n<p>Que el Programa de Rescate y Acompa\u00f1amiento a Victimas de Trata del Ministerio de Justicia de la Naci\u00f3n report\u00f3 que, desde el a\u00f1o 2.008 hasta mayo del 2.024, se han rescatado y\/o asistido a 20.854 v\u00edctimas, solo en el a\u00f1o 2.024 se rescataron 594 personas.<\/p>\n\n\n\n<p>Que la ONU, a trav\u00e9s del &#8220;Manual para la lucha contra la Trata de Personas, destaca la importancia de las estrategias locales para combatir este delito, Ejemplo de ello es la iniciativa &#8220;Truckers Against Trafficking\u201d en Estados Unidos, Camioneros contra la Trata, que ha permitido identificar miles de v\u00edctimas a trav\u00e9s del entrenamiento de transportistas.<\/p>\n\n\n\n<p>Que en Mendoza, la Fundaci\u00f3n Andesmar trabaja desde el a\u00f1o 2.012 en la capacitaci\u00f3n de Conductores y Vendedores de pasajes, quienes ser\u00e1n capacitados para detectar situaciones sospechosas y colaborar con las autoridades en la prevenci\u00f3n y lucha contra este delito.<\/p>\n\n\n\n<p>Que el Proyecto de Ley E-80572 propone la creaci\u00f3n de la figura de Guardianes de las Rutas contra la Trata de Personas, para la detecci\u00f3n temprana de casos de trata, en articulaci\u00f3n con organismos gubernamentales.<\/p>\n\n\n\n<p>Que la jurisprudencia argentina ha utilizado la creaci\u00f3n de figuras espec\u00edficas para empoderar sectores de la sociedad en la lucha contra problemas sociales, como el Defensor de los Derechos de las Ni\u00f1as, Ni\u00f1os y Adolescentes Ley N\u00b0 26.061 y en la Provincia de Misiones mediante Ley IV N\u00b0 81 del a\u00f1o 2.018 la figura \u201cPromotoras de G\u00e9nero\u201d.<\/p>\n\n\n\n<p>Que resulta fundamental la participaci\u00f3n de los municipios en la lucha contra la trata de personas, fomentando la adhesi\u00f3n a Programas de Capacitaci\u00f3n y Sensibilizaci\u00f3n dirigidos a Transportistas, Taxistas, Personal de Vialidad, Conductores de micros de media y larga distancia y otros actores relevantes.<\/p>\n\n\n\n<p>EL HONORABLE CONCEJO DELIBERANTE DE LA MUNICIPALIDAD DE MALARG\u00dcE EN USO DE LAS FACULTADES QUE LE SON PROPIAS<\/p>\n\n\n\n<p>RESUELVE<\/p>\n\n\n\n<p>ART\u00cdCULO 1\u00ba: Adherir y Acompa\u00f1ar el Proyecto de Ley N\u00ba E-80.572, impulsado por la Senadora Provincial J\u00e9sica Laferte, para la Creaci\u00f3n de la Figura de &#8220;Guardianes de las Rutas contra la Trata de Personas&#8221;<\/p>\n\n\n\n<p>ART\u00cdCULO 2\u00ba: Comunicar la presente pieza a las Legisladoras de Malarg\u00fce, a efectos de manifestar el apoyo de la Instituci\u00f3n a la presente &nbsp;iniciativa.<\/p>\n\n\n\n<p>ART\u00cdCULO 3\u00ba: Remitir copia de la presente pieza legal a la Honorable C\u00e1mara de Senadores y a la Honorable C\u00e1mara de Diputados de la Provincia de Mendoza para su conocimiento, solicitando a la C\u00e1mara baja su pronto tratamiento y despacho.<\/p>\n\n\n\n<p>ART\u00cdCULO 4\u00ba: Comun\u00edquese, reg\u00edstrese, agr\u00e9guese copia de la presente en las actuaciones correspondientes y arch\u00edvese.<\/p>\n\n\n\n<p>DADA EN LA SALA DE SESIONES DR.&nbsp; RICARDO BALBIN DEL HONORABLE CONCEJO DELIBERANTE DE LA MUNICIPALIDAD DE MALARG\u00dcE TRES D\u00cdAS DE&nbsp; ABRIL DE DOS MIL VEINTICINCO.<\/p>\n","protected":false},"excerpt":{"rendered":"<p>El HCD de Malarg\u00fce adhiri\u00f3 al proyecto \u201cGuardianes de las Rutas contra la Trata de Personas\u201d Durante la \u00faltima sesi\u00f3n, el Concejo aprob\u00f3 una Resoluci\u00f3n en la que expresa su adhesi\u00f3n y acompa\u00f1amiento al Proyecto de Ley N\u00ba E-80.572, impulsado por la Senadora Provincial J\u00e9sica Laferte, que propone la creaci\u00f3n de la figura de \u201cGuardianes [&hellip;]<\/p>\n","protected":false},"author":5,"featured_media":38559,"comment_status":"closed","ping_status":"closed","sticky":false,"template":"","format":"standard","meta":{"footnotes":""},"categories":[52,29,33,51],"tags":[],"class_list":["post-38558","post","type-post","status-publish","format-standard","has-post-thumbnail","hentry","category-gacetillas","category-lesgilacion","category-prensa","category-resoluciones"],"yoast_head":"<!-- This site is optimized with the Yoast SEO plugin v19.10 - https:\/\/yoast.com\/wordpress\/plugins\/seo\/ -->\n<title>RESOLUCI\u00d3N N\u00b0 039\/2.024 - Malarg\u00fce HCD<\/title>\n<meta name=\"robots\" content=\"index, follow, max-snippet:-1, max-image-preview:large, max-video-preview:-1\" \/>\n<link rel=\"canonical\" href=\"https:\/\/hcd.malargue.gov.ar\/?p=38558\" \/>\n<meta property=\"og:locale\" content=\"es_ES\" \/>\n<meta property=\"og:type\" content=\"article\" \/>\n<meta property=\"og:title\" content=\"RESOLUCI\u00d3N N\u00b0 039\/2.024 - Malarg\u00fce HCD\" \/>\n<meta property=\"og:description\" content=\"El HCD de Malarg\u00fce adhiri\u00f3 al proyecto \u201cGuardianes de las Rutas contra la Trata de Personas\u201d Durante la \u00faltima sesi\u00f3n, el Concejo aprob\u00f3 una Resoluci\u00f3n en la que expresa su adhesi\u00f3n y acompa\u00f1amiento al Proyecto de Ley N\u00ba E-80.572, impulsado por la Senadora Provincial J\u00e9sica Laferte, que propone la creaci\u00f3n de la figura de \u201cGuardianes [&hellip;]\" \/>\n<meta property=\"og:url\" content=\"https:\/\/hcd.malargue.gov.ar\/?p=38558\" \/>\n<meta property=\"og:site_name\" content=\"Malarg\u00fce HCD\" \/>\n<meta property=\"article:published_time\" content=\"2025-04-09T14:31:56+00:00\" \/>\n<meta property=\"article:modified_time\" content=\"2025-04-09T14:32:00+00:00\" \/>\n<meta property=\"og:image\" content=\"https:\/\/hcd.malargue.gov.ar\/wp-content\/uploads\/2025\/04\/RESOLUCION-039-2025.png\" \/>\n\t<meta property=\"og:image:width\" content=\"940\" \/>\n\t<meta property=\"og:image:height\" content=\"788\" \/>\n\t<meta property=\"og:image:type\" content=\"image\/png\" \/>\n<meta name=\"author\" content=\"Belen Pedernera Ferragut\" \/>\n<meta name=\"twitter:card\" content=\"summary_large_image\" \/>\n<meta name=\"twitter:label1\" content=\"Escrito por\" \/>\n\t<meta name=\"twitter:data1\" content=\"Belen Pedernera Ferragut\" \/>\n\t<meta name=\"twitter:label2\" content=\"Tiempo de lectura\" \/>\n\t<meta name=\"twitter:data2\" content=\"5 minutos\" \/>\n<script type=\"application\/ld+json\" class=\"yoast-schema-graph\">{\"@context\":\"https:\/\/schema.org\",\"@graph\":[{\"@type\":\"WebPage\",\"@id\":\"https:\/\/hcd.malargue.gov.ar\/?p=38558\",\"url\":\"https:\/\/hcd.malargue.gov.ar\/?p=38558\",\"name\":\"RESOLUCI\u00d3N N\u00b0 039\/2.024 - Malarg\u00fce HCD\",\"isPartOf\":{\"@id\":\"https:\/\/hcd.malargue.gov.ar\/#website\"},\"datePublished\":\"2025-04-09T14:31:56+00:00\",\"dateModified\":\"2025-04-09T14:32:00+00:00\",\"author\":{\"@id\":\"https:\/\/hcd.malargue.gov.ar\/#\/schema\/person\/3fd6bbab64edd703961b795156c955d0\"},\"breadcrumb\":{\"@id\":\"https:\/\/hcd.malargue.gov.ar\/?p=38558#breadcrumb\"},\"inLanguage\":\"es-AR\",\"potentialAction\":[{\"@type\":\"ReadAction\",\"target\":[\"https:\/\/hcd.malargue.gov.ar\/?p=38558\"]}]},{\"@type\":\"BreadcrumbList\",\"@id\":\"https:\/\/hcd.malargue.gov.ar\/?p=38558#breadcrumb\",\"itemListElement\":[{\"@type\":\"ListItem\",\"position\":1,\"name\":\"Inicio\",\"item\":\"https:\/\/hcd.malargue.gov.ar\/\"},{\"@type\":\"ListItem\",\"position\":2,\"name\":\"RESOLUCI\u00d3N N\u00b0 039\/2.024\"}]},{\"@type\":\"WebSite\",\"@id\":\"https:\/\/hcd.malargue.gov.ar\/#website\",\"url\":\"https:\/\/hcd.malargue.gov.ar\/\",\"name\":\"Malarg\u00fce HCD\",\"description\":\"Malarg\u00fce Mendoza Argentina\",\"potentialAction\":[{\"@type\":\"SearchAction\",\"target\":{\"@type\":\"EntryPoint\",\"urlTemplate\":\"https:\/\/hcd.malargue.gov.ar\/?s={search_term_string}\"},\"query-input\":\"required name=search_term_string\"}],\"inLanguage\":\"es-AR\"},{\"@type\":\"Person\",\"@id\":\"https:\/\/hcd.malargue.gov.ar\/#\/schema\/person\/3fd6bbab64edd703961b795156c955d0\",\"name\":\"Belen Pedernera Ferragut\",\"image\":{\"@type\":\"ImageObject\",\"inLanguage\":\"es-AR\",\"@id\":\"https:\/\/hcd.malargue.gov.ar\/#\/schema\/person\/image\/\",\"url\":\"https:\/\/secure.gravatar.com\/avatar\/1054ffab3893de4bb3eb29bdd22f7e34b8537bf5d34d9dab311818154ad5b71f?s=96&d=mm&r=g\",\"contentUrl\":\"https:\/\/secure.gravatar.com\/avatar\/1054ffab3893de4bb3eb29bdd22f7e34b8537bf5d34d9dab311818154ad5b71f?s=96&d=mm&r=g\",\"caption\":\"Belen Pedernera Ferragut\"},\"url\":\"https:\/\/hcd.malargue.gov.ar\/?author=5\"}]}<\/script>\n<!-- \/ Yoast SEO plugin. -->","yoast_head_json":{"title":"RESOLUCI\u00d3N N\u00b0 039\/2.024 - Malarg\u00fce HCD","robots":{"index":"index","follow":"follow","max-snippet":"max-snippet:-1","max-image-preview":"max-image-preview:large","max-video-preview":"max-video-preview:-1"},"canonical":"https:\/\/hcd.malargue.gov.ar\/?p=38558","og_locale":"es_ES","og_type":"article","og_title":"RESOLUCI\u00d3N N\u00b0 039\/2.024 - Malarg\u00fce HCD","og_description":"El HCD de Malarg\u00fce adhiri\u00f3 al proyecto \u201cGuardianes de las Rutas contra la Trata de Personas\u201d Durante la \u00faltima sesi\u00f3n, el Concejo aprob\u00f3 una Resoluci\u00f3n en la que expresa su adhesi\u00f3n y acompa\u00f1amiento al Proyecto de Ley N\u00ba E-80.572, impulsado por la Senadora Provincial J\u00e9sica Laferte, que propone la creaci\u00f3n de la figura de \u201cGuardianes [&hellip;]","og_url":"https:\/\/hcd.malargue.gov.ar\/?p=38558","og_site_name":"Malarg\u00fce HCD","article_published_time":"2025-04-09T14:31:56+00:00","article_modified_time":"2025-04-09T14:32:00+00:00","og_image":[{"width":940,"height":788,"url":"https:\/\/hcd.malargue.gov.ar\/wp-content\/uploads\/2025\/04\/RESOLUCION-039-2025.png","type":"image\/png"}],"author":"Belen Pedernera Ferragut","twitter_card":"summary_large_image","twitter_misc":{"Escrito por":"Belen Pedernera Ferragut","Tiempo de lectura":"5 minutos"},"schema":{"@context":"https:\/\/schema.org","@graph":[{"@type":"WebPage","@id":"https:\/\/hcd.malargue.gov.ar\/?p=38558","url":"https:\/\/hcd.malargue.gov.ar\/?p=38558","name":"RESOLUCI\u00d3N N\u00b0 039\/2.024 - Malarg\u00fce HCD","isPartOf":{"@id":"https:\/\/hcd.malargue.gov.ar\/#website"},"datePublished":"2025-04-09T14:31:56+00:00","dateModified":"2025-04-09T14:32:00+00:00","author":{"@id":"https:\/\/hcd.malargue.gov.ar\/#\/schema\/person\/3fd6bbab64edd703961b795156c955d0"},"breadcrumb":{"@id":"https:\/\/hcd.malargue.gov.ar\/?p=38558#breadcrumb"},"inLanguage":"es-AR","potentialAction":[{"@type":"ReadAction","target":["https:\/\/hcd.malargue.gov.ar\/?p=38558"]}]},{"@type":"BreadcrumbList","@id":"https:\/\/hcd.malargue.gov.ar\/?p=38558#breadcrumb","itemListElement":[{"@type":"ListItem","position":1,"name":"Inicio","item":"https:\/\/hcd.malargue.gov.ar\/"},{"@type":"ListItem","position":2,"name":"RESOLUCI\u00d3N N\u00b0 039\/2.024"}]},{"@type":"WebSite","@id":"https:\/\/hcd.malargue.gov.ar\/#website","url":"https:\/\/hcd.malargue.gov.ar\/","name":"Malarg\u00fce HCD","description":"Malarg\u00fce Mendoza Argentina","potentialAction":[{"@type":"SearchAction","target":{"@type":"EntryPoint","urlTemplate":"https:\/\/hcd.malargue.gov.ar\/?s={search_term_string}"},"query-input":"required name=search_term_string"}],"inLanguage":"es-AR"},{"@type":"Person","@id":"https:\/\/hcd.malargue.gov.ar\/#\/schema\/person\/3fd6bbab64edd703961b795156c955d0","name":"Belen Pedernera Ferragut","image":{"@type":"ImageObject","inLanguage":"es-AR","@id":"https:\/\/hcd.malargue.gov.ar\/#\/schema\/person\/image\/","url":"https:\/\/secure.gravatar.com\/avatar\/1054ffab3893de4bb3eb29bdd22f7e34b8537bf5d34d9dab311818154ad5b71f?s=96&d=mm&r=g","contentUrl":"https:\/\/secure.gravatar.com\/avatar\/1054ffab3893de4bb3eb29bdd22f7e34b8537bf5d34d9dab311818154ad5b71f?s=96&d=mm&r=g","caption":"Belen Pedernera Ferragut"},"url":"https:\/\/hcd.malargue.gov.ar\/?author=5"}]}},"_links":{"self":[{"href":"https:\/\/hcd.malargue.gov.ar\/index.php?rest_route=\/wp\/v2\/posts\/38558","targetHints":{"allow":["GET"]}}],"collection":[{"href":"https:\/\/hcd.malargue.gov.ar\/index.php?rest_route=\/wp\/v2\/posts"}],"about":[{"href":"https:\/\/hcd.malargue.gov.ar\/index.php?rest_route=\/wp\/v2\/types\/post"}],"author":[{"embeddable":true,"href":"https:\/\/hcd.malargue.gov.ar\/index.php?rest_route=\/wp\/v2\/users\/5"}],"replies":[{"embeddable":true,"href":"https:\/\/hcd.malargue.gov.ar\/index.php?rest_route=%2Fwp%2Fv2%2Fcomments&post=38558"}],"version-history":[{"count":1,"href":"https:\/\/hcd.malargue.gov.ar\/index.php?rest_route=\/wp\/v2\/posts\/38558\/revisions"}],"predecessor-version":[{"id":38560,"href":"https:\/\/hcd.malargue.gov.ar\/index.php?rest_route=\/wp\/v2\/posts\/38558\/revisions\/38560"}],"wp:featuredmedia":[{"embeddable":true,"href":"https:\/\/hcd.malargue.gov.ar\/index.php?rest_route=\/wp\/v2\/media\/38559"}],"wp:attachment":[{"href":"https:\/\/hcd.malargue.gov.ar\/index.php?rest_route=%2Fwp%2Fv2%2Fmedia&parent=38558"}],"wp:term":[{"taxonomy":"category","embeddable":true,"href":"https:\/\/hcd.malargue.gov.ar\/index.php?rest_route=%2Fwp%2Fv2%2Fcategories&post=38558"},{"taxonomy":"post_tag","embeddable":true,"href":"https:\/\/hcd.malargue.gov.ar\/index.php?rest_route=%2Fwp%2Fv2%2Ftags&post=38558"}],"curies":[{"name":"wp","href":"https:\/\/api.w.org\/{rel}","templated":true}]}}