{"id":38588,"date":"2025-04-11T12:59:16","date_gmt":"2025-04-11T15:59:16","guid":{"rendered":"https:\/\/hcd.malargue.gov.ar\/?p=38588"},"modified":"2025-04-11T13:00:45","modified_gmt":"2025-04-11T16:00:45","slug":"el-hcd-fue-anfition-de-la-charla-sobr-auditorias-a-pensiones-nocontributivas-por-invalidez","status":"publish","type":"post","link":"https:\/\/hcd.malargue.gov.ar\/?p=38588","title":{"rendered":"El HCD FUE ANFITION DE LA CHARLA SOBRE AUDITORIAS A PENSIONES NO CONTRIBUTIVAS POR INVALIDEZ"},"content":{"rendered":"\n<p>Este viernes, en las instalaciones del Honorable Concejo Deliberante de Malarg\u00fce, se est\u00e1 llevando a cabo una <strong>charla informativa dirigida a beneficiarios de pensiones no contributivas por invalidez laboral<\/strong>, con el objetivo de brindar claridad sobre el proceso de auditor\u00edas ordenado a nivel nacional.<\/p>\n\n\n\n<figure class=\"wp-block-image size-large\"><img loading=\"lazy\" decoding=\"async\" width=\"1024\" height=\"576\" src=\"https:\/\/hcd.malargue.gov.ar\/wp-content\/uploads\/2025\/04\/WhatsApp-Image-2025-04-11-at-12.50.40-1024x576.jpeg\" alt=\"\" class=\"wp-image-38593\" srcset=\"https:\/\/hcd.malargue.gov.ar\/wp-content\/uploads\/2025\/04\/WhatsApp-Image-2025-04-11-at-12.50.40-1024x576.jpeg 1024w, https:\/\/hcd.malargue.gov.ar\/wp-content\/uploads\/2025\/04\/WhatsApp-Image-2025-04-11-at-12.50.40-300x169.jpeg 300w, https:\/\/hcd.malargue.gov.ar\/wp-content\/uploads\/2025\/04\/WhatsApp-Image-2025-04-11-at-12.50.40-768x432.jpeg 768w, https:\/\/hcd.malargue.gov.ar\/wp-content\/uploads\/2025\/04\/WhatsApp-Image-2025-04-11-at-12.50.40.jpeg 1280w\" sizes=\"auto, (max-width: 1024px) 100vw, 1024px\" \/><\/figure>\n\n\n\n<p>La actividad \u2014que tendr\u00e1 una segunda edici\u00f3n en horas de la tarde\u2014 <strong>se realiza con la colaboraci\u00f3n y el apoyo del Cuerpo Deliberativo<\/strong>, que no s\u00f3lo gestion\u00f3 la llegada del taller, sino que tambi\u00e9n facilit\u00f3 el espacio f\u00edsico para garantizar su desarrollo y accesibilidad a los vecinos y vecinas del departamento.<\/p>\n\n\n\n<p>La capacitaci\u00f3n est\u00e1 centrada en <strong>explicar los alcances del procedimiento de auditor\u00eda implementado por Naci\u00f3n<\/strong>, el cual ha sido notificado a trav\u00e9s de carta documento. No obstante, se expuso que <strong>numerosos ciudadanos no han recibido dicha notificaci\u00f3n<\/strong>, en parte debido a desigualdades territoriales y a la limitada conectividad tecnol\u00f3gica que caracteriza a muchas zonas del interior del pa\u00eds.<\/p>\n\n\n<div class=\"wp-block-image\">\n<figure class=\"alignleft size-large is-resized\"><img loading=\"lazy\" decoding=\"async\" width=\"1024\" height=\"576\" src=\"https:\/\/hcd.malargue.gov.ar\/wp-content\/uploads\/2025\/04\/WhatsApp-Image-2025-04-11-at-12.50.38-1024x576.jpeg\" alt=\"\" class=\"wp-image-38594\" style=\"width:439px;height:auto\" srcset=\"https:\/\/hcd.malargue.gov.ar\/wp-content\/uploads\/2025\/04\/WhatsApp-Image-2025-04-11-at-12.50.38-1024x576.jpeg 1024w, https:\/\/hcd.malargue.gov.ar\/wp-content\/uploads\/2025\/04\/WhatsApp-Image-2025-04-11-at-12.50.38-300x169.jpeg 300w, https:\/\/hcd.malargue.gov.ar\/wp-content\/uploads\/2025\/04\/WhatsApp-Image-2025-04-11-at-12.50.38-768x432.jpeg 768w, https:\/\/hcd.malargue.gov.ar\/wp-content\/uploads\/2025\/04\/WhatsApp-Image-2025-04-11-at-12.50.38.jpeg 1280w\" sizes=\"auto, (max-width: 1024px) 100vw, 1024px\" \/><\/figure>\n<\/div>\n\n\n<p>Durante el encuentro, se orienta a los asistentes sobre <strong>la documentaci\u00f3n necesaria para presentarse ante los equipos auditores<\/strong>, y se busca acompa\u00f1ar a las personas afectadas en este proceso, garantizando el acceso a informaci\u00f3n clara y oportuna.<\/p>\n\n\n\n<p>Este tipo de instancias resulta fundamental para <strong>reducir la incertidumbre, defender derechos y promover el acceso igualitario a la seguridad social<\/strong>, especialmente en contextos donde las barreras geogr\u00e1ficas o digitales pueden dificultar el cumplimiento de tr\u00e1mites esenciales.<\/p>\n","protected":false},"excerpt":{"rendered":"<p>Este viernes, en las instalaciones del Honorable Concejo Deliberante de Malarg\u00fce, se est\u00e1 llevando a cabo una charla informativa dirigida a beneficiarios de pensiones no contributivas por invalidez laboral, con el objetivo de brindar claridad sobre el proceso de auditor\u00edas ordenado a nivel nacional. La actividad \u2014que tendr\u00e1 una segunda edici\u00f3n en horas de la [&hellip;]<\/p>\n","protected":false},"author":11,"featured_media":38592,"comment_status":"closed","ping_status":"closed","sticky":false,"template":"","format":"standard","meta":{"footnotes":""},"categories":[53,52,33,1],"tags":[],"class_list":["post-38588","post","type-post","status-publish","format-standard","has-post-thumbnail","hentry","category-boletin-informativo","category-gacetillas","category-prensa","category-sin-categoria"],"yoast_head":"<!-- This site is optimized with the Yoast SEO plugin v19.10 - https:\/\/yoast.com\/wordpress\/plugins\/seo\/ -->\n<title>El HCD FUE ANFITION DE LA CHARLA SOBRE AUDITORIAS A PENSIONES NO CONTRIBUTIVAS POR INVALIDEZ - Malarg\u00fce HCD<\/title>\n<meta name=\"robots\" content=\"index, follow, max-snippet:-1, max-image-preview:large, max-video-preview:-1\" \/>\n<link rel=\"canonical\" href=\"https:\/\/hcd.malargue.gov.ar\/?p=38588\" \/>\n<meta property=\"og:locale\" content=\"es_ES\" \/>\n<meta property=\"og:type\" content=\"article\" \/>\n<meta property=\"og:title\" content=\"El HCD FUE ANFITION DE LA CHARLA SOBRE AUDITORIAS A PENSIONES NO CONTRIBUTIVAS POR INVALIDEZ - Malarg\u00fce HCD\" \/>\n<meta property=\"og:description\" content=\"Este viernes, en las instalaciones del Honorable Concejo Deliberante de Malarg\u00fce, se est\u00e1 llevando a cabo una charla informativa dirigida a beneficiarios de pensiones no contributivas por invalidez laboral, con el objetivo de brindar claridad sobre el proceso de auditor\u00edas ordenado a nivel nacional. La actividad \u2014que tendr\u00e1 una segunda edici\u00f3n en horas de la [&hellip;]\" \/>\n<meta property=\"og:url\" content=\"https:\/\/hcd.malargue.gov.ar\/?p=38588\" \/>\n<meta property=\"og:site_name\" content=\"Malarg\u00fce HCD\" \/>\n<meta property=\"article:published_time\" content=\"2025-04-11T15:59:16+00:00\" \/>\n<meta property=\"article:modified_time\" content=\"2025-04-11T16:00:45+00:00\" \/>\n<meta property=\"og:image\" content=\"https:\/\/hcd.malargue.gov.ar\/wp-content\/uploads\/2025\/04\/WhatsApp-Image-2025-04-11-at-12.50.39-1.jpeg\" \/>\n\t<meta property=\"og:image:width\" content=\"1280\" \/>\n\t<meta property=\"og:image:height\" content=\"720\" \/>\n\t<meta property=\"og:image:type\" content=\"image\/jpeg\" \/>\n<meta name=\"author\" content=\"Miriam Verdugo\" \/>\n<meta name=\"twitter:card\" content=\"summary_large_image\" \/>\n<meta name=\"twitter:label1\" content=\"Escrito por\" \/>\n\t<meta name=\"twitter:data1\" content=\"Miriam Verdugo\" \/>\n\t<meta name=\"twitter:label2\" content=\"Tiempo de lectura\" \/>\n\t<meta name=\"twitter:data2\" content=\"2 minutos\" \/>\n<script type=\"application\/ld+json\" class=\"yoast-schema-graph\">{\"@context\":\"https:\/\/schema.org\",\"@graph\":[{\"@type\":\"WebPage\",\"@id\":\"https:\/\/hcd.malargue.gov.ar\/?p=38588\",\"url\":\"https:\/\/hcd.malargue.gov.ar\/?p=38588\",\"name\":\"El HCD FUE ANFITION DE LA CHARLA SOBRE AUDITORIAS A PENSIONES NO CONTRIBUTIVAS POR INVALIDEZ - Malarg\u00fce HCD\",\"isPartOf\":{\"@id\":\"https:\/\/hcd.malargue.gov.ar\/#website\"},\"datePublished\":\"2025-04-11T15:59:16+00:00\",\"dateModified\":\"2025-04-11T16:00:45+00:00\",\"author\":{\"@id\":\"https:\/\/hcd.malargue.gov.ar\/#\/schema\/person\/ee682cfebfbf463de71f53a5c722be75\"},\"breadcrumb\":{\"@id\":\"https:\/\/hcd.malargue.gov.ar\/?p=38588#breadcrumb\"},\"inLanguage\":\"es-AR\",\"potentialAction\":[{\"@type\":\"ReadAction\",\"target\":[\"https:\/\/hcd.malargue.gov.ar\/?p=38588\"]}]},{\"@type\":\"BreadcrumbList\",\"@id\":\"https:\/\/hcd.malargue.gov.ar\/?p=38588#breadcrumb\",\"itemListElement\":[{\"@type\":\"ListItem\",\"position\":1,\"name\":\"Inicio\",\"item\":\"https:\/\/hcd.malargue.gov.ar\/\"},{\"@type\":\"ListItem\",\"position\":2,\"name\":\"El HCD FUE ANFITION DE LA CHARLA SOBRE AUDITORIAS A PENSIONES NO CONTRIBUTIVAS POR INVALIDEZ\"}]},{\"@type\":\"WebSite\",\"@id\":\"https:\/\/hcd.malargue.gov.ar\/#website\",\"url\":\"https:\/\/hcd.malargue.gov.ar\/\",\"name\":\"Malarg\u00fce HCD\",\"description\":\"Malarg\u00fce Mendoza Argentina\",\"potentialAction\":[{\"@type\":\"SearchAction\",\"target\":{\"@type\":\"EntryPoint\",\"urlTemplate\":\"https:\/\/hcd.malargue.gov.ar\/?s={search_term_string}\"},\"query-input\":\"required name=search_term_string\"}],\"inLanguage\":\"es-AR\"},{\"@type\":\"Person\",\"@id\":\"https:\/\/hcd.malargue.gov.ar\/#\/schema\/person\/ee682cfebfbf463de71f53a5c722be75\",\"name\":\"Miriam Verdugo\",\"image\":{\"@type\":\"ImageObject\",\"inLanguage\":\"es-AR\",\"@id\":\"https:\/\/hcd.malargue.gov.ar\/#\/schema\/person\/image\/\",\"url\":\"https:\/\/secure.gravatar.com\/avatar\/306223a4268d159ebfcea14c5a513206411b872b38a6568525d852b77a1fdb63?s=96&d=mm&r=g\",\"contentUrl\":\"https:\/\/secure.gravatar.com\/avatar\/306223a4268d159ebfcea14c5a513206411b872b38a6568525d852b77a1fdb63?s=96&d=mm&r=g\",\"caption\":\"Miriam Verdugo\"},\"url\":\"https:\/\/hcd.malargue.gov.ar\/?author=11\"}]}<\/script>\n<!-- \/ Yoast SEO plugin. -->","yoast_head_json":{"title":"El HCD FUE ANFITION DE LA CHARLA SOBRE AUDITORIAS A PENSIONES NO CONTRIBUTIVAS POR INVALIDEZ - Malarg\u00fce HCD","robots":{"index":"index","follow":"follow","max-snippet":"max-snippet:-1","max-image-preview":"max-image-preview:large","max-video-preview":"max-video-preview:-1"},"canonical":"https:\/\/hcd.malargue.gov.ar\/?p=38588","og_locale":"es_ES","og_type":"article","og_title":"El HCD FUE ANFITION DE LA CHARLA SOBRE AUDITORIAS A PENSIONES NO CONTRIBUTIVAS POR INVALIDEZ - Malarg\u00fce HCD","og_description":"Este viernes, en las instalaciones del Honorable Concejo Deliberante de Malarg\u00fce, se est\u00e1 llevando a cabo una charla informativa dirigida a beneficiarios de pensiones no contributivas por invalidez laboral, con el objetivo de brindar claridad sobre el proceso de auditor\u00edas ordenado a nivel nacional. La actividad \u2014que tendr\u00e1 una segunda edici\u00f3n en horas de la [&hellip;]","og_url":"https:\/\/hcd.malargue.gov.ar\/?p=38588","og_site_name":"Malarg\u00fce HCD","article_published_time":"2025-04-11T15:59:16+00:00","article_modified_time":"2025-04-11T16:00:45+00:00","og_image":[{"width":1280,"height":720,"url":"https:\/\/hcd.malargue.gov.ar\/wp-content\/uploads\/2025\/04\/WhatsApp-Image-2025-04-11-at-12.50.39-1.jpeg","type":"image\/jpeg"}],"author":"Miriam Verdugo","twitter_card":"summary_large_image","twitter_misc":{"Escrito por":"Miriam Verdugo","Tiempo de lectura":"2 minutos"},"schema":{"@context":"https:\/\/schema.org","@graph":[{"@type":"WebPage","@id":"https:\/\/hcd.malargue.gov.ar\/?p=38588","url":"https:\/\/hcd.malargue.gov.ar\/?p=38588","name":"El HCD FUE ANFITION DE LA CHARLA SOBRE AUDITORIAS A PENSIONES NO CONTRIBUTIVAS POR INVALIDEZ - Malarg\u00fce HCD","isPartOf":{"@id":"https:\/\/hcd.malargue.gov.ar\/#website"},"datePublished":"2025-04-11T15:59:16+00:00","dateModified":"2025-04-11T16:00:45+00:00","author":{"@id":"https:\/\/hcd.malargue.gov.ar\/#\/schema\/person\/ee682cfebfbf463de71f53a5c722be75"},"breadcrumb":{"@id":"https:\/\/hcd.malargue.gov.ar\/?p=38588#breadcrumb"},"inLanguage":"es-AR","potentialAction":[{"@type":"ReadAction","target":["https:\/\/hcd.malargue.gov.ar\/?p=38588"]}]},{"@type":"BreadcrumbList","@id":"https:\/\/hcd.malargue.gov.ar\/?p=38588#breadcrumb","itemListElement":[{"@type":"ListItem","position":1,"name":"Inicio","item":"https:\/\/hcd.malargue.gov.ar\/"},{"@type":"ListItem","position":2,"name":"El HCD FUE ANFITION DE LA CHARLA SOBRE AUDITORIAS A PENSIONES NO CONTRIBUTIVAS POR INVALIDEZ"}]},{"@type":"WebSite","@id":"https:\/\/hcd.malargue.gov.ar\/#website","url":"https:\/\/hcd.malargue.gov.ar\/","name":"Malarg\u00fce HCD","description":"Malarg\u00fce Mendoza Argentina","potentialAction":[{"@type":"SearchAction","target":{"@type":"EntryPoint","urlTemplate":"https:\/\/hcd.malargue.gov.ar\/?s={search_term_string}"},"query-input":"required name=search_term_string"}],"inLanguage":"es-AR"},{"@type":"Person","@id":"https:\/\/hcd.malargue.gov.ar\/#\/schema\/person\/ee682cfebfbf463de71f53a5c722be75","name":"Miriam Verdugo","image":{"@type":"ImageObject","inLanguage":"es-AR","@id":"https:\/\/hcd.malargue.gov.ar\/#\/schema\/person\/image\/","url":"https:\/\/secure.gravatar.com\/avatar\/306223a4268d159ebfcea14c5a513206411b872b38a6568525d852b77a1fdb63?s=96&d=mm&r=g","contentUrl":"https:\/\/secure.gravatar.com\/avatar\/306223a4268d159ebfcea14c5a513206411b872b38a6568525d852b77a1fdb63?s=96&d=mm&r=g","caption":"Miriam Verdugo"},"url":"https:\/\/hcd.malargue.gov.ar\/?author=11"}]}},"_links":{"self":[{"href":"https:\/\/hcd.malargue.gov.ar\/index.php?rest_route=\/wp\/v2\/posts\/38588","targetHints":{"allow":["GET"]}}],"collection":[{"href":"https:\/\/hcd.malargue.gov.ar\/index.php?rest_route=\/wp\/v2\/posts"}],"about":[{"href":"https:\/\/hcd.malargue.gov.ar\/index.php?rest_route=\/wp\/v2\/types\/post"}],"author":[{"embeddable":true,"href":"https:\/\/hcd.malargue.gov.ar\/index.php?rest_route=\/wp\/v2\/users\/11"}],"replies":[{"embeddable":true,"href":"https:\/\/hcd.malargue.gov.ar\/index.php?rest_route=%2Fwp%2Fv2%2Fcomments&post=38588"}],"version-history":[{"count":2,"href":"https:\/\/hcd.malargue.gov.ar\/index.php?rest_route=\/wp\/v2\/posts\/38588\/revisions"}],"predecessor-version":[{"id":38596,"href":"https:\/\/hcd.malargue.gov.ar\/index.php?rest_route=\/wp\/v2\/posts\/38588\/revisions\/38596"}],"wp:featuredmedia":[{"embeddable":true,"href":"https:\/\/hcd.malargue.gov.ar\/index.php?rest_route=\/wp\/v2\/media\/38592"}],"wp:attachment":[{"href":"https:\/\/hcd.malargue.gov.ar\/index.php?rest_route=%2Fwp%2Fv2%2Fmedia&parent=38588"}],"wp:term":[{"taxonomy":"category","embeddable":true,"href":"https:\/\/hcd.malargue.gov.ar\/index.php?rest_route=%2Fwp%2Fv2%2Fcategories&post=38588"},{"taxonomy":"post_tag","embeddable":true,"href":"https:\/\/hcd.malargue.gov.ar\/index.php?rest_route=%2Fwp%2Fv2%2Ftags&post=38588"}],"curies":[{"name":"wp","href":"https:\/\/api.w.org\/{rel}","templated":true}]}}