{"id":38662,"date":"2025-04-23T12:01:24","date_gmt":"2025-04-23T15:01:24","guid":{"rendered":"https:\/\/hcd.malargue.gov.ar\/?p=38662"},"modified":"2025-04-23T12:01:55","modified_gmt":"2025-04-23T15:01:55","slug":"resolucion-no-059-2-025","status":"publish","type":"post","link":"https:\/\/hcd.malargue.gov.ar\/?p=38662","title":{"rendered":"RESOLUCI\u00d3N N\u00b0 059\/2.025"},"content":{"rendered":"\n<h4 class=\"wp-block-heading has-text-align-center\"><strong>El HCD solicit\u00f3 la apertura de una Extensi\u00f3n \u00c1ulica de la UTN en Malarg\u00fce<\/strong><\/h4>\n\n\n\n<p><em>El proyecto, impulsado por el Bloque Justicialista, apunta a incorporar el Ciclo B\u00e1sico de Ingenier\u00eda y la Tecnicatura Universitaria en Programaci\u00f3n, con la posibilidad de sumar otras carreras en el futuro. La iniciativa busca ampliar la oferta educativa de nivel superior en el Departamento, fomentar el arraigo de los j\u00f3venes y fortalecer el desarrollo territorial.<\/em><\/p>\n\n\n\n<p><em>La propuesta fue declarada de Inter\u00e9s Educativo, Social, Cultural y Econ\u00f3mico, destacando el impacto positivo que tendr\u00e1 en la comunidad, en sectores estrat\u00e9gicos como la energ\u00eda, la miner\u00eda y la econom\u00eda del conocimiento. Adem\u00e1s, se destac\u00f3 la infraestructura municipal disponible, como los Campus Educativos y la Biblioteca de Estudios Superiores.<\/em><\/p>\n\n\n\n<p class=\"has-text-align-center\"><strong>MIRA LA PIEZA LEGAL COMPLETA<\/strong><\/p>\n\n\n<div class=\"wp-block-image\">\n<figure class=\"alignright is-resized\"><a href=\"http:\/\/hcd.malargue.gov.ar\/2025\/Rs%20059%202025%20Extencion%20aulica%20UTN.pdf\"><img loading=\"lazy\" decoding=\"async\" width=\"512\" height=\"512\" src=\"https:\/\/hcd.malargue.gov.ar\/wp-content\/uploads\/2018\/06\/PDF-JPG.jpg\" alt=\"\" class=\"wp-image-7950\" style=\"width:120px;height:auto\" srcset=\"https:\/\/hcd.malargue.gov.ar\/wp-content\/uploads\/2018\/06\/PDF-JPG.jpg 512w, https:\/\/hcd.malargue.gov.ar\/wp-content\/uploads\/2018\/06\/PDF-JPG-150x150.jpg 150w, https:\/\/hcd.malargue.gov.ar\/wp-content\/uploads\/2018\/06\/PDF-JPG-300x300.jpg 300w\" sizes=\"auto, (max-width: 512px) 100vw, 512px\" \/><\/a><\/figure>\n<\/div>\n\n\n<p><strong>AUTORES: CONCEJALES<\/strong> <strong>MAGALI ACOSTA, EMILCE MANSILLA, PABLO CABRERA Y RODRIGO HIDALGO<\/strong><\/p>\n\n\n\n<p><strong>BLOQUE JUSTICIALISTA<\/strong><\/p>\n\n\n\n<p>VISTO: El contenido del Expediente N\u00b0 5.526 \u2013 HC 072 &#8211; 2.024 Bloque Partido Justicialista. Proyecto de Resoluci\u00f3n: Solicitar al Departamento Ejecutivo que arbitre los medios necesarios para la apertura de una Extensi\u00f3n \u00c1ulica Facultad Regional San Rafael de la Universidad Tecnol\u00f3gica Nacional en nuestro Departamento.<\/p>\n\n\n\n<p>La necesidad de ampliar y diversificar la oferta educativa de nivel superior en el Departamento de Malarg\u00fce con el fin de fortalecer el arraigo de nuestros j\u00f3venes, ofrecerles oportunidades de desarrollo acad\u00e9mico y profesional y contribuir al progreso de la comunidad en su conjunto<\/p>\n\n\n\n<p>y;<\/p>\n\n\n\n<p>CONSIDERANDO: Que la educaci\u00f3n es un derecho humano fundamental que nos permite adquirir conocimientos y habilidades para el desarrollo social, econ\u00f3mico y cultural de las sociedades.<\/p>\n\n\n\n<p>Que el acceso a la educaci\u00f3n permite superar desigualdades y garantizar un desarrollo sostenible en la Comunidad.<\/p>\n\n\n\n<p>Que la Constituci\u00f3n Nacional Argentina establece el marco legal que garantiza el derecho a la educaci\u00f3n y la responsabilidad del Estado en la direcci\u00f3n y financiaci\u00f3n de la educaci\u00f3n.<\/p>\n\n\n\n<p>Que la Ley Nacional N\u00b0 26.206 establece en el Art\u00edculo 3\u00b0 que la educaci\u00f3n es una prioridad nacional y se constituye en pol\u00edtica de Estado para construir una sociedad justa.<\/p>\n\n\n\n<p>Que fomentar los estudios superiores en Malarg\u00fce, contribuye al desarrollo territorial, al arraigo de nuestros j\u00f3venes estudiantes y egresados, as\u00ed como al crecimiento econ\u00f3mico y al avance en Ciencia, Innovaci\u00f3n y Tecnolog\u00eda deben ser prioridad para la Municipalidad de Malarg\u00fce.<\/p>\n\n\n\n<p>Que la creciente demanda de mano de obra especializada en el sector petrolero, la proximidad de proyecto mineros y nuestro compromiso por impulsar la econom\u00eda del conocimiento en la regi\u00f3n subrayan la necesidad de ofrecer una educaci\u00f3n que prepare a nuestros j\u00f3venes en \u00e1reas t\u00e9cnicas y especializadas.<\/p>\n\n\n\n<p>Que debemos tener abierta la posibilidad de desarrollar, en el futuro, otras tecnicaturas, licenciaturas o carreras de grado que sean beneficiosas para toda la comunidad, ampliando la oferta educativa para nuestros j\u00f3venes malarg\u00fcinos.<\/p>\n\n\n\n<p>Que la Municipalidad de Malarg\u00fce durante el a\u00f1o 2.024 ha firmado diferentes Convenios Educativos con diversas Universidades Nacionales que mejoran la Oferta Educativa en el Departamento y facilitan a nuestros estudiantes la posibilidad de explorar y cultivar su vocaci\u00f3n en diferentes disciplinas y sobre todo aprender de las nuevas tecnolog\u00edas.<\/p>\n\n\n\n<p>Que Malarg\u00fce cuenta con edificios municipales abocados al fomento y contenci\u00f3n educativa como Campus Educativo Municipal I y Campus II que les permite a los estudiantes las comodidades para cursado presencial y\/o hibrido, como as\u00ed tambi\u00e9n con una Biblioteca de Estudios Superiores.<\/p>\n\n\n\n<p>EL HONORABLE CONCEJO DELIBERANTE DE LA MUNICIPALIDAD DE MALARG\u00dcE EN USO DE LAS FACULTADES QUE LE SON PROPIAS<\/p>\n\n\n\n<p>RESUELVE<\/p>\n\n\n\n<p>ART\u00cdCULO 1\u00ba: Solicitar al Departamento Ejecutivo arbitre los medios necesarios para la apertura de una Extensi\u00f3n \u00c1ulica de la Facultad Regional San Rafael de la Universidad Tecnol\u00f3gica Nacional en el Departamento de Malarg\u00fce, que incluya el Ciclo B\u00e1sico de Ingenier\u00eda y la Tecnicatura Universitaria en Programaci\u00f3n; y que, a futuro, pueda incorporar carreras de grado y tecnicaturas adicionales que respondan a las demandas espec\u00edficas de la regi\u00f3n.<\/p>\n\n\n\n<p>ART\u00cdCULO 2\u00ba: Declarar de Inter\u00e9s Educativo, Social, Cultural y Econ\u00f3mico la Extensi\u00f3n \u00c1ulica propuesta, en virtud del impacto positivo que generar\u00e1 en la comunidad de Malarg\u00fce, su contribuci\u00f3n al desarrollo territorial y su papel fundamental en la formaci\u00f3n de profesionales capacitados para sectores estrat\u00e9gicos de la econom\u00eda regional.<\/p>\n\n\n\n<p>ART\u00cdCULO 3\u00ba: Autorizar al Departamento Ejecutivo a coordinar los recursos humanos, materiales y de infraestructura necesarios para facilitar la implementaci\u00f3n de esta Extensi\u00f3n \u00c1ulica, asegurando que los espacios educativos est\u00e9n debidamente acondicionados y promoviendo la difusi\u00f3n de la nueva oferta educativa.<\/p>\n\n\n\n<p>ART\u00cdCULO 4\u00ba: Enviar copia de la presente pieza legal al Decano Facultad Regional Mendoza de la Universidad Tecnol\u00f3gica Nacional Esp. Ing. Jos\u00e9 Balacco- y al Director de Educaci\u00f3n de la Municipalidad de Malarg\u00fce, Profesor Gustavo Caba\u00f1a.<\/p>\n\n\n\n<p>ART\u00cdCULO 5\u00ba: Comun\u00edquese, reg\u00edstrese, agr\u00e9guese copia de la presente en las actuaciones correspondientes y arch\u00edvese.<\/p>\n\n\n\n<p>DADA EN LA SALA DE SESIONES DR.&nbsp; RICARDO BALBIN DEL HONORABLE CONCEJO DELIBERANTE DE LA MUNICIPALIDAD DE MALARG\u00dcE A DIEZ D\u00cdAS DE ABRIL DE DOS MIL VEINTICINCO<\/p>\n\n\n\n<p><\/p>\n","protected":false},"excerpt":{"rendered":"<p>El HCD solicit\u00f3 la apertura de una Extensi\u00f3n \u00c1ulica de la UTN en Malarg\u00fce El proyecto, impulsado por el Bloque Justicialista, apunta a incorporar el Ciclo B\u00e1sico de Ingenier\u00eda y la Tecnicatura Universitaria en Programaci\u00f3n, con la posibilidad de sumar otras carreras en el futuro. La iniciativa busca ampliar la oferta educativa de nivel superior [&hellip;]<\/p>\n","protected":false},"author":5,"featured_media":38666,"comment_status":"closed","ping_status":"closed","sticky":false,"template":"","format":"standard","meta":{"footnotes":""},"categories":[52,29,33,51],"tags":[],"class_list":["post-38662","post","type-post","status-publish","format-standard","has-post-thumbnail","hentry","category-gacetillas","category-lesgilacion","category-prensa","category-resoluciones"],"yoast_head":"<!-- This site is optimized with the Yoast SEO plugin v19.10 - https:\/\/yoast.com\/wordpress\/plugins\/seo\/ -->\n<title>RESOLUCI\u00d3N N\u00b0 059\/2.025 - Malarg\u00fce HCD<\/title>\n<meta name=\"robots\" content=\"index, follow, max-snippet:-1, max-image-preview:large, max-video-preview:-1\" \/>\n<link rel=\"canonical\" href=\"https:\/\/hcd.malargue.gov.ar\/?p=38662\" \/>\n<meta property=\"og:locale\" content=\"es_ES\" \/>\n<meta property=\"og:type\" content=\"article\" \/>\n<meta property=\"og:title\" content=\"RESOLUCI\u00d3N N\u00b0 059\/2.025 - Malarg\u00fce HCD\" \/>\n<meta property=\"og:description\" content=\"El HCD solicit\u00f3 la apertura de una Extensi\u00f3n \u00c1ulica de la UTN en Malarg\u00fce El proyecto, impulsado por el Bloque Justicialista, apunta a incorporar el Ciclo B\u00e1sico de Ingenier\u00eda y la Tecnicatura Universitaria en Programaci\u00f3n, con la posibilidad de sumar otras carreras en el futuro. La iniciativa busca ampliar la oferta educativa de nivel superior [&hellip;]\" \/>\n<meta property=\"og:url\" content=\"https:\/\/hcd.malargue.gov.ar\/?p=38662\" \/>\n<meta property=\"og:site_name\" content=\"Malarg\u00fce HCD\" \/>\n<meta property=\"article:published_time\" content=\"2025-04-23T15:01:24+00:00\" \/>\n<meta property=\"article:modified_time\" content=\"2025-04-23T15:01:55+00:00\" \/>\n<meta property=\"og:image\" content=\"https:\/\/hcd.malargue.gov.ar\/wp-content\/uploads\/2025\/04\/RESOLUCION-59-2025.png\" \/>\n\t<meta property=\"og:image:width\" content=\"940\" \/>\n\t<meta property=\"og:image:height\" content=\"788\" \/>\n\t<meta property=\"og:image:type\" content=\"image\/png\" \/>\n<meta name=\"author\" content=\"Belen Pedernera Ferragut\" \/>\n<meta name=\"twitter:card\" content=\"summary_large_image\" \/>\n<meta name=\"twitter:label1\" content=\"Escrito por\" \/>\n\t<meta name=\"twitter:data1\" content=\"Belen Pedernera Ferragut\" \/>\n\t<meta name=\"twitter:label2\" content=\"Tiempo de lectura\" \/>\n\t<meta name=\"twitter:data2\" content=\"4 minutos\" \/>\n<script type=\"application\/ld+json\" class=\"yoast-schema-graph\">{\"@context\":\"https:\/\/schema.org\",\"@graph\":[{\"@type\":\"WebPage\",\"@id\":\"https:\/\/hcd.malargue.gov.ar\/?p=38662\",\"url\":\"https:\/\/hcd.malargue.gov.ar\/?p=38662\",\"name\":\"RESOLUCI\u00d3N N\u00b0 059\/2.025 - Malarg\u00fce HCD\",\"isPartOf\":{\"@id\":\"https:\/\/hcd.malargue.gov.ar\/#website\"},\"datePublished\":\"2025-04-23T15:01:24+00:00\",\"dateModified\":\"2025-04-23T15:01:55+00:00\",\"author\":{\"@id\":\"https:\/\/hcd.malargue.gov.ar\/#\/schema\/person\/3fd6bbab64edd703961b795156c955d0\"},\"breadcrumb\":{\"@id\":\"https:\/\/hcd.malargue.gov.ar\/?p=38662#breadcrumb\"},\"inLanguage\":\"es-AR\",\"potentialAction\":[{\"@type\":\"ReadAction\",\"target\":[\"https:\/\/hcd.malargue.gov.ar\/?p=38662\"]}]},{\"@type\":\"BreadcrumbList\",\"@id\":\"https:\/\/hcd.malargue.gov.ar\/?p=38662#breadcrumb\",\"itemListElement\":[{\"@type\":\"ListItem\",\"position\":1,\"name\":\"Inicio\",\"item\":\"https:\/\/hcd.malargue.gov.ar\/\"},{\"@type\":\"ListItem\",\"position\":2,\"name\":\"RESOLUCI\u00d3N N\u00b0 059\/2.025\"}]},{\"@type\":\"WebSite\",\"@id\":\"https:\/\/hcd.malargue.gov.ar\/#website\",\"url\":\"https:\/\/hcd.malargue.gov.ar\/\",\"name\":\"Malarg\u00fce HCD\",\"description\":\"Malarg\u00fce Mendoza Argentina\",\"potentialAction\":[{\"@type\":\"SearchAction\",\"target\":{\"@type\":\"EntryPoint\",\"urlTemplate\":\"https:\/\/hcd.malargue.gov.ar\/?s={search_term_string}\"},\"query-input\":\"required name=search_term_string\"}],\"inLanguage\":\"es-AR\"},{\"@type\":\"Person\",\"@id\":\"https:\/\/hcd.malargue.gov.ar\/#\/schema\/person\/3fd6bbab64edd703961b795156c955d0\",\"name\":\"Belen Pedernera Ferragut\",\"image\":{\"@type\":\"ImageObject\",\"inLanguage\":\"es-AR\",\"@id\":\"https:\/\/hcd.malargue.gov.ar\/#\/schema\/person\/image\/\",\"url\":\"https:\/\/secure.gravatar.com\/avatar\/1054ffab3893de4bb3eb29bdd22f7e34b8537bf5d34d9dab311818154ad5b71f?s=96&d=mm&r=g\",\"contentUrl\":\"https:\/\/secure.gravatar.com\/avatar\/1054ffab3893de4bb3eb29bdd22f7e34b8537bf5d34d9dab311818154ad5b71f?s=96&d=mm&r=g\",\"caption\":\"Belen Pedernera Ferragut\"},\"url\":\"https:\/\/hcd.malargue.gov.ar\/?author=5\"}]}<\/script>\n<!-- \/ Yoast SEO plugin. -->","yoast_head_json":{"title":"RESOLUCI\u00d3N N\u00b0 059\/2.025 - Malarg\u00fce HCD","robots":{"index":"index","follow":"follow","max-snippet":"max-snippet:-1","max-image-preview":"max-image-preview:large","max-video-preview":"max-video-preview:-1"},"canonical":"https:\/\/hcd.malargue.gov.ar\/?p=38662","og_locale":"es_ES","og_type":"article","og_title":"RESOLUCI\u00d3N N\u00b0 059\/2.025 - Malarg\u00fce HCD","og_description":"El HCD solicit\u00f3 la apertura de una Extensi\u00f3n \u00c1ulica de la UTN en Malarg\u00fce El proyecto, impulsado por el Bloque Justicialista, apunta a incorporar el Ciclo B\u00e1sico de Ingenier\u00eda y la Tecnicatura Universitaria en Programaci\u00f3n, con la posibilidad de sumar otras carreras en el futuro. La iniciativa busca ampliar la oferta educativa de nivel superior [&hellip;]","og_url":"https:\/\/hcd.malargue.gov.ar\/?p=38662","og_site_name":"Malarg\u00fce HCD","article_published_time":"2025-04-23T15:01:24+00:00","article_modified_time":"2025-04-23T15:01:55+00:00","og_image":[{"width":940,"height":788,"url":"https:\/\/hcd.malargue.gov.ar\/wp-content\/uploads\/2025\/04\/RESOLUCION-59-2025.png","type":"image\/png"}],"author":"Belen Pedernera Ferragut","twitter_card":"summary_large_image","twitter_misc":{"Escrito por":"Belen Pedernera Ferragut","Tiempo de lectura":"4 minutos"},"schema":{"@context":"https:\/\/schema.org","@graph":[{"@type":"WebPage","@id":"https:\/\/hcd.malargue.gov.ar\/?p=38662","url":"https:\/\/hcd.malargue.gov.ar\/?p=38662","name":"RESOLUCI\u00d3N N\u00b0 059\/2.025 - Malarg\u00fce HCD","isPartOf":{"@id":"https:\/\/hcd.malargue.gov.ar\/#website"},"datePublished":"2025-04-23T15:01:24+00:00","dateModified":"2025-04-23T15:01:55+00:00","author":{"@id":"https:\/\/hcd.malargue.gov.ar\/#\/schema\/person\/3fd6bbab64edd703961b795156c955d0"},"breadcrumb":{"@id":"https:\/\/hcd.malargue.gov.ar\/?p=38662#breadcrumb"},"inLanguage":"es-AR","potentialAction":[{"@type":"ReadAction","target":["https:\/\/hcd.malargue.gov.ar\/?p=38662"]}]},{"@type":"BreadcrumbList","@id":"https:\/\/hcd.malargue.gov.ar\/?p=38662#breadcrumb","itemListElement":[{"@type":"ListItem","position":1,"name":"Inicio","item":"https:\/\/hcd.malargue.gov.ar\/"},{"@type":"ListItem","position":2,"name":"RESOLUCI\u00d3N N\u00b0 059\/2.025"}]},{"@type":"WebSite","@id":"https:\/\/hcd.malargue.gov.ar\/#website","url":"https:\/\/hcd.malargue.gov.ar\/","name":"Malarg\u00fce HCD","description":"Malarg\u00fce Mendoza Argentina","potentialAction":[{"@type":"SearchAction","target":{"@type":"EntryPoint","urlTemplate":"https:\/\/hcd.malargue.gov.ar\/?s={search_term_string}"},"query-input":"required name=search_term_string"}],"inLanguage":"es-AR"},{"@type":"Person","@id":"https:\/\/hcd.malargue.gov.ar\/#\/schema\/person\/3fd6bbab64edd703961b795156c955d0","name":"Belen Pedernera Ferragut","image":{"@type":"ImageObject","inLanguage":"es-AR","@id":"https:\/\/hcd.malargue.gov.ar\/#\/schema\/person\/image\/","url":"https:\/\/secure.gravatar.com\/avatar\/1054ffab3893de4bb3eb29bdd22f7e34b8537bf5d34d9dab311818154ad5b71f?s=96&d=mm&r=g","contentUrl":"https:\/\/secure.gravatar.com\/avatar\/1054ffab3893de4bb3eb29bdd22f7e34b8537bf5d34d9dab311818154ad5b71f?s=96&d=mm&r=g","caption":"Belen Pedernera Ferragut"},"url":"https:\/\/hcd.malargue.gov.ar\/?author=5"}]}},"_links":{"self":[{"href":"https:\/\/hcd.malargue.gov.ar\/index.php?rest_route=\/wp\/v2\/posts\/38662","targetHints":{"allow":["GET"]}}],"collection":[{"href":"https:\/\/hcd.malargue.gov.ar\/index.php?rest_route=\/wp\/v2\/posts"}],"about":[{"href":"https:\/\/hcd.malargue.gov.ar\/index.php?rest_route=\/wp\/v2\/types\/post"}],"author":[{"embeddable":true,"href":"https:\/\/hcd.malargue.gov.ar\/index.php?rest_route=\/wp\/v2\/users\/5"}],"replies":[{"embeddable":true,"href":"https:\/\/hcd.malargue.gov.ar\/index.php?rest_route=%2Fwp%2Fv2%2Fcomments&post=38662"}],"version-history":[{"count":2,"href":"https:\/\/hcd.malargue.gov.ar\/index.php?rest_route=\/wp\/v2\/posts\/38662\/revisions"}],"predecessor-version":[{"id":38668,"href":"https:\/\/hcd.malargue.gov.ar\/index.php?rest_route=\/wp\/v2\/posts\/38662\/revisions\/38668"}],"wp:featuredmedia":[{"embeddable":true,"href":"https:\/\/hcd.malargue.gov.ar\/index.php?rest_route=\/wp\/v2\/media\/38666"}],"wp:attachment":[{"href":"https:\/\/hcd.malargue.gov.ar\/index.php?rest_route=%2Fwp%2Fv2%2Fmedia&parent=38662"}],"wp:term":[{"taxonomy":"category","embeddable":true,"href":"https:\/\/hcd.malargue.gov.ar\/index.php?rest_route=%2Fwp%2Fv2%2Fcategories&post=38662"},{"taxonomy":"post_tag","embeddable":true,"href":"https:\/\/hcd.malargue.gov.ar\/index.php?rest_route=%2Fwp%2Fv2%2Ftags&post=38662"}],"curies":[{"name":"wp","href":"https:\/\/api.w.org\/{rel}","templated":true}]}}