{"id":38685,"date":"2025-04-28T09:47:42","date_gmt":"2025-04-28T12:47:42","guid":{"rendered":"https:\/\/hcd.malargue.gov.ar\/?p=38685"},"modified":"2025-04-29T11:27:58","modified_gmt":"2025-04-29T14:27:58","slug":"declaracion-no-351-2-025","status":"publish","type":"post","link":"https:\/\/hcd.malargue.gov.ar\/?p=38685","title":{"rendered":"DECLARACI\u00d3N N\u00b0 351\/2.025"},"content":{"rendered":"\n<h4 class=\"wp-block-heading has-text-align-center\"><strong>El HCD declar\u00f3 de Inter\u00e9s Departamental la Jornada de Salud Mental \u201cUn Compromiso con la Vida\u201d<\/strong><\/h4>\n\n\n\n<p><em>En el marco de la Jornada de Salud Mental \u201cUn Compromiso con la Vida\u201d, el Honorable Concejo Deliberante de Malarg\u00fce hizo entrega de la Declaraci\u00f3n N\u00ba 351\/2.025, reconociendo la importancia de este evento que busca generar conciencia y promover acciones concretas en torno a una problem\u00e1tica cada vez m\u00e1s presente en nuestra comunidad: el suicidio.<\/em><\/p>\n\n\n<div class=\"wp-block-image\">\n<figure class=\"alignright size-large is-resized\"><img loading=\"lazy\" decoding=\"async\" width=\"1024\" height=\"681\" src=\"https:\/\/hcd.malargue.gov.ar\/wp-content\/uploads\/2025\/04\/492507390_996923819280173_6455642203047772642_n-1024x681.jpg\" alt=\"\" class=\"wp-image-38686\" style=\"width:407px;height:auto\" srcset=\"https:\/\/hcd.malargue.gov.ar\/wp-content\/uploads\/2025\/04\/492507390_996923819280173_6455642203047772642_n-1024x681.jpg 1024w, https:\/\/hcd.malargue.gov.ar\/wp-content\/uploads\/2025\/04\/492507390_996923819280173_6455642203047772642_n-300x200.jpg 300w, https:\/\/hcd.malargue.gov.ar\/wp-content\/uploads\/2025\/04\/492507390_996923819280173_6455642203047772642_n-768x511.jpg 768w, https:\/\/hcd.malargue.gov.ar\/wp-content\/uploads\/2025\/04\/492507390_996923819280173_6455642203047772642_n-1536x1022.jpg 1536w, https:\/\/hcd.malargue.gov.ar\/wp-content\/uploads\/2025\/04\/492507390_996923819280173_6455642203047772642_n.jpg 1623w\" sizes=\"auto, (max-width: 1024px) 100vw, 1024px\" \/><\/figure>\n<\/div>\n\n\n<p><em>Organizada por la Direcci\u00f3n de Inclusi\u00f3n y Desarrollo Social del Municipio, la jornada se llev\u00f3 a cabo los d\u00edas 24 y 25 de abril en nuestra ciudad, con la participaci\u00f3n de destacados profesionales como la Lic. en Psicolog\u00eda \u00c1gueda Carolina Duarte, el Dr. en Psicolog\u00eda Ernesto Rub\u00e9n P\u00e1ez y el Lic. en Educaci\u00f3n Mart\u00edn \u00c1lvarez, coautores de la Ley Nacional N\u00ba 27.130 de Prevenci\u00f3n del Suicidio.<\/em><\/p>\n\n\n\n<p><em>Finalizado el evento, los Concejales recibieron a los disertantes en las instalaciones del Cuerpo Deliberativo, para tratar temas legislativos referidos a la Ley Nacional y la posibilidad de solicitar a la provincia la adhesion a esta importante Ley.<\/em><\/p>\n\n\n<div class=\"wp-block-image\">\n<figure class=\"aligncenter size-large\"><img loading=\"lazy\" decoding=\"async\" width=\"1024\" height=\"577\" src=\"https:\/\/hcd.malargue.gov.ar\/wp-content\/uploads\/2025\/04\/492535897_996923882613500_5566254045177707160_n-1024x577.jpg\" alt=\"\" class=\"wp-image-38687\" srcset=\"https:\/\/hcd.malargue.gov.ar\/wp-content\/uploads\/2025\/04\/492535897_996923882613500_5566254045177707160_n-1024x577.jpg 1024w, https:\/\/hcd.malargue.gov.ar\/wp-content\/uploads\/2025\/04\/492535897_996923882613500_5566254045177707160_n-300x169.jpg 300w, https:\/\/hcd.malargue.gov.ar\/wp-content\/uploads\/2025\/04\/492535897_996923882613500_5566254045177707160_n-768x432.jpg 768w, https:\/\/hcd.malargue.gov.ar\/wp-content\/uploads\/2025\/04\/492535897_996923882613500_5566254045177707160_n.jpg 1156w\" sizes=\"auto, (max-width: 1024px) 100vw, 1024px\" \/><\/figure>\n<\/div>\n\n\n<p class=\"has-text-align-center\"><strong>MIRA LA PIEZA LEGAL COMPLETA<\/strong><\/p>\n\n\n<div class=\"wp-block-image\">\n<figure class=\"alignright is-resized\"><a href=\"http:\/\/hcd.malargue.gov.ar\/2025\/Dc%20351%202025%20Salud%20Mental.pdf\"><img loading=\"lazy\" decoding=\"async\" width=\"512\" height=\"512\" src=\"https:\/\/hcd.malargue.gov.ar\/wp-content\/uploads\/2018\/06\/PDF-JPG.jpg\" alt=\"\" class=\"wp-image-7950\" style=\"width:132px;height:auto\" srcset=\"https:\/\/hcd.malargue.gov.ar\/wp-content\/uploads\/2018\/06\/PDF-JPG.jpg 512w, https:\/\/hcd.malargue.gov.ar\/wp-content\/uploads\/2018\/06\/PDF-JPG-150x150.jpg 150w, https:\/\/hcd.malargue.gov.ar\/wp-content\/uploads\/2018\/06\/PDF-JPG-300x300.jpg 300w\" sizes=\"auto, (max-width: 512px) 100vw, 512px\" \/><\/a><\/figure>\n<\/div>\n\n\n<p><strong>AUTORES: CONCEJALES<\/strong>\u00a0<strong>MAGALI ACOSTA, EMILCE MANSILLA Y RODRIGO HIDALGO<\/strong><\/p>\n\n\n\n<p><strong>BLOQUE PARTIDO JUSTICIALISTA<\/strong><\/p>\n\n\n\n<p>VISTO: El contenido del Expediente N\u00b0 2.788\/2.025-0 Bloque Partido Justicialista Proyecto de\u00a0Declaraci\u00f3n: Declarar de Inter\u00e9s Departamental, la Jornada de Salud Mental: \u201cUn Compromiso con la Vida\u201d.<\/p>\n\n\n\n<p>La importancia de resaltar, concientizar y trabajar una problem\u00e1tica que cada d\u00eda afecta m\u00e1s a nuestra comunidad.<\/p>\n\n\n\n<p>y;<\/p>\n\n\n\n<p>CONSIDERANDO: Que los d\u00edas 24 y 25 de abril del corriente a\u00f1o, se llevar\u00e1n a cabo las Jornadas de Salud Mental &#8220;Un Compromiso Con La Vida&#8221;, contando con las disertaciones de: Lic. En Psicolog\u00eda \u00c1gueda Carolina Duarte. Doctor en Psicolog\u00eda. Ernesto Rub\u00e9n P\u00e1ez. Lic. en Educaci\u00f3n y Lic. en Pedagog\u00eda, Martin \u00c1lvarez, Ambos Co- autores de la Ley Nacional N\u00b0 27.130 de Prevenci\u00f3n del Suicidio.<\/p>\n\n\n\n<p>Que la Ley Nacional N\u00b0 27.130 tiene como objetivos:<\/p>\n\n\n\n<p>a) El abordaje coordinado, interdisciplinario e interinstitucional de la problem\u00e1tica del suicidio.<\/p>\n\n\n\n<p>b) El desarrollo de acciones y estrategias para lograr la sensibilizaci\u00f3n de la poblaci\u00f3n.<\/p>\n\n\n\n<p>c) El desarrollo de los servicios asistenciales y la capacitaci\u00f3n de los recursos humanos.<\/p>\n\n\n\n<p>d) La promoci\u00f3n de la creaci\u00f3n de redes de apoyo de la sociedad civil a los fines de la prevenci\u00f3n, la detecci\u00f3n de personas en riesgo, el tratamiento y la capacitaci\u00f3n.<\/p>\n\n\n\n<p>Que en toda la Provincia Mendoza, en el a\u00f1o 2.024 se registraron 791 intentos de suicidio y los casos concretados superan la media nacional (m\u00e1s del 50% de las muertes violentas son por ese motivo).<\/p>\n\n\n\n<p>Que tal como propone la Organizaci\u00f3n Mundial de la Salud, es necesario &#8220;<em>cambiar la narrativa<\/em>&#8221; derribando barreras como el estigma, crear conciencia y fomentar una cultura de comprensi\u00f3n y apoyo para prevenir el suicidio, planteando que, comunidades, organizaciones y gobiernos sean quienes generen conciencia sobre el suicidio.<\/p>\n\n\n\n<p>Que teniendo en cuenta que el suicidio, es un problema global de salud p\u00fablica, complejo y contextualizado, su abordaje debe ser interdisciplinario e intersectorial<\/p>\n\n\n\n<p>Que la problem\u00e1tica no distingue estatus social, sexo, religi\u00f3n, etnia o edad, pero si ha ido en aumento por distintos factores que afectaron y afectan a nuestra sociedad como, la pos pandemia, factores econ\u00f3micos, p\u00e9rdidas de seres queridos, depresi\u00f3n, falta de espacios que brinden ayuda temprana o ausencia de acceso a ellos o de preparaci\u00f3n en los entornos cercanos, a fin de identificar los signos y se\u00f1ales que presenta una persona antes de intentar o consumar el hecho.<\/p>\n\n\n\n<p>Que no s\u00f3lo es necesaria la prevenci\u00f3n, sino tambi\u00e9n la &#8220;Posvenci\u00f3n&#8221; con acciones e intervenciones posteriores a un evento autodestructivo destinando m\u00e1s recursos para trabajar con las personas, familia o instituciones vinculadas a la persona que intento o se quit\u00f3 la vida.<\/p>\n\n\n\n<p>Que como representantes y voz del pueblo, tenemos la obligaci\u00f3n de buscar respuestas y soluciones a nuestros representados, favoreciendo y promoviendo aquellos espacios de crecimiento y apoyo.<\/p>\n\n\n\n<p>Que en nuestro Departamento se hace no s\u00f3lo necesario crear conciencia, sino involucrar a toda la ciudadan\u00eda, brindando herramientas claves, como la informaci\u00f3n, fomentando espacios participativos y de acci\u00f3n en la prevenci\u00f3n y posvenci\u00f3n del suicidio.<\/p>\n\n\n\n<p>EL HONORABLE CONCEJO DELIBERANTE DE LA MUNICIPALIDAD DE MALARG\u00dcE EN USO DE LAS FACULTADES QUE LE SON PROPIAS<\/p>\n\n\n\n<p>DECLARA<\/p>\n\n\n\n<p>ART\u00cdCULO 1\u00ba: Decl\u00e1rese de Inter\u00e9s Departamental la Jornada de Salud Mental &#8220;Un Compromiso con la Vida&#8221; organizada por la Direcci\u00f3n de Inclusi\u00f3n y Desarrollo Social de la Municipalidad de Malarg\u00fce, a celebrarse en nuestro Departamento los d\u00edas 24 y 25 de abril de 2.025.<\/p>\n\n\n\n<p>ART\u00cdCULO 2\u00ba: Entregar copia de la Declaraci\u00f3n a quienes organizan la Jornada, en el evento programado por la Direcci\u00f3n.<\/p>\n\n\n\n<p>ART\u00cdCULO 3\u00ba: Comunicar y promocionar la Jornada de Salud Mental &#8220;Un Compromiso Con La Vida&#8221; en los distintos \u00e1mbitos p\u00fablicos, redes y medios a los que el Honorable Concejo Deliberante tiene acceso.<\/p>\n\n\n\n<p>ART\u00cdCULO 4\u00ba: Comun\u00edquese, reg\u00edstrese, agr\u00e9guese copia de la presente en las actuaciones correspondientes y arch\u00edvese.<\/p>\n\n\n\n<p>DADA EN LA SALA DE SESIONES DR.&nbsp; RICARDO BALBIN DEL HONORABLE CONCEJO DELIBERANTE DE LA MUNICIPALIDAD DE MALARG\u00dcE A VEINTICINCO D\u00cdAS DE ABRIL DE DOS MIL VEINTICINCO.<\/p>\n","protected":false},"excerpt":{"rendered":"<p>El HCD declar\u00f3 de Inter\u00e9s Departamental la Jornada de Salud Mental \u201cUn Compromiso con la Vida\u201d En el marco de la Jornada de Salud Mental \u201cUn Compromiso con la Vida\u201d, el Honorable Concejo Deliberante de Malarg\u00fce hizo entrega de la Declaraci\u00f3n N\u00ba 351\/2.025, reconociendo la importancia de este evento que busca generar conciencia y promover [&hellip;]<\/p>\n","protected":false},"author":5,"featured_media":38688,"comment_status":"closed","ping_status":"closed","sticky":false,"template":"","format":"standard","meta":{"footnotes":""},"categories":[46,52,29,33],"tags":[],"class_list":["post-38685","post","type-post","status-publish","format-standard","has-post-thumbnail","hentry","category-declaraciones","category-gacetillas","category-lesgilacion","category-prensa"],"yoast_head":"<!-- This site is optimized with the Yoast SEO plugin v19.10 - https:\/\/yoast.com\/wordpress\/plugins\/seo\/ -->\n<title>DECLARACI\u00d3N N\u00b0 351\/2.025 - Malarg\u00fce HCD<\/title>\n<meta name=\"robots\" content=\"index, follow, max-snippet:-1, max-image-preview:large, max-video-preview:-1\" \/>\n<link rel=\"canonical\" href=\"https:\/\/hcd.malargue.gov.ar\/?p=38685\" \/>\n<meta property=\"og:locale\" content=\"es_ES\" \/>\n<meta property=\"og:type\" content=\"article\" \/>\n<meta property=\"og:title\" content=\"DECLARACI\u00d3N N\u00b0 351\/2.025 - Malarg\u00fce HCD\" \/>\n<meta property=\"og:description\" content=\"El HCD declar\u00f3 de Inter\u00e9s Departamental la Jornada de Salud Mental \u201cUn Compromiso con la Vida\u201d En el marco de la Jornada de Salud Mental \u201cUn Compromiso con la Vida\u201d, el Honorable Concejo Deliberante de Malarg\u00fce hizo entrega de la Declaraci\u00f3n N\u00ba 351\/2.025, reconociendo la importancia de este evento que busca generar conciencia y promover [&hellip;]\" \/>\n<meta property=\"og:url\" content=\"https:\/\/hcd.malargue.gov.ar\/?p=38685\" \/>\n<meta property=\"og:site_name\" content=\"Malarg\u00fce HCD\" \/>\n<meta property=\"article:published_time\" content=\"2025-04-28T12:47:42+00:00\" \/>\n<meta property=\"article:modified_time\" content=\"2025-04-29T14:27:58+00:00\" \/>\n<meta property=\"og:image\" content=\"https:\/\/hcd.malargue.gov.ar\/wp-content\/uploads\/2025\/04\/DECLARACION-351-2025.png\" \/>\n\t<meta property=\"og:image:width\" content=\"940\" \/>\n\t<meta property=\"og:image:height\" content=\"788\" \/>\n\t<meta property=\"og:image:type\" content=\"image\/png\" \/>\n<meta name=\"author\" content=\"Belen Pedernera Ferragut\" \/>\n<meta name=\"twitter:card\" content=\"summary_large_image\" \/>\n<meta name=\"twitter:label1\" content=\"Escrito por\" \/>\n\t<meta name=\"twitter:data1\" content=\"Belen Pedernera Ferragut\" \/>\n\t<meta name=\"twitter:label2\" content=\"Tiempo de lectura\" \/>\n\t<meta name=\"twitter:data2\" content=\"5 minutos\" \/>\n<script type=\"application\/ld+json\" class=\"yoast-schema-graph\">{\"@context\":\"https:\/\/schema.org\",\"@graph\":[{\"@type\":\"WebPage\",\"@id\":\"https:\/\/hcd.malargue.gov.ar\/?p=38685\",\"url\":\"https:\/\/hcd.malargue.gov.ar\/?p=38685\",\"name\":\"DECLARACI\u00d3N N\u00b0 351\/2.025 - Malarg\u00fce HCD\",\"isPartOf\":{\"@id\":\"https:\/\/hcd.malargue.gov.ar\/#website\"},\"datePublished\":\"2025-04-28T12:47:42+00:00\",\"dateModified\":\"2025-04-29T14:27:58+00:00\",\"author\":{\"@id\":\"https:\/\/hcd.malargue.gov.ar\/#\/schema\/person\/3fd6bbab64edd703961b795156c955d0\"},\"breadcrumb\":{\"@id\":\"https:\/\/hcd.malargue.gov.ar\/?p=38685#breadcrumb\"},\"inLanguage\":\"es-AR\",\"potentialAction\":[{\"@type\":\"ReadAction\",\"target\":[\"https:\/\/hcd.malargue.gov.ar\/?p=38685\"]}]},{\"@type\":\"BreadcrumbList\",\"@id\":\"https:\/\/hcd.malargue.gov.ar\/?p=38685#breadcrumb\",\"itemListElement\":[{\"@type\":\"ListItem\",\"position\":1,\"name\":\"Inicio\",\"item\":\"https:\/\/hcd.malargue.gov.ar\/\"},{\"@type\":\"ListItem\",\"position\":2,\"name\":\"DECLARACI\u00d3N N\u00b0 351\/2.025\"}]},{\"@type\":\"WebSite\",\"@id\":\"https:\/\/hcd.malargue.gov.ar\/#website\",\"url\":\"https:\/\/hcd.malargue.gov.ar\/\",\"name\":\"Malarg\u00fce HCD\",\"description\":\"Malarg\u00fce Mendoza Argentina\",\"potentialAction\":[{\"@type\":\"SearchAction\",\"target\":{\"@type\":\"EntryPoint\",\"urlTemplate\":\"https:\/\/hcd.malargue.gov.ar\/?s={search_term_string}\"},\"query-input\":\"required name=search_term_string\"}],\"inLanguage\":\"es-AR\"},{\"@type\":\"Person\",\"@id\":\"https:\/\/hcd.malargue.gov.ar\/#\/schema\/person\/3fd6bbab64edd703961b795156c955d0\",\"name\":\"Belen Pedernera Ferragut\",\"image\":{\"@type\":\"ImageObject\",\"inLanguage\":\"es-AR\",\"@id\":\"https:\/\/hcd.malargue.gov.ar\/#\/schema\/person\/image\/\",\"url\":\"https:\/\/secure.gravatar.com\/avatar\/1054ffab3893de4bb3eb29bdd22f7e34b8537bf5d34d9dab311818154ad5b71f?s=96&d=mm&r=g\",\"contentUrl\":\"https:\/\/secure.gravatar.com\/avatar\/1054ffab3893de4bb3eb29bdd22f7e34b8537bf5d34d9dab311818154ad5b71f?s=96&d=mm&r=g\",\"caption\":\"Belen Pedernera Ferragut\"},\"url\":\"https:\/\/hcd.malargue.gov.ar\/?author=5\"}]}<\/script>\n<!-- \/ Yoast SEO plugin. -->","yoast_head_json":{"title":"DECLARACI\u00d3N N\u00b0 351\/2.025 - Malarg\u00fce HCD","robots":{"index":"index","follow":"follow","max-snippet":"max-snippet:-1","max-image-preview":"max-image-preview:large","max-video-preview":"max-video-preview:-1"},"canonical":"https:\/\/hcd.malargue.gov.ar\/?p=38685","og_locale":"es_ES","og_type":"article","og_title":"DECLARACI\u00d3N N\u00b0 351\/2.025 - Malarg\u00fce HCD","og_description":"El HCD declar\u00f3 de Inter\u00e9s Departamental la Jornada de Salud Mental \u201cUn Compromiso con la Vida\u201d En el marco de la Jornada de Salud Mental \u201cUn Compromiso con la Vida\u201d, el Honorable Concejo Deliberante de Malarg\u00fce hizo entrega de la Declaraci\u00f3n N\u00ba 351\/2.025, reconociendo la importancia de este evento que busca generar conciencia y promover [&hellip;]","og_url":"https:\/\/hcd.malargue.gov.ar\/?p=38685","og_site_name":"Malarg\u00fce HCD","article_published_time":"2025-04-28T12:47:42+00:00","article_modified_time":"2025-04-29T14:27:58+00:00","og_image":[{"width":940,"height":788,"url":"https:\/\/hcd.malargue.gov.ar\/wp-content\/uploads\/2025\/04\/DECLARACION-351-2025.png","type":"image\/png"}],"author":"Belen Pedernera Ferragut","twitter_card":"summary_large_image","twitter_misc":{"Escrito por":"Belen Pedernera Ferragut","Tiempo de lectura":"5 minutos"},"schema":{"@context":"https:\/\/schema.org","@graph":[{"@type":"WebPage","@id":"https:\/\/hcd.malargue.gov.ar\/?p=38685","url":"https:\/\/hcd.malargue.gov.ar\/?p=38685","name":"DECLARACI\u00d3N N\u00b0 351\/2.025 - Malarg\u00fce HCD","isPartOf":{"@id":"https:\/\/hcd.malargue.gov.ar\/#website"},"datePublished":"2025-04-28T12:47:42+00:00","dateModified":"2025-04-29T14:27:58+00:00","author":{"@id":"https:\/\/hcd.malargue.gov.ar\/#\/schema\/person\/3fd6bbab64edd703961b795156c955d0"},"breadcrumb":{"@id":"https:\/\/hcd.malargue.gov.ar\/?p=38685#breadcrumb"},"inLanguage":"es-AR","potentialAction":[{"@type":"ReadAction","target":["https:\/\/hcd.malargue.gov.ar\/?p=38685"]}]},{"@type":"BreadcrumbList","@id":"https:\/\/hcd.malargue.gov.ar\/?p=38685#breadcrumb","itemListElement":[{"@type":"ListItem","position":1,"name":"Inicio","item":"https:\/\/hcd.malargue.gov.ar\/"},{"@type":"ListItem","position":2,"name":"DECLARACI\u00d3N N\u00b0 351\/2.025"}]},{"@type":"WebSite","@id":"https:\/\/hcd.malargue.gov.ar\/#website","url":"https:\/\/hcd.malargue.gov.ar\/","name":"Malarg\u00fce HCD","description":"Malarg\u00fce Mendoza Argentina","potentialAction":[{"@type":"SearchAction","target":{"@type":"EntryPoint","urlTemplate":"https:\/\/hcd.malargue.gov.ar\/?s={search_term_string}"},"query-input":"required name=search_term_string"}],"inLanguage":"es-AR"},{"@type":"Person","@id":"https:\/\/hcd.malargue.gov.ar\/#\/schema\/person\/3fd6bbab64edd703961b795156c955d0","name":"Belen Pedernera Ferragut","image":{"@type":"ImageObject","inLanguage":"es-AR","@id":"https:\/\/hcd.malargue.gov.ar\/#\/schema\/person\/image\/","url":"https:\/\/secure.gravatar.com\/avatar\/1054ffab3893de4bb3eb29bdd22f7e34b8537bf5d34d9dab311818154ad5b71f?s=96&d=mm&r=g","contentUrl":"https:\/\/secure.gravatar.com\/avatar\/1054ffab3893de4bb3eb29bdd22f7e34b8537bf5d34d9dab311818154ad5b71f?s=96&d=mm&r=g","caption":"Belen Pedernera Ferragut"},"url":"https:\/\/hcd.malargue.gov.ar\/?author=5"}]}},"_links":{"self":[{"href":"https:\/\/hcd.malargue.gov.ar\/index.php?rest_route=\/wp\/v2\/posts\/38685","targetHints":{"allow":["GET"]}}],"collection":[{"href":"https:\/\/hcd.malargue.gov.ar\/index.php?rest_route=\/wp\/v2\/posts"}],"about":[{"href":"https:\/\/hcd.malargue.gov.ar\/index.php?rest_route=\/wp\/v2\/types\/post"}],"author":[{"embeddable":true,"href":"https:\/\/hcd.malargue.gov.ar\/index.php?rest_route=\/wp\/v2\/users\/5"}],"replies":[{"embeddable":true,"href":"https:\/\/hcd.malargue.gov.ar\/index.php?rest_route=%2Fwp%2Fv2%2Fcomments&post=38685"}],"version-history":[{"count":2,"href":"https:\/\/hcd.malargue.gov.ar\/index.php?rest_route=\/wp\/v2\/posts\/38685\/revisions"}],"predecessor-version":[{"id":38691,"href":"https:\/\/hcd.malargue.gov.ar\/index.php?rest_route=\/wp\/v2\/posts\/38685\/revisions\/38691"}],"wp:featuredmedia":[{"embeddable":true,"href":"https:\/\/hcd.malargue.gov.ar\/index.php?rest_route=\/wp\/v2\/media\/38688"}],"wp:attachment":[{"href":"https:\/\/hcd.malargue.gov.ar\/index.php?rest_route=%2Fwp%2Fv2%2Fmedia&parent=38685"}],"wp:term":[{"taxonomy":"category","embeddable":true,"href":"https:\/\/hcd.malargue.gov.ar\/index.php?rest_route=%2Fwp%2Fv2%2Fcategories&post=38685"},{"taxonomy":"post_tag","embeddable":true,"href":"https:\/\/hcd.malargue.gov.ar\/index.php?rest_route=%2Fwp%2Fv2%2Ftags&post=38685"}],"curies":[{"name":"wp","href":"https:\/\/api.w.org\/{rel}","templated":true}]}}