{"id":38692,"date":"2025-04-28T10:00:00","date_gmt":"2025-04-28T13:00:00","guid":{"rendered":"https:\/\/hcd.malargue.gov.ar\/?p=38692"},"modified":"2025-04-29T11:25:59","modified_gmt":"2025-04-29T14:25:59","slug":"declaracion-n-352-2-025","status":"publish","type":"post","link":"https:\/\/hcd.malargue.gov.ar\/?p=38692","title":{"rendered":"DECLARACI\u00d3N N\u00b0 352\/2.025"},"content":{"rendered":"\n<h4 class=\"wp-block-heading has-text-align-center\">El HCD declar\u00f3 de Inter\u00e9s Departamental la Primer Jornada de Celiaqu\u00eda en Malarg\u00fce<\/h4>\n\n\n\n<p><em>El Honorable Concejo Deliberante de Malarg\u00fce declar\u00f3 de Inter\u00e9s Departamental, mediante la Declaraci\u00f3n N\u00ba 352\/2.025, la Primer Jornada de Celiaqu\u00eda \u201cSer Cel\u00edacos en Malarg\u00fce, Desaf\u00edos y Oportunidades\u201d, que se realizar\u00e1 el pr\u00f3ximo 7 de mayo en el Centro de Convenciones Thesaurus.<\/em><\/p>\n\n\n\n<p><em>La actividad es organizada por el \u00c1rea de Nutrici\u00f3n y Celiaqu\u00eda de la Direcci\u00f3n de Inclusi\u00f3n y Desarrollo Social y tiene como objetivo concientizar sobre esta enfermedad autoinmune que afecta la absorci\u00f3n de nutrientes esenciales.<\/em><\/p>\n\n\n\n<p><em>Desde el Cuerpo Deliberativo se destac\u00f3 la importancia de difundir informaci\u00f3n no solo a quienes padecen celiaqu\u00eda, sino tambi\u00e9n a su entorno y a los comercios locales, fomentando la oferta segura de productos sin gluten y promoviendo la inclusi\u00f3n social.<\/em><\/p>\n\n\n\n<p class=\"has-text-align-center\"><strong>MIRA LA PIEZA LEGAL COMPLETA<\/strong><\/p>\n\n\n<div class=\"wp-block-image\">\n<figure class=\"alignright is-resized\"><a href=\"http:\/\/hcd.malargue.gov.ar\/2025\/Dc%20352%202025%20Celiaquia.pdf\"><img loading=\"lazy\" decoding=\"async\" width=\"512\" height=\"512\" src=\"https:\/\/hcd.malargue.gov.ar\/wp-content\/uploads\/2018\/06\/PDF-JPG.jpg\" alt=\"\" class=\"wp-image-7950\" style=\"width:119px;height:auto\" srcset=\"https:\/\/hcd.malargue.gov.ar\/wp-content\/uploads\/2018\/06\/PDF-JPG.jpg 512w, https:\/\/hcd.malargue.gov.ar\/wp-content\/uploads\/2018\/06\/PDF-JPG-150x150.jpg 150w, https:\/\/hcd.malargue.gov.ar\/wp-content\/uploads\/2018\/06\/PDF-JPG-300x300.jpg 300w\" sizes=\"auto, (max-width: 512px) 100vw, 512px\" \/><\/a><\/figure>\n<\/div>\n\n\n<p><strong>AUTORES: CONCEJALES<\/strong>&nbsp;<strong>MAGALI ACOSTA, EMILCE MANSILLA Y RODRIGO HIDALGO<\/strong><\/p>\n\n\n\n<p><strong>BLOQUE PARTIDO JUSTICIALISTA<\/strong><\/p>\n\n\n\n<p>VISTO: El contenido del Expediente N\u00b0 <em>2.791\/2.025-0 Bloque Partido Justicialista. Proyecto de Declaraci\u00f3n: Declarar de Inter\u00e9s Departamental la Primer Jornada de Celiaqu\u00eda \u201cSer Cel\u00edacos en Malarg\u00fce, Desaf\u00edos y Oportunidades\u201d.<\/em><\/p>\n\n\n\n<p>La importancia de resaltar y concientizar acerca de esta enfermedad y como abordar en sociedad.<\/p>\n\n\n\n<p>y;<\/p>\n\n\n\n<p>CONSIDERANDO: Que la celiaqu\u00eda (tambi\u00e9n conocida como enfermedad celiaca) es un trastorno autoinmune cr\u00f3nico que afecta el intestino delgado cuando una persona consume gluten, una prote\u00edna presente en el trigo, la cebada, el centeno y avena (por contaminaci\u00f3n cruzada).<\/p>\n\n\n\n<p>Que el sistema inmunitario reacciona al gluten, da\u00f1ando las vellosidades intestinales (peque\u00f1as protuberancias en el intestino que ayudan a absorber nutrientes)<\/p>\n\n\n\n<p>Que esto provoca mal absorci\u00f3n de nutrientes, lo que puede causar deficiencias vitam\u00ednicas, anemia, fatiga y otros problemas de salud.<\/p>\n\n\n\n<p>Que la enfermedad celiaca, puede ser una condici\u00f3n grave si no se diagnostica y trata a tiempo, pero, con una dieta estricta sin gluten, la mayor\u00eda de las personas pueden llevar una vida normal y saludable.<\/p>\n\n\n\n<p>Que con los nuevos avances en materia salud, m\u00e1s pobladores pueden acceder a un diagn\u00f3stico temprano, sumando d\u00eda a d\u00eda nuevos pacientes a una enfermedad de la que poco se habla y poco se concientiza.<\/p>\n\n\n\n<p>Que el acceso a la informaci\u00f3n no debe ser s\u00f3lo para el paciente, sino para los entornos que integra, a fin de garantizar los cuidados requeridos.<\/p>\n\n\n\n<p>Que es importante que los comercios del Departamento, tomen conocimiento de la enfermedad y reglamentaciones vigentes, a fin de proporcionar alimentos seguros en g\u00f3ndolas \u00fanicas y\/o debidamente identificadas con se\u00f1al\u00e9tica y logos oficiales.<\/p>\n\n\n\n<p>EL HONORABLE CONCEJO DELIBERANTE DE LA MUNICIPALIDAD DE MALARG\u00dcE EN USO DE LAS FACULTADES QUE LE SON PROPIAS<\/p>\n\n\n\n<p>DECLARA<\/p>\n\n\n\n<p>ART\u00cdCULO 1\u00ba: Decl\u00e1rese de Inter\u00e9s Departamental la Primer Jornada de Celiaqu\u00eda &#8220;Ser Celiacos en Malarg\u00fce, Desaf\u00edos y Oportunidades &#8220;a realizarse el d\u00eda 7 de mayo del 2.025 en el Centro de Convenciones Thesaurus, Organizada por el \u00c1rea de Nutrici\u00f3n y Celiaqu\u00eda dependiente de la Direcci\u00f3n de Inclusi\u00f3n y Desarrollo Social.<\/p>\n\n\n\n<p>ART\u00cdCULO 2\u00ba: Sugerir al Departamento Ejecutivo Municipal, la promoci\u00f3n, concientizaci\u00f3n y educaci\u00f3n en Celiaqu\u00eda a trav\u00e9s de campa\u00f1as de sensibilizaci\u00f3n y programas de educaci\u00f3n que fomenten h\u00e1bitos saludables.<\/p>\n\n\n\n<p>ART\u00cdCULO 3\u00ba: Promover la inclusi\u00f3n de las personas con Celiaqu\u00eda en la Sociedad, a trav\u00e9s de la accesibilidad y la igualdad de oportunidades.<\/p>\n\n\n\n<p>ART\u00cdCULO 4\u00ba: Comunicar y promocionar la Primer Jornada &#8220;Celiaqu\u00eda, Desaf\u00edos y Oportunidades&#8221; en los diferentes \u00e1mbitos y medios a los que el Honorable Concejo Deliberante tiene acceso.<\/p>\n\n\n\n<p>ART\u00cdCULO 5\u00ba: Comun\u00edquese, reg\u00edstrese, agr\u00e9guese copia de la presente en las actuaciones correspondientes y arch\u00edvese.<\/p>\n\n\n\n<p>DADA EN LA SALA DE SESIONES DR.&nbsp; RICARDO BALBIN DEL HONORABLE CONCEJO DELIBERANTE DE LA MUNICIPALIDAD DE MALARG\u00dcE A VEINTICINCO D\u00cdAS DE ABRIL DE DOS MIL VEINTICINCO.<\/p>\n","protected":false},"excerpt":{"rendered":"<p>El HCD declar\u00f3 de Inter\u00e9s Departamental la Primer Jornada de Celiaqu\u00eda en Malarg\u00fce El Honorable Concejo Deliberante de Malarg\u00fce declar\u00f3 de Inter\u00e9s Departamental, mediante la Declaraci\u00f3n N\u00ba 352\/2.025, la Primer Jornada de Celiaqu\u00eda \u201cSer Cel\u00edacos en Malarg\u00fce, Desaf\u00edos y Oportunidades\u201d, que se realizar\u00e1 el pr\u00f3ximo 7 de mayo en el Centro de Convenciones Thesaurus. La [&hellip;]<\/p>\n","protected":false},"author":5,"featured_media":38693,"comment_status":"closed","ping_status":"closed","sticky":false,"template":"","format":"standard","meta":{"footnotes":""},"categories":[46,52,29,33],"tags":[],"class_list":["post-38692","post","type-post","status-publish","format-standard","has-post-thumbnail","hentry","category-declaraciones","category-gacetillas","category-lesgilacion","category-prensa"],"yoast_head":"<!-- This site is optimized with the Yoast SEO plugin v19.10 - https:\/\/yoast.com\/wordpress\/plugins\/seo\/ -->\n<title>DECLARACI\u00d3N N\u00b0 352\/2.025 - Malarg\u00fce HCD<\/title>\n<meta name=\"robots\" content=\"index, follow, max-snippet:-1, max-image-preview:large, max-video-preview:-1\" \/>\n<link rel=\"canonical\" href=\"https:\/\/hcd.malargue.gov.ar\/?p=38692\" \/>\n<meta property=\"og:locale\" content=\"es_ES\" \/>\n<meta property=\"og:type\" content=\"article\" \/>\n<meta property=\"og:title\" content=\"DECLARACI\u00d3N N\u00b0 352\/2.025 - Malarg\u00fce HCD\" \/>\n<meta property=\"og:description\" content=\"El HCD declar\u00f3 de Inter\u00e9s Departamental la Primer Jornada de Celiaqu\u00eda en Malarg\u00fce El Honorable Concejo Deliberante de Malarg\u00fce declar\u00f3 de Inter\u00e9s Departamental, mediante la Declaraci\u00f3n N\u00ba 352\/2.025, la Primer Jornada de Celiaqu\u00eda \u201cSer Cel\u00edacos en Malarg\u00fce, Desaf\u00edos y Oportunidades\u201d, que se realizar\u00e1 el pr\u00f3ximo 7 de mayo en el Centro de Convenciones Thesaurus. La [&hellip;]\" \/>\n<meta property=\"og:url\" content=\"https:\/\/hcd.malargue.gov.ar\/?p=38692\" \/>\n<meta property=\"og:site_name\" content=\"Malarg\u00fce HCD\" \/>\n<meta property=\"article:published_time\" content=\"2025-04-28T13:00:00+00:00\" \/>\n<meta property=\"article:modified_time\" content=\"2025-04-29T14:25:59+00:00\" \/>\n<meta property=\"og:image\" content=\"https:\/\/hcd.malargue.gov.ar\/wp-content\/uploads\/2025\/04\/DECLARACION-352-2025.png\" \/>\n\t<meta property=\"og:image:width\" content=\"940\" \/>\n\t<meta property=\"og:image:height\" content=\"788\" \/>\n\t<meta property=\"og:image:type\" content=\"image\/png\" \/>\n<meta name=\"author\" content=\"Belen Pedernera Ferragut\" \/>\n<meta name=\"twitter:card\" content=\"summary_large_image\" \/>\n<meta name=\"twitter:label1\" content=\"Escrito por\" \/>\n\t<meta name=\"twitter:data1\" content=\"Belen Pedernera Ferragut\" \/>\n\t<meta name=\"twitter:label2\" content=\"Tiempo de lectura\" \/>\n\t<meta name=\"twitter:data2\" content=\"3 minutos\" \/>\n<script type=\"application\/ld+json\" class=\"yoast-schema-graph\">{\"@context\":\"https:\/\/schema.org\",\"@graph\":[{\"@type\":\"WebPage\",\"@id\":\"https:\/\/hcd.malargue.gov.ar\/?p=38692\",\"url\":\"https:\/\/hcd.malargue.gov.ar\/?p=38692\",\"name\":\"DECLARACI\u00d3N N\u00b0 352\/2.025 - Malarg\u00fce HCD\",\"isPartOf\":{\"@id\":\"https:\/\/hcd.malargue.gov.ar\/#website\"},\"datePublished\":\"2025-04-28T13:00:00+00:00\",\"dateModified\":\"2025-04-29T14:25:59+00:00\",\"author\":{\"@id\":\"https:\/\/hcd.malargue.gov.ar\/#\/schema\/person\/3fd6bbab64edd703961b795156c955d0\"},\"breadcrumb\":{\"@id\":\"https:\/\/hcd.malargue.gov.ar\/?p=38692#breadcrumb\"},\"inLanguage\":\"es-AR\",\"potentialAction\":[{\"@type\":\"ReadAction\",\"target\":[\"https:\/\/hcd.malargue.gov.ar\/?p=38692\"]}]},{\"@type\":\"BreadcrumbList\",\"@id\":\"https:\/\/hcd.malargue.gov.ar\/?p=38692#breadcrumb\",\"itemListElement\":[{\"@type\":\"ListItem\",\"position\":1,\"name\":\"Inicio\",\"item\":\"https:\/\/hcd.malargue.gov.ar\/\"},{\"@type\":\"ListItem\",\"position\":2,\"name\":\"DECLARACI\u00d3N N\u00b0 352\/2.025\"}]},{\"@type\":\"WebSite\",\"@id\":\"https:\/\/hcd.malargue.gov.ar\/#website\",\"url\":\"https:\/\/hcd.malargue.gov.ar\/\",\"name\":\"Malarg\u00fce HCD\",\"description\":\"Malarg\u00fce Mendoza Argentina\",\"potentialAction\":[{\"@type\":\"SearchAction\",\"target\":{\"@type\":\"EntryPoint\",\"urlTemplate\":\"https:\/\/hcd.malargue.gov.ar\/?s={search_term_string}\"},\"query-input\":\"required name=search_term_string\"}],\"inLanguage\":\"es-AR\"},{\"@type\":\"Person\",\"@id\":\"https:\/\/hcd.malargue.gov.ar\/#\/schema\/person\/3fd6bbab64edd703961b795156c955d0\",\"name\":\"Belen Pedernera Ferragut\",\"image\":{\"@type\":\"ImageObject\",\"inLanguage\":\"es-AR\",\"@id\":\"https:\/\/hcd.malargue.gov.ar\/#\/schema\/person\/image\/\",\"url\":\"https:\/\/secure.gravatar.com\/avatar\/1054ffab3893de4bb3eb29bdd22f7e34b8537bf5d34d9dab311818154ad5b71f?s=96&d=mm&r=g\",\"contentUrl\":\"https:\/\/secure.gravatar.com\/avatar\/1054ffab3893de4bb3eb29bdd22f7e34b8537bf5d34d9dab311818154ad5b71f?s=96&d=mm&r=g\",\"caption\":\"Belen Pedernera Ferragut\"},\"url\":\"https:\/\/hcd.malargue.gov.ar\/?author=5\"}]}<\/script>\n<!-- \/ Yoast SEO plugin. -->","yoast_head_json":{"title":"DECLARACI\u00d3N N\u00b0 352\/2.025 - Malarg\u00fce HCD","robots":{"index":"index","follow":"follow","max-snippet":"max-snippet:-1","max-image-preview":"max-image-preview:large","max-video-preview":"max-video-preview:-1"},"canonical":"https:\/\/hcd.malargue.gov.ar\/?p=38692","og_locale":"es_ES","og_type":"article","og_title":"DECLARACI\u00d3N N\u00b0 352\/2.025 - Malarg\u00fce HCD","og_description":"El HCD declar\u00f3 de Inter\u00e9s Departamental la Primer Jornada de Celiaqu\u00eda en Malarg\u00fce El Honorable Concejo Deliberante de Malarg\u00fce declar\u00f3 de Inter\u00e9s Departamental, mediante la Declaraci\u00f3n N\u00ba 352\/2.025, la Primer Jornada de Celiaqu\u00eda \u201cSer Cel\u00edacos en Malarg\u00fce, Desaf\u00edos y Oportunidades\u201d, que se realizar\u00e1 el pr\u00f3ximo 7 de mayo en el Centro de Convenciones Thesaurus. La [&hellip;]","og_url":"https:\/\/hcd.malargue.gov.ar\/?p=38692","og_site_name":"Malarg\u00fce HCD","article_published_time":"2025-04-28T13:00:00+00:00","article_modified_time":"2025-04-29T14:25:59+00:00","og_image":[{"width":940,"height":788,"url":"https:\/\/hcd.malargue.gov.ar\/wp-content\/uploads\/2025\/04\/DECLARACION-352-2025.png","type":"image\/png"}],"author":"Belen Pedernera Ferragut","twitter_card":"summary_large_image","twitter_misc":{"Escrito por":"Belen Pedernera Ferragut","Tiempo de lectura":"3 minutos"},"schema":{"@context":"https:\/\/schema.org","@graph":[{"@type":"WebPage","@id":"https:\/\/hcd.malargue.gov.ar\/?p=38692","url":"https:\/\/hcd.malargue.gov.ar\/?p=38692","name":"DECLARACI\u00d3N N\u00b0 352\/2.025 - Malarg\u00fce HCD","isPartOf":{"@id":"https:\/\/hcd.malargue.gov.ar\/#website"},"datePublished":"2025-04-28T13:00:00+00:00","dateModified":"2025-04-29T14:25:59+00:00","author":{"@id":"https:\/\/hcd.malargue.gov.ar\/#\/schema\/person\/3fd6bbab64edd703961b795156c955d0"},"breadcrumb":{"@id":"https:\/\/hcd.malargue.gov.ar\/?p=38692#breadcrumb"},"inLanguage":"es-AR","potentialAction":[{"@type":"ReadAction","target":["https:\/\/hcd.malargue.gov.ar\/?p=38692"]}]},{"@type":"BreadcrumbList","@id":"https:\/\/hcd.malargue.gov.ar\/?p=38692#breadcrumb","itemListElement":[{"@type":"ListItem","position":1,"name":"Inicio","item":"https:\/\/hcd.malargue.gov.ar\/"},{"@type":"ListItem","position":2,"name":"DECLARACI\u00d3N N\u00b0 352\/2.025"}]},{"@type":"WebSite","@id":"https:\/\/hcd.malargue.gov.ar\/#website","url":"https:\/\/hcd.malargue.gov.ar\/","name":"Malarg\u00fce HCD","description":"Malarg\u00fce Mendoza Argentina","potentialAction":[{"@type":"SearchAction","target":{"@type":"EntryPoint","urlTemplate":"https:\/\/hcd.malargue.gov.ar\/?s={search_term_string}"},"query-input":"required name=search_term_string"}],"inLanguage":"es-AR"},{"@type":"Person","@id":"https:\/\/hcd.malargue.gov.ar\/#\/schema\/person\/3fd6bbab64edd703961b795156c955d0","name":"Belen Pedernera Ferragut","image":{"@type":"ImageObject","inLanguage":"es-AR","@id":"https:\/\/hcd.malargue.gov.ar\/#\/schema\/person\/image\/","url":"https:\/\/secure.gravatar.com\/avatar\/1054ffab3893de4bb3eb29bdd22f7e34b8537bf5d34d9dab311818154ad5b71f?s=96&d=mm&r=g","contentUrl":"https:\/\/secure.gravatar.com\/avatar\/1054ffab3893de4bb3eb29bdd22f7e34b8537bf5d34d9dab311818154ad5b71f?s=96&d=mm&r=g","caption":"Belen Pedernera Ferragut"},"url":"https:\/\/hcd.malargue.gov.ar\/?author=5"}]}},"_links":{"self":[{"href":"https:\/\/hcd.malargue.gov.ar\/index.php?rest_route=\/wp\/v2\/posts\/38692","targetHints":{"allow":["GET"]}}],"collection":[{"href":"https:\/\/hcd.malargue.gov.ar\/index.php?rest_route=\/wp\/v2\/posts"}],"about":[{"href":"https:\/\/hcd.malargue.gov.ar\/index.php?rest_route=\/wp\/v2\/types\/post"}],"author":[{"embeddable":true,"href":"https:\/\/hcd.malargue.gov.ar\/index.php?rest_route=\/wp\/v2\/users\/5"}],"replies":[{"embeddable":true,"href":"https:\/\/hcd.malargue.gov.ar\/index.php?rest_route=%2Fwp%2Fv2%2Fcomments&post=38692"}],"version-history":[{"count":1,"href":"https:\/\/hcd.malargue.gov.ar\/index.php?rest_route=\/wp\/v2\/posts\/38692\/revisions"}],"predecessor-version":[{"id":38694,"href":"https:\/\/hcd.malargue.gov.ar\/index.php?rest_route=\/wp\/v2\/posts\/38692\/revisions\/38694"}],"wp:featuredmedia":[{"embeddable":true,"href":"https:\/\/hcd.malargue.gov.ar\/index.php?rest_route=\/wp\/v2\/media\/38693"}],"wp:attachment":[{"href":"https:\/\/hcd.malargue.gov.ar\/index.php?rest_route=%2Fwp%2Fv2%2Fmedia&parent=38692"}],"wp:term":[{"taxonomy":"category","embeddable":true,"href":"https:\/\/hcd.malargue.gov.ar\/index.php?rest_route=%2Fwp%2Fv2%2Fcategories&post=38692"},{"taxonomy":"post_tag","embeddable":true,"href":"https:\/\/hcd.malargue.gov.ar\/index.php?rest_route=%2Fwp%2Fv2%2Ftags&post=38692"}],"curies":[{"name":"wp","href":"https:\/\/api.w.org\/{rel}","templated":true}]}}