{"id":38695,"date":"2025-04-28T11:54:13","date_gmt":"2025-04-28T14:54:13","guid":{"rendered":"https:\/\/hcd.malargue.gov.ar\/?p=38695"},"modified":"2025-04-28T12:14:00","modified_gmt":"2025-04-28T15:14:00","slug":"declaracion-n-353-2-025","status":"publish","type":"post","link":"https:\/\/hcd.malargue.gov.ar\/?p=38695","title":{"rendered":"DECLARACI\u00d3N N\u00b0 353\/2.025"},"content":{"rendered":"\n<h4 class=\"wp-block-heading has-text-align-center\">El HCD declar\u00f3 de Inter\u00e9s Departamental la 5\u00b0 Edici\u00f3n de las Jornadas Deportivas Mixtas de la Escuela Aborigen Americano<\/h4>\n\n\n\n<p><em>El Honorable Concejo Deliberante de Malarg\u00fce declar\u00f3 de Inter\u00e9s Departamental, Educativo, Deportivo y Social, mediante la Declaraci\u00f3n N\u00ba 353\/2.025, la 5\u00aa Edici\u00f3n de las Jornadas Deportivas Mixtas organizadas por la Escuela N\u00ba 4-138 Aborigen Americano.<\/em><\/p>\n\n\n\n<p><em>El evento se llev\u00f3 a cabo del 21 al 24 de abril y reuni\u00f3 a estudiantes de distintas escuelas secundarias en competencias de deportes mixtos como v\u00f3ley, b\u00e1squet, handball, f\u00fatbol y marat\u00f3n.<\/em><\/p>\n\n\n\n<p><em>La iniciativa busco promover valores como la coeducaci\u00f3n, el compa\u00f1erismo, la solidaridad y la integraci\u00f3n de g\u00e9neros, fortaleciendo el desarrollo f\u00edsico, social y educativo de los j\u00f3venes de Malarg\u00fce.<\/em> <em>Desde el Concejo se destac\u00f3 el compromiso de la instituci\u00f3n educativa en la construcci\u00f3n de espacios igualitarios y en la promoci\u00f3n del deporte como herramienta de inclusi\u00f3n.<\/em><\/p>\n\n\n\n<p class=\"has-text-align-center\"><strong>MIRA LA PIEZA LEGAL COMPLETA<\/strong><\/p>\n\n\n<div class=\"wp-block-image\">\n<figure class=\"alignright is-resized\"><a href=\"http:\/\/hcd.malargue.gov.ar\/2025\/Dc%20353%202025%20Jornadas%20Mixtas%20ESCAM.pdf\"><img loading=\"lazy\" decoding=\"async\" width=\"512\" height=\"512\" src=\"https:\/\/hcd.malargue.gov.ar\/wp-content\/uploads\/2018\/06\/PDF-JPG.jpg\" alt=\"\" class=\"wp-image-7950\" style=\"width:113px;height:auto\" srcset=\"https:\/\/hcd.malargue.gov.ar\/wp-content\/uploads\/2018\/06\/PDF-JPG.jpg 512w, https:\/\/hcd.malargue.gov.ar\/wp-content\/uploads\/2018\/06\/PDF-JPG-150x150.jpg 150w, https:\/\/hcd.malargue.gov.ar\/wp-content\/uploads\/2018\/06\/PDF-JPG-300x300.jpg 300w\" sizes=\"auto, (max-width: 512px) 100vw, 512px\" \/><\/a><\/figure>\n<\/div>\n\n\n<p><strong>AUTOR: CONCEJAL<\/strong> <strong>PABLO VILLARRUEL<\/strong><\/p>\n\n\n\n<p><strong>BLOQUE FRENTE CAMBIA MENDOZA<\/strong><\/p>\n\n\n\n<p>VISTO: El contenido del Expediente N\u00b0 2.821-2.025-0. Bloque Frente Cambia Mendoza Proyecto de Declaraci\u00f3n: Declarar de Inter\u00e9s Departamental la 5ta. Edici\u00f3n de las Jornadas Deportivas Mixtas de la Escuela Aborigen Americano.<\/p>\n\n\n\n<p>&nbsp;La actividad f\u00edsica motivada por las Instituciones Educativas del Departamento de Malarg\u00fce contribuye al desarrollo f\u00edsico, social y educativo de los j\u00f3venes, fomentando la autoconfianza, la interacci\u00f3n e integraci\u00f3n.<\/p>\n\n\n\n<p>y;<\/p>\n\n\n\n<p>CONSIDERANDO: Que la Escuela N\u00b0 4-138 Aborigen Americano, comenz\u00f3 a organizar y llevar a cabo las Jornadas Deportivas Mixtas en el mes de abril del a\u00f1o 2.019, con la colaboraci\u00f3n de directivos, docentes, personal no docente, padres y alumnos.<\/p>\n\n\n\n<p>Que la propuesta surge con la idea de realizar actividades donde los j\u00f3venes participen en deportes de manera mixta (varones-mujeres) y as\u00ed adquieran habilidades, trabajen valores como la coeducaci\u00f3n, compa\u00f1erismo, cooperaci\u00f3n, solidaridad, integraci\u00f3n, entre otros.<\/p>\n\n\n\n<p>Que as\u00ed, se logran unir aspectos recreativos y competitivos dentro del \u00e1mbito escolar, promoviendo en todo momento un espacio de respeto y tolerancia.<\/p>\n\n\n\n<p>Que las actividades mencionadas tienen una orientaci\u00f3n educativa, enfocada en el &#8220;Desarrollo Psicomotor, Integral y Social\u201d que hace \u00e9nfasis en la igualdad y respeto.<\/p>\n\n\n\n<p>Que de \u00e9sta manera, alumnos de las distintas Escuelas Secundarias que deseen participar, podr\u00e1n disfrutar de la pr\u00e1ctica de deportes mixtos, la cual es novedosa en el Departamento.<\/p>\n\n\n\n<p>Que los deportes en los cuales participar\u00e1n los j\u00f3venes ser\u00e1n: Voley, B\u00e1squet, Handball, F\u00fatbol y Marat\u00f3n Mixta.<\/p>\n\n\n\n<p>Que cabe aclarar que no exist\u00edan jornadas deportivas donde se incluya a hombres y mujeres participando de un mismo equipo en los diferentes deportes, lo cual beneficia la integraci\u00f3n de g\u00e9neros dentro de las instituciones.<\/p>\n\n\n\n<p>Que este Honorable Concejo ya ha Declarado de Inter\u00e9s Departamental ediciones anteriores de dicho evento, mediante las Declaraciones N\u00b0 247\/2.019 y N\u00b0 312\/2.023, reafirmando as\u00ed la importancia del mismo.<\/p>\n\n\n\n<p>Que dichas Jornadas se llevar\u00e1n a cabo desde el d\u00eda 21 al 24 de abril del corriente a\u00f1o.<\/p>\n\n\n\n<p>EL HONORABLE CONCEJO DELIBERANTE DE LA MUNICIPALIDAD DE MALARG\u00dcE EN USO DE LAS FACULTADES QUE LE SON PROPIAS<\/p>\n\n\n\n<p>DECLARA<\/p>\n\n\n\n<p>ART\u00cdCULO 1\u00ba: Declarar de Inter\u00e9s Departamental, Educativo, Deportivo y Social la 5\u00b0 Edici\u00f3n de las Jornadas Deportivas Mixtas organizadas por la Escuela N\u00b0 4-138 Aborigen Americano.<\/p>\n\n\n\n<p>ART\u00cdCULO 2\u00ba: Remitir copia de la presente a la Direcci\u00f3n de la Escuela N\u00b0 4-138 Aborigen Americano junto a un Diploma de Distinci\u00f3n Legislativa con la siguiente leyenda: Declarar de Inter\u00e9s Departamental, Educativo, Deportivo y Social la 5ta Edici\u00f3n de las &#8220;Jornadas Deportivas Mixtas&#8221; por su compromiso con la promoci\u00f3n del deporte y la construcci\u00f3n de espacios igualitarios, fomentando valores como la coeducaci\u00f3n, el compa\u00f1erismo, el respeto y la participaci\u00f3n activa de los estudiantes del Departamento de Malarg\u00fce.<\/p>\n\n\n\n<p>ART\u00cdCULO 3\u00ba: Difundir la presente Declaraci\u00f3n a los medios de comunicaci\u00f3n locales.<\/p>\n\n\n\n<p>ART\u00cdCULO 4\u00ba: Comun\u00edquese, reg\u00edstrese, agr\u00e9guese copia de la presente en las actuaciones correspondientes y arch\u00edvese.<\/p>\n\n\n\n<p>DADA EN LA SALA DE SESIONES DR.&nbsp; RICARDO BALBIN DEL HONORABLE CONCEJO DELIBERANTE DE LA MUNICIPALIDAD DE MALARG\u00dcE A VEINTICINCO D\u00cdAS DE ABRIL DE DOS MIL VEINTICINCO.<\/p>\n\n\n\n<p><\/p>\n","protected":false},"excerpt":{"rendered":"<p>El HCD declar\u00f3 de Inter\u00e9s Departamental la 5\u00b0 Edici\u00f3n de las Jornadas Deportivas Mixtas de la Escuela Aborigen Americano El Honorable Concejo Deliberante de Malarg\u00fce declar\u00f3 de Inter\u00e9s Departamental, Educativo, Deportivo y Social, mediante la Declaraci\u00f3n N\u00ba 353\/2.025, la 5\u00aa Edici\u00f3n de las Jornadas Deportivas Mixtas organizadas por la Escuela N\u00ba 4-138 Aborigen Americano. El [&hellip;]<\/p>\n","protected":false},"author":5,"featured_media":38696,"comment_status":"closed","ping_status":"closed","sticky":false,"template":"","format":"standard","meta":{"footnotes":""},"categories":[46,52,29,33],"tags":[],"class_list":["post-38695","post","type-post","status-publish","format-standard","has-post-thumbnail","hentry","category-declaraciones","category-gacetillas","category-lesgilacion","category-prensa"],"yoast_head":"<!-- This site is optimized with the Yoast SEO plugin v19.10 - https:\/\/yoast.com\/wordpress\/plugins\/seo\/ -->\n<title>DECLARACI\u00d3N N\u00b0 353\/2.025 - Malarg\u00fce HCD<\/title>\n<meta name=\"robots\" content=\"index, follow, max-snippet:-1, max-image-preview:large, max-video-preview:-1\" \/>\n<link rel=\"canonical\" href=\"https:\/\/hcd.malargue.gov.ar\/?p=38695\" \/>\n<meta property=\"og:locale\" content=\"es_ES\" \/>\n<meta property=\"og:type\" content=\"article\" \/>\n<meta property=\"og:title\" content=\"DECLARACI\u00d3N N\u00b0 353\/2.025 - Malarg\u00fce HCD\" \/>\n<meta property=\"og:description\" content=\"El HCD declar\u00f3 de Inter\u00e9s Departamental la 5\u00b0 Edici\u00f3n de las Jornadas Deportivas Mixtas de la Escuela Aborigen Americano El Honorable Concejo Deliberante de Malarg\u00fce declar\u00f3 de Inter\u00e9s Departamental, Educativo, Deportivo y Social, mediante la Declaraci\u00f3n N\u00ba 353\/2.025, la 5\u00aa Edici\u00f3n de las Jornadas Deportivas Mixtas organizadas por la Escuela N\u00ba 4-138 Aborigen Americano. El [&hellip;]\" \/>\n<meta property=\"og:url\" content=\"https:\/\/hcd.malargue.gov.ar\/?p=38695\" \/>\n<meta property=\"og:site_name\" content=\"Malarg\u00fce HCD\" \/>\n<meta property=\"article:published_time\" content=\"2025-04-28T14:54:13+00:00\" \/>\n<meta property=\"article:modified_time\" content=\"2025-04-28T15:14:00+00:00\" \/>\n<meta property=\"og:image\" content=\"https:\/\/hcd.malargue.gov.ar\/wp-content\/uploads\/2025\/04\/DECLARACION-353-2025.png\" \/>\n\t<meta property=\"og:image:width\" content=\"940\" \/>\n\t<meta property=\"og:image:height\" content=\"788\" \/>\n\t<meta property=\"og:image:type\" content=\"image\/png\" \/>\n<meta name=\"author\" content=\"Belen Pedernera Ferragut\" \/>\n<meta name=\"twitter:card\" content=\"summary_large_image\" \/>\n<meta name=\"twitter:label1\" content=\"Escrito por\" \/>\n\t<meta name=\"twitter:data1\" content=\"Belen Pedernera Ferragut\" \/>\n\t<meta name=\"twitter:label2\" content=\"Tiempo de lectura\" \/>\n\t<meta name=\"twitter:data2\" content=\"4 minutos\" \/>\n<script type=\"application\/ld+json\" class=\"yoast-schema-graph\">{\"@context\":\"https:\/\/schema.org\",\"@graph\":[{\"@type\":\"WebPage\",\"@id\":\"https:\/\/hcd.malargue.gov.ar\/?p=38695\",\"url\":\"https:\/\/hcd.malargue.gov.ar\/?p=38695\",\"name\":\"DECLARACI\u00d3N N\u00b0 353\/2.025 - Malarg\u00fce HCD\",\"isPartOf\":{\"@id\":\"https:\/\/hcd.malargue.gov.ar\/#website\"},\"datePublished\":\"2025-04-28T14:54:13+00:00\",\"dateModified\":\"2025-04-28T15:14:00+00:00\",\"author\":{\"@id\":\"https:\/\/hcd.malargue.gov.ar\/#\/schema\/person\/3fd6bbab64edd703961b795156c955d0\"},\"breadcrumb\":{\"@id\":\"https:\/\/hcd.malargue.gov.ar\/?p=38695#breadcrumb\"},\"inLanguage\":\"es-AR\",\"potentialAction\":[{\"@type\":\"ReadAction\",\"target\":[\"https:\/\/hcd.malargue.gov.ar\/?p=38695\"]}]},{\"@type\":\"BreadcrumbList\",\"@id\":\"https:\/\/hcd.malargue.gov.ar\/?p=38695#breadcrumb\",\"itemListElement\":[{\"@type\":\"ListItem\",\"position\":1,\"name\":\"Inicio\",\"item\":\"https:\/\/hcd.malargue.gov.ar\/\"},{\"@type\":\"ListItem\",\"position\":2,\"name\":\"DECLARACI\u00d3N N\u00b0 353\/2.025\"}]},{\"@type\":\"WebSite\",\"@id\":\"https:\/\/hcd.malargue.gov.ar\/#website\",\"url\":\"https:\/\/hcd.malargue.gov.ar\/\",\"name\":\"Malarg\u00fce HCD\",\"description\":\"Malarg\u00fce Mendoza Argentina\",\"potentialAction\":[{\"@type\":\"SearchAction\",\"target\":{\"@type\":\"EntryPoint\",\"urlTemplate\":\"https:\/\/hcd.malargue.gov.ar\/?s={search_term_string}\"},\"query-input\":\"required name=search_term_string\"}],\"inLanguage\":\"es-AR\"},{\"@type\":\"Person\",\"@id\":\"https:\/\/hcd.malargue.gov.ar\/#\/schema\/person\/3fd6bbab64edd703961b795156c955d0\",\"name\":\"Belen Pedernera Ferragut\",\"image\":{\"@type\":\"ImageObject\",\"inLanguage\":\"es-AR\",\"@id\":\"https:\/\/hcd.malargue.gov.ar\/#\/schema\/person\/image\/\",\"url\":\"https:\/\/secure.gravatar.com\/avatar\/1054ffab3893de4bb3eb29bdd22f7e34b8537bf5d34d9dab311818154ad5b71f?s=96&d=mm&r=g\",\"contentUrl\":\"https:\/\/secure.gravatar.com\/avatar\/1054ffab3893de4bb3eb29bdd22f7e34b8537bf5d34d9dab311818154ad5b71f?s=96&d=mm&r=g\",\"caption\":\"Belen Pedernera Ferragut\"},\"url\":\"https:\/\/hcd.malargue.gov.ar\/?author=5\"}]}<\/script>\n<!-- \/ Yoast SEO plugin. -->","yoast_head_json":{"title":"DECLARACI\u00d3N N\u00b0 353\/2.025 - Malarg\u00fce HCD","robots":{"index":"index","follow":"follow","max-snippet":"max-snippet:-1","max-image-preview":"max-image-preview:large","max-video-preview":"max-video-preview:-1"},"canonical":"https:\/\/hcd.malargue.gov.ar\/?p=38695","og_locale":"es_ES","og_type":"article","og_title":"DECLARACI\u00d3N N\u00b0 353\/2.025 - Malarg\u00fce HCD","og_description":"El HCD declar\u00f3 de Inter\u00e9s Departamental la 5\u00b0 Edici\u00f3n de las Jornadas Deportivas Mixtas de la Escuela Aborigen Americano El Honorable Concejo Deliberante de Malarg\u00fce declar\u00f3 de Inter\u00e9s Departamental, Educativo, Deportivo y Social, mediante la Declaraci\u00f3n N\u00ba 353\/2.025, la 5\u00aa Edici\u00f3n de las Jornadas Deportivas Mixtas organizadas por la Escuela N\u00ba 4-138 Aborigen Americano. El [&hellip;]","og_url":"https:\/\/hcd.malargue.gov.ar\/?p=38695","og_site_name":"Malarg\u00fce HCD","article_published_time":"2025-04-28T14:54:13+00:00","article_modified_time":"2025-04-28T15:14:00+00:00","og_image":[{"width":940,"height":788,"url":"https:\/\/hcd.malargue.gov.ar\/wp-content\/uploads\/2025\/04\/DECLARACION-353-2025.png","type":"image\/png"}],"author":"Belen Pedernera Ferragut","twitter_card":"summary_large_image","twitter_misc":{"Escrito por":"Belen Pedernera Ferragut","Tiempo de lectura":"4 minutos"},"schema":{"@context":"https:\/\/schema.org","@graph":[{"@type":"WebPage","@id":"https:\/\/hcd.malargue.gov.ar\/?p=38695","url":"https:\/\/hcd.malargue.gov.ar\/?p=38695","name":"DECLARACI\u00d3N N\u00b0 353\/2.025 - Malarg\u00fce HCD","isPartOf":{"@id":"https:\/\/hcd.malargue.gov.ar\/#website"},"datePublished":"2025-04-28T14:54:13+00:00","dateModified":"2025-04-28T15:14:00+00:00","author":{"@id":"https:\/\/hcd.malargue.gov.ar\/#\/schema\/person\/3fd6bbab64edd703961b795156c955d0"},"breadcrumb":{"@id":"https:\/\/hcd.malargue.gov.ar\/?p=38695#breadcrumb"},"inLanguage":"es-AR","potentialAction":[{"@type":"ReadAction","target":["https:\/\/hcd.malargue.gov.ar\/?p=38695"]}]},{"@type":"BreadcrumbList","@id":"https:\/\/hcd.malargue.gov.ar\/?p=38695#breadcrumb","itemListElement":[{"@type":"ListItem","position":1,"name":"Inicio","item":"https:\/\/hcd.malargue.gov.ar\/"},{"@type":"ListItem","position":2,"name":"DECLARACI\u00d3N N\u00b0 353\/2.025"}]},{"@type":"WebSite","@id":"https:\/\/hcd.malargue.gov.ar\/#website","url":"https:\/\/hcd.malargue.gov.ar\/","name":"Malarg\u00fce HCD","description":"Malarg\u00fce Mendoza Argentina","potentialAction":[{"@type":"SearchAction","target":{"@type":"EntryPoint","urlTemplate":"https:\/\/hcd.malargue.gov.ar\/?s={search_term_string}"},"query-input":"required name=search_term_string"}],"inLanguage":"es-AR"},{"@type":"Person","@id":"https:\/\/hcd.malargue.gov.ar\/#\/schema\/person\/3fd6bbab64edd703961b795156c955d0","name":"Belen Pedernera Ferragut","image":{"@type":"ImageObject","inLanguage":"es-AR","@id":"https:\/\/hcd.malargue.gov.ar\/#\/schema\/person\/image\/","url":"https:\/\/secure.gravatar.com\/avatar\/1054ffab3893de4bb3eb29bdd22f7e34b8537bf5d34d9dab311818154ad5b71f?s=96&d=mm&r=g","contentUrl":"https:\/\/secure.gravatar.com\/avatar\/1054ffab3893de4bb3eb29bdd22f7e34b8537bf5d34d9dab311818154ad5b71f?s=96&d=mm&r=g","caption":"Belen Pedernera Ferragut"},"url":"https:\/\/hcd.malargue.gov.ar\/?author=5"}]}},"_links":{"self":[{"href":"https:\/\/hcd.malargue.gov.ar\/index.php?rest_route=\/wp\/v2\/posts\/38695","targetHints":{"allow":["GET"]}}],"collection":[{"href":"https:\/\/hcd.malargue.gov.ar\/index.php?rest_route=\/wp\/v2\/posts"}],"about":[{"href":"https:\/\/hcd.malargue.gov.ar\/index.php?rest_route=\/wp\/v2\/types\/post"}],"author":[{"embeddable":true,"href":"https:\/\/hcd.malargue.gov.ar\/index.php?rest_route=\/wp\/v2\/users\/5"}],"replies":[{"embeddable":true,"href":"https:\/\/hcd.malargue.gov.ar\/index.php?rest_route=%2Fwp%2Fv2%2Fcomments&post=38695"}],"version-history":[{"count":2,"href":"https:\/\/hcd.malargue.gov.ar\/index.php?rest_route=\/wp\/v2\/posts\/38695\/revisions"}],"predecessor-version":[{"id":38699,"href":"https:\/\/hcd.malargue.gov.ar\/index.php?rest_route=\/wp\/v2\/posts\/38695\/revisions\/38699"}],"wp:featuredmedia":[{"embeddable":true,"href":"https:\/\/hcd.malargue.gov.ar\/index.php?rest_route=\/wp\/v2\/media\/38696"}],"wp:attachment":[{"href":"https:\/\/hcd.malargue.gov.ar\/index.php?rest_route=%2Fwp%2Fv2%2Fmedia&parent=38695"}],"wp:term":[{"taxonomy":"category","embeddable":true,"href":"https:\/\/hcd.malargue.gov.ar\/index.php?rest_route=%2Fwp%2Fv2%2Fcategories&post=38695"},{"taxonomy":"post_tag","embeddable":true,"href":"https:\/\/hcd.malargue.gov.ar\/index.php?rest_route=%2Fwp%2Fv2%2Ftags&post=38695"}],"curies":[{"name":"wp","href":"https:\/\/api.w.org\/{rel}","templated":true}]}}