{"id":38700,"date":"2025-04-28T12:50:56","date_gmt":"2025-04-28T15:50:56","guid":{"rendered":"https:\/\/hcd.malargue.gov.ar\/?p=38700"},"modified":"2025-04-29T09:21:50","modified_gmt":"2025-04-29T12:21:50","slug":"declaracion-n-354-2-025","status":"publish","type":"post","link":"https:\/\/hcd.malargue.gov.ar\/?p=38700","title":{"rendered":"DECLARACI\u00d3N N\u00b0 354\/2.025"},"content":{"rendered":"\n<h4 class=\"wp-block-heading has-text-align-center\">El HCD declar\u00f3 de Inter\u00e9s Departamental el Campeonato Malarg\u00fcino de Mountain Bike<\/h4>\n\n\n\n<p><em>El Honorable Concejo Deliberante de Malarg\u00fce, a trav\u00e9s de la Declaraci\u00f3n N\u00ba 354\/2.025, declar\u00f3 de Inter\u00e9s Departamental y Deportivo el Campeonato Malarg\u00fcino de Mountain Bike, organizado por la Asociaci\u00f3n Civil Club Mountain Bike Malarg\u00fce.<\/em><\/p>\n\n\n\n<p class=\"has-text-align-left\"><em>Este campeonato, que re\u00fane a participantes de distintas ciudades como Neuqu\u00e9n, Mendoza y San Rafael, destaca la importancia del deporte como promotor de la inclusi\u00f3n, el trabajo en equipo y el fortalecimiento de la comunidad. Adem\u00e1s, fomenta la actividad tur\u00edstica al aprovechar los senderos y paisajes naturales de Malarg\u00fce.<\/em><\/p>\n\n\n\n<p><em>En esta edici\u00f3n, que tuvo su segunda fecha el 27 de abril en Puesto Basualto camino a Pincheira, y se incluyeron diversas categor\u00edas por edad, incorporando una nueva divisi\u00f3n para personas con discapacidad, reafirmando el compromiso con la igualdad y la participaci\u00f3n de toda la comunidad.<\/em> <em>Valorando el esfuerzo y dedicaci\u00f3n de la instituci\u00f3n organizadora, as\u00ed como su contribuci\u00f3n al desarrollo deportivo, social y cultural de Malarg\u00fce.<\/em><\/p>\n\n\n\n<p class=\"has-text-align-center\"><strong>MIRA LA PIEZA LEGAL COMPLETA<\/strong><\/p>\n\n\n<div class=\"wp-block-image\">\n<figure class=\"alignright is-resized\"><a href=\"http:\/\/hcd.malargue.gov.ar\/2025\/Dc%20354%202025%20%20Mountain%20Bike.pdf\"><img loading=\"lazy\" decoding=\"async\" width=\"512\" height=\"512\" src=\"https:\/\/hcd.malargue.gov.ar\/wp-content\/uploads\/2018\/06\/PDF-JPG.jpg\" alt=\"\" class=\"wp-image-7950\" style=\"width:127px;height:auto\" srcset=\"https:\/\/hcd.malargue.gov.ar\/wp-content\/uploads\/2018\/06\/PDF-JPG.jpg 512w, https:\/\/hcd.malargue.gov.ar\/wp-content\/uploads\/2018\/06\/PDF-JPG-150x150.jpg 150w, https:\/\/hcd.malargue.gov.ar\/wp-content\/uploads\/2018\/06\/PDF-JPG-300x300.jpg 300w\" sizes=\"auto, (max-width: 512px) 100vw, 512px\" \/><\/a><\/figure>\n<\/div>\n\n\n<p><strong>AUTORA: CONCEJALA\u00a0SILVINA CAMIOLO<\/strong><\/p>\n\n\n\n<p><strong>BLOQUE RECONSTRUYENDO MALARG\u00dcE<\/strong><\/p>\n\n\n\n<p>VISTO: El contenido del Expediente N\u00b0 2.535-2.025-0-. Bloque Uni\u00f3n Mendocina Proyecto de Declaraci\u00f3n: Declarar de Inter\u00e9s Departamental y Deportivo el Campeonato Malarg\u00fcino de Mountain Bike organizado por la Asociaci\u00f3n Civil Club Mountain Bike Malarg\u00fce<em>.<\/em><\/p>\n\n\n\n<p>&nbsp;El trabajo que realiza la Asociaci\u00f3n Civil Club Mountain Bike Malarg\u00fce y reconocerlo es una forma de valorar y visibilizar los esfuerzos realizados por generar un impacto positivo en la comunidad, el mismo no solo destaca los logros alcanzados, sino que tambi\u00e9n motiva a seguir comprometidos con la misi\u00f3n de la asociaci\u00f3n.<\/p>\n\n\n\n<p>y;<\/p>\n\n\n\n<p>CONSIDERANDO: Que la Asociaci\u00f3n Civil Club Mountain Bike Malarg\u00fce funciona con personar\u00eda jur\u00eddica desde el a\u00f1o 2.022 desde entonces ha gestionado y organizado diversos eventos con una amplia participaci\u00f3n de la comunidad de Malarg\u00fce.<\/p>\n\n\n\n<p>Que este Campeonato re\u00fane a participantes de la regi\u00f3n, que asisten de diferentes ciudades como Neuqu\u00e9n, Mendoza y San Rafael aportando una rica diversidad cultural al evento y promoviendo el deporte a lo largo del pa\u00eds, inspirando a m\u00e1s personas a practicar ciclismo.<\/p>\n\n\n\n<p>Que nuestro Departamento ha tenido excelentes representantes del Mountain Bike a nivel internacional generando un sentido de orgullo y pertenencia, contribuyendo a la creaci\u00f3n de un legado y una tradici\u00f3n deportiva en la comunidad, que se transmite de generaci\u00f3n en generaci\u00f3n.<\/p>\n\n\n\n<p>Que es necesario dar relevancia y difusi\u00f3n a la segunda fecha de dicho evento deportivo tur\u00edstico que tendr\u00e1 lugar en Malarg\u00fce el d\u00eda 27 de abril del a\u00f1o 2.025 en el lugar denominado: Puesto Basualto camino a Pincheira, aprovechando los senderos y la belleza natural de la zona<\/p>\n\n\n\n<p>Que en esta competencia cuentan con distintas categor\u00edas como:<\/p>\n\n\n\n<ul class=\"wp-block-list\">\n<li>Juveniles: hasta 18 a\u00f1os<\/li>\n\n\n\n<li>Elite: 19 a 34 a\u00f1os<\/li>\n\n\n\n<li>Master A: 35 a 39 a\u00f1os<\/li>\n\n\n\n<li>Master B1:40 a 44 a\u00f1os<\/li>\n\n\n\n<li>Master B2:45 a 49 a\u00f1os<\/li>\n\n\n\n<li>Master C1: 50 a 54 a\u00f1os<\/li>\n\n\n\n<li>Master C2: 55 a 59 a\u00f1os<\/li>\n\n\n\n<li>Master D1:60 A 64 a\u00f1os<\/li>\n\n\n\n<li>Master D2:65 a 69 a\u00f1os<\/li>\n\n\n\n<li>Master E +70 A\u00d1OS<\/li>\n\n\n\n<li>E-BIKE libre.<\/li>\n\n\n\n<li>Promocionales libre edad<\/li>\n<\/ul>\n\n\n\n<p>Que estos eventos incluyen a personas de todas las edades y sexo, incentivando el sentido de participaci\u00f3n, el trabajo en equipo y la competencia amistosa, rompiendo las barreras sociales y fortaleciendo las relaciones de amistad y vecindad.<\/p>\n\n\n\n<p>Que a partir de la segunda fecha del Campeonato se incluir\u00e1 la categor\u00eda para personas con discapacidad potenciando la inclusi\u00f3n y la igualdad.<\/p>\n\n\n\n<p>EL HONORABLE CONCEJO DELIBERANTE DE LA MUNICIPALIDAD DE MALARG\u00dcE EN USO DE LAS FACULTADES QUE LE SON PROPIAS<\/p>\n\n\n\n<p>DECLARA<\/p>\n\n\n\n<p>ART\u00cdCULO 1\u00ba: Declarar de Inter\u00e9s Departamental el Campeonato Malarg\u00fcino de Mountain Bike, organizado por la Asociaci\u00f3n Civil Club Mountain Bike de Malarg\u00fce.<\/p>\n\n\n\n<p>ART\u00cdCULO 2\u00ba: Hacer entrega de Diplomas por parte de este Honorable Concejo Deliberante a la Instituci\u00f3n organizadora el d\u00eda del evento.<\/p>\n\n\n\n<p>ART\u00cdCULO 3\u00ba: Elevar copia de la presente pieza legal a la Asociaci\u00f3n Civil Club Mountain Bike Malarg\u00fce, a la Direcci\u00f3n de Turismo, Direcci\u00f3n de Cultura y Direcci\u00f3n de Deportes de la Municipalidad de Malarg\u00fce.<\/p>\n\n\n\n<p>ART\u00cdCULO 4\u00ba: Difundir por los medios de comunicaci\u00f3n escritos, radiales y digitales, a trav\u00e9s del \u00c1rea de Prensa del Honorable Concejo Deliberante de la Municipalidad de Malarg\u00fce.<\/p>\n\n\n\n<p>ART\u00cdCULO 5\u00ba: Comun\u00edquese, reg\u00edstrese, agr\u00e9guese copia de la presente en las actuaciones correspondientes y arch\u00edvese.<\/p>\n\n\n\n<p>DADA EN LA SALA DE SESIONES DR.&nbsp; RICARDO BALBIN DEL HONORABLE CONCEJO DELIBERANTE DE LA MUNICIPALIDAD DE MALARG\u00dcE A VEINTICINCO D\u00cdAS DE ABRIL DE DOS MIL VEINTICINCO.<\/p>\n","protected":false},"excerpt":{"rendered":"<p>El HCD declar\u00f3 de Inter\u00e9s Departamental el Campeonato Malarg\u00fcino de Mountain Bike El Honorable Concejo Deliberante de Malarg\u00fce, a trav\u00e9s de la Declaraci\u00f3n N\u00ba 354\/2.025, declar\u00f3 de Inter\u00e9s Departamental y Deportivo el Campeonato Malarg\u00fcino de Mountain Bike, organizado por la Asociaci\u00f3n Civil Club Mountain Bike Malarg\u00fce. Este campeonato, que re\u00fane a participantes de distintas ciudades [&hellip;]<\/p>\n","protected":false},"author":5,"featured_media":38701,"comment_status":"closed","ping_status":"closed","sticky":false,"template":"","format":"standard","meta":{"footnotes":""},"categories":[46,52,29,33],"tags":[],"class_list":["post-38700","post","type-post","status-publish","format-standard","has-post-thumbnail","hentry","category-declaraciones","category-gacetillas","category-lesgilacion","category-prensa"],"yoast_head":"<!-- This site is optimized with the Yoast SEO plugin v19.10 - https:\/\/yoast.com\/wordpress\/plugins\/seo\/ -->\n<title>DECLARACI\u00d3N N\u00b0 354\/2.025 - Malarg\u00fce HCD<\/title>\n<meta name=\"robots\" content=\"index, follow, max-snippet:-1, max-image-preview:large, max-video-preview:-1\" \/>\n<link rel=\"canonical\" href=\"https:\/\/hcd.malargue.gov.ar\/?p=38700\" \/>\n<meta property=\"og:locale\" content=\"es_ES\" \/>\n<meta property=\"og:type\" content=\"article\" \/>\n<meta property=\"og:title\" content=\"DECLARACI\u00d3N N\u00b0 354\/2.025 - Malarg\u00fce HCD\" \/>\n<meta property=\"og:description\" content=\"El HCD declar\u00f3 de Inter\u00e9s Departamental el Campeonato Malarg\u00fcino de Mountain Bike El Honorable Concejo Deliberante de Malarg\u00fce, a trav\u00e9s de la Declaraci\u00f3n N\u00ba 354\/2.025, declar\u00f3 de Inter\u00e9s Departamental y Deportivo el Campeonato Malarg\u00fcino de Mountain Bike, organizado por la Asociaci\u00f3n Civil Club Mountain Bike Malarg\u00fce. Este campeonato, que re\u00fane a participantes de distintas ciudades [&hellip;]\" \/>\n<meta property=\"og:url\" content=\"https:\/\/hcd.malargue.gov.ar\/?p=38700\" \/>\n<meta property=\"og:site_name\" content=\"Malarg\u00fce HCD\" \/>\n<meta property=\"article:published_time\" content=\"2025-04-28T15:50:56+00:00\" \/>\n<meta property=\"article:modified_time\" content=\"2025-04-29T12:21:50+00:00\" \/>\n<meta property=\"og:image\" content=\"https:\/\/hcd.malargue.gov.ar\/wp-content\/uploads\/2025\/04\/DECLARACION-354-2025.png\" \/>\n\t<meta property=\"og:image:width\" content=\"940\" \/>\n\t<meta property=\"og:image:height\" content=\"788\" \/>\n\t<meta property=\"og:image:type\" content=\"image\/png\" \/>\n<meta name=\"author\" content=\"Belen Pedernera Ferragut\" \/>\n<meta name=\"twitter:card\" content=\"summary_large_image\" \/>\n<meta name=\"twitter:label1\" content=\"Escrito por\" \/>\n\t<meta name=\"twitter:data1\" content=\"Belen Pedernera Ferragut\" \/>\n\t<meta name=\"twitter:label2\" content=\"Tiempo de lectura\" \/>\n\t<meta name=\"twitter:data2\" content=\"4 minutos\" \/>\n<script type=\"application\/ld+json\" class=\"yoast-schema-graph\">{\"@context\":\"https:\/\/schema.org\",\"@graph\":[{\"@type\":\"WebPage\",\"@id\":\"https:\/\/hcd.malargue.gov.ar\/?p=38700\",\"url\":\"https:\/\/hcd.malargue.gov.ar\/?p=38700\",\"name\":\"DECLARACI\u00d3N N\u00b0 354\/2.025 - Malarg\u00fce HCD\",\"isPartOf\":{\"@id\":\"https:\/\/hcd.malargue.gov.ar\/#website\"},\"datePublished\":\"2025-04-28T15:50:56+00:00\",\"dateModified\":\"2025-04-29T12:21:50+00:00\",\"author\":{\"@id\":\"https:\/\/hcd.malargue.gov.ar\/#\/schema\/person\/3fd6bbab64edd703961b795156c955d0\"},\"breadcrumb\":{\"@id\":\"https:\/\/hcd.malargue.gov.ar\/?p=38700#breadcrumb\"},\"inLanguage\":\"es-AR\",\"potentialAction\":[{\"@type\":\"ReadAction\",\"target\":[\"https:\/\/hcd.malargue.gov.ar\/?p=38700\"]}]},{\"@type\":\"BreadcrumbList\",\"@id\":\"https:\/\/hcd.malargue.gov.ar\/?p=38700#breadcrumb\",\"itemListElement\":[{\"@type\":\"ListItem\",\"position\":1,\"name\":\"Inicio\",\"item\":\"https:\/\/hcd.malargue.gov.ar\/\"},{\"@type\":\"ListItem\",\"position\":2,\"name\":\"DECLARACI\u00d3N N\u00b0 354\/2.025\"}]},{\"@type\":\"WebSite\",\"@id\":\"https:\/\/hcd.malargue.gov.ar\/#website\",\"url\":\"https:\/\/hcd.malargue.gov.ar\/\",\"name\":\"Malarg\u00fce HCD\",\"description\":\"Malarg\u00fce Mendoza Argentina\",\"potentialAction\":[{\"@type\":\"SearchAction\",\"target\":{\"@type\":\"EntryPoint\",\"urlTemplate\":\"https:\/\/hcd.malargue.gov.ar\/?s={search_term_string}\"},\"query-input\":\"required name=search_term_string\"}],\"inLanguage\":\"es-AR\"},{\"@type\":\"Person\",\"@id\":\"https:\/\/hcd.malargue.gov.ar\/#\/schema\/person\/3fd6bbab64edd703961b795156c955d0\",\"name\":\"Belen Pedernera Ferragut\",\"image\":{\"@type\":\"ImageObject\",\"inLanguage\":\"es-AR\",\"@id\":\"https:\/\/hcd.malargue.gov.ar\/#\/schema\/person\/image\/\",\"url\":\"https:\/\/secure.gravatar.com\/avatar\/1054ffab3893de4bb3eb29bdd22f7e34b8537bf5d34d9dab311818154ad5b71f?s=96&d=mm&r=g\",\"contentUrl\":\"https:\/\/secure.gravatar.com\/avatar\/1054ffab3893de4bb3eb29bdd22f7e34b8537bf5d34d9dab311818154ad5b71f?s=96&d=mm&r=g\",\"caption\":\"Belen Pedernera Ferragut\"},\"url\":\"https:\/\/hcd.malargue.gov.ar\/?author=5\"}]}<\/script>\n<!-- \/ Yoast SEO plugin. -->","yoast_head_json":{"title":"DECLARACI\u00d3N N\u00b0 354\/2.025 - Malarg\u00fce HCD","robots":{"index":"index","follow":"follow","max-snippet":"max-snippet:-1","max-image-preview":"max-image-preview:large","max-video-preview":"max-video-preview:-1"},"canonical":"https:\/\/hcd.malargue.gov.ar\/?p=38700","og_locale":"es_ES","og_type":"article","og_title":"DECLARACI\u00d3N N\u00b0 354\/2.025 - Malarg\u00fce HCD","og_description":"El HCD declar\u00f3 de Inter\u00e9s Departamental el Campeonato Malarg\u00fcino de Mountain Bike El Honorable Concejo Deliberante de Malarg\u00fce, a trav\u00e9s de la Declaraci\u00f3n N\u00ba 354\/2.025, declar\u00f3 de Inter\u00e9s Departamental y Deportivo el Campeonato Malarg\u00fcino de Mountain Bike, organizado por la Asociaci\u00f3n Civil Club Mountain Bike Malarg\u00fce. Este campeonato, que re\u00fane a participantes de distintas ciudades [&hellip;]","og_url":"https:\/\/hcd.malargue.gov.ar\/?p=38700","og_site_name":"Malarg\u00fce HCD","article_published_time":"2025-04-28T15:50:56+00:00","article_modified_time":"2025-04-29T12:21:50+00:00","og_image":[{"width":940,"height":788,"url":"https:\/\/hcd.malargue.gov.ar\/wp-content\/uploads\/2025\/04\/DECLARACION-354-2025.png","type":"image\/png"}],"author":"Belen Pedernera Ferragut","twitter_card":"summary_large_image","twitter_misc":{"Escrito por":"Belen Pedernera Ferragut","Tiempo de lectura":"4 minutos"},"schema":{"@context":"https:\/\/schema.org","@graph":[{"@type":"WebPage","@id":"https:\/\/hcd.malargue.gov.ar\/?p=38700","url":"https:\/\/hcd.malargue.gov.ar\/?p=38700","name":"DECLARACI\u00d3N N\u00b0 354\/2.025 - Malarg\u00fce HCD","isPartOf":{"@id":"https:\/\/hcd.malargue.gov.ar\/#website"},"datePublished":"2025-04-28T15:50:56+00:00","dateModified":"2025-04-29T12:21:50+00:00","author":{"@id":"https:\/\/hcd.malargue.gov.ar\/#\/schema\/person\/3fd6bbab64edd703961b795156c955d0"},"breadcrumb":{"@id":"https:\/\/hcd.malargue.gov.ar\/?p=38700#breadcrumb"},"inLanguage":"es-AR","potentialAction":[{"@type":"ReadAction","target":["https:\/\/hcd.malargue.gov.ar\/?p=38700"]}]},{"@type":"BreadcrumbList","@id":"https:\/\/hcd.malargue.gov.ar\/?p=38700#breadcrumb","itemListElement":[{"@type":"ListItem","position":1,"name":"Inicio","item":"https:\/\/hcd.malargue.gov.ar\/"},{"@type":"ListItem","position":2,"name":"DECLARACI\u00d3N N\u00b0 354\/2.025"}]},{"@type":"WebSite","@id":"https:\/\/hcd.malargue.gov.ar\/#website","url":"https:\/\/hcd.malargue.gov.ar\/","name":"Malarg\u00fce HCD","description":"Malarg\u00fce Mendoza Argentina","potentialAction":[{"@type":"SearchAction","target":{"@type":"EntryPoint","urlTemplate":"https:\/\/hcd.malargue.gov.ar\/?s={search_term_string}"},"query-input":"required name=search_term_string"}],"inLanguage":"es-AR"},{"@type":"Person","@id":"https:\/\/hcd.malargue.gov.ar\/#\/schema\/person\/3fd6bbab64edd703961b795156c955d0","name":"Belen Pedernera Ferragut","image":{"@type":"ImageObject","inLanguage":"es-AR","@id":"https:\/\/hcd.malargue.gov.ar\/#\/schema\/person\/image\/","url":"https:\/\/secure.gravatar.com\/avatar\/1054ffab3893de4bb3eb29bdd22f7e34b8537bf5d34d9dab311818154ad5b71f?s=96&d=mm&r=g","contentUrl":"https:\/\/secure.gravatar.com\/avatar\/1054ffab3893de4bb3eb29bdd22f7e34b8537bf5d34d9dab311818154ad5b71f?s=96&d=mm&r=g","caption":"Belen Pedernera Ferragut"},"url":"https:\/\/hcd.malargue.gov.ar\/?author=5"}]}},"_links":{"self":[{"href":"https:\/\/hcd.malargue.gov.ar\/index.php?rest_route=\/wp\/v2\/posts\/38700","targetHints":{"allow":["GET"]}}],"collection":[{"href":"https:\/\/hcd.malargue.gov.ar\/index.php?rest_route=\/wp\/v2\/posts"}],"about":[{"href":"https:\/\/hcd.malargue.gov.ar\/index.php?rest_route=\/wp\/v2\/types\/post"}],"author":[{"embeddable":true,"href":"https:\/\/hcd.malargue.gov.ar\/index.php?rest_route=\/wp\/v2\/users\/5"}],"replies":[{"embeddable":true,"href":"https:\/\/hcd.malargue.gov.ar\/index.php?rest_route=%2Fwp%2Fv2%2Fcomments&post=38700"}],"version-history":[{"count":1,"href":"https:\/\/hcd.malargue.gov.ar\/index.php?rest_route=\/wp\/v2\/posts\/38700\/revisions"}],"predecessor-version":[{"id":38702,"href":"https:\/\/hcd.malargue.gov.ar\/index.php?rest_route=\/wp\/v2\/posts\/38700\/revisions\/38702"}],"wp:featuredmedia":[{"embeddable":true,"href":"https:\/\/hcd.malargue.gov.ar\/index.php?rest_route=\/wp\/v2\/media\/38701"}],"wp:attachment":[{"href":"https:\/\/hcd.malargue.gov.ar\/index.php?rest_route=%2Fwp%2Fv2%2Fmedia&parent=38700"}],"wp:term":[{"taxonomy":"category","embeddable":true,"href":"https:\/\/hcd.malargue.gov.ar\/index.php?rest_route=%2Fwp%2Fv2%2Fcategories&post=38700"},{"taxonomy":"post_tag","embeddable":true,"href":"https:\/\/hcd.malargue.gov.ar\/index.php?rest_route=%2Fwp%2Fv2%2Ftags&post=38700"}],"curies":[{"name":"wp","href":"https:\/\/api.w.org\/{rel}","templated":true}]}}