{"id":38704,"date":"2025-04-29T08:55:30","date_gmt":"2025-04-29T11:55:30","guid":{"rendered":"https:\/\/hcd.malargue.gov.ar\/?p=38704"},"modified":"2025-04-29T08:55:36","modified_gmt":"2025-04-29T11:55:36","slug":"resolucion-n-063-2-025","status":"publish","type":"post","link":"https:\/\/hcd.malargue.gov.ar\/?p=38704","title":{"rendered":"RESOLUCI\u00d3N N\u00b0 063\/2.025"},"content":{"rendered":"\n<h4 class=\"wp-block-heading has-text-align-center\"><strong>El HCD declar\u00f3 de Inter\u00e9s Departamental la obra educativa de la Escuela N\u00b0 1-438 &#8220;Capit\u00e1n Jos\u00e9 Le\u00f3n Lemos&#8221;<\/strong><\/h4>\n\n\n\n<p><em>En su \u00faltima Sesi\u00f3n, el Honorable Concejo Deliberante de Malarg\u00fce declar\u00f3 de Inter\u00e9s Departamental la destacada obra Educativa, Cultural y Social desarrollada por la Escuela N\u00b0 1-438 &#8220;Capit\u00e1n Jos\u00e9 Le\u00f3n Lemos&#8221;, instituci\u00f3n que lleva 75 a\u00f1os formando generaciones en el Departamento.<\/em><\/p>\n\n\n\n<p><em>Fundada en 1950 como Escuela Nacional N\u00b0 217 y rebautizada en 1963 como Escuela Rep\u00fablica de Chile, esta instituci\u00f3n adopt\u00f3 su nombre actual durante la Reorganizaci\u00f3n Nacional. Su historia comenz\u00f3 en una precaria casa de madera cedida por el ferrocarril General Belgrano, y a lo largo de los a\u00f1os ha enfrentado m\u00faltiples desaf\u00edos para consolidarse como una de las escuelas m\u00e1s antiguas de Malarg\u00fce.<\/em><\/p>\n\n\n\n<p><em>Actualmente, la escuela cuenta con 353 estudiantes, 19 docentes de grado, personal especializado y celadores que trabajan d\u00eda a d\u00eda para mantener el edificio y sostener una propuesta pedag\u00f3gica integral. Desarrollan programas como \u201cFortalecimiento a las trayectorias\u201d, \u201cAprender con Energ\u00eda\u201d y un proyecto institucional enfocado en el bienestar f\u00edsico y emocional de los alumnos.<\/em><\/p>\n\n\n\n<p><em>La declaraci\u00f3n fue acompa\u00f1ada por el compromiso de entregar a la directora Mariela Ponce una copia de la Pieza Legal y un diploma, reconociendo p\u00fablicamente el valor educativo que esta instituci\u00f3n ha brindado durante d\u00e9cadas a la comunidad malarg\u00fcina.<\/em><\/p>\n\n\n\n<p class=\"has-text-align-center\"><strong>MIRA LA PIEZA LEGAL COMPLETA<\/strong><\/p>\n\n\n<div class=\"wp-block-image\">\n<figure class=\"alignright is-resized\"><a href=\"http:\/\/hcd.malargue.gov.ar\/2025\/Rs%20063%202025%20Declaracion%20Escuela%20Lemos.pdf\"><img loading=\"lazy\" decoding=\"async\" width=\"512\" height=\"512\" src=\"https:\/\/hcd.malargue.gov.ar\/wp-content\/uploads\/2018\/06\/PDF-JPG.jpg\" alt=\"\" class=\"wp-image-7950\" style=\"width:121px;height:auto\" srcset=\"https:\/\/hcd.malargue.gov.ar\/wp-content\/uploads\/2018\/06\/PDF-JPG.jpg 512w, https:\/\/hcd.malargue.gov.ar\/wp-content\/uploads\/2018\/06\/PDF-JPG-150x150.jpg 150w, https:\/\/hcd.malargue.gov.ar\/wp-content\/uploads\/2018\/06\/PDF-JPG-300x300.jpg 300w\" sizes=\"auto, (max-width: 512px) 100vw, 512px\" \/><\/a><\/figure>\n<\/div>\n\n\n<p><strong>AUTORES: CONCEJALES\u00a0FRANCISCO PARADA, ELIZABETH GONZALEZ, MAGALI ACOSTA, EMILCE MANSILLA, VIVIANA MOSCA, PABLO VILLARRUEL Y SILVINA CAMIOLO<\/strong><\/p>\n\n\n\n<p><strong>INTERBLOQUE ENCUENTRO, UNION MENDOCINA, FRENTE CAMBIA MENDOZA, PARTIDO JUSTICIALISTA Y RECONSTRUYENDO MALARG\u00dcE<\/strong><\/p>\n\n\n\n<p>VISTO: El contenido del Expediente N\u00b0 2.820\/2.025-0 <em>Interbloque Encuentro, Uni\u00f3n Mendocina, Frente Cambia Mendoza, Partido Justicialista, Reconstruyendo Malarg\u00fce.<\/em> <em>Proyecto de Declaraci\u00f3n: Declarar de Inter\u00e9s Departamental, la Obra Educativa, Cultural y Social de la Escuela N\u00b0 1-438 \u201cCapit\u00e1n Jos\u00e9 Le\u00f3n Lemos.<\/em><\/p>\n\n\n\n<p>&nbsp;La necesidad de poner en valor la obra educativa llevada a cabo por la escuela Capit\u00e1n Jos\u00e9 Le\u00f3n Lemos a lo largo de la historia en el Departamento de Malarg\u00fce.<\/p>\n\n\n\n<p>y;<\/p>\n\n\n\n<p>CONSIDERANDO: Que el 3 de mayo del a\u00f1o 1.950, se fund\u00f3 la Escuela Nacional N\u00b0 217, a\u00f1os despu\u00e9s el 17 de agosto de 1.963 la misma fue denominada Escuela Rep\u00fablica de Chile.<\/p>\n\n\n\n<p>Que durante el llamado proceso de Reorganizaci\u00f3n Nacional, las escuelas comenzaron a depender del gobierno provincial, por lo que se le impuso el nombre que actualmente lleva Escuela N\u00b01-438 &#8220;Capit\u00e1n Jos\u00e9 Le\u00f3n Lemos&#8221;.<\/p>\n\n\n\n<p>Que la Escuela Nacional N\u00ba 207; actual Escuela N\u00b01-438 \u201cCapit\u00e1n Jos\u00e9 Le\u00f3n Lemos&#8221;, seg\u00fan actas hist\u00f3ricas de la Instituci\u00f3n \u201cComenz\u00f3 a funcionar en un local prestado por el ferrocarril General Belgrano que hubo que arreglar para su uso.<\/p>\n\n\n\n<p>Que era una casa de madera, con un sal\u00f3n de pocas comodidades en la cuan contaba con una habitaci\u00f3n para el Director y un ba\u00f1o para ambos sexos.<\/p>\n\n\n\n<p>Que en sus 75 a\u00f1os de historia ejercieron su vocaci\u00f3n docente maestros como: Elisa Huck de Dotta, Amira de los Santos de Contreras, Esperanza de Ag\u00fcero, Amelide Aluch, &nbsp;Alcira de Butcovic, Gladis Jaque, Cecilia de Tieti, Teresita Cia, Norma de Corrales, Celia Jaque, Adela Basualto, Norma Bouza, Edilia Pedermera, Emilce Quiroga, Susana Cubillos, Marcelina Molina, Mar\u00eda de los \u00c1ngeles Godoy. Mar\u00eda Olate, Lidia L\u00f3pez, M\u00f3nica Bommecino, Patricia Sela, Estela Bommecino, Silvana Escoriza, Marcela Ortega, Ang\u00e9lica Macagno y Carina Gonz\u00e1lez Espina entre otros.<\/p>\n\n\n\n<p>Que actualmente concurren a la Escuela trescientos cincuenta y tres (353) estudiantes de Educaci\u00f3n Primaria, atendidos por diecinueve docentes de grado, un docente mate, ocho de materias especiales y once celadores que colaboran con la limpieza y mantenimiento del edificio.<\/p>\n\n\n\n<p>Que trabaja con el programa Fortalecimiento a las trayectorias desde primer a\u00f1o a s\u00e9ptimo grado, Mendoza Educa, Articulaci\u00f3n con Nivel Inicial y Secundario y \u201cAprender con Energ\u00eda\u201d con el objetivo de fortalecer el aprendizaje de todos los estudiantes de dicha instituci\u00f3n.<\/p>\n\n\n\n<p>Que mantiene en su labor diario el proyecto Educativo Institucional &#8220;Bienestar f\u00edsico y emocional&#8221;: &#8220;Nos cuidamos entre todos&#8221;, Eje de todos los dem\u00e1s proyectos \u00e1ulicos, enfocados en una vida saludable integral. Como as\u00ed tambi\u00e9n el Proyecto de Alfabetizaci\u00f3n: Fluidez y Comprensi\u00f3n lectora, el Proyecto &#8220;Matem\u00e1tica en movimiento&#8221; y el Proyecto de &#8220;Convivencia escolar&#8221;, todos estos aspectos fundamentales en el desarrollo integral de los estudiantes.<\/p>\n\n\n\n<p>Que la Escuela N\u00b0 1-438 &#8220;Capit\u00e1n Jos\u00e9 Le\u00f3n Lemos&#8221; tiene como objetivo: Ser un espacio que provee recursos y estrategias a cada estudiante para desarrollar la mejor versi\u00f3n de s\u00ed mismo en todos los aspectos de su vida. En funci\u00f3n de esto trabaja junto a todo su equipo para lograrlo.<\/p>\n\n\n\n<p>Que la Escuela N\u00ba 1-438 \u201cCapit\u00e1n Jos\u00e9 Le\u00f3n Lemos&#8221; es un claro ejemplo de instituci\u00f3n que ha sabido enfrentar las adversidades y dificultades para cumplir con su rol de educar a las generaciones desde hace setenta y cinco (75) a\u00f1os en Malarg\u00fce, siendo una de las escuelas m\u00e1s antiguas del Departamento.<\/p>\n\n\n\n<p>EL HONORABLE CONCEJO DELIBERANTE DE LA MUNICIPALIDAD DE MALARG\u00dcE EN USO DE LAS FACULTADES QUE LE SON PROPIAS<\/p>\n\n\n\n<p>RESUELVE<\/p>\n\n\n\n<p>ART\u00cdCULO 1\u00ba: Declarar de Inter\u00e9s Departamental, la Obra Educativa, Cultural y Social de la Escuela N\u00b0 1-438 &#8220;Capit\u00e1n Jos\u00e9 Le\u00f3n Lemos&#8221;, realizada durante 75 a\u00f1os en el Departamento de Malarg\u00fce.<\/p>\n\n\n\n<p>ART\u00cdCULO 2\u00ba: Adjuntar a la presente Declaraci\u00f3n copia del Acta fundacional y fotos de la \u00e9poca en el Anexo 1.<\/p>\n\n\n\n<p>ART\u00cdCULO 3\u00ba: Hacer entrega a la Directora Profesora Mariela Ponce copia de la presente pieza legal y diploma de parte de este Honorable Cuerpo.<\/p>\n\n\n\n<p>ART\u00cdCULO 4\u00ba: Enviar copia de la presente pieza legal a la Subdelegada de la Direcci\u00f3n General de Escuelas Prof. Fabiana Glatigny, a la Secretar\u00eda de Desarrollo Humano, Prof. Juan Jos\u00e9 Narambuena y a la Direcci\u00f3n de Educaci\u00f3n, Prof. Gustavo Caba\u00f1a.<\/p>\n\n\n\n<p>ART\u00cdCULO 5\u00ba: Comun\u00edquese, reg\u00edstrese, agr\u00e9guese copia de la presente en las actuaciones correspondientes y arch\u00edvese.<\/p>\n\n\n\n<p>DADA EN LA SALA DE SESIONES DR.&nbsp; RICARDO BALBIN DEL HONORABLE CONCEJO DELIBERANTE DE LA MUNICIPALIDAD DE MALARG\u00dcE A VEINTICINCO D\u00cdAS DE ABRIL DE DOS MIL VEINTICINCO.<\/p>\n","protected":false},"excerpt":{"rendered":"<p>El HCD declar\u00f3 de Inter\u00e9s Departamental la obra educativa de la Escuela N\u00b0 1-438 &#8220;Capit\u00e1n Jos\u00e9 Le\u00f3n Lemos&#8221; En su \u00faltima Sesi\u00f3n, el Honorable Concejo Deliberante de Malarg\u00fce declar\u00f3 de Inter\u00e9s Departamental la destacada obra Educativa, Cultural y Social desarrollada por la Escuela N\u00b0 1-438 &#8220;Capit\u00e1n Jos\u00e9 Le\u00f3n Lemos&#8221;, instituci\u00f3n que lleva 75 a\u00f1os formando [&hellip;]<\/p>\n","protected":false},"author":5,"featured_media":38705,"comment_status":"closed","ping_status":"closed","sticky":false,"template":"","format":"standard","meta":{"footnotes":""},"categories":[52,29,33,51],"tags":[],"class_list":["post-38704","post","type-post","status-publish","format-standard","has-post-thumbnail","hentry","category-gacetillas","category-lesgilacion","category-prensa","category-resoluciones"],"yoast_head":"<!-- This site is optimized with the Yoast SEO plugin v19.10 - https:\/\/yoast.com\/wordpress\/plugins\/seo\/ -->\n<title>RESOLUCI\u00d3N N\u00b0 063\/2.025 - Malarg\u00fce HCD<\/title>\n<meta name=\"robots\" content=\"index, follow, max-snippet:-1, max-image-preview:large, max-video-preview:-1\" \/>\n<link rel=\"canonical\" href=\"https:\/\/hcd.malargue.gov.ar\/?p=38704\" \/>\n<meta property=\"og:locale\" content=\"es_ES\" \/>\n<meta property=\"og:type\" content=\"article\" \/>\n<meta property=\"og:title\" content=\"RESOLUCI\u00d3N N\u00b0 063\/2.025 - Malarg\u00fce HCD\" \/>\n<meta property=\"og:description\" content=\"El HCD declar\u00f3 de Inter\u00e9s Departamental la obra educativa de la Escuela N\u00b0 1-438 &#8220;Capit\u00e1n Jos\u00e9 Le\u00f3n Lemos&#8221; En su \u00faltima Sesi\u00f3n, el Honorable Concejo Deliberante de Malarg\u00fce declar\u00f3 de Inter\u00e9s Departamental la destacada obra Educativa, Cultural y Social desarrollada por la Escuela N\u00b0 1-438 &#8220;Capit\u00e1n Jos\u00e9 Le\u00f3n Lemos&#8221;, instituci\u00f3n que lleva 75 a\u00f1os formando [&hellip;]\" \/>\n<meta property=\"og:url\" content=\"https:\/\/hcd.malargue.gov.ar\/?p=38704\" \/>\n<meta property=\"og:site_name\" content=\"Malarg\u00fce HCD\" \/>\n<meta property=\"article:published_time\" content=\"2025-04-29T11:55:30+00:00\" \/>\n<meta property=\"article:modified_time\" content=\"2025-04-29T11:55:36+00:00\" \/>\n<meta property=\"og:image\" content=\"https:\/\/hcd.malargue.gov.ar\/wp-content\/uploads\/2025\/04\/RESOLUCION-063-2025.png\" \/>\n\t<meta property=\"og:image:width\" content=\"940\" \/>\n\t<meta property=\"og:image:height\" content=\"788\" \/>\n\t<meta property=\"og:image:type\" content=\"image\/png\" \/>\n<meta name=\"author\" content=\"Belen Pedernera Ferragut\" \/>\n<meta name=\"twitter:card\" content=\"summary_large_image\" \/>\n<meta name=\"twitter:label1\" content=\"Escrito por\" \/>\n\t<meta name=\"twitter:data1\" content=\"Belen Pedernera Ferragut\" \/>\n\t<meta name=\"twitter:label2\" content=\"Tiempo de lectura\" \/>\n\t<meta name=\"twitter:data2\" content=\"5 minutos\" \/>\n<script type=\"application\/ld+json\" class=\"yoast-schema-graph\">{\"@context\":\"https:\/\/schema.org\",\"@graph\":[{\"@type\":\"WebPage\",\"@id\":\"https:\/\/hcd.malargue.gov.ar\/?p=38704\",\"url\":\"https:\/\/hcd.malargue.gov.ar\/?p=38704\",\"name\":\"RESOLUCI\u00d3N N\u00b0 063\/2.025 - Malarg\u00fce HCD\",\"isPartOf\":{\"@id\":\"https:\/\/hcd.malargue.gov.ar\/#website\"},\"datePublished\":\"2025-04-29T11:55:30+00:00\",\"dateModified\":\"2025-04-29T11:55:36+00:00\",\"author\":{\"@id\":\"https:\/\/hcd.malargue.gov.ar\/#\/schema\/person\/3fd6bbab64edd703961b795156c955d0\"},\"breadcrumb\":{\"@id\":\"https:\/\/hcd.malargue.gov.ar\/?p=38704#breadcrumb\"},\"inLanguage\":\"es-AR\",\"potentialAction\":[{\"@type\":\"ReadAction\",\"target\":[\"https:\/\/hcd.malargue.gov.ar\/?p=38704\"]}]},{\"@type\":\"BreadcrumbList\",\"@id\":\"https:\/\/hcd.malargue.gov.ar\/?p=38704#breadcrumb\",\"itemListElement\":[{\"@type\":\"ListItem\",\"position\":1,\"name\":\"Inicio\",\"item\":\"https:\/\/hcd.malargue.gov.ar\/\"},{\"@type\":\"ListItem\",\"position\":2,\"name\":\"RESOLUCI\u00d3N N\u00b0 063\/2.025\"}]},{\"@type\":\"WebSite\",\"@id\":\"https:\/\/hcd.malargue.gov.ar\/#website\",\"url\":\"https:\/\/hcd.malargue.gov.ar\/\",\"name\":\"Malarg\u00fce HCD\",\"description\":\"Malarg\u00fce Mendoza Argentina\",\"potentialAction\":[{\"@type\":\"SearchAction\",\"target\":{\"@type\":\"EntryPoint\",\"urlTemplate\":\"https:\/\/hcd.malargue.gov.ar\/?s={search_term_string}\"},\"query-input\":\"required name=search_term_string\"}],\"inLanguage\":\"es-AR\"},{\"@type\":\"Person\",\"@id\":\"https:\/\/hcd.malargue.gov.ar\/#\/schema\/person\/3fd6bbab64edd703961b795156c955d0\",\"name\":\"Belen Pedernera Ferragut\",\"image\":{\"@type\":\"ImageObject\",\"inLanguage\":\"es-AR\",\"@id\":\"https:\/\/hcd.malargue.gov.ar\/#\/schema\/person\/image\/\",\"url\":\"https:\/\/secure.gravatar.com\/avatar\/1054ffab3893de4bb3eb29bdd22f7e34b8537bf5d34d9dab311818154ad5b71f?s=96&d=mm&r=g\",\"contentUrl\":\"https:\/\/secure.gravatar.com\/avatar\/1054ffab3893de4bb3eb29bdd22f7e34b8537bf5d34d9dab311818154ad5b71f?s=96&d=mm&r=g\",\"caption\":\"Belen Pedernera Ferragut\"},\"url\":\"https:\/\/hcd.malargue.gov.ar\/?author=5\"}]}<\/script>\n<!-- \/ Yoast SEO plugin. -->","yoast_head_json":{"title":"RESOLUCI\u00d3N N\u00b0 063\/2.025 - Malarg\u00fce HCD","robots":{"index":"index","follow":"follow","max-snippet":"max-snippet:-1","max-image-preview":"max-image-preview:large","max-video-preview":"max-video-preview:-1"},"canonical":"https:\/\/hcd.malargue.gov.ar\/?p=38704","og_locale":"es_ES","og_type":"article","og_title":"RESOLUCI\u00d3N N\u00b0 063\/2.025 - Malarg\u00fce HCD","og_description":"El HCD declar\u00f3 de Inter\u00e9s Departamental la obra educativa de la Escuela N\u00b0 1-438 &#8220;Capit\u00e1n Jos\u00e9 Le\u00f3n Lemos&#8221; En su \u00faltima Sesi\u00f3n, el Honorable Concejo Deliberante de Malarg\u00fce declar\u00f3 de Inter\u00e9s Departamental la destacada obra Educativa, Cultural y Social desarrollada por la Escuela N\u00b0 1-438 &#8220;Capit\u00e1n Jos\u00e9 Le\u00f3n Lemos&#8221;, instituci\u00f3n que lleva 75 a\u00f1os formando [&hellip;]","og_url":"https:\/\/hcd.malargue.gov.ar\/?p=38704","og_site_name":"Malarg\u00fce HCD","article_published_time":"2025-04-29T11:55:30+00:00","article_modified_time":"2025-04-29T11:55:36+00:00","og_image":[{"width":940,"height":788,"url":"https:\/\/hcd.malargue.gov.ar\/wp-content\/uploads\/2025\/04\/RESOLUCION-063-2025.png","type":"image\/png"}],"author":"Belen Pedernera Ferragut","twitter_card":"summary_large_image","twitter_misc":{"Escrito por":"Belen Pedernera Ferragut","Tiempo de lectura":"5 minutos"},"schema":{"@context":"https:\/\/schema.org","@graph":[{"@type":"WebPage","@id":"https:\/\/hcd.malargue.gov.ar\/?p=38704","url":"https:\/\/hcd.malargue.gov.ar\/?p=38704","name":"RESOLUCI\u00d3N N\u00b0 063\/2.025 - Malarg\u00fce HCD","isPartOf":{"@id":"https:\/\/hcd.malargue.gov.ar\/#website"},"datePublished":"2025-04-29T11:55:30+00:00","dateModified":"2025-04-29T11:55:36+00:00","author":{"@id":"https:\/\/hcd.malargue.gov.ar\/#\/schema\/person\/3fd6bbab64edd703961b795156c955d0"},"breadcrumb":{"@id":"https:\/\/hcd.malargue.gov.ar\/?p=38704#breadcrumb"},"inLanguage":"es-AR","potentialAction":[{"@type":"ReadAction","target":["https:\/\/hcd.malargue.gov.ar\/?p=38704"]}]},{"@type":"BreadcrumbList","@id":"https:\/\/hcd.malargue.gov.ar\/?p=38704#breadcrumb","itemListElement":[{"@type":"ListItem","position":1,"name":"Inicio","item":"https:\/\/hcd.malargue.gov.ar\/"},{"@type":"ListItem","position":2,"name":"RESOLUCI\u00d3N N\u00b0 063\/2.025"}]},{"@type":"WebSite","@id":"https:\/\/hcd.malargue.gov.ar\/#website","url":"https:\/\/hcd.malargue.gov.ar\/","name":"Malarg\u00fce HCD","description":"Malarg\u00fce Mendoza Argentina","potentialAction":[{"@type":"SearchAction","target":{"@type":"EntryPoint","urlTemplate":"https:\/\/hcd.malargue.gov.ar\/?s={search_term_string}"},"query-input":"required name=search_term_string"}],"inLanguage":"es-AR"},{"@type":"Person","@id":"https:\/\/hcd.malargue.gov.ar\/#\/schema\/person\/3fd6bbab64edd703961b795156c955d0","name":"Belen Pedernera Ferragut","image":{"@type":"ImageObject","inLanguage":"es-AR","@id":"https:\/\/hcd.malargue.gov.ar\/#\/schema\/person\/image\/","url":"https:\/\/secure.gravatar.com\/avatar\/1054ffab3893de4bb3eb29bdd22f7e34b8537bf5d34d9dab311818154ad5b71f?s=96&d=mm&r=g","contentUrl":"https:\/\/secure.gravatar.com\/avatar\/1054ffab3893de4bb3eb29bdd22f7e34b8537bf5d34d9dab311818154ad5b71f?s=96&d=mm&r=g","caption":"Belen Pedernera Ferragut"},"url":"https:\/\/hcd.malargue.gov.ar\/?author=5"}]}},"_links":{"self":[{"href":"https:\/\/hcd.malargue.gov.ar\/index.php?rest_route=\/wp\/v2\/posts\/38704","targetHints":{"allow":["GET"]}}],"collection":[{"href":"https:\/\/hcd.malargue.gov.ar\/index.php?rest_route=\/wp\/v2\/posts"}],"about":[{"href":"https:\/\/hcd.malargue.gov.ar\/index.php?rest_route=\/wp\/v2\/types\/post"}],"author":[{"embeddable":true,"href":"https:\/\/hcd.malargue.gov.ar\/index.php?rest_route=\/wp\/v2\/users\/5"}],"replies":[{"embeddable":true,"href":"https:\/\/hcd.malargue.gov.ar\/index.php?rest_route=%2Fwp%2Fv2%2Fcomments&post=38704"}],"version-history":[{"count":1,"href":"https:\/\/hcd.malargue.gov.ar\/index.php?rest_route=\/wp\/v2\/posts\/38704\/revisions"}],"predecessor-version":[{"id":38706,"href":"https:\/\/hcd.malargue.gov.ar\/index.php?rest_route=\/wp\/v2\/posts\/38704\/revisions\/38706"}],"wp:featuredmedia":[{"embeddable":true,"href":"https:\/\/hcd.malargue.gov.ar\/index.php?rest_route=\/wp\/v2\/media\/38705"}],"wp:attachment":[{"href":"https:\/\/hcd.malargue.gov.ar\/index.php?rest_route=%2Fwp%2Fv2%2Fmedia&parent=38704"}],"wp:term":[{"taxonomy":"category","embeddable":true,"href":"https:\/\/hcd.malargue.gov.ar\/index.php?rest_route=%2Fwp%2Fv2%2Fcategories&post=38704"},{"taxonomy":"post_tag","embeddable":true,"href":"https:\/\/hcd.malargue.gov.ar\/index.php?rest_route=%2Fwp%2Fv2%2Ftags&post=38704"}],"curies":[{"name":"wp","href":"https:\/\/api.w.org\/{rel}","templated":true}]}}