{"id":38726,"date":"2025-05-06T11:14:04","date_gmt":"2025-05-06T14:14:04","guid":{"rendered":"https:\/\/hcd.malargue.gov.ar\/?p=38726"},"modified":"2025-05-06T11:14:08","modified_gmt":"2025-05-06T14:14:08","slug":"resolucion-n-083-2-025","status":"publish","type":"post","link":"https:\/\/hcd.malargue.gov.ar\/?p=38726","title":{"rendered":"RESOLUCI\u00d3N N\u00b0 083\/2.025"},"content":{"rendered":"\n<h4 class=\"wp-block-heading has-text-align-center\"><strong>El HCD declar\u00f3 Ciudadano Ilustre al veterano de Malvinas Manuel Jes\u00fas Mart\u00ednez Correa<\/strong><\/h4>\n\n\n\n<p><em>El Honorable Concejo Deliberante de Malarg\u00fce distingui\u00f3 como Ciudadano Ilustre al veterano de guerra Manuel Jes\u00fas Mart\u00ednez Correa, mediante una Resoluci\u00f3n impulsada por el Bloque Encuentro.<\/em><\/p>\n\n\n\n<p><em>Nacido en Malarg\u00fce en 1962, Mart\u00ednez Correa tuvo una destacada participaci\u00f3n en la Guerra de Malvinas integrando la Compa\u00f1\u00eda de Ingenieros Mecanizada N\u00b0 10, alcanzando el grado de Cabo I con tan solo 19 a\u00f1os. Su valent\u00eda y compromiso en defensa de la soberan\u00eda nacional fueron reconocidos oportunamente por el Congreso de la Naci\u00f3n a trav\u00e9s de la Ley N\u00b0 23.118.<\/em><\/p>\n\n\n\n<p><em>La distinci\u00f3n fue otorgada en virtud de su trayectoria y por ser ejemplo de valor, entrega y amor a la patria, cualidades que lo hacen merecedor de formar parte de la galer\u00eda de Ciudadanos Ilustres del departamento, conforme lo establece la Ordenanza N\u00b0 1.779\/2015.<\/em><\/p>\n\n\n\n<p><em>Durante el acto se dispuso tambi\u00e9n la entrega de una placa conmemorativa en su honor, as\u00ed como una copia de la pieza legal tanto a \u00e9l como a su madre, la Sra. Eliana Correa viuda de Mart\u00ednez.<\/em><\/p>\n\n\n\n<p class=\"has-text-align-center\"><strong>MIRA LA PIEZA LEGAL COMPLETA<\/strong><\/p>\n\n\n<div class=\"wp-block-image\">\n<figure class=\"alignright is-resized\"><a href=\"http:\/\/hcd.malargue.gov.ar\/2025\/Rs%20083%202025%20Veterano%20Malvinas%20Martinez%20Manuel.pdf\"><img loading=\"lazy\" decoding=\"async\" width=\"512\" height=\"512\" src=\"https:\/\/hcd.malargue.gov.ar\/wp-content\/uploads\/2018\/06\/PDF-JPG.jpg\" alt=\"\" class=\"wp-image-7950\" style=\"width:118px;height:auto\" srcset=\"https:\/\/hcd.malargue.gov.ar\/wp-content\/uploads\/2018\/06\/PDF-JPG.jpg 512w, https:\/\/hcd.malargue.gov.ar\/wp-content\/uploads\/2018\/06\/PDF-JPG-150x150.jpg 150w, https:\/\/hcd.malargue.gov.ar\/wp-content\/uploads\/2018\/06\/PDF-JPG-300x300.jpg 300w\" sizes=\"auto, (max-width: 512px) 100vw, 512px\" \/><\/a><\/figure>\n<\/div>\n\n\n<p><strong>AUTOR: CONCEJAL FRANCISCO PARADA<\/strong><\/p>\n\n\n\n<p><strong>BLOQUE ENCUENTRO<\/strong><\/p>\n\n\n\n<p>VISTO: El contenido del Expediente N\u00b0 2.379\/2.025-0. Bloque Encuentro. Proyecto de Resoluci\u00f3n: Declarar Ciudadano Ilustre al Veterano de Guerra de Malvinas, Sr. Manuel Jes\u00fas Mart\u00ednez Correa.<\/p>\n\n\n\n<p>La necesidad de distinguir como ciudadano ilustre al veterano de guerra Manuel Jes\u00fas Mart\u00ednez Correa y poner en valor la gesta de Malvinas.<\/p>\n\n\n\n<p>y;<\/p>\n\n\n\n<p>CONSIDERANDO: Que un ciudadano, para ser considerado &#8220;Ilustre&#8221;, debe poseer una trayectoria meritoria e intachable en alguna Disciplina Cient\u00edfica, Art\u00edstica, T\u00e9cnica, Educativa, Cultural, Religiosa, Social, Pol\u00edtica, Comunitaria y\/o Deportiva.<\/p>\n\n\n\n<p>Que la participaci\u00f3n activa en defensa de la soberan\u00eda nacional en un conflicto b\u00e9lico y la contribuci\u00f3n a la patria, es digno de reconocer, distinguir y poner en valor, de modo tal que sea un ejemplo para las nuevas generaciones.<\/p>\n\n\n\n<p>Que los veteranos de Guerra de Malvinas que fueron parte del conflicto b\u00e9lico del a\u00f1o 1.982 son parte fundamental de la Identidad Nacional Argentina y su reconocimiento es esencial para preservar la memoria y la verdad.<\/p>\n\n\n\n<p>Que existen antecedentes en otra provincias y municipios de la Rep\u00fablica Argentina donde los veteranos de Malvinas han sido declarados ciudadanos ilustres; por ejemplo: Chubut, San Martin de Los Andes (Neuqu\u00e9n), La Banda (Santiago del Estero), Navarro (Buenos Aires), Ushuaia entre otros.<\/p>\n\n\n\n<p>Que Manuel Jes\u00fas Mart\u00ednez Correa naci\u00f3 el 22 de julio del a\u00f1o 1.962 en la Ciudad de Malarg\u00fce, Sus padres son Hern\u00e1n del Carmen Mart\u00ednez y Nieve Eliana Correa, oriundos del Paraje El Batro, Costas del Rio Barrancas, es el mayor de seis hermanos: Manuel Jes\u00fas, Elida, Pablo, Claudia, Rolando y Roxana.<\/p>\n\n\n\n<p>Que curs\u00f3 sus estudios primarios en la ex Escuela Rep\u00fablica de Chile, hoy Capit\u00e1n Jos\u00e9 Le\u00f3n Lemos y que inici\u00f3 el nivel secundario en el PS 208 Instituto Secundario Malarg\u00fce, hasta que con solo 13 a\u00f1os de edad ingresa a la Escuela de Sub Oficiales Sargento Cabral de la Fuerza Armada, Provincia de Buenos Aires, desde entonces efectu\u00f3 su formaci\u00f3n militar lejos de Malarg\u00fce, pero con visitas frecuentes a su familia y a la tierra que lo vio nacer.<\/p>\n\n\n\n<p>Que Manuel Jes\u00fas Mart\u00ednez actu\u00f3 en el conflicto de Malvinas como miembro de la Compa\u00f1\u00eda de Ingenieros Mecanizada N\u00b0 10 a las \u00f3rdenes del Mayor Carlos Roberto Matal\u00f3n, con la edad de 19 a\u00f1os y grado de Cabo I.<\/p>\n\n\n\n<p>Que Manuel Jes\u00fas Mart\u00ednez, DNI N\u00b0 16.064.849 fue reconocido por el Honorable Congreso de la Naci\u00f3n (Ley N\u00b0 23.118) por su intervenci\u00f3n en la lucha armada por la reivindicaci\u00f3n territorial de las Islas Malvinas, Georgias y S\u00e1ndwich del Sur.<\/p>\n\n\n\n<p>Que la distinci\u00f3n de Ciudadano llustre a un veterano de Malvinas nacido en el Departamento de Malarg\u00fce, es una forma de reconocer su deber cumplido en defensa de la Naci\u00f3n y de su soberan\u00eda territorial.<\/p>\n\n\n\n<p>EL HONORABLE CONCEJO DELIBERANTE DE LA MUNICIPALIDAD DE MALARG\u00dcE EN USO DE LAS FACULTADES QUE LE SON PROPIAS<\/p>\n\n\n\n<p>RESUELVE<\/p>\n\n\n\n<p>ART\u00cdCULO 1\u00ba: Distinguir como &#8220;Ciudadano Ilustre de Malarg\u00fce&#8221; al veterano de guerra Manuel Jes\u00fas Mart\u00ednez Correa, DNI N\u00b0 16.064.849.<\/p>\n\n\n\n<p>ART\u00cdCULO 2\u00ba: Solicitar al Departamento Ejecutivo Municipal de cumplimiento al Art\u00edculo 6\u00b0 de la Ordenanza N\u00b0 1.779\/2.015, el que expresa: &#8221; En el Complejo Planetario y\/o en el espacio p\u00fablico que acuerden en forma conjunta el Departamento Ejecutivo Municipal y el Honorable Concejo Deliberante, se instalara la galer\u00eda de ciudadanos ilustres donde se llevar\u00e1 registro fotogr\u00e1fico de todos los vecinos que se hagan acreedores de esta distinci\u00f3n con una s\u00edntesis de la raz\u00f3n por la que se hicieron merecedores de la misma&#8221;.<\/p>\n\n\n\n<p>ART\u00cdCULO 3\u00ba: Formara parte de la presente pieza legal el Anexo adjunto.<\/p>\n\n\n\n<p>ART\u00cdCULO 4\u00ba: Hacer entrega en instalaciones de este Honorable Cuerpo de una placa con la menci\u00f3n &#8220;Ciudadano Ilustre del Departamento de Malarg\u00fce por defender la Soberan\u00eda Territorial en la Guerra de Malvinas, Georgias y S\u00e1ndwich del Sur al Se\u00f1or Manuel Jes\u00fas Mart\u00ednez Correa.<\/p>\n\n\n\n<p>ART\u00cdCULO 5\u00ba: &nbsp;Hacer entrega de una copia de la presente pieza legal al Sr. Manuel Jes\u00fas Mart\u00ednez Correa y a su madre Sra. Eliana Correa viuda de Mart\u00ednez.<\/p>\n\n\n\n<p>ART\u00cdCULO 6\u00ba: Comun\u00edquese, reg\u00edstrese, agr\u00e9guese copia de la presente en las actuaciones correspondientes y arch\u00edvese.<\/p>\n\n\n\n<p>DADA EN LA SALA DE SESIONES DR.&nbsp; RICARDO BALBIN DEL HONORABLE CONCEJO DELIBERANTE DE LA MUNICIPALIDAD DE MALARG\u00dcE A VEINTICINCO D\u00cdAS DE ABRIL DE DOS MIL VEINTICINCO.<\/p>\n","protected":false},"excerpt":{"rendered":"<p>El HCD declar\u00f3 Ciudadano Ilustre al veterano de Malvinas Manuel Jes\u00fas Mart\u00ednez Correa El Honorable Concejo Deliberante de Malarg\u00fce distingui\u00f3 como Ciudadano Ilustre al veterano de guerra Manuel Jes\u00fas Mart\u00ednez Correa, mediante una Resoluci\u00f3n impulsada por el Bloque Encuentro. Nacido en Malarg\u00fce en 1962, Mart\u00ednez Correa tuvo una destacada participaci\u00f3n en la Guerra de Malvinas [&hellip;]<\/p>\n","protected":false},"author":5,"featured_media":38727,"comment_status":"closed","ping_status":"closed","sticky":false,"template":"","format":"standard","meta":{"footnotes":""},"categories":[52,29,33,51],"tags":[],"class_list":["post-38726","post","type-post","status-publish","format-standard","has-post-thumbnail","hentry","category-gacetillas","category-lesgilacion","category-prensa","category-resoluciones"],"yoast_head":"<!-- This site is optimized with the Yoast SEO plugin v19.10 - https:\/\/yoast.com\/wordpress\/plugins\/seo\/ -->\n<title>RESOLUCI\u00d3N N\u00b0 083\/2.025 - Malarg\u00fce HCD<\/title>\n<meta name=\"robots\" content=\"index, follow, max-snippet:-1, max-image-preview:large, max-video-preview:-1\" \/>\n<link rel=\"canonical\" href=\"https:\/\/hcd.malargue.gov.ar\/?p=38726\" \/>\n<meta property=\"og:locale\" content=\"es_ES\" \/>\n<meta property=\"og:type\" content=\"article\" \/>\n<meta property=\"og:title\" content=\"RESOLUCI\u00d3N N\u00b0 083\/2.025 - Malarg\u00fce HCD\" \/>\n<meta property=\"og:description\" content=\"El HCD declar\u00f3 Ciudadano Ilustre al veterano de Malvinas Manuel Jes\u00fas Mart\u00ednez Correa El Honorable Concejo Deliberante de Malarg\u00fce distingui\u00f3 como Ciudadano Ilustre al veterano de guerra Manuel Jes\u00fas Mart\u00ednez Correa, mediante una Resoluci\u00f3n impulsada por el Bloque Encuentro. Nacido en Malarg\u00fce en 1962, Mart\u00ednez Correa tuvo una destacada participaci\u00f3n en la Guerra de Malvinas [&hellip;]\" \/>\n<meta property=\"og:url\" content=\"https:\/\/hcd.malargue.gov.ar\/?p=38726\" \/>\n<meta property=\"og:site_name\" content=\"Malarg\u00fce HCD\" \/>\n<meta property=\"article:published_time\" content=\"2025-05-06T14:14:04+00:00\" \/>\n<meta property=\"article:modified_time\" content=\"2025-05-06T14:14:08+00:00\" \/>\n<meta property=\"og:image\" content=\"https:\/\/hcd.malargue.gov.ar\/wp-content\/uploads\/2025\/05\/RESOLUCION-083-2025.png\" \/>\n\t<meta property=\"og:image:width\" content=\"940\" \/>\n\t<meta property=\"og:image:height\" content=\"788\" \/>\n\t<meta property=\"og:image:type\" content=\"image\/png\" \/>\n<meta name=\"author\" content=\"Belen Pedernera Ferragut\" \/>\n<meta name=\"twitter:card\" content=\"summary_large_image\" \/>\n<meta name=\"twitter:label1\" content=\"Escrito por\" \/>\n\t<meta name=\"twitter:data1\" content=\"Belen Pedernera Ferragut\" \/>\n\t<meta name=\"twitter:label2\" content=\"Tiempo de lectura\" \/>\n\t<meta name=\"twitter:data2\" content=\"5 minutos\" \/>\n<script type=\"application\/ld+json\" class=\"yoast-schema-graph\">{\"@context\":\"https:\/\/schema.org\",\"@graph\":[{\"@type\":\"WebPage\",\"@id\":\"https:\/\/hcd.malargue.gov.ar\/?p=38726\",\"url\":\"https:\/\/hcd.malargue.gov.ar\/?p=38726\",\"name\":\"RESOLUCI\u00d3N N\u00b0 083\/2.025 - Malarg\u00fce HCD\",\"isPartOf\":{\"@id\":\"https:\/\/hcd.malargue.gov.ar\/#website\"},\"datePublished\":\"2025-05-06T14:14:04+00:00\",\"dateModified\":\"2025-05-06T14:14:08+00:00\",\"author\":{\"@id\":\"https:\/\/hcd.malargue.gov.ar\/#\/schema\/person\/3fd6bbab64edd703961b795156c955d0\"},\"breadcrumb\":{\"@id\":\"https:\/\/hcd.malargue.gov.ar\/?p=38726#breadcrumb\"},\"inLanguage\":\"es-AR\",\"potentialAction\":[{\"@type\":\"ReadAction\",\"target\":[\"https:\/\/hcd.malargue.gov.ar\/?p=38726\"]}]},{\"@type\":\"BreadcrumbList\",\"@id\":\"https:\/\/hcd.malargue.gov.ar\/?p=38726#breadcrumb\",\"itemListElement\":[{\"@type\":\"ListItem\",\"position\":1,\"name\":\"Inicio\",\"item\":\"https:\/\/hcd.malargue.gov.ar\/\"},{\"@type\":\"ListItem\",\"position\":2,\"name\":\"RESOLUCI\u00d3N N\u00b0 083\/2.025\"}]},{\"@type\":\"WebSite\",\"@id\":\"https:\/\/hcd.malargue.gov.ar\/#website\",\"url\":\"https:\/\/hcd.malargue.gov.ar\/\",\"name\":\"Malarg\u00fce HCD\",\"description\":\"Malarg\u00fce Mendoza Argentina\",\"potentialAction\":[{\"@type\":\"SearchAction\",\"target\":{\"@type\":\"EntryPoint\",\"urlTemplate\":\"https:\/\/hcd.malargue.gov.ar\/?s={search_term_string}\"},\"query-input\":\"required name=search_term_string\"}],\"inLanguage\":\"es-AR\"},{\"@type\":\"Person\",\"@id\":\"https:\/\/hcd.malargue.gov.ar\/#\/schema\/person\/3fd6bbab64edd703961b795156c955d0\",\"name\":\"Belen Pedernera Ferragut\",\"image\":{\"@type\":\"ImageObject\",\"inLanguage\":\"es-AR\",\"@id\":\"https:\/\/hcd.malargue.gov.ar\/#\/schema\/person\/image\/\",\"url\":\"https:\/\/secure.gravatar.com\/avatar\/1054ffab3893de4bb3eb29bdd22f7e34b8537bf5d34d9dab311818154ad5b71f?s=96&d=mm&r=g\",\"contentUrl\":\"https:\/\/secure.gravatar.com\/avatar\/1054ffab3893de4bb3eb29bdd22f7e34b8537bf5d34d9dab311818154ad5b71f?s=96&d=mm&r=g\",\"caption\":\"Belen Pedernera Ferragut\"},\"url\":\"https:\/\/hcd.malargue.gov.ar\/?author=5\"}]}<\/script>\n<!-- \/ Yoast SEO plugin. -->","yoast_head_json":{"title":"RESOLUCI\u00d3N N\u00b0 083\/2.025 - Malarg\u00fce HCD","robots":{"index":"index","follow":"follow","max-snippet":"max-snippet:-1","max-image-preview":"max-image-preview:large","max-video-preview":"max-video-preview:-1"},"canonical":"https:\/\/hcd.malargue.gov.ar\/?p=38726","og_locale":"es_ES","og_type":"article","og_title":"RESOLUCI\u00d3N N\u00b0 083\/2.025 - Malarg\u00fce HCD","og_description":"El HCD declar\u00f3 Ciudadano Ilustre al veterano de Malvinas Manuel Jes\u00fas Mart\u00ednez Correa El Honorable Concejo Deliberante de Malarg\u00fce distingui\u00f3 como Ciudadano Ilustre al veterano de guerra Manuel Jes\u00fas Mart\u00ednez Correa, mediante una Resoluci\u00f3n impulsada por el Bloque Encuentro. Nacido en Malarg\u00fce en 1962, Mart\u00ednez Correa tuvo una destacada participaci\u00f3n en la Guerra de Malvinas [&hellip;]","og_url":"https:\/\/hcd.malargue.gov.ar\/?p=38726","og_site_name":"Malarg\u00fce HCD","article_published_time":"2025-05-06T14:14:04+00:00","article_modified_time":"2025-05-06T14:14:08+00:00","og_image":[{"width":940,"height":788,"url":"https:\/\/hcd.malargue.gov.ar\/wp-content\/uploads\/2025\/05\/RESOLUCION-083-2025.png","type":"image\/png"}],"author":"Belen Pedernera Ferragut","twitter_card":"summary_large_image","twitter_misc":{"Escrito por":"Belen Pedernera Ferragut","Tiempo de lectura":"5 minutos"},"schema":{"@context":"https:\/\/schema.org","@graph":[{"@type":"WebPage","@id":"https:\/\/hcd.malargue.gov.ar\/?p=38726","url":"https:\/\/hcd.malargue.gov.ar\/?p=38726","name":"RESOLUCI\u00d3N N\u00b0 083\/2.025 - Malarg\u00fce HCD","isPartOf":{"@id":"https:\/\/hcd.malargue.gov.ar\/#website"},"datePublished":"2025-05-06T14:14:04+00:00","dateModified":"2025-05-06T14:14:08+00:00","author":{"@id":"https:\/\/hcd.malargue.gov.ar\/#\/schema\/person\/3fd6bbab64edd703961b795156c955d0"},"breadcrumb":{"@id":"https:\/\/hcd.malargue.gov.ar\/?p=38726#breadcrumb"},"inLanguage":"es-AR","potentialAction":[{"@type":"ReadAction","target":["https:\/\/hcd.malargue.gov.ar\/?p=38726"]}]},{"@type":"BreadcrumbList","@id":"https:\/\/hcd.malargue.gov.ar\/?p=38726#breadcrumb","itemListElement":[{"@type":"ListItem","position":1,"name":"Inicio","item":"https:\/\/hcd.malargue.gov.ar\/"},{"@type":"ListItem","position":2,"name":"RESOLUCI\u00d3N N\u00b0 083\/2.025"}]},{"@type":"WebSite","@id":"https:\/\/hcd.malargue.gov.ar\/#website","url":"https:\/\/hcd.malargue.gov.ar\/","name":"Malarg\u00fce HCD","description":"Malarg\u00fce Mendoza Argentina","potentialAction":[{"@type":"SearchAction","target":{"@type":"EntryPoint","urlTemplate":"https:\/\/hcd.malargue.gov.ar\/?s={search_term_string}"},"query-input":"required name=search_term_string"}],"inLanguage":"es-AR"},{"@type":"Person","@id":"https:\/\/hcd.malargue.gov.ar\/#\/schema\/person\/3fd6bbab64edd703961b795156c955d0","name":"Belen Pedernera Ferragut","image":{"@type":"ImageObject","inLanguage":"es-AR","@id":"https:\/\/hcd.malargue.gov.ar\/#\/schema\/person\/image\/","url":"https:\/\/secure.gravatar.com\/avatar\/1054ffab3893de4bb3eb29bdd22f7e34b8537bf5d34d9dab311818154ad5b71f?s=96&d=mm&r=g","contentUrl":"https:\/\/secure.gravatar.com\/avatar\/1054ffab3893de4bb3eb29bdd22f7e34b8537bf5d34d9dab311818154ad5b71f?s=96&d=mm&r=g","caption":"Belen Pedernera Ferragut"},"url":"https:\/\/hcd.malargue.gov.ar\/?author=5"}]}},"_links":{"self":[{"href":"https:\/\/hcd.malargue.gov.ar\/index.php?rest_route=\/wp\/v2\/posts\/38726","targetHints":{"allow":["GET"]}}],"collection":[{"href":"https:\/\/hcd.malargue.gov.ar\/index.php?rest_route=\/wp\/v2\/posts"}],"about":[{"href":"https:\/\/hcd.malargue.gov.ar\/index.php?rest_route=\/wp\/v2\/types\/post"}],"author":[{"embeddable":true,"href":"https:\/\/hcd.malargue.gov.ar\/index.php?rest_route=\/wp\/v2\/users\/5"}],"replies":[{"embeddable":true,"href":"https:\/\/hcd.malargue.gov.ar\/index.php?rest_route=%2Fwp%2Fv2%2Fcomments&post=38726"}],"version-history":[{"count":1,"href":"https:\/\/hcd.malargue.gov.ar\/index.php?rest_route=\/wp\/v2\/posts\/38726\/revisions"}],"predecessor-version":[{"id":38728,"href":"https:\/\/hcd.malargue.gov.ar\/index.php?rest_route=\/wp\/v2\/posts\/38726\/revisions\/38728"}],"wp:featuredmedia":[{"embeddable":true,"href":"https:\/\/hcd.malargue.gov.ar\/index.php?rest_route=\/wp\/v2\/media\/38727"}],"wp:attachment":[{"href":"https:\/\/hcd.malargue.gov.ar\/index.php?rest_route=%2Fwp%2Fv2%2Fmedia&parent=38726"}],"wp:term":[{"taxonomy":"category","embeddable":true,"href":"https:\/\/hcd.malargue.gov.ar\/index.php?rest_route=%2Fwp%2Fv2%2Fcategories&post=38726"},{"taxonomy":"post_tag","embeddable":true,"href":"https:\/\/hcd.malargue.gov.ar\/index.php?rest_route=%2Fwp%2Fv2%2Ftags&post=38726"}],"curies":[{"name":"wp","href":"https:\/\/api.w.org\/{rel}","templated":true}]}}