{"id":38756,"date":"2025-05-13T09:52:47","date_gmt":"2025-05-13T12:52:47","guid":{"rendered":"https:\/\/hcd.malargue.gov.ar\/?p=38756"},"modified":"2025-05-13T09:53:19","modified_gmt":"2025-05-13T12:53:19","slug":"ordenanza-n-2-327-2-025","status":"publish","type":"post","link":"https:\/\/hcd.malargue.gov.ar\/?p=38756","title":{"rendered":"ORDENANZA N\u00b0 2.327\/2.025"},"content":{"rendered":"\n<h4 class=\"wp-block-heading has-text-align-center\">\ud83d\udc1d<strong>La Planta Ap\u00edcola de Malarg\u00fce rendir\u00e1 homenaje a dos mujeres \ud83d\udc1d<\/strong><\/h4>\n\n\n\n<p><em>El Honorable Concejo Deliberante aprob\u00f3 una Ordenanza mediante la cual se impone el nombre de Adela Mercado a la Sala de Fraccionamiento y Graciela Arcangeoletti a la Sala de Extracci\u00f3n de la Planta Ap\u00edcola ubicada en la Incubadora de Empresas de Malarg\u00fce.<\/em><\/p>\n\n\n\n<p><em>Esta decisi\u00f3n se enmarca en los festejos por los 20 a\u00f1os de funcionamiento de la Planta, que se cumplir\u00e1n el pr\u00f3ximo 25 de febrero de 2025, y busca reconocer el legado de dos destacadas apicultoras que impulsaron esta noble actividad en el departamento.<\/em><\/p>\n\n\n\n<p><em>Adela Mercado, T\u00e9cnica en Gesti\u00f3n y Producci\u00f3n Ap\u00edcola, fue una promotora del desarrollo de la apicultura con perspectiva de formaci\u00f3n y autonom\u00eda econ\u00f3mica. Se destac\u00f3 por su compromiso con la capacitaci\u00f3n continua y la producci\u00f3n de reinas fecundadas, fortaleciendo as\u00ed a nuevas generaciones de emprendedores.<\/em><\/p>\n\n\n\n<p><em>Por su parte, Graciela Arcangeoletti convirti\u00f3 la apicultura en un emprendimiento familiar que alcanz\u00f3 las 500 colmenas, promoviendo el trabajo colectivo con otros productores locales y generando un importante impacto econ\u00f3mico y social.<\/em><\/p>\n\n\n\n<p><em>Adem\u00e1s de la nominaci\u00f3n, la Ordenanza establece la colocaci\u00f3n de placas conmemorativas en ambas salas, un acto oficial con entrega de plaquetas y copias de la pieza legal a familiares, y la autorizaci\u00f3n de los fondos necesarios para su ejecuci\u00f3n.<\/em><\/p>\n\n\n\n<p><em>Este homenaje tambi\u00e9n se vincula con la Resoluci\u00f3n N\u00b0 315\/2023, por la cual se declar\u00f3 de Inter\u00e9s Departamental Social y Econ\u00f3mico a las Mujeres Apicultoras Malarg\u00fcinas.<\/em><\/p>\n\n\n\n<p class=\"has-text-align-center\"><strong>MIRA LA PIEZA LEGAL COMPLETA<\/strong><\/p>\n\n\n<div class=\"wp-block-image\">\n<figure class=\"alignright is-resized\"><a href=\"http:\/\/hcd.malargue.gov.ar\/2025\/On%202327%202025%20Planta%20Apicola.pdf\"><img loading=\"lazy\" decoding=\"async\" width=\"512\" height=\"512\" src=\"https:\/\/hcd.malargue.gov.ar\/wp-content\/uploads\/2018\/06\/PDF-JPG.jpg\" alt=\"\" class=\"wp-image-7950\" style=\"width:126px;height:auto\" srcset=\"https:\/\/hcd.malargue.gov.ar\/wp-content\/uploads\/2018\/06\/PDF-JPG.jpg 512w, https:\/\/hcd.malargue.gov.ar\/wp-content\/uploads\/2018\/06\/PDF-JPG-150x150.jpg 150w, https:\/\/hcd.malargue.gov.ar\/wp-content\/uploads\/2018\/06\/PDF-JPG-300x300.jpg 300w\" sizes=\"auto, (max-width: 512px) 100vw, 512px\" \/><\/a><\/figure>\n<\/div>\n\n\n<p><strong>AUTORES: CONCEJALES<\/strong>\u00a0<strong>MAGALI ACOSTA, EMILCE MANSILLA, PABLO CABRERA Y RODRIGO HIDALGO<\/strong><\/p>\n\n\n\n<p><strong>BLOQUE PARTIDO JUSTICIALISTA<\/strong><\/p>\n\n\n\n<p>VISTO: El contenido del Expediente N\u00b0 1.801\/2.025-0 Bloque Partido Justicialista. Proyecto de Ordenanza: &nbsp;Imp\u00f3ngase el nombre Adela Mercado a la Sala de Fraccionamiento y Graciela Arcangeoletti a la Sala de Extracci\u00f3n ambas pertenecientes a la Planta Ap\u00edcola emplazada en la Incubadora de Empresas Malarg\u00fce.<\/p>\n\n\n\n<p>La planta de Extracci\u00f3n y Fraccionamiento de miel estar\u00e1 cumpliendo veinte (20) a\u00f1os el 25 de febrero del 2.025 y es de suma importancia el reconocimiento para las apicultoras que dejaron un importante legado en el Departamento de Malarg\u00fce.<\/p>\n\n\n\n<p>Nota HC 733\/2.025, Gerente de Incubadora de Empresas Malarg\u00fce Dr. Salinas Roberto y Bromat\u00f3loga G\u00f3mez Ramona, solicitan la imposici\u00f3n de nombres a la Sala de Extracci\u00f3n y Sala de Fraccionamiento de la Planta Ap\u00edcola.<\/p>\n\n\n\n<p>y;<\/p>\n\n\n\n<p>CONSIDERANDO: Que en el a\u00f1o 2.001, se cre\u00f3 la Fundaci\u00f3n para el Desarrollo Econ\u00f3mico y la Promoci\u00f3n Empresarial de Malarg\u00fce (Fu.D.E.P.E.M) conformado por distintos actores de la sociedad.<\/p>\n\n\n\n<p>Que entre sus objetivos institucionales promueve el fomento de la cultura emprendedora, la constituci\u00f3n de un espacio o red de vinculaci\u00f3n, la capacitaci\u00f3n y la incubaci\u00f3n de emprendimientos, entre otros. En este contexto y sobre la base del Plan Estrat\u00e9gico Malarg\u00fce, surge la idea de la Incubadora de Empresas, con el objetivo de impulsar el desarrollo de las capacidades empresariales, innovadoras y emprendedoras locales, promoviendo la creaci\u00f3n de nuevos emprendimientos productivos y el fortalecimiento de los existentes, a trav\u00e9s de un sistema de Incubaci\u00f3n mixto, interno y externo, esta \u00faltima, se pone en marcha el 19 de marzo del a\u00f1o 2.004.<\/p>\n\n\n\n<p>Que es conveniente sumar en el marco de los festejos este reconocimiento para las apicultoras que dejaron un importante legado en el Departamento, de esta actividad tan noble y bien representada por mujeres.<\/p>\n\n\n\n<p>Que Arcangeolleti Graciela toma con pasi\u00f3n la apicultura logrando un progreso econ\u00f3mico y social para su familia donde involucro a su esposo e hijos, realizo varias ventas a granel de miel obtenida en la planta de Extracci\u00f3n y Fraccionamiento SEF M-1014, donde sum\u00f3 a sus colegas apicultores del departamento; Su producci\u00f3n llego a obtener aproximadamente 500 colmenas nucleadas en su circulo familiar.<\/p>\n\n\n\n<p>Que la Lic. Mercado Adela, como T\u00e9cnica en Gesti\u00f3n y Producci\u00f3n Ap\u00edcola fomento y preparo a apicultoras\/res para que emprendan la actividad productiva. Pregonaba la formaci\u00f3n continua con intercambio de conocimiento y saberes, respaldando que la apicultura es-y ser\u00e1 una via de ingresos e independencia incursion\u00f3 en la producci\u00f3n de material vivo, principalmente en la obtenci\u00f3n de reinas fecundadas.<\/p>\n\n\n\n<p>Que este Honorable Concejo Deliberante declaro de Inter\u00e9s Departamental Social y Econ\u00f3mica a Mujeres Apicultoras Malarg\u00fcinas seg\u00fan Resoluci\u00f3n N\u00b0 315\/2.023.<\/p>\n\n\n\n<p>EL HONORABLE CONCEJO DELIBERANTE DE LA MUNICIPALIDAD DE MALARG\u00dcE EN USO DE LAS FACULTADES QUE LE SON PROPIAS<\/p>\n\n\n\n<p>ORDENA<\/p>\n\n\n\n<p>ART\u00cdCULO 1\u00ba: Imp\u00f3ngase el nombre Graciela Arcangeoletti a la Sala de Extracci\u00f3n y Adela Mercado a la Sala de Fraccionamiento ambas pertenecientes a la Planta Ap\u00edcola emplazada en la Incubadora de Empresas Malarg\u00fce.<\/p>\n\n\n\n<p>ART\u00cdCULO 2\u00b0: Col\u00f3quese una placa recordatoria con la siguiente rese\u00f1a: &#8220;Arcangeolleti Graciela, Impulsora del desarrollo econ\u00f3mico y social del trabajo ap\u00edcola ubicada en sitio de honor en la Sala de Extracci\u00f3n de la Planta Ap\u00edcola de la Incubadora de Empresas y una placa recordatoria con la siguiente rese\u00f1a: &#8220;Adela Mercado, Impulsora del fomento, capacitaci\u00f3n e independencia econ\u00f3mica de las Apicultoras Malarg\u00fcinas&#8221; ubicada en sitio de honor en la Sala de Fraccionamiento de la Planta Ap\u00edcola de la Incubadora de Empresas.<\/p>\n\n\n\n<p>ART\u00cdCULO 3\u00b0:&nbsp; Real\u00edcese por parte del Departamento Ejecutivo Municipal un acto de imposici\u00f3n de nombre, invitando a familiares y amigos, haci\u00e9ndose entrega en tal oportunidad de una plaqueta recordatoria y entrega de copia de esta pieza legal a los mismos.<\/p>\n\n\n\n<p>ART\u00cdCULO 4\u00b0: Autor\u00edcese al Departamento Ejecutivo Municipal, la erogaci\u00f3n correspondiente para la ejecuci\u00f3n de la presente pieza legal.<\/p>\n\n\n\n<p>ART\u00cdCULO 5\u00b0:&nbsp; Comun\u00edquese, reg\u00edstrese, c\u00famplase, publ\u00edquese, agr\u00e9guese copia de la presente en las actuaciones correspondientes y arch\u00edvese.<strong><\/strong><\/p>\n\n\n\n<p>DADA EN LA SALA DE SESIONES DR.&nbsp; RICARDO BALBIN DEL HONORABLE CONCEJO DELIBERANTE DE LA MUNICIPALIDAD DE MALARG\u00dcE A VEINTICINCO D\u00cdAS DE ABRIL DE DOS MIL VEINTICINCO.<\/p>\n\n\n\n<p><\/p>\n","protected":false},"excerpt":{"rendered":"<p>\ud83d\udc1dLa Planta Ap\u00edcola de Malarg\u00fce rendir\u00e1 homenaje a dos mujeres \ud83d\udc1d El Honorable Concejo Deliberante aprob\u00f3 una Ordenanza mediante la cual se impone el nombre de Adela Mercado a la Sala de Fraccionamiento y Graciela Arcangeoletti a la Sala de Extracci\u00f3n de la Planta Ap\u00edcola ubicada en la Incubadora de Empresas de Malarg\u00fce. Esta decisi\u00f3n [&hellip;]<\/p>\n","protected":false},"author":5,"featured_media":38767,"comment_status":"closed","ping_status":"closed","sticky":false,"template":"","format":"standard","meta":{"footnotes":""},"categories":[52,29,48,33],"tags":[],"class_list":["post-38756","post","type-post","status-publish","format-standard","has-post-thumbnail","hentry","category-gacetillas","category-lesgilacion","category-ordenanzas-municipales","category-prensa"],"yoast_head":"<!-- This site is optimized with the Yoast SEO plugin v19.10 - https:\/\/yoast.com\/wordpress\/plugins\/seo\/ -->\n<title>ORDENANZA N\u00b0 2.327\/2.025 - Malarg\u00fce HCD<\/title>\n<meta name=\"robots\" content=\"index, follow, max-snippet:-1, max-image-preview:large, max-video-preview:-1\" \/>\n<link rel=\"canonical\" href=\"https:\/\/hcd.malargue.gov.ar\/?p=38756\" \/>\n<meta property=\"og:locale\" content=\"es_ES\" \/>\n<meta property=\"og:type\" content=\"article\" \/>\n<meta property=\"og:title\" content=\"ORDENANZA N\u00b0 2.327\/2.025 - Malarg\u00fce HCD\" \/>\n<meta property=\"og:description\" content=\"\ud83d\udc1dLa Planta Ap\u00edcola de Malarg\u00fce rendir\u00e1 homenaje a dos mujeres \ud83d\udc1d El Honorable Concejo Deliberante aprob\u00f3 una Ordenanza mediante la cual se impone el nombre de Adela Mercado a la Sala de Fraccionamiento y Graciela Arcangeoletti a la Sala de Extracci\u00f3n de la Planta Ap\u00edcola ubicada en la Incubadora de Empresas de Malarg\u00fce. Esta decisi\u00f3n [&hellip;]\" \/>\n<meta property=\"og:url\" content=\"https:\/\/hcd.malargue.gov.ar\/?p=38756\" \/>\n<meta property=\"og:site_name\" content=\"Malarg\u00fce HCD\" \/>\n<meta property=\"article:published_time\" content=\"2025-05-13T12:52:47+00:00\" \/>\n<meta property=\"article:modified_time\" content=\"2025-05-13T12:53:19+00:00\" \/>\n<meta property=\"og:image\" content=\"https:\/\/hcd.malargue.gov.ar\/wp-content\/uploads\/2025\/05\/ORDENANZA-2327-2025.png\" \/>\n\t<meta property=\"og:image:width\" content=\"940\" \/>\n\t<meta property=\"og:image:height\" content=\"788\" \/>\n\t<meta property=\"og:image:type\" content=\"image\/png\" \/>\n<meta name=\"author\" content=\"Belen Pedernera Ferragut\" \/>\n<meta name=\"twitter:card\" content=\"summary_large_image\" \/>\n<meta name=\"twitter:label1\" content=\"Escrito por\" \/>\n\t<meta name=\"twitter:data1\" content=\"Belen Pedernera Ferragut\" \/>\n\t<meta name=\"twitter:label2\" content=\"Tiempo de lectura\" \/>\n\t<meta name=\"twitter:data2\" content=\"5 minutos\" \/>\n<script type=\"application\/ld+json\" class=\"yoast-schema-graph\">{\"@context\":\"https:\/\/schema.org\",\"@graph\":[{\"@type\":\"WebPage\",\"@id\":\"https:\/\/hcd.malargue.gov.ar\/?p=38756\",\"url\":\"https:\/\/hcd.malargue.gov.ar\/?p=38756\",\"name\":\"ORDENANZA N\u00b0 2.327\/2.025 - Malarg\u00fce HCD\",\"isPartOf\":{\"@id\":\"https:\/\/hcd.malargue.gov.ar\/#website\"},\"datePublished\":\"2025-05-13T12:52:47+00:00\",\"dateModified\":\"2025-05-13T12:53:19+00:00\",\"author\":{\"@id\":\"https:\/\/hcd.malargue.gov.ar\/#\/schema\/person\/3fd6bbab64edd703961b795156c955d0\"},\"breadcrumb\":{\"@id\":\"https:\/\/hcd.malargue.gov.ar\/?p=38756#breadcrumb\"},\"inLanguage\":\"es-AR\",\"potentialAction\":[{\"@type\":\"ReadAction\",\"target\":[\"https:\/\/hcd.malargue.gov.ar\/?p=38756\"]}]},{\"@type\":\"BreadcrumbList\",\"@id\":\"https:\/\/hcd.malargue.gov.ar\/?p=38756#breadcrumb\",\"itemListElement\":[{\"@type\":\"ListItem\",\"position\":1,\"name\":\"Inicio\",\"item\":\"https:\/\/hcd.malargue.gov.ar\/\"},{\"@type\":\"ListItem\",\"position\":2,\"name\":\"ORDENANZA N\u00b0 2.327\/2.025\"}]},{\"@type\":\"WebSite\",\"@id\":\"https:\/\/hcd.malargue.gov.ar\/#website\",\"url\":\"https:\/\/hcd.malargue.gov.ar\/\",\"name\":\"Malarg\u00fce HCD\",\"description\":\"Malarg\u00fce Mendoza Argentina\",\"potentialAction\":[{\"@type\":\"SearchAction\",\"target\":{\"@type\":\"EntryPoint\",\"urlTemplate\":\"https:\/\/hcd.malargue.gov.ar\/?s={search_term_string}\"},\"query-input\":\"required name=search_term_string\"}],\"inLanguage\":\"es-AR\"},{\"@type\":\"Person\",\"@id\":\"https:\/\/hcd.malargue.gov.ar\/#\/schema\/person\/3fd6bbab64edd703961b795156c955d0\",\"name\":\"Belen Pedernera Ferragut\",\"image\":{\"@type\":\"ImageObject\",\"inLanguage\":\"es-AR\",\"@id\":\"https:\/\/hcd.malargue.gov.ar\/#\/schema\/person\/image\/\",\"url\":\"https:\/\/secure.gravatar.com\/avatar\/1054ffab3893de4bb3eb29bdd22f7e34b8537bf5d34d9dab311818154ad5b71f?s=96&d=mm&r=g\",\"contentUrl\":\"https:\/\/secure.gravatar.com\/avatar\/1054ffab3893de4bb3eb29bdd22f7e34b8537bf5d34d9dab311818154ad5b71f?s=96&d=mm&r=g\",\"caption\":\"Belen Pedernera Ferragut\"},\"url\":\"https:\/\/hcd.malargue.gov.ar\/?author=5\"}]}<\/script>\n<!-- \/ Yoast SEO plugin. -->","yoast_head_json":{"title":"ORDENANZA N\u00b0 2.327\/2.025 - Malarg\u00fce HCD","robots":{"index":"index","follow":"follow","max-snippet":"max-snippet:-1","max-image-preview":"max-image-preview:large","max-video-preview":"max-video-preview:-1"},"canonical":"https:\/\/hcd.malargue.gov.ar\/?p=38756","og_locale":"es_ES","og_type":"article","og_title":"ORDENANZA N\u00b0 2.327\/2.025 - Malarg\u00fce HCD","og_description":"\ud83d\udc1dLa Planta Ap\u00edcola de Malarg\u00fce rendir\u00e1 homenaje a dos mujeres \ud83d\udc1d El Honorable Concejo Deliberante aprob\u00f3 una Ordenanza mediante la cual se impone el nombre de Adela Mercado a la Sala de Fraccionamiento y Graciela Arcangeoletti a la Sala de Extracci\u00f3n de la Planta Ap\u00edcola ubicada en la Incubadora de Empresas de Malarg\u00fce. Esta decisi\u00f3n [&hellip;]","og_url":"https:\/\/hcd.malargue.gov.ar\/?p=38756","og_site_name":"Malarg\u00fce HCD","article_published_time":"2025-05-13T12:52:47+00:00","article_modified_time":"2025-05-13T12:53:19+00:00","og_image":[{"width":940,"height":788,"url":"https:\/\/hcd.malargue.gov.ar\/wp-content\/uploads\/2025\/05\/ORDENANZA-2327-2025.png","type":"image\/png"}],"author":"Belen Pedernera Ferragut","twitter_card":"summary_large_image","twitter_misc":{"Escrito por":"Belen Pedernera Ferragut","Tiempo de lectura":"5 minutos"},"schema":{"@context":"https:\/\/schema.org","@graph":[{"@type":"WebPage","@id":"https:\/\/hcd.malargue.gov.ar\/?p=38756","url":"https:\/\/hcd.malargue.gov.ar\/?p=38756","name":"ORDENANZA N\u00b0 2.327\/2.025 - Malarg\u00fce HCD","isPartOf":{"@id":"https:\/\/hcd.malargue.gov.ar\/#website"},"datePublished":"2025-05-13T12:52:47+00:00","dateModified":"2025-05-13T12:53:19+00:00","author":{"@id":"https:\/\/hcd.malargue.gov.ar\/#\/schema\/person\/3fd6bbab64edd703961b795156c955d0"},"breadcrumb":{"@id":"https:\/\/hcd.malargue.gov.ar\/?p=38756#breadcrumb"},"inLanguage":"es-AR","potentialAction":[{"@type":"ReadAction","target":["https:\/\/hcd.malargue.gov.ar\/?p=38756"]}]},{"@type":"BreadcrumbList","@id":"https:\/\/hcd.malargue.gov.ar\/?p=38756#breadcrumb","itemListElement":[{"@type":"ListItem","position":1,"name":"Inicio","item":"https:\/\/hcd.malargue.gov.ar\/"},{"@type":"ListItem","position":2,"name":"ORDENANZA N\u00b0 2.327\/2.025"}]},{"@type":"WebSite","@id":"https:\/\/hcd.malargue.gov.ar\/#website","url":"https:\/\/hcd.malargue.gov.ar\/","name":"Malarg\u00fce HCD","description":"Malarg\u00fce Mendoza Argentina","potentialAction":[{"@type":"SearchAction","target":{"@type":"EntryPoint","urlTemplate":"https:\/\/hcd.malargue.gov.ar\/?s={search_term_string}"},"query-input":"required name=search_term_string"}],"inLanguage":"es-AR"},{"@type":"Person","@id":"https:\/\/hcd.malargue.gov.ar\/#\/schema\/person\/3fd6bbab64edd703961b795156c955d0","name":"Belen Pedernera Ferragut","image":{"@type":"ImageObject","inLanguage":"es-AR","@id":"https:\/\/hcd.malargue.gov.ar\/#\/schema\/person\/image\/","url":"https:\/\/secure.gravatar.com\/avatar\/1054ffab3893de4bb3eb29bdd22f7e34b8537bf5d34d9dab311818154ad5b71f?s=96&d=mm&r=g","contentUrl":"https:\/\/secure.gravatar.com\/avatar\/1054ffab3893de4bb3eb29bdd22f7e34b8537bf5d34d9dab311818154ad5b71f?s=96&d=mm&r=g","caption":"Belen Pedernera Ferragut"},"url":"https:\/\/hcd.malargue.gov.ar\/?author=5"}]}},"_links":{"self":[{"href":"https:\/\/hcd.malargue.gov.ar\/index.php?rest_route=\/wp\/v2\/posts\/38756","targetHints":{"allow":["GET"]}}],"collection":[{"href":"https:\/\/hcd.malargue.gov.ar\/index.php?rest_route=\/wp\/v2\/posts"}],"about":[{"href":"https:\/\/hcd.malargue.gov.ar\/index.php?rest_route=\/wp\/v2\/types\/post"}],"author":[{"embeddable":true,"href":"https:\/\/hcd.malargue.gov.ar\/index.php?rest_route=\/wp\/v2\/users\/5"}],"replies":[{"embeddable":true,"href":"https:\/\/hcd.malargue.gov.ar\/index.php?rest_route=%2Fwp%2Fv2%2Fcomments&post=38756"}],"version-history":[{"count":3,"href":"https:\/\/hcd.malargue.gov.ar\/index.php?rest_route=\/wp\/v2\/posts\/38756\/revisions"}],"predecessor-version":[{"id":38770,"href":"https:\/\/hcd.malargue.gov.ar\/index.php?rest_route=\/wp\/v2\/posts\/38756\/revisions\/38770"}],"wp:featuredmedia":[{"embeddable":true,"href":"https:\/\/hcd.malargue.gov.ar\/index.php?rest_route=\/wp\/v2\/media\/38767"}],"wp:attachment":[{"href":"https:\/\/hcd.malargue.gov.ar\/index.php?rest_route=%2Fwp%2Fv2%2Fmedia&parent=38756"}],"wp:term":[{"taxonomy":"category","embeddable":true,"href":"https:\/\/hcd.malargue.gov.ar\/index.php?rest_route=%2Fwp%2Fv2%2Fcategories&post=38756"},{"taxonomy":"post_tag","embeddable":true,"href":"https:\/\/hcd.malargue.gov.ar\/index.php?rest_route=%2Fwp%2Fv2%2Ftags&post=38756"}],"curies":[{"name":"wp","href":"https:\/\/api.w.org\/{rel}","templated":true}]}}