{"id":38758,"date":"2025-05-13T09:21:55","date_gmt":"2025-05-13T12:21:55","guid":{"rendered":"https:\/\/hcd.malargue.gov.ar\/?p=38758"},"modified":"2025-05-13T09:24:14","modified_gmt":"2025-05-13T12:24:14","slug":"concejales-participaron-de-la-fiesta-provincial-de-la-ganaderia","status":"publish","type":"post","link":"https:\/\/hcd.malargue.gov.ar\/?p=38758","title":{"rendered":"CONCEJALES PARTICIPARON DE LA FIESTA PROVINCIAL DE LA GANADERIA"},"content":{"rendered":"\n<p><em>Durante la edici\u00f3n 2025 de la Fiesta Nacional de la Ganader\u00eda, Concejales del Honorable Concejo Deliberante de Malarg\u00fce participaron activamente en las distintas actividades programadas. Aunque no estuvieron presentes en el acto encabezado por el Gobernador, aprovecharon la ocasi\u00f3n para dialogar con Senadores y Diputados provinciales sobre temas fundamentales para el desarrollo del departamento.<\/em><\/p>\n\n\n\n<p><em><img loading=\"lazy\" decoding=\"async\" height=\"16\" width=\"16\" src=\"https:\/\/static.xx.fbcdn.net\/images\/emoji.php\/v9\/tac\/1\/16\/1f4cc.png\" alt=\"\ud83d\udccc\"> Entre los puntos destacados, se plante\u00f3 la necesidad de avanzar en la escrituraci\u00f3n de barrios del IPV y loteos provinciales que a\u00fan no cuentan con el tr\u00e1mite finalizado. En este sentido, se celebr\u00f3 el Proyecto de Ley presentado en la Legislatura, al cual Malarg\u00fce prev\u00e9 adherirse.<\/em><\/p>\n\n\n\n<p><em>Otro eje fue la disposici\u00f3n de los fondos de Portezuelo del Viento, con el pedido concreto de destinarlos a obras esenciales, como el sistema de cloacas. Adem\u00e1s, se insisti\u00f3 en la importancia de aprobar el Proyecto de Ley de Envasado en Origen, que permitir\u00eda exportar carne malarg\u00fcina ya envasada, generando valor agregado y abriendo nuevos mercados.<\/em><\/p>\n\n\n\n<p><em><img loading=\"lazy\" decoding=\"async\" height=\"16\" width=\"16\" src=\"https:\/\/static.xx.fbcdn.net\/images\/emoji.php\/v9\/tdc\/1\/16\/26a0.png\" alt=\"\u26a0\ufe0f\"> Finalmente, se abord\u00f3 la cr\u00edtica situaci\u00f3n de rutas y caminos, fundamentales para el crecimiento productivo. En este marco, se solicit\u00f3 que Malarg\u00fce sea incorporado en el Presupuesto provincial 2026, con una advertencia clara: no hay desarrollo Minero posible sin infraestructura adecuada, dijo uno de los Ediles.<\/em><\/p>\n\n\n\n<p>\ud83d\udcf7 Instagram: <a href=\"https:\/\/www.instagram.com\/p\/DJl98NPR3f7\/?igsh=aDM5eWx4dGxsdGNt\">https:\/\/www.instagram.com\/p\/DJl98NPR3f7\/?igsh=aDM5eWx4dGxsdGNt<\/a><br>\ud83d\udcd8 Facebook: <a class=\"\" href=\"https:\/\/www.facebook.com\/HCDMalargue\"><\/a><a href=\"https:\/\/www.facebook.com\/share\/p\/16itMUeyTm\/\">https:\/\/www.facebook.com\/share\/p\/16itMUeyTm\/<\/a><\/p>\n\n\n\n<p><\/p>\n","protected":false},"excerpt":{"rendered":"<p>Durante la edici\u00f3n 2025 de la Fiesta Nacional de la Ganader\u00eda, Concejales del Honorable Concejo Deliberante de Malarg\u00fce participaron activamente en las distintas actividades programadas. Aunque no estuvieron presentes en el acto encabezado por el Gobernador, aprovecharon la ocasi\u00f3n para dialogar con Senadores y Diputados provinciales sobre temas fundamentales para el desarrollo del departamento. Entre [&hellip;]<\/p>\n","protected":false},"author":11,"featured_media":38765,"comment_status":"closed","ping_status":"closed","sticky":false,"template":"","format":"standard","meta":{"footnotes":""},"categories":[52,33],"tags":[],"class_list":["post-38758","post","type-post","status-publish","format-standard","has-post-thumbnail","hentry","category-gacetillas","category-prensa"],"yoast_head":"<!-- This site is optimized with the Yoast SEO plugin v19.10 - https:\/\/yoast.com\/wordpress\/plugins\/seo\/ -->\n<title>CONCEJALES PARTICIPARON DE LA FIESTA PROVINCIAL DE LA GANADERIA - Malarg\u00fce HCD<\/title>\n<meta name=\"robots\" content=\"index, follow, max-snippet:-1, max-image-preview:large, max-video-preview:-1\" \/>\n<link rel=\"canonical\" href=\"https:\/\/hcd.malargue.gov.ar\/?p=38758\" \/>\n<meta property=\"og:locale\" content=\"es_ES\" \/>\n<meta property=\"og:type\" content=\"article\" \/>\n<meta property=\"og:title\" content=\"CONCEJALES PARTICIPARON DE LA FIESTA PROVINCIAL DE LA GANADERIA - Malarg\u00fce HCD\" \/>\n<meta property=\"og:description\" content=\"Durante la edici\u00f3n 2025 de la Fiesta Nacional de la Ganader\u00eda, Concejales del Honorable Concejo Deliberante de Malarg\u00fce participaron activamente en las distintas actividades programadas. Aunque no estuvieron presentes en el acto encabezado por el Gobernador, aprovecharon la ocasi\u00f3n para dialogar con Senadores y Diputados provinciales sobre temas fundamentales para el desarrollo del departamento. Entre [&hellip;]\" \/>\n<meta property=\"og:url\" content=\"https:\/\/hcd.malargue.gov.ar\/?p=38758\" \/>\n<meta property=\"og:site_name\" content=\"Malarg\u00fce HCD\" \/>\n<meta property=\"article:published_time\" content=\"2025-05-13T12:21:55+00:00\" \/>\n<meta property=\"article:modified_time\" content=\"2025-05-13T12:24:14+00:00\" \/>\n<meta property=\"og:image\" content=\"https:\/\/hcd.malargue.gov.ar\/wp-content\/uploads\/2025\/05\/RTEG.jpg\" \/>\n\t<meta property=\"og:image:width\" content=\"1022\" \/>\n\t<meta property=\"og:image:height\" content=\"823\" \/>\n\t<meta property=\"og:image:type\" content=\"image\/jpeg\" \/>\n<meta name=\"author\" content=\"Miriam Verdugo\" \/>\n<meta name=\"twitter:card\" content=\"summary_large_image\" \/>\n<meta name=\"twitter:label1\" content=\"Escrito por\" \/>\n\t<meta name=\"twitter:data1\" content=\"Miriam Verdugo\" \/>\n\t<meta name=\"twitter:label2\" content=\"Tiempo de lectura\" \/>\n\t<meta name=\"twitter:data2\" content=\"2 minutos\" \/>\n<script type=\"application\/ld+json\" class=\"yoast-schema-graph\">{\"@context\":\"https:\/\/schema.org\",\"@graph\":[{\"@type\":\"WebPage\",\"@id\":\"https:\/\/hcd.malargue.gov.ar\/?p=38758\",\"url\":\"https:\/\/hcd.malargue.gov.ar\/?p=38758\",\"name\":\"CONCEJALES PARTICIPARON DE LA FIESTA PROVINCIAL DE LA GANADERIA - Malarg\u00fce HCD\",\"isPartOf\":{\"@id\":\"https:\/\/hcd.malargue.gov.ar\/#website\"},\"datePublished\":\"2025-05-13T12:21:55+00:00\",\"dateModified\":\"2025-05-13T12:24:14+00:00\",\"author\":{\"@id\":\"https:\/\/hcd.malargue.gov.ar\/#\/schema\/person\/ee682cfebfbf463de71f53a5c722be75\"},\"breadcrumb\":{\"@id\":\"https:\/\/hcd.malargue.gov.ar\/?p=38758#breadcrumb\"},\"inLanguage\":\"es-AR\",\"potentialAction\":[{\"@type\":\"ReadAction\",\"target\":[\"https:\/\/hcd.malargue.gov.ar\/?p=38758\"]}]},{\"@type\":\"BreadcrumbList\",\"@id\":\"https:\/\/hcd.malargue.gov.ar\/?p=38758#breadcrumb\",\"itemListElement\":[{\"@type\":\"ListItem\",\"position\":1,\"name\":\"Inicio\",\"item\":\"https:\/\/hcd.malargue.gov.ar\/\"},{\"@type\":\"ListItem\",\"position\":2,\"name\":\"CONCEJALES PARTICIPARON DE LA FIESTA PROVINCIAL DE LA GANADERIA\"}]},{\"@type\":\"WebSite\",\"@id\":\"https:\/\/hcd.malargue.gov.ar\/#website\",\"url\":\"https:\/\/hcd.malargue.gov.ar\/\",\"name\":\"Malarg\u00fce HCD\",\"description\":\"Malarg\u00fce Mendoza Argentina\",\"potentialAction\":[{\"@type\":\"SearchAction\",\"target\":{\"@type\":\"EntryPoint\",\"urlTemplate\":\"https:\/\/hcd.malargue.gov.ar\/?s={search_term_string}\"},\"query-input\":\"required name=search_term_string\"}],\"inLanguage\":\"es-AR\"},{\"@type\":\"Person\",\"@id\":\"https:\/\/hcd.malargue.gov.ar\/#\/schema\/person\/ee682cfebfbf463de71f53a5c722be75\",\"name\":\"Miriam Verdugo\",\"image\":{\"@type\":\"ImageObject\",\"inLanguage\":\"es-AR\",\"@id\":\"https:\/\/hcd.malargue.gov.ar\/#\/schema\/person\/image\/\",\"url\":\"https:\/\/secure.gravatar.com\/avatar\/306223a4268d159ebfcea14c5a513206411b872b38a6568525d852b77a1fdb63?s=96&d=mm&r=g\",\"contentUrl\":\"https:\/\/secure.gravatar.com\/avatar\/306223a4268d159ebfcea14c5a513206411b872b38a6568525d852b77a1fdb63?s=96&d=mm&r=g\",\"caption\":\"Miriam Verdugo\"},\"url\":\"https:\/\/hcd.malargue.gov.ar\/?author=11\"}]}<\/script>\n<!-- \/ Yoast SEO plugin. -->","yoast_head_json":{"title":"CONCEJALES PARTICIPARON DE LA FIESTA PROVINCIAL DE LA GANADERIA - Malarg\u00fce HCD","robots":{"index":"index","follow":"follow","max-snippet":"max-snippet:-1","max-image-preview":"max-image-preview:large","max-video-preview":"max-video-preview:-1"},"canonical":"https:\/\/hcd.malargue.gov.ar\/?p=38758","og_locale":"es_ES","og_type":"article","og_title":"CONCEJALES PARTICIPARON DE LA FIESTA PROVINCIAL DE LA GANADERIA - Malarg\u00fce HCD","og_description":"Durante la edici\u00f3n 2025 de la Fiesta Nacional de la Ganader\u00eda, Concejales del Honorable Concejo Deliberante de Malarg\u00fce participaron activamente en las distintas actividades programadas. Aunque no estuvieron presentes en el acto encabezado por el Gobernador, aprovecharon la ocasi\u00f3n para dialogar con Senadores y Diputados provinciales sobre temas fundamentales para el desarrollo del departamento. Entre [&hellip;]","og_url":"https:\/\/hcd.malargue.gov.ar\/?p=38758","og_site_name":"Malarg\u00fce HCD","article_published_time":"2025-05-13T12:21:55+00:00","article_modified_time":"2025-05-13T12:24:14+00:00","og_image":[{"width":1022,"height":823,"url":"https:\/\/hcd.malargue.gov.ar\/wp-content\/uploads\/2025\/05\/RTEG.jpg","type":"image\/jpeg"}],"author":"Miriam Verdugo","twitter_card":"summary_large_image","twitter_misc":{"Escrito por":"Miriam Verdugo","Tiempo de lectura":"2 minutos"},"schema":{"@context":"https:\/\/schema.org","@graph":[{"@type":"WebPage","@id":"https:\/\/hcd.malargue.gov.ar\/?p=38758","url":"https:\/\/hcd.malargue.gov.ar\/?p=38758","name":"CONCEJALES PARTICIPARON DE LA FIESTA PROVINCIAL DE LA GANADERIA - Malarg\u00fce HCD","isPartOf":{"@id":"https:\/\/hcd.malargue.gov.ar\/#website"},"datePublished":"2025-05-13T12:21:55+00:00","dateModified":"2025-05-13T12:24:14+00:00","author":{"@id":"https:\/\/hcd.malargue.gov.ar\/#\/schema\/person\/ee682cfebfbf463de71f53a5c722be75"},"breadcrumb":{"@id":"https:\/\/hcd.malargue.gov.ar\/?p=38758#breadcrumb"},"inLanguage":"es-AR","potentialAction":[{"@type":"ReadAction","target":["https:\/\/hcd.malargue.gov.ar\/?p=38758"]}]},{"@type":"BreadcrumbList","@id":"https:\/\/hcd.malargue.gov.ar\/?p=38758#breadcrumb","itemListElement":[{"@type":"ListItem","position":1,"name":"Inicio","item":"https:\/\/hcd.malargue.gov.ar\/"},{"@type":"ListItem","position":2,"name":"CONCEJALES PARTICIPARON DE LA FIESTA PROVINCIAL DE LA GANADERIA"}]},{"@type":"WebSite","@id":"https:\/\/hcd.malargue.gov.ar\/#website","url":"https:\/\/hcd.malargue.gov.ar\/","name":"Malarg\u00fce HCD","description":"Malarg\u00fce Mendoza Argentina","potentialAction":[{"@type":"SearchAction","target":{"@type":"EntryPoint","urlTemplate":"https:\/\/hcd.malargue.gov.ar\/?s={search_term_string}"},"query-input":"required name=search_term_string"}],"inLanguage":"es-AR"},{"@type":"Person","@id":"https:\/\/hcd.malargue.gov.ar\/#\/schema\/person\/ee682cfebfbf463de71f53a5c722be75","name":"Miriam Verdugo","image":{"@type":"ImageObject","inLanguage":"es-AR","@id":"https:\/\/hcd.malargue.gov.ar\/#\/schema\/person\/image\/","url":"https:\/\/secure.gravatar.com\/avatar\/306223a4268d159ebfcea14c5a513206411b872b38a6568525d852b77a1fdb63?s=96&d=mm&r=g","contentUrl":"https:\/\/secure.gravatar.com\/avatar\/306223a4268d159ebfcea14c5a513206411b872b38a6568525d852b77a1fdb63?s=96&d=mm&r=g","caption":"Miriam Verdugo"},"url":"https:\/\/hcd.malargue.gov.ar\/?author=11"}]}},"_links":{"self":[{"href":"https:\/\/hcd.malargue.gov.ar\/index.php?rest_route=\/wp\/v2\/posts\/38758","targetHints":{"allow":["GET"]}}],"collection":[{"href":"https:\/\/hcd.malargue.gov.ar\/index.php?rest_route=\/wp\/v2\/posts"}],"about":[{"href":"https:\/\/hcd.malargue.gov.ar\/index.php?rest_route=\/wp\/v2\/types\/post"}],"author":[{"embeddable":true,"href":"https:\/\/hcd.malargue.gov.ar\/index.php?rest_route=\/wp\/v2\/users\/11"}],"replies":[{"embeddable":true,"href":"https:\/\/hcd.malargue.gov.ar\/index.php?rest_route=%2Fwp%2Fv2%2Fcomments&post=38758"}],"version-history":[{"count":4,"href":"https:\/\/hcd.malargue.gov.ar\/index.php?rest_route=\/wp\/v2\/posts\/38758\/revisions"}],"predecessor-version":[{"id":38766,"href":"https:\/\/hcd.malargue.gov.ar\/index.php?rest_route=\/wp\/v2\/posts\/38758\/revisions\/38766"}],"wp:featuredmedia":[{"embeddable":true,"href":"https:\/\/hcd.malargue.gov.ar\/index.php?rest_route=\/wp\/v2\/media\/38765"}],"wp:attachment":[{"href":"https:\/\/hcd.malargue.gov.ar\/index.php?rest_route=%2Fwp%2Fv2%2Fmedia&parent=38758"}],"wp:term":[{"taxonomy":"category","embeddable":true,"href":"https:\/\/hcd.malargue.gov.ar\/index.php?rest_route=%2Fwp%2Fv2%2Fcategories&post=38758"},{"taxonomy":"post_tag","embeddable":true,"href":"https:\/\/hcd.malargue.gov.ar\/index.php?rest_route=%2Fwp%2Fv2%2Ftags&post=38758"}],"curies":[{"name":"wp","href":"https:\/\/api.w.org\/{rel}","templated":true}]}}