{"id":38790,"date":"2025-05-06T11:11:00","date_gmt":"2025-05-06T14:11:00","guid":{"rendered":"https:\/\/hcd.malargue.gov.ar\/?p=38790"},"modified":"2025-05-14T11:35:58","modified_gmt":"2025-05-14T14:35:58","slug":"resolucion-n-081-2-025","status":"publish","type":"post","link":"https:\/\/hcd.malargue.gov.ar\/?p=38790","title":{"rendered":"RESOLUCI\u00d3N N\u00b0 081\/2.025"},"content":{"rendered":"\n<h4 class=\"wp-block-heading has-text-align-center\">\u26a0\ufe0f<strong>Solicitan se\u00f1al\u00e9tica para calles de Barrios de nuestro departamento<\/strong> \u26a0\ufe0f<\/h4>\n\n\n\n<p>La Concejal Elizabeth Gonz\u00e1lez, del Bloque Uni\u00f3n Mendocina, present\u00f3 un Proyecto de Resoluci\u00f3n aprobado por el Honorable Concejo Deliberante, en el que se solicita al Departamento Ejecutivo Municipal la colocaci\u00f3n de carteler\u00eda con los nombres de las calles en los Barrios Independencia, 60\u00b0 Aniversario y Colonia H\u00edpica.<\/p>\n\n\n\n<p>La iniciativa surge ante la preocupaci\u00f3n de vecinos y vecinas, quienes manifestaron que la ausencia de se\u00f1alizaci\u00f3n ha dificultado la respuesta de servicios de emergencia en casos recientes de incendios, robos e incidentes. Adem\u00e1s, la falta de carteles complica la ubicaci\u00f3n de viviendas para la realizaci\u00f3n de tr\u00e1mites y otras actividades cotidianas.<\/p>\n\n\n\n<p>La se\u00f1alizaci\u00f3n no solo facilita la orientaci\u00f3n, sino que tambi\u00e9n fortalece la identidad de los barrios y mejora la seguridad urbana. El proyecto establece adem\u00e1s que se d\u00e9 cumplimiento a Ordenanzas anteriores ya vigentes, vinculadas a la denominaci\u00f3n de calles en estas zonas.<\/p>\n\n\n\n<p>La pieza legal incluye planimetr\u00eda oficial de la Direcci\u00f3n de Catastro y apunta a una pronta intervenci\u00f3n de las \u00e1reas correspondientes del Ejecutivo Municipal para resolver esta necesidad urgente de la comunidad.<\/p>\n\n\n\n<p class=\"has-text-align-center\"><strong>MIRA LA PIEZA LEGAL COMPLETA<\/strong><\/p>\n\n\n<div class=\"wp-block-image\">\n<figure class=\"alignright is-resized\"><a href=\"http:\/\/hcd.malargue.gov.ar\/2025\/Rs%20081%202025%20Independencia%2060%20Aniv%20y%20Hipica.pdf\"><img loading=\"lazy\" decoding=\"async\" width=\"512\" height=\"512\" src=\"https:\/\/hcd.malargue.gov.ar\/wp-content\/uploads\/2018\/06\/PDF-JPG.jpg\" alt=\"\" class=\"wp-image-7950\" style=\"width:134px;height:auto\" srcset=\"https:\/\/hcd.malargue.gov.ar\/wp-content\/uploads\/2018\/06\/PDF-JPG.jpg 512w, https:\/\/hcd.malargue.gov.ar\/wp-content\/uploads\/2018\/06\/PDF-JPG-150x150.jpg 150w, https:\/\/hcd.malargue.gov.ar\/wp-content\/uploads\/2018\/06\/PDF-JPG-300x300.jpg 300w\" sizes=\"auto, (max-width: 512px) 100vw, 512px\" \/><\/a><\/figure>\n<\/div>\n\n\n<p><strong>AUTORA: CONCEJAL ELIZBETH GONZALEZ<\/strong><\/p>\n\n\n\n<p><strong>BLOQUE UNION MENDOCINA<\/strong><\/p>\n\n\n\n<p>VISTO: El contenido del Expediente N\u00b0 2.380\/2.025-0. Bloque Uni\u00f3n Mendocina.\u00a0Proyecto de Resoluci\u00f3n: Solicitar al Departamento Ejecutivo Municipal, realice la intervenci\u00f3n y colocaci\u00f3n de la carteler\u00eda o se\u00f1al\u00e9tica oportuna con los nombres de las calles en los Barrios Independencia; 60\u00b0 Aniversario y Colonia H\u00edpica.<\/p>\n\n\n\n<p>El pedido de los vecinos preocupados por los \u00faltimos hechos ocurridos, como incendios, robos e incidentes y los retrasos en los servicios de bomberos, ambulancias y polic\u00eda por no poder ubicarse en la zona.<\/p>\n\n\n\n<p>y;<\/p>\n\n\n\n<p>CONSIDERANDO: Que la se\u00f1alizaci\u00f3n se ha convertido en un elemento esencial para mantener el orden, la seguridad y la eficiencia en nuestra vida cotidiana. Aunque a menudo pasamos por alto su presencia, la se\u00f1alizaci\u00f3n, desempe\u00f1a un papel fundamental en la organizaci\u00f3n de nuestras actividades diarias y en la protecci\u00f3n de nuestra integridad.<\/p>\n\n\n\n<p>Que es potestad de este Honorable Concejo Deliberante, ordenar la denominaci\u00f3n de las calles que integran el radio urbano de la Ciudad.<\/p>\n\n\n\n<p>Que en Argentina, la Ley N\u00b0 24.449 regula la colocaci\u00f3n de carteles en la v\u00eda p\u00fablica; la misma establece que los carteles deben cumplir con ciertos requisitos de ubicaci\u00f3n y dise\u00f1o.<\/p>\n\n\n\n<p>Que las calles del barrio cuentan con sus respectivos nombres, pero no poseen la carteler\u00eda indicativa o de referencia, para ello es fundamental identificar con los nombres correctos de las calles y as\u00ed orientarse dentro del barrio.<\/p>\n\n\n\n<p>Que para los vecinos y vecinas de los barrios mencionados, resulta de vital importancia contar con la localizaci\u00f3n espec\u00edfica de sus casas, ya que les permitir\u00e1 realizar tr\u00e1mites sin tener que recurrir a las referencias t\u00edpicas del lugar.<\/p>\n\n\n\n<p>Que la carteler\u00eda contribuye a la identidad, al car\u00e1cter del barrio y su falta hace que el \u00e1rea se sienta an\u00f3nima o desatendida.<\/p>\n\n\n\n<p>EL HONORABLE CONCEJO DELIBERANTE DE LA MUNICIPALIDAD DE MALARG\u00dcE EN USO DE LAS FACULTADES QUE LE SON PROPIAS<\/p>\n\n\n\n<p>RESUELVE<\/p>\n\n\n\n<p>ART\u00cdCULO 1\u00ba: Solicitar al Departamento Ejecutivo Municipal, realice la intervenci\u00f3n y colocaci\u00f3n de la carteler\u00eda o se\u00f1al\u00e9tica oportuna con los nombres de las calles en los Barrios Independencia, 60 Aniversario y Colonia H\u00edpica.<\/p>\n\n\n\n<p>ART\u00cdCULO 2\u00ba: Realizar la colocaci\u00f3n de la carteler\u00eda correspondiente en los lugares determinados en el Art\u00edculo 1\u00ba, a trav\u00e9s de la Direcci\u00f3n del Departamento Ejecutivo Municipal que corresponda.<\/p>\n\n\n\n<p>ART\u00cdCULO 3\u00ba: Ejecutar las Ordenanzas N\u00b0 1.938\/2.018. Referente a las arterias del Barrio H\u00edpico; N\u00b0 1.972\/2.018 Barrio Independencia y N\u00b0 2.092\/2.021 Barrio 60\u00b0 Aniversario.<\/p>\n\n\n\n<p>ART\u00cdCULO 4\u00ba: Se adjunta al mismo, planimetr\u00eda oficial obrante en la Direcci\u00f3n de Catastro de la Municipalidad de Malarg\u00fce.<\/p>\n\n\n\n<p>ART\u00cdCULO 5\u00ba: Comun\u00edquese, reg\u00edstrese, agr\u00e9guese copia de la presente en las actuaciones correspondientes y arch\u00edvese.<\/p>\n\n\n\n<p>DADA EN LA SALA DE SESIONES DR.&nbsp; RICARDO BALBIN DEL HONORABLE CONCEJO DELIBERANTE DE LA MUNICIPALIDAD DE MALARG\u00dcE A VEINTICINCO D\u00cdAS DE ABRIL DE DOS MIL VEINTICINCO.<\/p>\n","protected":false},"excerpt":{"rendered":"<p>\u26a0\ufe0fSolicitan se\u00f1al\u00e9tica para calles de Barrios de nuestro departamento \u26a0\ufe0f La Concejal Elizabeth Gonz\u00e1lez, del Bloque Uni\u00f3n Mendocina, present\u00f3 un Proyecto de Resoluci\u00f3n aprobado por el Honorable Concejo Deliberante, en el que se solicita al Departamento Ejecutivo Municipal la colocaci\u00f3n de carteler\u00eda con los nombres de las calles en los Barrios Independencia, 60\u00b0 Aniversario y [&hellip;]<\/p>\n","protected":false},"author":5,"featured_media":38791,"comment_status":"closed","ping_status":"closed","sticky":false,"template":"","format":"standard","meta":{"footnotes":""},"categories":[52,29,33,51],"tags":[],"class_list":["post-38790","post","type-post","status-publish","format-standard","has-post-thumbnail","hentry","category-gacetillas","category-lesgilacion","category-prensa","category-resoluciones"],"yoast_head":"<!-- This site is optimized with the Yoast SEO plugin v19.10 - https:\/\/yoast.com\/wordpress\/plugins\/seo\/ -->\n<title>RESOLUCI\u00d3N N\u00b0 081\/2.025 - Malarg\u00fce HCD<\/title>\n<meta name=\"robots\" content=\"index, follow, max-snippet:-1, max-image-preview:large, max-video-preview:-1\" \/>\n<link rel=\"canonical\" href=\"https:\/\/hcd.malargue.gov.ar\/?p=38790\" \/>\n<meta property=\"og:locale\" content=\"es_ES\" \/>\n<meta property=\"og:type\" content=\"article\" \/>\n<meta property=\"og:title\" content=\"RESOLUCI\u00d3N N\u00b0 081\/2.025 - Malarg\u00fce HCD\" \/>\n<meta property=\"og:description\" content=\"\u26a0\ufe0fSolicitan se\u00f1al\u00e9tica para calles de Barrios de nuestro departamento \u26a0\ufe0f La Concejal Elizabeth Gonz\u00e1lez, del Bloque Uni\u00f3n Mendocina, present\u00f3 un Proyecto de Resoluci\u00f3n aprobado por el Honorable Concejo Deliberante, en el que se solicita al Departamento Ejecutivo Municipal la colocaci\u00f3n de carteler\u00eda con los nombres de las calles en los Barrios Independencia, 60\u00b0 Aniversario y [&hellip;]\" \/>\n<meta property=\"og:url\" content=\"https:\/\/hcd.malargue.gov.ar\/?p=38790\" \/>\n<meta property=\"og:site_name\" content=\"Malarg\u00fce HCD\" \/>\n<meta property=\"article:published_time\" content=\"2025-05-06T14:11:00+00:00\" \/>\n<meta property=\"article:modified_time\" content=\"2025-05-14T14:35:58+00:00\" \/>\n<meta property=\"og:image\" content=\"https:\/\/hcd.malargue.gov.ar\/wp-content\/uploads\/2025\/05\/RESOLUCION-081-2025.png\" \/>\n\t<meta property=\"og:image:width\" content=\"940\" \/>\n\t<meta property=\"og:image:height\" content=\"788\" \/>\n\t<meta property=\"og:image:type\" content=\"image\/png\" \/>\n<meta name=\"author\" content=\"Belen Pedernera Ferragut\" \/>\n<meta name=\"twitter:card\" content=\"summary_large_image\" \/>\n<meta name=\"twitter:label1\" content=\"Escrito por\" \/>\n\t<meta name=\"twitter:data1\" content=\"Belen Pedernera Ferragut\" \/>\n\t<meta name=\"twitter:label2\" content=\"Tiempo de lectura\" \/>\n\t<meta name=\"twitter:data2\" content=\"4 minutos\" \/>\n<script type=\"application\/ld+json\" class=\"yoast-schema-graph\">{\"@context\":\"https:\/\/schema.org\",\"@graph\":[{\"@type\":\"WebPage\",\"@id\":\"https:\/\/hcd.malargue.gov.ar\/?p=38790\",\"url\":\"https:\/\/hcd.malargue.gov.ar\/?p=38790\",\"name\":\"RESOLUCI\u00d3N N\u00b0 081\/2.025 - Malarg\u00fce HCD\",\"isPartOf\":{\"@id\":\"https:\/\/hcd.malargue.gov.ar\/#website\"},\"datePublished\":\"2025-05-06T14:11:00+00:00\",\"dateModified\":\"2025-05-14T14:35:58+00:00\",\"author\":{\"@id\":\"https:\/\/hcd.malargue.gov.ar\/#\/schema\/person\/3fd6bbab64edd703961b795156c955d0\"},\"breadcrumb\":{\"@id\":\"https:\/\/hcd.malargue.gov.ar\/?p=38790#breadcrumb\"},\"inLanguage\":\"es-AR\",\"potentialAction\":[{\"@type\":\"ReadAction\",\"target\":[\"https:\/\/hcd.malargue.gov.ar\/?p=38790\"]}]},{\"@type\":\"BreadcrumbList\",\"@id\":\"https:\/\/hcd.malargue.gov.ar\/?p=38790#breadcrumb\",\"itemListElement\":[{\"@type\":\"ListItem\",\"position\":1,\"name\":\"Inicio\",\"item\":\"https:\/\/hcd.malargue.gov.ar\/\"},{\"@type\":\"ListItem\",\"position\":2,\"name\":\"RESOLUCI\u00d3N N\u00b0 081\/2.025\"}]},{\"@type\":\"WebSite\",\"@id\":\"https:\/\/hcd.malargue.gov.ar\/#website\",\"url\":\"https:\/\/hcd.malargue.gov.ar\/\",\"name\":\"Malarg\u00fce HCD\",\"description\":\"Malarg\u00fce Mendoza Argentina\",\"potentialAction\":[{\"@type\":\"SearchAction\",\"target\":{\"@type\":\"EntryPoint\",\"urlTemplate\":\"https:\/\/hcd.malargue.gov.ar\/?s={search_term_string}\"},\"query-input\":\"required name=search_term_string\"}],\"inLanguage\":\"es-AR\"},{\"@type\":\"Person\",\"@id\":\"https:\/\/hcd.malargue.gov.ar\/#\/schema\/person\/3fd6bbab64edd703961b795156c955d0\",\"name\":\"Belen Pedernera Ferragut\",\"image\":{\"@type\":\"ImageObject\",\"inLanguage\":\"es-AR\",\"@id\":\"https:\/\/hcd.malargue.gov.ar\/#\/schema\/person\/image\/\",\"url\":\"https:\/\/secure.gravatar.com\/avatar\/1054ffab3893de4bb3eb29bdd22f7e34b8537bf5d34d9dab311818154ad5b71f?s=96&d=mm&r=g\",\"contentUrl\":\"https:\/\/secure.gravatar.com\/avatar\/1054ffab3893de4bb3eb29bdd22f7e34b8537bf5d34d9dab311818154ad5b71f?s=96&d=mm&r=g\",\"caption\":\"Belen Pedernera Ferragut\"},\"url\":\"https:\/\/hcd.malargue.gov.ar\/?author=5\"}]}<\/script>\n<!-- \/ Yoast SEO plugin. -->","yoast_head_json":{"title":"RESOLUCI\u00d3N N\u00b0 081\/2.025 - Malarg\u00fce HCD","robots":{"index":"index","follow":"follow","max-snippet":"max-snippet:-1","max-image-preview":"max-image-preview:large","max-video-preview":"max-video-preview:-1"},"canonical":"https:\/\/hcd.malargue.gov.ar\/?p=38790","og_locale":"es_ES","og_type":"article","og_title":"RESOLUCI\u00d3N N\u00b0 081\/2.025 - Malarg\u00fce HCD","og_description":"\u26a0\ufe0fSolicitan se\u00f1al\u00e9tica para calles de Barrios de nuestro departamento \u26a0\ufe0f La Concejal Elizabeth Gonz\u00e1lez, del Bloque Uni\u00f3n Mendocina, present\u00f3 un Proyecto de Resoluci\u00f3n aprobado por el Honorable Concejo Deliberante, en el que se solicita al Departamento Ejecutivo Municipal la colocaci\u00f3n de carteler\u00eda con los nombres de las calles en los Barrios Independencia, 60\u00b0 Aniversario y [&hellip;]","og_url":"https:\/\/hcd.malargue.gov.ar\/?p=38790","og_site_name":"Malarg\u00fce HCD","article_published_time":"2025-05-06T14:11:00+00:00","article_modified_time":"2025-05-14T14:35:58+00:00","og_image":[{"width":940,"height":788,"url":"https:\/\/hcd.malargue.gov.ar\/wp-content\/uploads\/2025\/05\/RESOLUCION-081-2025.png","type":"image\/png"}],"author":"Belen Pedernera Ferragut","twitter_card":"summary_large_image","twitter_misc":{"Escrito por":"Belen Pedernera Ferragut","Tiempo de lectura":"4 minutos"},"schema":{"@context":"https:\/\/schema.org","@graph":[{"@type":"WebPage","@id":"https:\/\/hcd.malargue.gov.ar\/?p=38790","url":"https:\/\/hcd.malargue.gov.ar\/?p=38790","name":"RESOLUCI\u00d3N N\u00b0 081\/2.025 - Malarg\u00fce HCD","isPartOf":{"@id":"https:\/\/hcd.malargue.gov.ar\/#website"},"datePublished":"2025-05-06T14:11:00+00:00","dateModified":"2025-05-14T14:35:58+00:00","author":{"@id":"https:\/\/hcd.malargue.gov.ar\/#\/schema\/person\/3fd6bbab64edd703961b795156c955d0"},"breadcrumb":{"@id":"https:\/\/hcd.malargue.gov.ar\/?p=38790#breadcrumb"},"inLanguage":"es-AR","potentialAction":[{"@type":"ReadAction","target":["https:\/\/hcd.malargue.gov.ar\/?p=38790"]}]},{"@type":"BreadcrumbList","@id":"https:\/\/hcd.malargue.gov.ar\/?p=38790#breadcrumb","itemListElement":[{"@type":"ListItem","position":1,"name":"Inicio","item":"https:\/\/hcd.malargue.gov.ar\/"},{"@type":"ListItem","position":2,"name":"RESOLUCI\u00d3N N\u00b0 081\/2.025"}]},{"@type":"WebSite","@id":"https:\/\/hcd.malargue.gov.ar\/#website","url":"https:\/\/hcd.malargue.gov.ar\/","name":"Malarg\u00fce HCD","description":"Malarg\u00fce Mendoza Argentina","potentialAction":[{"@type":"SearchAction","target":{"@type":"EntryPoint","urlTemplate":"https:\/\/hcd.malargue.gov.ar\/?s={search_term_string}"},"query-input":"required name=search_term_string"}],"inLanguage":"es-AR"},{"@type":"Person","@id":"https:\/\/hcd.malargue.gov.ar\/#\/schema\/person\/3fd6bbab64edd703961b795156c955d0","name":"Belen Pedernera Ferragut","image":{"@type":"ImageObject","inLanguage":"es-AR","@id":"https:\/\/hcd.malargue.gov.ar\/#\/schema\/person\/image\/","url":"https:\/\/secure.gravatar.com\/avatar\/1054ffab3893de4bb3eb29bdd22f7e34b8537bf5d34d9dab311818154ad5b71f?s=96&d=mm&r=g","contentUrl":"https:\/\/secure.gravatar.com\/avatar\/1054ffab3893de4bb3eb29bdd22f7e34b8537bf5d34d9dab311818154ad5b71f?s=96&d=mm&r=g","caption":"Belen Pedernera Ferragut"},"url":"https:\/\/hcd.malargue.gov.ar\/?author=5"}]}},"_links":{"self":[{"href":"https:\/\/hcd.malargue.gov.ar\/index.php?rest_route=\/wp\/v2\/posts\/38790","targetHints":{"allow":["GET"]}}],"collection":[{"href":"https:\/\/hcd.malargue.gov.ar\/index.php?rest_route=\/wp\/v2\/posts"}],"about":[{"href":"https:\/\/hcd.malargue.gov.ar\/index.php?rest_route=\/wp\/v2\/types\/post"}],"author":[{"embeddable":true,"href":"https:\/\/hcd.malargue.gov.ar\/index.php?rest_route=\/wp\/v2\/users\/5"}],"replies":[{"embeddable":true,"href":"https:\/\/hcd.malargue.gov.ar\/index.php?rest_route=%2Fwp%2Fv2%2Fcomments&post=38790"}],"version-history":[{"count":1,"href":"https:\/\/hcd.malargue.gov.ar\/index.php?rest_route=\/wp\/v2\/posts\/38790\/revisions"}],"predecessor-version":[{"id":38792,"href":"https:\/\/hcd.malargue.gov.ar\/index.php?rest_route=\/wp\/v2\/posts\/38790\/revisions\/38792"}],"wp:featuredmedia":[{"embeddable":true,"href":"https:\/\/hcd.malargue.gov.ar\/index.php?rest_route=\/wp\/v2\/media\/38791"}],"wp:attachment":[{"href":"https:\/\/hcd.malargue.gov.ar\/index.php?rest_route=%2Fwp%2Fv2%2Fmedia&parent=38790"}],"wp:term":[{"taxonomy":"category","embeddable":true,"href":"https:\/\/hcd.malargue.gov.ar\/index.php?rest_route=%2Fwp%2Fv2%2Fcategories&post=38790"},{"taxonomy":"post_tag","embeddable":true,"href":"https:\/\/hcd.malargue.gov.ar\/index.php?rest_route=%2Fwp%2Fv2%2Ftags&post=38790"}],"curies":[{"name":"wp","href":"https:\/\/api.w.org\/{rel}","templated":true}]}}