{"id":38810,"date":"2025-05-19T09:57:33","date_gmt":"2025-05-19T12:57:33","guid":{"rendered":"https:\/\/hcd.malargue.gov.ar\/?p=38810"},"modified":"2025-05-19T09:58:40","modified_gmt":"2025-05-19T12:58:40","slug":"comunicacion-n-483-2-025","status":"publish","type":"post","link":"https:\/\/hcd.malargue.gov.ar\/?p=38810","title":{"rendered":"COMUNICACI\u00d3N\u00a0 N\u00b0 483\/2.025"},"content":{"rendered":"\n<h4 class=\"wp-block-heading has-text-align-center\"><strong>El HCD promueve la adhesi\u00f3n a la Ley Nacional de Prevenci\u00f3n del Suicidio tras las Jornadas de Salud Mental<\/strong><\/h4>\n\n\n\n<p><em>En el marco de las Jornadas de Salud Mental realizadas los d\u00edas 24 y 25 de abril en la Escuela N\u00b0 4-018 General Manuel Nicol\u00e1s Savio y el Hotel Inn &amp; Suites Malarg\u00fce, el Honorable Concejo Deliberante elev\u00f3 una comunicaci\u00f3n instando a la Provincia de Mendoza a adherir a la Ley Nacional N\u00b0 27.130 de Prevenci\u00f3n del Suicidio.<\/em><\/p>\n\n\n\n<p><em>La norma, que reconoce al suicidio como una problem\u00e1tica de inter\u00e9s nacional, propone un abordaje integral desde la atenci\u00f3n biopsicosocial, la capacitaci\u00f3n profesional y la posvenci\u00f3n. Adem\u00e1s, establece la necesidad de coordinaci\u00f3n interinstitucional para implementar pol\u00edticas efectivas de prevenci\u00f3n.<\/em><\/p>\n\n\n\n<p><em>El HCD remarc\u00f3 que Mendoza a\u00fan no ha adherido a esta legislaci\u00f3n, al igual que a la Ley Nacional de Salud Mental N\u00b0 26.657, lo que representa una deuda pendiente en materia de derechos y salud p\u00fablica.<\/em><\/p>\n\n\n\n<p><em>La Pieza Legal aprobada por el Cuerpo establece una serie de acciones concretas para difundir la importancia de la norma, generar compromiso ciudadano y recolectar firmas que respalden su implementaci\u00f3n en la provincia. Entre las estrategias planteadas se incluyen campa\u00f1as en redes sociales, alianzas con instituciones locales y actividades presenciales de concientizaci\u00f3n.<\/em><\/p>\n\n\n\n<p><em>Durante un mes, y con el acompa\u00f1amiento de la Comisi\u00f3n de Educaci\u00f3n y el \u00c1rea de Prensa del HCD, se llevar\u00e1 adelante un plan de acci\u00f3n articulado con metas claras, como alcanzar al menos 1.000 firmas de apoyo y fortalecer el debate p\u00fablico en torno a la salud mental.<\/em><\/p>\n\n\n\n<p class=\"has-text-align-center\"><strong>MIRA LA PIEZA LEGAL COMPLETA<\/strong><\/p>\n\n\n<div class=\"wp-block-image\">\n<figure class=\"alignright size-full is-resized\"><a href=\"http:\/\/hcd.malargue.gov.ar\/2025\/CM%20483%202025%20%20Adhesion%20Ley%20Prevencion%20Suicidio.pdf\"><img loading=\"lazy\" decoding=\"async\" width=\"512\" height=\"512\" src=\"https:\/\/hcd.malargue.gov.ar\/wp-content\/uploads\/2018\/06\/PDF-JPG.jpg\" alt=\"\" class=\"wp-image-7950\" style=\"width:120px;height:auto\" srcset=\"https:\/\/hcd.malargue.gov.ar\/wp-content\/uploads\/2018\/06\/PDF-JPG.jpg 512w, https:\/\/hcd.malargue.gov.ar\/wp-content\/uploads\/2018\/06\/PDF-JPG-150x150.jpg 150w, https:\/\/hcd.malargue.gov.ar\/wp-content\/uploads\/2018\/06\/PDF-JPG-300x300.jpg 300w\" sizes=\"auto, (max-width: 512px) 100vw, 512px\" \/><\/a><\/figure>\n<\/div>\n\n\n<p>VISTO: El contenido de las Jornadas de Salud Mental celebradas los d\u00edas 24 y 25 de abril en las instalaciones de la Escuela N\u00ba 4-018 Gral. Manuel Nicol\u00e1s Savio y el Hotel Inn &amp; Suites Malarg\u00fce.<\/p>\n\n\n\n<p>y; <\/p>\n\n\n\n<p>CONSIDERANDO: Que la Ley N\u00ba 27.130, conocida como Ley Nacional de Prevenci\u00f3n del Suicidio, es de suma importancia debido a su enfoque integral para abordar una problem\u00e1tica sensible y urgente en la sociedad.<\/p>\n\n\n\n<p>Que la Provincia de Mendoza a\u00fan no cuenta con la adhesi\u00f3n correspondiente.<\/p>\n\n\n\n<p>Que la Ley N\u00b0 27.130 establece que la prevenci\u00f3n del suicidio es de inter\u00e9s nacional en todo el territorio, lo que refleja su prioridad en la agenda p\u00fablica.<\/p>\n\n\n\n<p>Que la misma promueve la atenci\u00f3n biopsicosocial, integrando aspectos biol\u00f3gicos, psicol\u00f3gicos y sociales para abordar el riesgo de suicidio de manera hol\u00edstica.<\/p>\n\n\n\n<p>Que es necesaria la investigaci\u00f3n cient\u00edfica y epidemiol\u00f3gica para entender mejor las causas y factores asociados al suicidio. Adem\u00e1s, impulsa la capacitaci\u00f3n profesional para la detecci\u00f3n temprana y el tratamiento adecuado de personas en riesgo.<\/p>\n\n\n\n<p>Que la Ley 27.130 incluye medidas para asistir a las personas en riesgo y a las familias afectadas por el suicidio, asegurando un apoyo continuo y coordinado (Asistencia y Posvenci\u00f3n)<\/p>\n\n\n\n<p>Que desde este Honorable Concejo Deliberante se busca sensibilizar a la poblaci\u00f3n sobre la importancia de la prevenci\u00f3n y promover la creaci\u00f3n de redes de apoyo comunitarias para fortalecer la detecci\u00f3n y el tratamiento.<\/p>\n\n\n\n<p>Que es de suma importancia la coordinaci\u00f3n interinstitucional y por ello la ley establece un abordaje interdisciplinario e interinstitucional, asegurando que diferentes sectores trabajen juntos para implementar estrategias efectivas.<\/p>\n\n\n\n<p>Que este Honorable Concejo Deliberante ha detectado esta problem\u00e1tica en el departamento, aprobando las siguientes piezas legales Ordenanzas N\u00b0 2.012\/ 2.019 y N\u00b0 2.311\/2.024<\/p>\n\n\n\n<p>Que a su vez la Provincia de Mendoza contin\u00faa en falta por la no adhesi\u00f3n a la Ley Nacional N\u00b0 26.657 de Salud Mental, la cual permite la adquisici\u00f3n de derechos para toda la ciudadan\u00eda.<\/p>\n\n\n\n<p>Que por todo lo expuesto solicitamos la adhesi\u00f3n inmediata y efectiva de la Provincia de Mendoza a esta pol\u00edtica p\u00fablica fundamental para la salud mental y la vida de nuestra comunidad.<\/p>\n\n\n\n<p>EL HONORABLE CONCEJO DELIBERANTE DE LA MUNICIPALIDAD DE MALARG\u00dcE EN USO DE LAS FACULTADES QUE LE SON PROPIAS<\/p>\n\n\n\n<p>COMUNICA<\/p>\n\n\n\n<p>ART\u00cdCULO 1\u00ba: Que ver\u00eda con agrado que el Departamento Ejecutivo Municipal a trav\u00e9s de la Secretaria correspondiente, lleve adelante las acciones necesarias para promover y Adherir p\u00fablicamente a la Ley Nacional N\u00b0 27.130 en la Provincia de Mendoza, mediante la recolecci\u00f3n de firmas, concientizando a la ciudadan\u00eda sobre la importancia de esta legislaci\u00f3n y fortaleciendo el compromiso social.<\/p>\n\n\n\n<p>ART\u00cdCULO 2\u00ba: Metas: Se establecen las siguientes metas espec\u00edficas<\/p>\n\n\n\n<p>1. Informar a la poblaci\u00f3n acerca de los beneficios y el impacto positivo de la Ley Nacional N\u00b0 27.130 de Prevenci\u00f3n al Suicidio.<\/p>\n\n\n\n<p>2. Generar compromiso y participaci\u00f3n activa por parte de la sociedad civil.<\/p>\n\n\n\n<p>3. Alcanzar un n\u00famero suficiente de firmas a fin de respaldar la propuesta legislativa.<\/p>\n\n\n\n<p>ART\u00cdCULO 3\u00ba: Estrategias de implementaci\u00f3n: Las estrategias de comunicaci\u00f3n a desarrollarse ser\u00e1n:<\/p>\n\n\n\n<p>1. Implementar campa\u00f1as informativas mediante redes sociales, folletos y videos explicativos.<\/p>\n\n\n\n<p>2. Establecer alianzas con organizaciones locales, educativas, sociales y comerciales.<\/p>\n\n\n\n<p>3. Promover el uso de plataformas digitales para la firma electr\u00f3nica en apoyo a la Ley N\u00b0 27.130 de Prevenci\u00f3n al Suicidio.<\/p>\n\n\n\n<p>4. Promover el uso de planillas impresas para la firma en apoyo a la Ley N\u00b0 27.130 de Prevenci\u00f3n al Suicidio.<\/p>\n\n\n\n<p>ART\u00cdCULO 4\u00ba: Plan de acci\u00f3n: El desarrollo de este proyecto se trabajar\u00e1 en conjunto con<\/p>\n\n\n\n<p>La Comisi\u00f3n de Educaci\u00f3n, Higiene, Moralidad, Acci\u00f3n Social y Cultura del Honorable Concejo Deliberante, que ser\u00e1 la encargada de procesar los datos obtenidos y continuar con el trabajo legislativo que corresponda.<\/p>\n\n\n\n<p>El \u00c1rea de Prensa del Honorable Concejo Deliberante de la Municipalidad de Malarg\u00fce, ser\u00e1 la encargada de realizar la campa\u00f1a comunicativa en redes sociales y medios de comunicaci\u00f3n, ambas manteniendo el mismo formato de flyers, folletos, etc.<\/p>\n\n\n\n<p>El plan de acci\u00f3n tendr\u00e1 la duraci\u00f3n de un mes, con el siguiente cronograma:<\/p>\n\n\n\n<p>Semana 1: Mantener una reuni\u00f3n con todos los actores involucrados para conocimiento y distribuci\u00f3n de tareas.<\/p>\n\n\n\n<p>Semana 2: Campa\u00f1a digital, flyers y armado en plataforma digital para firma electr\u00f3nica; ver locales comerciales que adhieran para recolecci\u00f3n de firmas.<\/p>\n\n\n\n<p>Semana 3: Campa\u00f1a en medios radiales y de comunicaci\u00f3n local; juntar firmas en eventos p\u00fablicos.<\/p>\n\n\n\n<p>Semana 4: Reuni\u00f3n final para procesar datos obtenidos.<\/p>\n\n\n\n<p>ART\u00cdCULO 5\u00ba: Indicadores de \u00e9xito: Se medir\u00e1n los siguientes indicadores:<\/p>\n\n\n\n<p>1. Cantidad de firmas recolectadas (meta: 1.000 firmas).<\/p>\n\n\n\n<p>2. Alcance en redes sociales: impresiones, interacciones y visitas.<\/p>\n\n\n\n<p>3. N\u00famero de participantes en actividades presenciales.<\/p>\n\n\n\n<p>ART\u00cdCULO 6\u00ba: Comun\u00edquese, reg\u00edstrese, agr\u00e9guese copia de la presente en las actuaciones correspondientes y arch\u00edvese.<\/p>\n\n\n\n<p>DADA EN LA SALA DE SESIONES DR. RICARDO BALBIN DEL HONORABLE CONCEJO DELIBERANTE DE LA MUNICIPALIDAD DE MALARG\u00dcE A OCHO D\u00cdAS DE MAYO DE DOS MIL VEINTICINCO.<\/p>\n\n\n\n<p><\/p>\n","protected":false},"excerpt":{"rendered":"<p>El HCD promueve la adhesi\u00f3n a la Ley Nacional de Prevenci\u00f3n del Suicidio tras las Jornadas de Salud Mental En el marco de las Jornadas de Salud Mental realizadas los d\u00edas 24 y 25 de abril en la Escuela N\u00b0 4-018 General Manuel Nicol\u00e1s Savio y el Hotel Inn &amp; Suites Malarg\u00fce, el Honorable Concejo [&hellip;]<\/p>\n","protected":false},"author":5,"featured_media":38811,"comment_status":"closed","ping_status":"closed","sticky":false,"template":"","format":"standard","meta":{"footnotes":""},"categories":[47,52,29,33],"tags":[],"class_list":["post-38810","post","type-post","status-publish","format-standard","has-post-thumbnail","hentry","category-comunicaciones","category-gacetillas","category-lesgilacion","category-prensa"],"yoast_head":"<!-- This site is optimized with the Yoast SEO plugin v19.10 - https:\/\/yoast.com\/wordpress\/plugins\/seo\/ -->\n<title>COMUNICACI\u00d3N\u00a0 N\u00b0 483\/2.025 - Malarg\u00fce HCD<\/title>\n<meta name=\"robots\" content=\"index, follow, max-snippet:-1, max-image-preview:large, max-video-preview:-1\" \/>\n<link rel=\"canonical\" href=\"https:\/\/hcd.malargue.gov.ar\/?p=38810\" \/>\n<meta property=\"og:locale\" content=\"es_ES\" \/>\n<meta property=\"og:type\" content=\"article\" \/>\n<meta property=\"og:title\" content=\"COMUNICACI\u00d3N\u00a0 N\u00b0 483\/2.025 - Malarg\u00fce HCD\" \/>\n<meta property=\"og:description\" content=\"El HCD promueve la adhesi\u00f3n a la Ley Nacional de Prevenci\u00f3n del Suicidio tras las Jornadas de Salud Mental En el marco de las Jornadas de Salud Mental realizadas los d\u00edas 24 y 25 de abril en la Escuela N\u00b0 4-018 General Manuel Nicol\u00e1s Savio y el Hotel Inn &amp; Suites Malarg\u00fce, el Honorable Concejo [&hellip;]\" \/>\n<meta property=\"og:url\" content=\"https:\/\/hcd.malargue.gov.ar\/?p=38810\" \/>\n<meta property=\"og:site_name\" content=\"Malarg\u00fce HCD\" \/>\n<meta property=\"article:published_time\" content=\"2025-05-19T12:57:33+00:00\" \/>\n<meta property=\"article:modified_time\" content=\"2025-05-19T12:58:40+00:00\" \/>\n<meta property=\"og:image\" content=\"https:\/\/hcd.malargue.gov.ar\/wp-content\/uploads\/2025\/05\/COMUNICACION-483.png\" \/>\n\t<meta property=\"og:image:width\" content=\"940\" \/>\n\t<meta property=\"og:image:height\" content=\"788\" \/>\n\t<meta property=\"og:image:type\" content=\"image\/png\" \/>\n<meta name=\"author\" content=\"Belen Pedernera Ferragut\" \/>\n<meta name=\"twitter:card\" content=\"summary_large_image\" \/>\n<meta name=\"twitter:label1\" content=\"Escrito por\" \/>\n\t<meta name=\"twitter:data1\" content=\"Belen Pedernera Ferragut\" \/>\n\t<meta name=\"twitter:label2\" content=\"Tiempo de lectura\" \/>\n\t<meta name=\"twitter:data2\" content=\"6 minutos\" \/>\n<script type=\"application\/ld+json\" class=\"yoast-schema-graph\">{\"@context\":\"https:\/\/schema.org\",\"@graph\":[{\"@type\":\"WebPage\",\"@id\":\"https:\/\/hcd.malargue.gov.ar\/?p=38810\",\"url\":\"https:\/\/hcd.malargue.gov.ar\/?p=38810\",\"name\":\"COMUNICACI\u00d3N\u00a0 N\u00b0 483\/2.025 - Malarg\u00fce HCD\",\"isPartOf\":{\"@id\":\"https:\/\/hcd.malargue.gov.ar\/#website\"},\"datePublished\":\"2025-05-19T12:57:33+00:00\",\"dateModified\":\"2025-05-19T12:58:40+00:00\",\"author\":{\"@id\":\"https:\/\/hcd.malargue.gov.ar\/#\/schema\/person\/3fd6bbab64edd703961b795156c955d0\"},\"breadcrumb\":{\"@id\":\"https:\/\/hcd.malargue.gov.ar\/?p=38810#breadcrumb\"},\"inLanguage\":\"es-AR\",\"potentialAction\":[{\"@type\":\"ReadAction\",\"target\":[\"https:\/\/hcd.malargue.gov.ar\/?p=38810\"]}]},{\"@type\":\"BreadcrumbList\",\"@id\":\"https:\/\/hcd.malargue.gov.ar\/?p=38810#breadcrumb\",\"itemListElement\":[{\"@type\":\"ListItem\",\"position\":1,\"name\":\"Inicio\",\"item\":\"https:\/\/hcd.malargue.gov.ar\/\"},{\"@type\":\"ListItem\",\"position\":2,\"name\":\"COMUNICACI\u00d3N\u00a0 N\u00b0 483\/2.025\"}]},{\"@type\":\"WebSite\",\"@id\":\"https:\/\/hcd.malargue.gov.ar\/#website\",\"url\":\"https:\/\/hcd.malargue.gov.ar\/\",\"name\":\"Malarg\u00fce HCD\",\"description\":\"Malarg\u00fce Mendoza Argentina\",\"potentialAction\":[{\"@type\":\"SearchAction\",\"target\":{\"@type\":\"EntryPoint\",\"urlTemplate\":\"https:\/\/hcd.malargue.gov.ar\/?s={search_term_string}\"},\"query-input\":\"required name=search_term_string\"}],\"inLanguage\":\"es-AR\"},{\"@type\":\"Person\",\"@id\":\"https:\/\/hcd.malargue.gov.ar\/#\/schema\/person\/3fd6bbab64edd703961b795156c955d0\",\"name\":\"Belen Pedernera Ferragut\",\"image\":{\"@type\":\"ImageObject\",\"inLanguage\":\"es-AR\",\"@id\":\"https:\/\/hcd.malargue.gov.ar\/#\/schema\/person\/image\/\",\"url\":\"https:\/\/secure.gravatar.com\/avatar\/1054ffab3893de4bb3eb29bdd22f7e34b8537bf5d34d9dab311818154ad5b71f?s=96&d=mm&r=g\",\"contentUrl\":\"https:\/\/secure.gravatar.com\/avatar\/1054ffab3893de4bb3eb29bdd22f7e34b8537bf5d34d9dab311818154ad5b71f?s=96&d=mm&r=g\",\"caption\":\"Belen Pedernera Ferragut\"},\"url\":\"https:\/\/hcd.malargue.gov.ar\/?author=5\"}]}<\/script>\n<!-- \/ Yoast SEO plugin. -->","yoast_head_json":{"title":"COMUNICACI\u00d3N\u00a0 N\u00b0 483\/2.025 - Malarg\u00fce HCD","robots":{"index":"index","follow":"follow","max-snippet":"max-snippet:-1","max-image-preview":"max-image-preview:large","max-video-preview":"max-video-preview:-1"},"canonical":"https:\/\/hcd.malargue.gov.ar\/?p=38810","og_locale":"es_ES","og_type":"article","og_title":"COMUNICACI\u00d3N\u00a0 N\u00b0 483\/2.025 - Malarg\u00fce HCD","og_description":"El HCD promueve la adhesi\u00f3n a la Ley Nacional de Prevenci\u00f3n del Suicidio tras las Jornadas de Salud Mental En el marco de las Jornadas de Salud Mental realizadas los d\u00edas 24 y 25 de abril en la Escuela N\u00b0 4-018 General Manuel Nicol\u00e1s Savio y el Hotel Inn &amp; Suites Malarg\u00fce, el Honorable Concejo [&hellip;]","og_url":"https:\/\/hcd.malargue.gov.ar\/?p=38810","og_site_name":"Malarg\u00fce HCD","article_published_time":"2025-05-19T12:57:33+00:00","article_modified_time":"2025-05-19T12:58:40+00:00","og_image":[{"width":940,"height":788,"url":"https:\/\/hcd.malargue.gov.ar\/wp-content\/uploads\/2025\/05\/COMUNICACION-483.png","type":"image\/png"}],"author":"Belen Pedernera Ferragut","twitter_card":"summary_large_image","twitter_misc":{"Escrito por":"Belen Pedernera Ferragut","Tiempo de lectura":"6 minutos"},"schema":{"@context":"https:\/\/schema.org","@graph":[{"@type":"WebPage","@id":"https:\/\/hcd.malargue.gov.ar\/?p=38810","url":"https:\/\/hcd.malargue.gov.ar\/?p=38810","name":"COMUNICACI\u00d3N\u00a0 N\u00b0 483\/2.025 - Malarg\u00fce HCD","isPartOf":{"@id":"https:\/\/hcd.malargue.gov.ar\/#website"},"datePublished":"2025-05-19T12:57:33+00:00","dateModified":"2025-05-19T12:58:40+00:00","author":{"@id":"https:\/\/hcd.malargue.gov.ar\/#\/schema\/person\/3fd6bbab64edd703961b795156c955d0"},"breadcrumb":{"@id":"https:\/\/hcd.malargue.gov.ar\/?p=38810#breadcrumb"},"inLanguage":"es-AR","potentialAction":[{"@type":"ReadAction","target":["https:\/\/hcd.malargue.gov.ar\/?p=38810"]}]},{"@type":"BreadcrumbList","@id":"https:\/\/hcd.malargue.gov.ar\/?p=38810#breadcrumb","itemListElement":[{"@type":"ListItem","position":1,"name":"Inicio","item":"https:\/\/hcd.malargue.gov.ar\/"},{"@type":"ListItem","position":2,"name":"COMUNICACI\u00d3N\u00a0 N\u00b0 483\/2.025"}]},{"@type":"WebSite","@id":"https:\/\/hcd.malargue.gov.ar\/#website","url":"https:\/\/hcd.malargue.gov.ar\/","name":"Malarg\u00fce HCD","description":"Malarg\u00fce Mendoza Argentina","potentialAction":[{"@type":"SearchAction","target":{"@type":"EntryPoint","urlTemplate":"https:\/\/hcd.malargue.gov.ar\/?s={search_term_string}"},"query-input":"required name=search_term_string"}],"inLanguage":"es-AR"},{"@type":"Person","@id":"https:\/\/hcd.malargue.gov.ar\/#\/schema\/person\/3fd6bbab64edd703961b795156c955d0","name":"Belen Pedernera Ferragut","image":{"@type":"ImageObject","inLanguage":"es-AR","@id":"https:\/\/hcd.malargue.gov.ar\/#\/schema\/person\/image\/","url":"https:\/\/secure.gravatar.com\/avatar\/1054ffab3893de4bb3eb29bdd22f7e34b8537bf5d34d9dab311818154ad5b71f?s=96&d=mm&r=g","contentUrl":"https:\/\/secure.gravatar.com\/avatar\/1054ffab3893de4bb3eb29bdd22f7e34b8537bf5d34d9dab311818154ad5b71f?s=96&d=mm&r=g","caption":"Belen Pedernera Ferragut"},"url":"https:\/\/hcd.malargue.gov.ar\/?author=5"}]}},"_links":{"self":[{"href":"https:\/\/hcd.malargue.gov.ar\/index.php?rest_route=\/wp\/v2\/posts\/38810","targetHints":{"allow":["GET"]}}],"collection":[{"href":"https:\/\/hcd.malargue.gov.ar\/index.php?rest_route=\/wp\/v2\/posts"}],"about":[{"href":"https:\/\/hcd.malargue.gov.ar\/index.php?rest_route=\/wp\/v2\/types\/post"}],"author":[{"embeddable":true,"href":"https:\/\/hcd.malargue.gov.ar\/index.php?rest_route=\/wp\/v2\/users\/5"}],"replies":[{"embeddable":true,"href":"https:\/\/hcd.malargue.gov.ar\/index.php?rest_route=%2Fwp%2Fv2%2Fcomments&post=38810"}],"version-history":[{"count":1,"href":"https:\/\/hcd.malargue.gov.ar\/index.php?rest_route=\/wp\/v2\/posts\/38810\/revisions"}],"predecessor-version":[{"id":38812,"href":"https:\/\/hcd.malargue.gov.ar\/index.php?rest_route=\/wp\/v2\/posts\/38810\/revisions\/38812"}],"wp:featuredmedia":[{"embeddable":true,"href":"https:\/\/hcd.malargue.gov.ar\/index.php?rest_route=\/wp\/v2\/media\/38811"}],"wp:attachment":[{"href":"https:\/\/hcd.malargue.gov.ar\/index.php?rest_route=%2Fwp%2Fv2%2Fmedia&parent=38810"}],"wp:term":[{"taxonomy":"category","embeddable":true,"href":"https:\/\/hcd.malargue.gov.ar\/index.php?rest_route=%2Fwp%2Fv2%2Fcategories&post=38810"},{"taxonomy":"post_tag","embeddable":true,"href":"https:\/\/hcd.malargue.gov.ar\/index.php?rest_route=%2Fwp%2Fv2%2Ftags&post=38810"}],"curies":[{"name":"wp","href":"https:\/\/api.w.org\/{rel}","templated":true}]}}