{"id":38816,"date":"2025-05-19T12:42:02","date_gmt":"2025-05-19T15:42:02","guid":{"rendered":"https:\/\/hcd.malargue.gov.ar\/?p=38816"},"modified":"2025-05-20T08:13:44","modified_gmt":"2025-05-20T11:13:44","slug":"ordenanza-n-2-331-2-025","status":"publish","type":"post","link":"https:\/\/hcd.malargue.gov.ar\/?p=38816","title":{"rendered":"ORDENANZA N\u00b0 2.331\/2.025"},"content":{"rendered":"\n<h4 class=\"wp-block-heading has-text-align-center\"><strong>El HCD aprob\u00f3 una Ordenanza para prohibir la promoci\u00f3n personal en carteler\u00eda y veh\u00edculos municipales<\/strong><\/h4>\n\n\n\n<p><em>El Honorable Concejo Deliberante de Malarg\u00fce aprob\u00f3 una nueva Ordenanza que proh\u00edbe expresamente la incorporaci\u00f3n de nombres, s\u00edmbolos o im\u00e1genes que impliquen la promoci\u00f3n personal de funcionarios o autoridades en la carteler\u00eda p\u00fablica y en el parque automotor municipal.<\/em><\/p>\n\n\n\n<p><em>La iniciativa, impulsada por el Concejal Mart\u00edn Palma del Bloque U.C.R. Independiente, se fundamenta en la necesidad de preservar la institucionalidad y garantizar un uso responsable de los recursos p\u00fablicos. En los considerandos del proyecto se destaca que la publicidad de la gesti\u00f3n debe tener car\u00e1cter informativo, educativo o de orientaci\u00f3n social, evitando cualquier tipo de promoci\u00f3n pol\u00edtica encubierta.<\/em><\/p>\n\n\n\n<p><em>El objetivo principal de esta normativa es lograr una \u201cdespersonalizaci\u00f3n\u201d en la gesti\u00f3n municipal actual y futura, eliminando pr\u00e1cticas que desv\u00edan el prop\u00f3sito institucional de los bienes y recursos del Estado. Adem\u00e1s, se remarca que en contextos de emergencia econ\u00f3mica, es fundamental priorizar el desarrollo local y la culminaci\u00f3n de obras por sobre gastos innecesarios en promoci\u00f3n pol\u00edtica.<\/em><\/p>\n\n\n\n<p><em>La Ordenanza representa un paso importante hacia una mayor transparencia en la comunicaci\u00f3n gubernamental y busca reforzar la confianza de la comunidad en sus instituciones.<\/em><\/p>\n\n\n\n<p class=\"has-text-align-center\"><strong>MIRA LA PIEZA LEGAL COMPLETA<\/strong> \ud83d\udc47<\/p>\n\n\n<div class=\"wp-block-image\">\n<figure class=\"alignright is-resized\"><a href=\"http:\/\/hcd.malargue.gov.ar\/2025\/On%202331%202025%20Prohibir%20promocion%20personal%20de%20Funcionarios.pdf\"><img loading=\"lazy\" decoding=\"async\" width=\"512\" height=\"512\" src=\"https:\/\/hcd.malargue.gov.ar\/wp-content\/uploads\/2018\/06\/PDF-JPG.jpg\" alt=\"\" class=\"wp-image-7950\" style=\"width:135px;height:auto\" srcset=\"https:\/\/hcd.malargue.gov.ar\/wp-content\/uploads\/2018\/06\/PDF-JPG.jpg 512w, https:\/\/hcd.malargue.gov.ar\/wp-content\/uploads\/2018\/06\/PDF-JPG-150x150.jpg 150w, https:\/\/hcd.malargue.gov.ar\/wp-content\/uploads\/2018\/06\/PDF-JPG-300x300.jpg 300w\" sizes=\"auto, (max-width: 512px) 100vw, 512px\" \/><\/a><\/figure>\n<\/div>\n\n\n<p><strong>AUTOR: CONCEJAL MARTIN PALMA<\/strong><\/p>\n\n\n\n<p><strong>BLOQUE U.C.R. INDEPENDIENTE<\/strong><\/p>\n\n\n\n<p>VISTO: El contenido del Expediente N\u00b0 5.494-HC 069-2.024. Bloque U.C.R Independiente. Proyecto de Ordenanza: Prohibir en el Departamento Ejecutivo Municipal, publicidad y\/o promoci\u00f3n personal de las Autoridades o Funcionarios, en la carteler\u00eda p\u00fablica y en todo el parque automotor.<\/p>\n\n\n\n<p>Que la comunicaci\u00f3n y la transparencia son importantes para que los ciudadanos comprendan c\u00f3mo se est\u00e1n utilizando los fondos y qu\u00e9 proyectos est\u00e1n en marcha, esto debe hacerse de manera equilibrada y con responsabilidad ya que los fondos p\u00fablicos deben ser manejados priorizando el desarrollo y la mejora de la comunidad antes que los intereses pol\u00edticos o personales.<\/p>\n\n\n\n<p>y;<\/p>\n\n\n\n<p>CONSIDERANDO: Que es necesario disponer de manera legal que la publicidad de los actos que se realizan desde el municipio tengan car\u00e1cter informativo, educativo o de orientaci\u00f3n social sin que ello implique la promoci\u00f3n personal de las autoridades o funcionarios de turno, a fin de evitar el uso indiscriminado del dinero p\u00fablico en promocionar la gesti\u00f3n con fines pol\u00edticos.<\/p>\n\n\n\n<p>Que esta pieza legal busca la &#8220;despersonalizaci\u00f3n en la gesti\u00f3n municipal presente y futura, a fin de evitar que la promoci\u00f3n de una gesti\u00f3n se transforme en una campa\u00f1a pol\u00edtica encubierta.<\/p>\n\n\n\n<p>Que toda gesti\u00f3n municipal deber\u00e1 preservar solo el car\u00e1cter informativo de los actos de gobierno, en el sentido m\u00e1s amplio del t\u00e9rmino, descartando cualquier otra intenci\u00f3n, oculta o explicita.<\/p>\n\n\n\n<p>Que la publicidad oficial no deber\u00e1 asociar la cara y el nombre del Jefe Comunal para hacer conocer los avances de obras que se realizan y los logros de la gesti\u00f3n.<\/p>\n\n\n\n<p>Que se debe tener en cuenta que el pueblo es quien elige a los<\/p>\n\n\n\n<p>representantes, quienes deben administrar el dinero p\u00fablico, es decir el dinero de los ciudadanos y no de los funcionarios de turno.<\/p>\n\n\n\n<p>Que es de suma importancia regularizar la situaci\u00f3n a fin de evitar que gestiones futuras utilicen el dinero p\u00fablico en promociones incorrectas, debiendo en este caso instar al Departamento Ejecutivo Municipal a eliminar toda promoci\u00f3n de gesti\u00f3n, incorporada en el parque automotor como as\u00ed tambi\u00e9n en la carteler\u00eda p\u00fablica.<\/p>\n\n\n\n<p>Que la carteler\u00eda p\u00fablica y el parque automotor municipal deben reflejar la institucionalidad y el servicio a la comunidad, no intereses personales. La promoci\u00f3n personal de autoridades desv\u00eda la atenci\u00f3n del prop\u00f3sito institucional y da una impresi\u00f3n de favoritismo.<\/p>\n\n\n\n<p>Que el dinero invertido en infraestructura, servicios y programas para la comunidad tiene un impacto directo en la vida de los ciudadanos, mejorando su entorno y calidad de vida<\/p>\n\n\n\n<p>Que los recursos p\u00fablicos, como los veh\u00edculos municipales y la carteler\u00eda, est\u00e1n destinados a servir a la ciudadan\u00eda y no a promover a individuos espec\u00edficos.<\/p>\n\n\n\n<p>Que mantener una separaci\u00f3n clara entre las instituciones y las personas que las dirigen ayuda a preservar la confianza de la comunidad en la administraci\u00f3n municipal.<\/p>\n\n\n\n<p>Que en la gesti\u00f3n pasada se vio como toda la carteler\u00eda municipal llevaba el nombre del Jefe Comunal, lo que constituy\u00f3 un gasto indiscriminado e innecesario.<\/p>\n\n\n\n<p>Que dada la emergencia econ\u00f3mica de nuestro departamento, no podemos priorizar y darle importancia a gastos en publicidad de gesti\u00f3n pol\u00edtica y contar con obras no finalizadas, no apostando al desarrollo local.<\/p>\n\n\n\n<p>Que el reemplazo de toda la carteler\u00eda municipal, implica un gasto significativo de recursos materiales y humanos.<\/p>\n\n\n\n<p>EL HONORABLE CONCEJO DELIBERANTE DE LA MUNICIPALIDAD DE MALARG\u00dcE EN USO DE LAS FACULTADES QUE LE SON PROPIAS<\/p>\n\n\n\n<p>ORDENA<\/p>\n\n\n\n<p>ART\u00cdCULO 1\u00ba: Proh\u00edbase en todo el Departamento Ejecutivo Municipal, la incorporaci\u00f3n de nombres, s\u00edmbolos o im\u00e1genes que suponga la promoci\u00f3n personal de las autoridades o funcionarios, en la carteler\u00eda p\u00fablica y en todo el parque automotor perteneciente a la Municipalidad de Malarg\u00fce.<\/p>\n\n\n\n<p>ART\u00cdCULO 2\u00b0: La publicidad de los actos, programas, obras, servicios y campa\u00f1as del Departamento Ejecutivo Municipal, deber\u00e1n ser de car\u00e1cter informativo, educativo y\/o de orientaci\u00f3n social, quedando prohibida la incorporaci\u00f3n de nombres, s\u00edmbolos o im\u00e1genes que supongan promoci\u00f3n personal de las autoridades o funcionarios p\u00fablicos.<\/p>\n\n\n\n<p>ART\u00cdCULO 3\u00b0: Comun\u00edquese, reg\u00edstrese, c\u00famplase, publ\u00edquese, agr\u00e9guese copia de la presente en las actuaciones correspondientes y arch\u00edvese.<\/p>\n\n\n\n<p>DADA EN LA SALA DE SESIONES DR.&nbsp; RICARDO BALBIN DEL HONORABLE CONCEJO DELIBERANTE DE LA MUNICIPALIDAD DE MALARG\u00dcE A OCHO D\u00cdAS DE MAYO DE DOS MIL VEINTICINCO.<\/p>\n","protected":false},"excerpt":{"rendered":"<p>El HCD aprob\u00f3 una Ordenanza para prohibir la promoci\u00f3n personal en carteler\u00eda y veh\u00edculos municipales El Honorable Concejo Deliberante de Malarg\u00fce aprob\u00f3 una nueva Ordenanza que proh\u00edbe expresamente la incorporaci\u00f3n de nombres, s\u00edmbolos o im\u00e1genes que impliquen la promoci\u00f3n personal de funcionarios o autoridades en la carteler\u00eda p\u00fablica y en el parque automotor municipal. La [&hellip;]<\/p>\n","protected":false},"author":5,"featured_media":38818,"comment_status":"closed","ping_status":"closed","sticky":false,"template":"","format":"standard","meta":{"footnotes":""},"categories":[52,29,48,33],"tags":[],"class_list":["post-38816","post","type-post","status-publish","format-standard","has-post-thumbnail","hentry","category-gacetillas","category-lesgilacion","category-ordenanzas-municipales","category-prensa"],"yoast_head":"<!-- This site is optimized with the Yoast SEO plugin v19.10 - https:\/\/yoast.com\/wordpress\/plugins\/seo\/ -->\n<title>ORDENANZA N\u00b0 2.331\/2.025 - Malarg\u00fce HCD<\/title>\n<meta name=\"robots\" content=\"index, follow, max-snippet:-1, max-image-preview:large, max-video-preview:-1\" \/>\n<link rel=\"canonical\" href=\"https:\/\/hcd.malargue.gov.ar\/?p=38816\" \/>\n<meta property=\"og:locale\" content=\"es_ES\" \/>\n<meta property=\"og:type\" content=\"article\" \/>\n<meta property=\"og:title\" content=\"ORDENANZA N\u00b0 2.331\/2.025 - Malarg\u00fce HCD\" \/>\n<meta property=\"og:description\" content=\"El HCD aprob\u00f3 una Ordenanza para prohibir la promoci\u00f3n personal en carteler\u00eda y veh\u00edculos municipales El Honorable Concejo Deliberante de Malarg\u00fce aprob\u00f3 una nueva Ordenanza que proh\u00edbe expresamente la incorporaci\u00f3n de nombres, s\u00edmbolos o im\u00e1genes que impliquen la promoci\u00f3n personal de funcionarios o autoridades en la carteler\u00eda p\u00fablica y en el parque automotor municipal. La [&hellip;]\" \/>\n<meta property=\"og:url\" content=\"https:\/\/hcd.malargue.gov.ar\/?p=38816\" \/>\n<meta property=\"og:site_name\" content=\"Malarg\u00fce HCD\" \/>\n<meta property=\"article:published_time\" content=\"2025-05-19T15:42:02+00:00\" \/>\n<meta property=\"article:modified_time\" content=\"2025-05-20T11:13:44+00:00\" \/>\n<meta property=\"og:image\" content=\"https:\/\/hcd.malargue.gov.ar\/wp-content\/uploads\/2025\/05\/ORDENANZA-2331-2025.png\" \/>\n\t<meta property=\"og:image:width\" content=\"940\" \/>\n\t<meta property=\"og:image:height\" content=\"788\" \/>\n\t<meta property=\"og:image:type\" content=\"image\/png\" \/>\n<meta name=\"author\" content=\"Belen Pedernera Ferragut\" \/>\n<meta name=\"twitter:card\" content=\"summary_large_image\" \/>\n<meta name=\"twitter:label1\" content=\"Escrito por\" \/>\n\t<meta name=\"twitter:data1\" content=\"Belen Pedernera Ferragut\" \/>\n\t<meta name=\"twitter:label2\" content=\"Tiempo de lectura\" \/>\n\t<meta name=\"twitter:data2\" content=\"5 minutos\" \/>\n<script type=\"application\/ld+json\" class=\"yoast-schema-graph\">{\"@context\":\"https:\/\/schema.org\",\"@graph\":[{\"@type\":\"WebPage\",\"@id\":\"https:\/\/hcd.malargue.gov.ar\/?p=38816\",\"url\":\"https:\/\/hcd.malargue.gov.ar\/?p=38816\",\"name\":\"ORDENANZA N\u00b0 2.331\/2.025 - Malarg\u00fce HCD\",\"isPartOf\":{\"@id\":\"https:\/\/hcd.malargue.gov.ar\/#website\"},\"datePublished\":\"2025-05-19T15:42:02+00:00\",\"dateModified\":\"2025-05-20T11:13:44+00:00\",\"author\":{\"@id\":\"https:\/\/hcd.malargue.gov.ar\/#\/schema\/person\/3fd6bbab64edd703961b795156c955d0\"},\"breadcrumb\":{\"@id\":\"https:\/\/hcd.malargue.gov.ar\/?p=38816#breadcrumb\"},\"inLanguage\":\"es-AR\",\"potentialAction\":[{\"@type\":\"ReadAction\",\"target\":[\"https:\/\/hcd.malargue.gov.ar\/?p=38816\"]}]},{\"@type\":\"BreadcrumbList\",\"@id\":\"https:\/\/hcd.malargue.gov.ar\/?p=38816#breadcrumb\",\"itemListElement\":[{\"@type\":\"ListItem\",\"position\":1,\"name\":\"Inicio\",\"item\":\"https:\/\/hcd.malargue.gov.ar\/\"},{\"@type\":\"ListItem\",\"position\":2,\"name\":\"ORDENANZA N\u00b0 2.331\/2.025\"}]},{\"@type\":\"WebSite\",\"@id\":\"https:\/\/hcd.malargue.gov.ar\/#website\",\"url\":\"https:\/\/hcd.malargue.gov.ar\/\",\"name\":\"Malarg\u00fce HCD\",\"description\":\"Malarg\u00fce Mendoza Argentina\",\"potentialAction\":[{\"@type\":\"SearchAction\",\"target\":{\"@type\":\"EntryPoint\",\"urlTemplate\":\"https:\/\/hcd.malargue.gov.ar\/?s={search_term_string}\"},\"query-input\":\"required name=search_term_string\"}],\"inLanguage\":\"es-AR\"},{\"@type\":\"Person\",\"@id\":\"https:\/\/hcd.malargue.gov.ar\/#\/schema\/person\/3fd6bbab64edd703961b795156c955d0\",\"name\":\"Belen Pedernera Ferragut\",\"image\":{\"@type\":\"ImageObject\",\"inLanguage\":\"es-AR\",\"@id\":\"https:\/\/hcd.malargue.gov.ar\/#\/schema\/person\/image\/\",\"url\":\"https:\/\/secure.gravatar.com\/avatar\/1054ffab3893de4bb3eb29bdd22f7e34b8537bf5d34d9dab311818154ad5b71f?s=96&d=mm&r=g\",\"contentUrl\":\"https:\/\/secure.gravatar.com\/avatar\/1054ffab3893de4bb3eb29bdd22f7e34b8537bf5d34d9dab311818154ad5b71f?s=96&d=mm&r=g\",\"caption\":\"Belen Pedernera Ferragut\"},\"url\":\"https:\/\/hcd.malargue.gov.ar\/?author=5\"}]}<\/script>\n<!-- \/ Yoast SEO plugin. -->","yoast_head_json":{"title":"ORDENANZA N\u00b0 2.331\/2.025 - Malarg\u00fce HCD","robots":{"index":"index","follow":"follow","max-snippet":"max-snippet:-1","max-image-preview":"max-image-preview:large","max-video-preview":"max-video-preview:-1"},"canonical":"https:\/\/hcd.malargue.gov.ar\/?p=38816","og_locale":"es_ES","og_type":"article","og_title":"ORDENANZA N\u00b0 2.331\/2.025 - Malarg\u00fce HCD","og_description":"El HCD aprob\u00f3 una Ordenanza para prohibir la promoci\u00f3n personal en carteler\u00eda y veh\u00edculos municipales El Honorable Concejo Deliberante de Malarg\u00fce aprob\u00f3 una nueva Ordenanza que proh\u00edbe expresamente la incorporaci\u00f3n de nombres, s\u00edmbolos o im\u00e1genes que impliquen la promoci\u00f3n personal de funcionarios o autoridades en la carteler\u00eda p\u00fablica y en el parque automotor municipal. La [&hellip;]","og_url":"https:\/\/hcd.malargue.gov.ar\/?p=38816","og_site_name":"Malarg\u00fce HCD","article_published_time":"2025-05-19T15:42:02+00:00","article_modified_time":"2025-05-20T11:13:44+00:00","og_image":[{"width":940,"height":788,"url":"https:\/\/hcd.malargue.gov.ar\/wp-content\/uploads\/2025\/05\/ORDENANZA-2331-2025.png","type":"image\/png"}],"author":"Belen Pedernera Ferragut","twitter_card":"summary_large_image","twitter_misc":{"Escrito por":"Belen Pedernera Ferragut","Tiempo de lectura":"5 minutos"},"schema":{"@context":"https:\/\/schema.org","@graph":[{"@type":"WebPage","@id":"https:\/\/hcd.malargue.gov.ar\/?p=38816","url":"https:\/\/hcd.malargue.gov.ar\/?p=38816","name":"ORDENANZA N\u00b0 2.331\/2.025 - Malarg\u00fce HCD","isPartOf":{"@id":"https:\/\/hcd.malargue.gov.ar\/#website"},"datePublished":"2025-05-19T15:42:02+00:00","dateModified":"2025-05-20T11:13:44+00:00","author":{"@id":"https:\/\/hcd.malargue.gov.ar\/#\/schema\/person\/3fd6bbab64edd703961b795156c955d0"},"breadcrumb":{"@id":"https:\/\/hcd.malargue.gov.ar\/?p=38816#breadcrumb"},"inLanguage":"es-AR","potentialAction":[{"@type":"ReadAction","target":["https:\/\/hcd.malargue.gov.ar\/?p=38816"]}]},{"@type":"BreadcrumbList","@id":"https:\/\/hcd.malargue.gov.ar\/?p=38816#breadcrumb","itemListElement":[{"@type":"ListItem","position":1,"name":"Inicio","item":"https:\/\/hcd.malargue.gov.ar\/"},{"@type":"ListItem","position":2,"name":"ORDENANZA N\u00b0 2.331\/2.025"}]},{"@type":"WebSite","@id":"https:\/\/hcd.malargue.gov.ar\/#website","url":"https:\/\/hcd.malargue.gov.ar\/","name":"Malarg\u00fce HCD","description":"Malarg\u00fce Mendoza Argentina","potentialAction":[{"@type":"SearchAction","target":{"@type":"EntryPoint","urlTemplate":"https:\/\/hcd.malargue.gov.ar\/?s={search_term_string}"},"query-input":"required name=search_term_string"}],"inLanguage":"es-AR"},{"@type":"Person","@id":"https:\/\/hcd.malargue.gov.ar\/#\/schema\/person\/3fd6bbab64edd703961b795156c955d0","name":"Belen Pedernera Ferragut","image":{"@type":"ImageObject","inLanguage":"es-AR","@id":"https:\/\/hcd.malargue.gov.ar\/#\/schema\/person\/image\/","url":"https:\/\/secure.gravatar.com\/avatar\/1054ffab3893de4bb3eb29bdd22f7e34b8537bf5d34d9dab311818154ad5b71f?s=96&d=mm&r=g","contentUrl":"https:\/\/secure.gravatar.com\/avatar\/1054ffab3893de4bb3eb29bdd22f7e34b8537bf5d34d9dab311818154ad5b71f?s=96&d=mm&r=g","caption":"Belen Pedernera Ferragut"},"url":"https:\/\/hcd.malargue.gov.ar\/?author=5"}]}},"_links":{"self":[{"href":"https:\/\/hcd.malargue.gov.ar\/index.php?rest_route=\/wp\/v2\/posts\/38816","targetHints":{"allow":["GET"]}}],"collection":[{"href":"https:\/\/hcd.malargue.gov.ar\/index.php?rest_route=\/wp\/v2\/posts"}],"about":[{"href":"https:\/\/hcd.malargue.gov.ar\/index.php?rest_route=\/wp\/v2\/types\/post"}],"author":[{"embeddable":true,"href":"https:\/\/hcd.malargue.gov.ar\/index.php?rest_route=\/wp\/v2\/users\/5"}],"replies":[{"embeddable":true,"href":"https:\/\/hcd.malargue.gov.ar\/index.php?rest_route=%2Fwp%2Fv2%2Fcomments&post=38816"}],"version-history":[{"count":2,"href":"https:\/\/hcd.malargue.gov.ar\/index.php?rest_route=\/wp\/v2\/posts\/38816\/revisions"}],"predecessor-version":[{"id":38825,"href":"https:\/\/hcd.malargue.gov.ar\/index.php?rest_route=\/wp\/v2\/posts\/38816\/revisions\/38825"}],"wp:featuredmedia":[{"embeddable":true,"href":"https:\/\/hcd.malargue.gov.ar\/index.php?rest_route=\/wp\/v2\/media\/38818"}],"wp:attachment":[{"href":"https:\/\/hcd.malargue.gov.ar\/index.php?rest_route=%2Fwp%2Fv2%2Fmedia&parent=38816"}],"wp:term":[{"taxonomy":"category","embeddable":true,"href":"https:\/\/hcd.malargue.gov.ar\/index.php?rest_route=%2Fwp%2Fv2%2Fcategories&post=38816"},{"taxonomy":"post_tag","embeddable":true,"href":"https:\/\/hcd.malargue.gov.ar\/index.php?rest_route=%2Fwp%2Fv2%2Ftags&post=38816"}],"curies":[{"name":"wp","href":"https:\/\/api.w.org\/{rel}","templated":true}]}}