{"id":38819,"date":"2025-05-19T12:20:00","date_gmt":"2025-05-19T15:20:00","guid":{"rendered":"https:\/\/hcd.malargue.gov.ar\/?p=38819"},"modified":"2025-05-19T12:31:48","modified_gmt":"2025-05-19T15:31:48","slug":"el-ejecutivo-municipal-se-reunio-con-el-concejo-deliberante-por-la-exclusion-de-malargue-en-el-destino-de-los-fondos-de-portezuelo","status":"publish","type":"post","link":"https:\/\/hcd.malargue.gov.ar\/?p=38819","title":{"rendered":"El Ejecutivo Municipal se reuni\u00f3 con el Concejo Deliberante por la exclusi\u00f3n de Malarg\u00fce en el destino de los fondos de Portezuelo"},"content":{"rendered":"\n<p><em>Este lunes por la ma\u00f1ana, el Intendente Celso Jaque y su equipo de gobierno participaron de una reuni\u00f3n con los Concejales del Honorable Concejo Deliberante de Malarg\u00fce, motivados por la reciente decisi\u00f3n del Gobierno Provincial de distribuir los fondos correspondientes a Portezuelo del Viento sin incluir a Malarg\u00fce.<\/em><\/p>\n\n\n<div class=\"wp-block-image\">\n<figure class=\"alignright size-large is-resized\"><img loading=\"lazy\" decoding=\"async\" width=\"1024\" height=\"576\" src=\"https:\/\/hcd.malargue.gov.ar\/wp-content\/uploads\/2025\/05\/WhatsApp-Image-2025-05-19-at-11.38.34-1024x576.jpeg\" alt=\"\" class=\"wp-image-38822\" style=\"width:456px;height:auto\" srcset=\"https:\/\/hcd.malargue.gov.ar\/wp-content\/uploads\/2025\/05\/WhatsApp-Image-2025-05-19-at-11.38.34-1024x576.jpeg 1024w, https:\/\/hcd.malargue.gov.ar\/wp-content\/uploads\/2025\/05\/WhatsApp-Image-2025-05-19-at-11.38.34-300x169.jpeg 300w, https:\/\/hcd.malargue.gov.ar\/wp-content\/uploads\/2025\/05\/WhatsApp-Image-2025-05-19-at-11.38.34-768x432.jpeg 768w, https:\/\/hcd.malargue.gov.ar\/wp-content\/uploads\/2025\/05\/WhatsApp-Image-2025-05-19-at-11.38.34.jpeg 1280w\" sizes=\"auto, (max-width: 1024px) 100vw, 1024px\" \/><\/figure>\n<\/div>\n\n\n<p><em>Durante el encuentro, que se desarroll\u00f3 en la Sala de Comisiones del HCD y culmin\u00f3 con una conferencia de prensa, se plantearon diversas problem\u00e1ticas que enfrenta el departamento en materia de infraestructura y desarrollo. Tambi\u00e9n se abordaron acciones institucionales conjuntas con el fin de reclamar por el tratamiento equitativo de Malarg\u00fce en el reparto de los $1.023 millones de d\u00f3lares que originalmente estaban destinados a la construcci\u00f3n de la represa sobre el R\u00edo Grande.<\/em> <\/p>\n\n\n\n<p><em>Participaron del di\u00e1logo los Concejales Camiolo, Mansilla, Acosta, Palma, Parada, Mosca, Gonz\u00e1lez, Villarruel y el Presidente del Cuerpo, Rodrigo Hidalgo, junto al Intendente y sus tres Secretarios. La preocupaci\u00f3n com\u00fan fue la exclusi\u00f3n del departamento de los proyectos financiados por los fondos estrat\u00e9gicos provinciales, a pesar de que Malarg\u00fce present\u00f3 numerosas iniciativas y cumpli\u00f3 con los requisitos exigidos por el Ejecutivo provincial.<\/em><\/p>\n\n\n\n<p><em>Entre las obras prioritarias mencionadas se destacaron la necesidad de un nuevo puente sobre el r\u00edo Malarg\u00fce, mejoras en la traza vial para los barrios del sur de la ciudad, proyectos el\u00e9ctricos para zonas rurales como Las Loicas y El Cortaderal, y la urgencia de reactivar el Gasoducto Papagayos-Malarg\u00fce. Adem\u00e1s, se hizo hincapi\u00e9 en la cr\u00edtica situaci\u00f3n de la Ruta Nacional 40 y la Ruta Provincial 186, ambas en condiciones precarias, lo que obstaculiza el desarrollo tur\u00edstico, minero y productivo del sur mendocino.<\/em><\/p>\n\n\n\n<p><em>\u201cHoy m\u00e1s que nunca tenemos que estar unidos, m\u00e1s all\u00e1 de las diferencias pol\u00edticas. Nos duele sentir que Malarg\u00fce est\u00e1 ausente en la agenda provincial\u201d, expres\u00f3 el Intendente, quien confirm\u00f3 que ya se inici\u00f3 el di\u00e1logo con el Ministro de Gobierno para coordinar una reuni\u00f3n conjunta en los primeros d\u00edas de junio.<\/em><\/p>\n\n\n\n<p><em>Desde el Concejo Deliberante se remarc\u00f3 la unidad pol\u00edtica alcanzada en torno al reclamo: \u201cM\u00e1s all\u00e1 de la diversidad ideol\u00f3gica que tiene este Cuerpo, hay una preocupaci\u00f3n un\u00e1nime por la postergaci\u00f3n de nuestro departamento. Esta reuni\u00f3n era urgente y necesaria\u201d, afirmaron desde los distintos bloques.<\/em><\/p>\n\n\n\n<p><em>Finalmente, se resolvi\u00f3 solicitar formalmente una audiencia con el Ejecutivo Provincial e invitar a participar del planteo conjunto a otras instituciones locales, como la C\u00e1mara de Comercio y el Ente de Turismo, para exigir una respuesta concreta a las necesidades hist\u00f3ricas de Malarg\u00fce.<\/em><\/p>\n\n\n\n<p><\/p>\n","protected":false},"excerpt":{"rendered":"<p>Este lunes por la ma\u00f1ana, el Intendente Celso Jaque y su equipo de gobierno participaron de una reuni\u00f3n con los Concejales del Honorable Concejo Deliberante de Malarg\u00fce, motivados por la reciente decisi\u00f3n del Gobierno Provincial de distribuir los fondos correspondientes a Portezuelo del Viento sin incluir a Malarg\u00fce. Durante el encuentro, que se desarroll\u00f3 en [&hellip;]<\/p>\n","protected":false},"author":5,"featured_media":38824,"comment_status":"closed","ping_status":"closed","sticky":false,"template":"","format":"standard","meta":{"footnotes":""},"categories":[52,33],"tags":[],"class_list":["post-38819","post","type-post","status-publish","format-standard","has-post-thumbnail","hentry","category-gacetillas","category-prensa"],"yoast_head":"<!-- This site is optimized with the Yoast SEO plugin v19.10 - https:\/\/yoast.com\/wordpress\/plugins\/seo\/ -->\n<title>El Ejecutivo Municipal se reuni\u00f3 con el Concejo Deliberante por la exclusi\u00f3n de Malarg\u00fce en el destino de los fondos de Portezuelo - Malarg\u00fce HCD<\/title>\n<meta name=\"robots\" content=\"index, follow, max-snippet:-1, max-image-preview:large, max-video-preview:-1\" \/>\n<link rel=\"canonical\" href=\"https:\/\/hcd.malargue.gov.ar\/?p=38819\" \/>\n<meta property=\"og:locale\" content=\"es_ES\" \/>\n<meta property=\"og:type\" content=\"article\" \/>\n<meta property=\"og:title\" content=\"El Ejecutivo Municipal se reuni\u00f3 con el Concejo Deliberante por la exclusi\u00f3n de Malarg\u00fce en el destino de los fondos de Portezuelo - Malarg\u00fce HCD\" \/>\n<meta property=\"og:description\" content=\"Este lunes por la ma\u00f1ana, el Intendente Celso Jaque y su equipo de gobierno participaron de una reuni\u00f3n con los Concejales del Honorable Concejo Deliberante de Malarg\u00fce, motivados por la reciente decisi\u00f3n del Gobierno Provincial de distribuir los fondos correspondientes a Portezuelo del Viento sin incluir a Malarg\u00fce. Durante el encuentro, que se desarroll\u00f3 en [&hellip;]\" \/>\n<meta property=\"og:url\" content=\"https:\/\/hcd.malargue.gov.ar\/?p=38819\" \/>\n<meta property=\"og:site_name\" content=\"Malarg\u00fce HCD\" \/>\n<meta property=\"article:published_time\" content=\"2025-05-19T15:20:00+00:00\" \/>\n<meta property=\"article:modified_time\" content=\"2025-05-19T15:31:48+00:00\" \/>\n<meta property=\"og:image\" content=\"https:\/\/hcd.malargue.gov.ar\/wp-content\/uploads\/2025\/05\/conferencia-de-prensa-scaled.jpeg\" \/>\n\t<meta property=\"og:image:width\" content=\"2560\" \/>\n\t<meta property=\"og:image:height\" content=\"1648\" \/>\n\t<meta property=\"og:image:type\" content=\"image\/jpeg\" \/>\n<meta name=\"author\" content=\"Belen Pedernera Ferragut\" \/>\n<meta name=\"twitter:card\" content=\"summary_large_image\" \/>\n<meta name=\"twitter:label1\" content=\"Escrito por\" \/>\n\t<meta name=\"twitter:data1\" content=\"Belen Pedernera Ferragut\" \/>\n\t<meta name=\"twitter:label2\" content=\"Tiempo de lectura\" \/>\n\t<meta name=\"twitter:data2\" content=\"3 minutos\" \/>\n<script type=\"application\/ld+json\" class=\"yoast-schema-graph\">{\"@context\":\"https:\/\/schema.org\",\"@graph\":[{\"@type\":\"WebPage\",\"@id\":\"https:\/\/hcd.malargue.gov.ar\/?p=38819\",\"url\":\"https:\/\/hcd.malargue.gov.ar\/?p=38819\",\"name\":\"El Ejecutivo Municipal se reuni\u00f3 con el Concejo Deliberante por la exclusi\u00f3n de Malarg\u00fce en el destino de los fondos de Portezuelo - Malarg\u00fce HCD\",\"isPartOf\":{\"@id\":\"https:\/\/hcd.malargue.gov.ar\/#website\"},\"datePublished\":\"2025-05-19T15:20:00+00:00\",\"dateModified\":\"2025-05-19T15:31:48+00:00\",\"author\":{\"@id\":\"https:\/\/hcd.malargue.gov.ar\/#\/schema\/person\/3fd6bbab64edd703961b795156c955d0\"},\"breadcrumb\":{\"@id\":\"https:\/\/hcd.malargue.gov.ar\/?p=38819#breadcrumb\"},\"inLanguage\":\"es-AR\",\"potentialAction\":[{\"@type\":\"ReadAction\",\"target\":[\"https:\/\/hcd.malargue.gov.ar\/?p=38819\"]}]},{\"@type\":\"BreadcrumbList\",\"@id\":\"https:\/\/hcd.malargue.gov.ar\/?p=38819#breadcrumb\",\"itemListElement\":[{\"@type\":\"ListItem\",\"position\":1,\"name\":\"Inicio\",\"item\":\"https:\/\/hcd.malargue.gov.ar\/\"},{\"@type\":\"ListItem\",\"position\":2,\"name\":\"El Ejecutivo Municipal se reuni\u00f3 con el Concejo Deliberante por la exclusi\u00f3n de Malarg\u00fce en el destino de los fondos de Portezuelo\"}]},{\"@type\":\"WebSite\",\"@id\":\"https:\/\/hcd.malargue.gov.ar\/#website\",\"url\":\"https:\/\/hcd.malargue.gov.ar\/\",\"name\":\"Malarg\u00fce HCD\",\"description\":\"Malarg\u00fce Mendoza Argentina\",\"potentialAction\":[{\"@type\":\"SearchAction\",\"target\":{\"@type\":\"EntryPoint\",\"urlTemplate\":\"https:\/\/hcd.malargue.gov.ar\/?s={search_term_string}\"},\"query-input\":\"required name=search_term_string\"}],\"inLanguage\":\"es-AR\"},{\"@type\":\"Person\",\"@id\":\"https:\/\/hcd.malargue.gov.ar\/#\/schema\/person\/3fd6bbab64edd703961b795156c955d0\",\"name\":\"Belen Pedernera Ferragut\",\"image\":{\"@type\":\"ImageObject\",\"inLanguage\":\"es-AR\",\"@id\":\"https:\/\/hcd.malargue.gov.ar\/#\/schema\/person\/image\/\",\"url\":\"https:\/\/secure.gravatar.com\/avatar\/1054ffab3893de4bb3eb29bdd22f7e34b8537bf5d34d9dab311818154ad5b71f?s=96&d=mm&r=g\",\"contentUrl\":\"https:\/\/secure.gravatar.com\/avatar\/1054ffab3893de4bb3eb29bdd22f7e34b8537bf5d34d9dab311818154ad5b71f?s=96&d=mm&r=g\",\"caption\":\"Belen Pedernera Ferragut\"},\"url\":\"https:\/\/hcd.malargue.gov.ar\/?author=5\"}]}<\/script>\n<!-- \/ Yoast SEO plugin. -->","yoast_head_json":{"title":"El Ejecutivo Municipal se reuni\u00f3 con el Concejo Deliberante por la exclusi\u00f3n de Malarg\u00fce en el destino de los fondos de Portezuelo - Malarg\u00fce HCD","robots":{"index":"index","follow":"follow","max-snippet":"max-snippet:-1","max-image-preview":"max-image-preview:large","max-video-preview":"max-video-preview:-1"},"canonical":"https:\/\/hcd.malargue.gov.ar\/?p=38819","og_locale":"es_ES","og_type":"article","og_title":"El Ejecutivo Municipal se reuni\u00f3 con el Concejo Deliberante por la exclusi\u00f3n de Malarg\u00fce en el destino de los fondos de Portezuelo - Malarg\u00fce HCD","og_description":"Este lunes por la ma\u00f1ana, el Intendente Celso Jaque y su equipo de gobierno participaron de una reuni\u00f3n con los Concejales del Honorable Concejo Deliberante de Malarg\u00fce, motivados por la reciente decisi\u00f3n del Gobierno Provincial de distribuir los fondos correspondientes a Portezuelo del Viento sin incluir a Malarg\u00fce. Durante el encuentro, que se desarroll\u00f3 en [&hellip;]","og_url":"https:\/\/hcd.malargue.gov.ar\/?p=38819","og_site_name":"Malarg\u00fce HCD","article_published_time":"2025-05-19T15:20:00+00:00","article_modified_time":"2025-05-19T15:31:48+00:00","og_image":[{"width":2560,"height":1648,"url":"https:\/\/hcd.malargue.gov.ar\/wp-content\/uploads\/2025\/05\/conferencia-de-prensa-scaled.jpeg","type":"image\/jpeg"}],"author":"Belen Pedernera Ferragut","twitter_card":"summary_large_image","twitter_misc":{"Escrito por":"Belen Pedernera Ferragut","Tiempo de lectura":"3 minutos"},"schema":{"@context":"https:\/\/schema.org","@graph":[{"@type":"WebPage","@id":"https:\/\/hcd.malargue.gov.ar\/?p=38819","url":"https:\/\/hcd.malargue.gov.ar\/?p=38819","name":"El Ejecutivo Municipal se reuni\u00f3 con el Concejo Deliberante por la exclusi\u00f3n de Malarg\u00fce en el destino de los fondos de Portezuelo - Malarg\u00fce HCD","isPartOf":{"@id":"https:\/\/hcd.malargue.gov.ar\/#website"},"datePublished":"2025-05-19T15:20:00+00:00","dateModified":"2025-05-19T15:31:48+00:00","author":{"@id":"https:\/\/hcd.malargue.gov.ar\/#\/schema\/person\/3fd6bbab64edd703961b795156c955d0"},"breadcrumb":{"@id":"https:\/\/hcd.malargue.gov.ar\/?p=38819#breadcrumb"},"inLanguage":"es-AR","potentialAction":[{"@type":"ReadAction","target":["https:\/\/hcd.malargue.gov.ar\/?p=38819"]}]},{"@type":"BreadcrumbList","@id":"https:\/\/hcd.malargue.gov.ar\/?p=38819#breadcrumb","itemListElement":[{"@type":"ListItem","position":1,"name":"Inicio","item":"https:\/\/hcd.malargue.gov.ar\/"},{"@type":"ListItem","position":2,"name":"El Ejecutivo Municipal se reuni\u00f3 con el Concejo Deliberante por la exclusi\u00f3n de Malarg\u00fce en el destino de los fondos de Portezuelo"}]},{"@type":"WebSite","@id":"https:\/\/hcd.malargue.gov.ar\/#website","url":"https:\/\/hcd.malargue.gov.ar\/","name":"Malarg\u00fce HCD","description":"Malarg\u00fce Mendoza Argentina","potentialAction":[{"@type":"SearchAction","target":{"@type":"EntryPoint","urlTemplate":"https:\/\/hcd.malargue.gov.ar\/?s={search_term_string}"},"query-input":"required name=search_term_string"}],"inLanguage":"es-AR"},{"@type":"Person","@id":"https:\/\/hcd.malargue.gov.ar\/#\/schema\/person\/3fd6bbab64edd703961b795156c955d0","name":"Belen Pedernera Ferragut","image":{"@type":"ImageObject","inLanguage":"es-AR","@id":"https:\/\/hcd.malargue.gov.ar\/#\/schema\/person\/image\/","url":"https:\/\/secure.gravatar.com\/avatar\/1054ffab3893de4bb3eb29bdd22f7e34b8537bf5d34d9dab311818154ad5b71f?s=96&d=mm&r=g","contentUrl":"https:\/\/secure.gravatar.com\/avatar\/1054ffab3893de4bb3eb29bdd22f7e34b8537bf5d34d9dab311818154ad5b71f?s=96&d=mm&r=g","caption":"Belen Pedernera Ferragut"},"url":"https:\/\/hcd.malargue.gov.ar\/?author=5"}]}},"_links":{"self":[{"href":"https:\/\/hcd.malargue.gov.ar\/index.php?rest_route=\/wp\/v2\/posts\/38819","targetHints":{"allow":["GET"]}}],"collection":[{"href":"https:\/\/hcd.malargue.gov.ar\/index.php?rest_route=\/wp\/v2\/posts"}],"about":[{"href":"https:\/\/hcd.malargue.gov.ar\/index.php?rest_route=\/wp\/v2\/types\/post"}],"author":[{"embeddable":true,"href":"https:\/\/hcd.malargue.gov.ar\/index.php?rest_route=\/wp\/v2\/users\/5"}],"replies":[{"embeddable":true,"href":"https:\/\/hcd.malargue.gov.ar\/index.php?rest_route=%2Fwp%2Fv2%2Fcomments&post=38819"}],"version-history":[{"count":1,"href":"https:\/\/hcd.malargue.gov.ar\/index.php?rest_route=\/wp\/v2\/posts\/38819\/revisions"}],"predecessor-version":[{"id":38823,"href":"https:\/\/hcd.malargue.gov.ar\/index.php?rest_route=\/wp\/v2\/posts\/38819\/revisions\/38823"}],"wp:featuredmedia":[{"embeddable":true,"href":"https:\/\/hcd.malargue.gov.ar\/index.php?rest_route=\/wp\/v2\/media\/38824"}],"wp:attachment":[{"href":"https:\/\/hcd.malargue.gov.ar\/index.php?rest_route=%2Fwp%2Fv2%2Fmedia&parent=38819"}],"wp:term":[{"taxonomy":"category","embeddable":true,"href":"https:\/\/hcd.malargue.gov.ar\/index.php?rest_route=%2Fwp%2Fv2%2Fcategories&post=38819"},{"taxonomy":"post_tag","embeddable":true,"href":"https:\/\/hcd.malargue.gov.ar\/index.php?rest_route=%2Fwp%2Fv2%2Ftags&post=38819"}],"curies":[{"name":"wp","href":"https:\/\/api.w.org\/{rel}","templated":true}]}}