{"id":38854,"date":"2025-05-22T12:10:19","date_gmt":"2025-05-22T15:10:19","guid":{"rendered":"https:\/\/hcd.malargue.gov.ar\/?p=38854"},"modified":"2025-05-26T10:51:50","modified_gmt":"2025-05-26T13:51:50","slug":"el-hcd-llevo-a-cabo-la-9-sesion-ordinaria-aprobando-2-piezas-legales","status":"publish","type":"post","link":"https:\/\/hcd.malargue.gov.ar\/?p=38854","title":{"rendered":"EL HCD LLEV\u00d3 A CABO LA 9\u00b0 SESI\u00d3N ORDINARIA APROBANDO 2 PIEZAS LEGALES"},"content":{"rendered":"\n<h6 class=\"wp-block-heading has-text-align-right\">SESI\u00d3N ORDINARIA \u2013&nbsp; 22 de Mayo del 2025<\/h6>\n\n\n\n<h6 class=\"wp-block-heading has-text-align-right\">Presidiendo la Sesi\u00f3n:&nbsp;&nbsp;Concejal Rodrigo Hidalgo  (Bloque Partido Justicialista)<\/h6>\n\n\n\n<h6 class=\"wp-block-heading has-text-align-right\">Concejales Presentes:&nbsp; Magali Acosta, Emilce Mansilla, (Bloque Partido Justicialista), Silvina Camiolo (Reconstruyendo Malarg\u00fce), Francisco Parada (Bloque Partido Encuentro)&nbsp;Viviana Mosca, Pablo Villarruel (Bloque Frente Cambia Mendoza) Martin Palma (Bloque UCR-Independiente), Elizabeth Gonzalez (Bloque Uni\u00f3n Mendocina)<\/h6>\n\n\n<div class=\"wp-block-image\">\n<figure class=\"alignright size-large is-resized\"><img loading=\"lazy\" decoding=\"async\" width=\"1024\" height=\"796\" src=\"https:\/\/hcd.malargue.gov.ar\/wp-content\/uploads\/2025\/05\/499540101_1015435134095708_9137076873518943418_n-1024x796.jpg\" alt=\"\" class=\"wp-image-38855\" style=\"width:315px;height:auto\" srcset=\"https:\/\/hcd.malargue.gov.ar\/wp-content\/uploads\/2025\/05\/499540101_1015435134095708_9137076873518943418_n-1024x796.jpg 1024w, https:\/\/hcd.malargue.gov.ar\/wp-content\/uploads\/2025\/05\/499540101_1015435134095708_9137076873518943418_n-300x233.jpg 300w, https:\/\/hcd.malargue.gov.ar\/wp-content\/uploads\/2025\/05\/499540101_1015435134095708_9137076873518943418_n-768x597.jpg 768w, https:\/\/hcd.malargue.gov.ar\/wp-content\/uploads\/2025\/05\/499540101_1015435134095708_9137076873518943418_n-1536x1194.jpg 1536w, https:\/\/hcd.malargue.gov.ar\/wp-content\/uploads\/2025\/05\/499540101_1015435134095708_9137076873518943418_n.jpg 1780w\" sizes=\"auto, (max-width: 1024px) 100vw, 1024px\" \/><\/figure>\n<\/div>\n\n\n<p>A las 8:50 de este d\u00eda jueves\u00a022 de mayo del a\u00f1o en curso, los Ediles recibieron a las<a href=\"https:\/\/www.instagram.com\/p\/DKHi_DpRiUR\/\"> Sras Estela Aguilar y Desire Satorres en representacion del Uni\u00f3n Vecinal B\u00b0 Carbometal<\/a> quienes en el marco de la <a href=\"https:\/\/hcd.malargue.gov.ar\/?p=33279\">Resoluci\u00f3n N\u00ba 2.109\/94<\/a>, hicieron uso de la Banca del Ciudadano para exponer sobre Problem\u00e1ticas\u00a0que aquejan al Barrio, el tema fue elevado a la <a href=\"https:\/\/hcd.malargue.gov.ar\/?p=38415\">Sesi\u00f3n Especial que se encuentra abierta sobre el Freno en la Urbanizacion del Barrio.<\/a><\/p>\n\n\n\n<p>Continuando con el cumplimiento del <a href=\"https:\/\/hcd.malargue.gov.ar\/?p=30408\">Orden del D\u00eda<\/a> elevaron 4 Proyectos de los Sres Concejales y 4 Proyectos proveniente del Departamento Ejecutivo a las distintas Comisiones de trabajo para su correspondiente tratamiento. Detalle:<\/p>\n\n\n\n<blockquote class=\"wp-block-quote is-layout-flow wp-block-quote-is-layout-flow\">\n<p><strong><em>La COMISI\u00d3N DE EDUCACI\u00d3N, HIGIENE, MORALIDAD, ACCI\u00d3N SOCIAL Y CULTURA (EHMASyC) recepcionar\u00e1&nbsp;3 proyectos:&nbsp;<\/em><\/strong><\/p>\n\n\n\n<ul class=\"wp-block-list\">\n<li><em>Expte. N\u00b0 3.548\/2.025-0. Proyecto de Resoluci\u00f3n: Crear un Sistema para el Registro Municipal de Personas con Discapacidad.(BLOQUE UNI\u00d3N MENDOCINA). Autora Concejal Elizabeth GONZALEZ.<\/em><\/li>\n\n\n\n<li><em>Expte. N\u00b0 3.550\/2.025-0. Proyecto de Ordenanza: \u201cProhibici\u00f3n del uso de diagn\u00f3sticos o condiciones cl\u00ednicas como forma de descalificaci\u00f3n pol\u00edtica\u201d. (BLOQUE RECONSTRUYENDO MALARG\u00dcE). Autora Concejal Silvina CAMIOLO.<\/em><\/li>\n\n\n\n<li><em>Expte. N\u00b0 3.551\/2.025-0. Proyecto de Resoluci\u00f3n: Declarar de Inter\u00e9s Departamental el Patrimonio Hist\u00f3rico y Cultural de la Miner\u00eda en Malarg\u00fce, para su puesta en valor. (INTERBLOQUE ENCUENTRO, UNI\u00d3N MENDOCINA). Autores Concejales: Francisco PARADA, Elizabeth GONZ\u00c1LEZ<\/em><\/li>\n<\/ul>\n\n\n\n<p><strong><em>La COMISI\u00d3N DE HACIENDA PRESUPUESTO LEGISLACI\u00d3N Y ASUNTOS CONSTITUCIONALES (HPLAC) recepcionar\u00e1&nbsp;1 proyecto:<\/em><\/strong><\/p>\n\n\n\n<ul class=\"wp-block-list\">\n<li>Solicitud N\u00b0 5. 960.Oficina de Despacho. Remite Acuerdo Espec\u00edfico de Colaboraci\u00f3n entre la Facultad de Ciencias Econ\u00f3micas de la Universidad Nacional de Cuyo, la Asociaci\u00f3n Cooperadora de la Facultad de Ciencias Econ\u00f3micas y la Municipalidad de Malarg\u00fce. (Decreto N\u00b0596\/2.025)<\/li>\n<\/ul>\n\n\n\n<p><em><strong>La COMISI\u00d3N DE OBRAS P\u00daBLICAS, TURISMO Y RECURSOS NATURALES (OPTyRN) recepcionar\u00e1 1 proyecto:&nbsp;<\/strong><\/em><\/p>\n\n\n\n<ul class=\"wp-block-list\">\n<li><em>Expte. N\u00b0 3.542\/2.025-0.Proyecto de Ordenanza: Declarar Patrimonio Natural y Cient\u00edfico al \u201cCerro El Zaino\u201d del Departamento de Malarg\u00fce. (BLOQUE FRENTE CAMBIA MENDOZA). Autor Concejal: Pablo VILLARRUEL<\/em> (Tras el an\u00e1lisis en la Comisi\u00f3n de Obras Publicas, pasa a la Comisi\u00f3n de Hacienda).<\/li>\n<\/ul>\n\n\n\n<p><em><strong>La COMISI\u00d3N DE PASOS INTERNACIONALES (PIAR) recepcionar\u00e1 3 proyectos:<\/strong><\/em><\/p>\n\n\n\n<ul class=\"wp-block-list\">\n<li>Solicitud N\u00b0 5.961. Oficina de Despacho. Remite Acuerdo de Cooperaci\u00f3n entre la Municipalidad de Malarg\u00fce, Mendoza, Rep\u00fablica Argentina y la Municipalidad de San Clemente. Rep\u00fablica de Chile.(Decreto N\u00b0 595\/2.025).<\/li>\n\n\n\n<li>Solicitud N\u00b0 5.962. Oficina de Despacho. Remite Acuerdo de Cooperaci\u00f3n entre la&nbsp; Municipalidad de Malarg\u00fce, Mendoza, Rep\u00fablica Argentina y la Municipalidad de Talca, Rep\u00fablica de Chile (Decreto N\u00b0 594\/2.025).<\/li>\n\n\n\n<li>Solicitud N\u00b0 5.963. Oficina de Despacho.Remite Acuerdo de Cooperaci\u00f3n entre la Municipalidad de Malarg\u00fce, Mendoza, Rep\u00fablica Argentina y la&nbsp; Municipalidad del Maule, Rep\u00fablica&nbsp; de Chile. (Decreto N\u00b0 593\/2.025)<\/li>\n\n\n\n<li><\/li>\n<\/ul>\n<\/blockquote>\n\n\n\n<p>En el punto <em><strong>h)<\/strong><\/em><strong><em>Despachos de las Comisiones de Trabajo<\/em><\/strong>, se aprob\u00f3 una <strong>Resoluci\u00f3n: <\/strong>Solicitar al Departamento Ejecutivo Municipal la ejecuci\u00f3n de la <a href=\"https:\/\/hcd.malargue.gov.ar\/?p=34168\">Ordenanza N\u00b0 2.233\/2.023<\/a>.&nbsp;(Expte. N\u00b0 2.061\/2.025-0)<\/p>\n\n\n\n<p>En el punto<em><strong> i)Asuntos Varios, <\/strong><\/em>la Concejal&nbsp;Acosta mocion\u00f3 por la desafectaci\u00f3n del Expte N\u00b0 3607\/2025, del cual se aprob\u00f3 una <strong>Declaraci\u00f3n<\/strong> de interes educativo, cultural y social el Paseo Colonial organizado  por el Jardin Pehuenchitos en conmemoracion de la semana de mayo. <\/p>\n\n\n\n<p>Suman un total de&nbsp;2 Piezas Legales las aprobadas por el Cuerpo el dia de la fecha.<\/p>\n\n\n\n<p>Sin m\u00e1s que tratar, el Presidente del Cuerpo Deliberativo dio por finalizada la Sesi\u00f3n.<\/p>\n\n\n\n<p class=\"has-text-align-center\">\ud83c\udfa5 <strong>VER LA SESI\u00d3N EN VIVO<\/strong>: <a href=\"https:\/\/www.youtube.com\/live\/1uhjwGJnpDw\">https:\/\/www.youtube.com\/live\/1uhjwGJnpDw<\/a><\/p>\n\n\n\n<p class=\"has-text-align-center\"><a href=\"https:\/\/www.facebook.com\/photo\/?fbid=1015434617429093&amp;set=pcb.1015435160762372\">\ud83d\udcf8 <strong>GALERIA DE FOTOS<\/strong><\/a><\/p>\n\n\n\n<p><\/p>\n","protected":false},"excerpt":{"rendered":"<p>SESI\u00d3N ORDINARIA \u2013&nbsp; 22 de Mayo del 2025 Presidiendo la Sesi\u00f3n:&nbsp;&nbsp;Concejal Rodrigo Hidalgo (Bloque Partido Justicialista) Concejales Presentes:&nbsp; Magali Acosta, Emilce Mansilla, (Bloque Partido Justicialista), Silvina Camiolo (Reconstruyendo Malarg\u00fce), Francisco Parada (Bloque Partido Encuentro)&nbsp;Viviana Mosca, Pablo Villarruel (Bloque Frente Cambia Mendoza) Martin Palma (Bloque UCR-Independiente), Elizabeth Gonzalez (Bloque Uni\u00f3n Mendocina) A las 8:50 de este [&hellip;]<\/p>\n","protected":false},"author":5,"featured_media":38856,"comment_status":"closed","ping_status":"closed","sticky":false,"template":"","format":"standard","meta":{"footnotes":""},"categories":[83,52,58,33,36],"tags":[],"class_list":["post-38854","post","type-post","status-publish","format-standard","has-post-thumbnail","hentry","category-banca-del-ciudadano","category-gacetillas","category-ordinarias","category-prensa","category-sesiones"],"yoast_head":"<!-- This site is optimized with the Yoast SEO plugin v19.10 - https:\/\/yoast.com\/wordpress\/plugins\/seo\/ -->\n<title>EL HCD LLEV\u00d3 A CABO LA 9\u00b0 SESI\u00d3N ORDINARIA APROBANDO 2 PIEZAS LEGALES - Malarg\u00fce HCD<\/title>\n<meta name=\"robots\" content=\"index, follow, max-snippet:-1, max-image-preview:large, max-video-preview:-1\" \/>\n<link rel=\"canonical\" href=\"https:\/\/hcd.malargue.gov.ar\/?p=38854\" \/>\n<meta property=\"og:locale\" content=\"es_ES\" \/>\n<meta property=\"og:type\" content=\"article\" \/>\n<meta property=\"og:title\" content=\"EL HCD LLEV\u00d3 A CABO LA 9\u00b0 SESI\u00d3N ORDINARIA APROBANDO 2 PIEZAS LEGALES - Malarg\u00fce HCD\" \/>\n<meta property=\"og:description\" content=\"SESI\u00d3N ORDINARIA \u2013&nbsp; 22 de Mayo del 2025 Presidiendo la Sesi\u00f3n:&nbsp;&nbsp;Concejal Rodrigo Hidalgo (Bloque Partido Justicialista) Concejales Presentes:&nbsp; Magali Acosta, Emilce Mansilla, (Bloque Partido Justicialista), Silvina Camiolo (Reconstruyendo Malarg\u00fce), Francisco Parada (Bloque Partido Encuentro)&nbsp;Viviana Mosca, Pablo Villarruel (Bloque Frente Cambia Mendoza) Martin Palma (Bloque UCR-Independiente), Elizabeth Gonzalez (Bloque Uni\u00f3n Mendocina) A las 8:50 de este [&hellip;]\" \/>\n<meta property=\"og:url\" content=\"https:\/\/hcd.malargue.gov.ar\/?p=38854\" \/>\n<meta property=\"og:site_name\" content=\"Malarg\u00fce HCD\" \/>\n<meta property=\"article:published_time\" content=\"2025-05-22T15:10:19+00:00\" \/>\n<meta property=\"article:modified_time\" content=\"2025-05-26T13:51:50+00:00\" \/>\n<meta property=\"og:image\" content=\"https:\/\/hcd.malargue.gov.ar\/wp-content\/uploads\/2025\/05\/499648779_1015434980762390_6866363823999109968_n.jpg\" \/>\n\t<meta property=\"og:image:width\" content=\"1515\" \/>\n\t<meta property=\"og:image:height\" content=\"850\" \/>\n\t<meta property=\"og:image:type\" content=\"image\/jpeg\" \/>\n<meta name=\"author\" content=\"Belen Pedernera Ferragut\" \/>\n<meta name=\"twitter:card\" content=\"summary_large_image\" \/>\n<meta name=\"twitter:label1\" content=\"Escrito por\" \/>\n\t<meta name=\"twitter:data1\" content=\"Belen Pedernera Ferragut\" \/>\n\t<meta name=\"twitter:label2\" content=\"Tiempo de lectura\" \/>\n\t<meta name=\"twitter:data2\" content=\"3 minutos\" \/>\n<script type=\"application\/ld+json\" class=\"yoast-schema-graph\">{\"@context\":\"https:\/\/schema.org\",\"@graph\":[{\"@type\":\"WebPage\",\"@id\":\"https:\/\/hcd.malargue.gov.ar\/?p=38854\",\"url\":\"https:\/\/hcd.malargue.gov.ar\/?p=38854\",\"name\":\"EL HCD LLEV\u00d3 A CABO LA 9\u00b0 SESI\u00d3N ORDINARIA APROBANDO 2 PIEZAS LEGALES - Malarg\u00fce HCD\",\"isPartOf\":{\"@id\":\"https:\/\/hcd.malargue.gov.ar\/#website\"},\"datePublished\":\"2025-05-22T15:10:19+00:00\",\"dateModified\":\"2025-05-26T13:51:50+00:00\",\"author\":{\"@id\":\"https:\/\/hcd.malargue.gov.ar\/#\/schema\/person\/3fd6bbab64edd703961b795156c955d0\"},\"breadcrumb\":{\"@id\":\"https:\/\/hcd.malargue.gov.ar\/?p=38854#breadcrumb\"},\"inLanguage\":\"es-AR\",\"potentialAction\":[{\"@type\":\"ReadAction\",\"target\":[\"https:\/\/hcd.malargue.gov.ar\/?p=38854\"]}]},{\"@type\":\"BreadcrumbList\",\"@id\":\"https:\/\/hcd.malargue.gov.ar\/?p=38854#breadcrumb\",\"itemListElement\":[{\"@type\":\"ListItem\",\"position\":1,\"name\":\"Inicio\",\"item\":\"https:\/\/hcd.malargue.gov.ar\/\"},{\"@type\":\"ListItem\",\"position\":2,\"name\":\"EL HCD LLEV\u00d3 A CABO LA 9\u00b0 SESI\u00d3N ORDINARIA APROBANDO 2 PIEZAS LEGALES\"}]},{\"@type\":\"WebSite\",\"@id\":\"https:\/\/hcd.malargue.gov.ar\/#website\",\"url\":\"https:\/\/hcd.malargue.gov.ar\/\",\"name\":\"Malarg\u00fce HCD\",\"description\":\"Malarg\u00fce Mendoza Argentina\",\"potentialAction\":[{\"@type\":\"SearchAction\",\"target\":{\"@type\":\"EntryPoint\",\"urlTemplate\":\"https:\/\/hcd.malargue.gov.ar\/?s={search_term_string}\"},\"query-input\":\"required name=search_term_string\"}],\"inLanguage\":\"es-AR\"},{\"@type\":\"Person\",\"@id\":\"https:\/\/hcd.malargue.gov.ar\/#\/schema\/person\/3fd6bbab64edd703961b795156c955d0\",\"name\":\"Belen Pedernera Ferragut\",\"image\":{\"@type\":\"ImageObject\",\"inLanguage\":\"es-AR\",\"@id\":\"https:\/\/hcd.malargue.gov.ar\/#\/schema\/person\/image\/\",\"url\":\"https:\/\/secure.gravatar.com\/avatar\/1054ffab3893de4bb3eb29bdd22f7e34b8537bf5d34d9dab311818154ad5b71f?s=96&d=mm&r=g\",\"contentUrl\":\"https:\/\/secure.gravatar.com\/avatar\/1054ffab3893de4bb3eb29bdd22f7e34b8537bf5d34d9dab311818154ad5b71f?s=96&d=mm&r=g\",\"caption\":\"Belen Pedernera Ferragut\"},\"url\":\"https:\/\/hcd.malargue.gov.ar\/?author=5\"}]}<\/script>\n<!-- \/ Yoast SEO plugin. -->","yoast_head_json":{"title":"EL HCD LLEV\u00d3 A CABO LA 9\u00b0 SESI\u00d3N ORDINARIA APROBANDO 2 PIEZAS LEGALES - Malarg\u00fce HCD","robots":{"index":"index","follow":"follow","max-snippet":"max-snippet:-1","max-image-preview":"max-image-preview:large","max-video-preview":"max-video-preview:-1"},"canonical":"https:\/\/hcd.malargue.gov.ar\/?p=38854","og_locale":"es_ES","og_type":"article","og_title":"EL HCD LLEV\u00d3 A CABO LA 9\u00b0 SESI\u00d3N ORDINARIA APROBANDO 2 PIEZAS LEGALES - Malarg\u00fce HCD","og_description":"SESI\u00d3N ORDINARIA \u2013&nbsp; 22 de Mayo del 2025 Presidiendo la Sesi\u00f3n:&nbsp;&nbsp;Concejal Rodrigo Hidalgo (Bloque Partido Justicialista) Concejales Presentes:&nbsp; Magali Acosta, Emilce Mansilla, (Bloque Partido Justicialista), Silvina Camiolo (Reconstruyendo Malarg\u00fce), Francisco Parada (Bloque Partido Encuentro)&nbsp;Viviana Mosca, Pablo Villarruel (Bloque Frente Cambia Mendoza) Martin Palma (Bloque UCR-Independiente), Elizabeth Gonzalez (Bloque Uni\u00f3n Mendocina) A las 8:50 de este [&hellip;]","og_url":"https:\/\/hcd.malargue.gov.ar\/?p=38854","og_site_name":"Malarg\u00fce HCD","article_published_time":"2025-05-22T15:10:19+00:00","article_modified_time":"2025-05-26T13:51:50+00:00","og_image":[{"width":1515,"height":850,"url":"https:\/\/hcd.malargue.gov.ar\/wp-content\/uploads\/2025\/05\/499648779_1015434980762390_6866363823999109968_n.jpg","type":"image\/jpeg"}],"author":"Belen Pedernera Ferragut","twitter_card":"summary_large_image","twitter_misc":{"Escrito por":"Belen Pedernera Ferragut","Tiempo de lectura":"3 minutos"},"schema":{"@context":"https:\/\/schema.org","@graph":[{"@type":"WebPage","@id":"https:\/\/hcd.malargue.gov.ar\/?p=38854","url":"https:\/\/hcd.malargue.gov.ar\/?p=38854","name":"EL HCD LLEV\u00d3 A CABO LA 9\u00b0 SESI\u00d3N ORDINARIA APROBANDO 2 PIEZAS LEGALES - Malarg\u00fce HCD","isPartOf":{"@id":"https:\/\/hcd.malargue.gov.ar\/#website"},"datePublished":"2025-05-22T15:10:19+00:00","dateModified":"2025-05-26T13:51:50+00:00","author":{"@id":"https:\/\/hcd.malargue.gov.ar\/#\/schema\/person\/3fd6bbab64edd703961b795156c955d0"},"breadcrumb":{"@id":"https:\/\/hcd.malargue.gov.ar\/?p=38854#breadcrumb"},"inLanguage":"es-AR","potentialAction":[{"@type":"ReadAction","target":["https:\/\/hcd.malargue.gov.ar\/?p=38854"]}]},{"@type":"BreadcrumbList","@id":"https:\/\/hcd.malargue.gov.ar\/?p=38854#breadcrumb","itemListElement":[{"@type":"ListItem","position":1,"name":"Inicio","item":"https:\/\/hcd.malargue.gov.ar\/"},{"@type":"ListItem","position":2,"name":"EL HCD LLEV\u00d3 A CABO LA 9\u00b0 SESI\u00d3N ORDINARIA APROBANDO 2 PIEZAS LEGALES"}]},{"@type":"WebSite","@id":"https:\/\/hcd.malargue.gov.ar\/#website","url":"https:\/\/hcd.malargue.gov.ar\/","name":"Malarg\u00fce HCD","description":"Malarg\u00fce Mendoza Argentina","potentialAction":[{"@type":"SearchAction","target":{"@type":"EntryPoint","urlTemplate":"https:\/\/hcd.malargue.gov.ar\/?s={search_term_string}"},"query-input":"required name=search_term_string"}],"inLanguage":"es-AR"},{"@type":"Person","@id":"https:\/\/hcd.malargue.gov.ar\/#\/schema\/person\/3fd6bbab64edd703961b795156c955d0","name":"Belen Pedernera Ferragut","image":{"@type":"ImageObject","inLanguage":"es-AR","@id":"https:\/\/hcd.malargue.gov.ar\/#\/schema\/person\/image\/","url":"https:\/\/secure.gravatar.com\/avatar\/1054ffab3893de4bb3eb29bdd22f7e34b8537bf5d34d9dab311818154ad5b71f?s=96&d=mm&r=g","contentUrl":"https:\/\/secure.gravatar.com\/avatar\/1054ffab3893de4bb3eb29bdd22f7e34b8537bf5d34d9dab311818154ad5b71f?s=96&d=mm&r=g","caption":"Belen Pedernera Ferragut"},"url":"https:\/\/hcd.malargue.gov.ar\/?author=5"}]}},"_links":{"self":[{"href":"https:\/\/hcd.malargue.gov.ar\/index.php?rest_route=\/wp\/v2\/posts\/38854","targetHints":{"allow":["GET"]}}],"collection":[{"href":"https:\/\/hcd.malargue.gov.ar\/index.php?rest_route=\/wp\/v2\/posts"}],"about":[{"href":"https:\/\/hcd.malargue.gov.ar\/index.php?rest_route=\/wp\/v2\/types\/post"}],"author":[{"embeddable":true,"href":"https:\/\/hcd.malargue.gov.ar\/index.php?rest_route=\/wp\/v2\/users\/5"}],"replies":[{"embeddable":true,"href":"https:\/\/hcd.malargue.gov.ar\/index.php?rest_route=%2Fwp%2Fv2%2Fcomments&post=38854"}],"version-history":[{"count":5,"href":"https:\/\/hcd.malargue.gov.ar\/index.php?rest_route=\/wp\/v2\/posts\/38854\/revisions"}],"predecessor-version":[{"id":38874,"href":"https:\/\/hcd.malargue.gov.ar\/index.php?rest_route=\/wp\/v2\/posts\/38854\/revisions\/38874"}],"wp:featuredmedia":[{"embeddable":true,"href":"https:\/\/hcd.malargue.gov.ar\/index.php?rest_route=\/wp\/v2\/media\/38856"}],"wp:attachment":[{"href":"https:\/\/hcd.malargue.gov.ar\/index.php?rest_route=%2Fwp%2Fv2%2Fmedia&parent=38854"}],"wp:term":[{"taxonomy":"category","embeddable":true,"href":"https:\/\/hcd.malargue.gov.ar\/index.php?rest_route=%2Fwp%2Fv2%2Fcategories&post=38854"},{"taxonomy":"post_tag","embeddable":true,"href":"https:\/\/hcd.malargue.gov.ar\/index.php?rest_route=%2Fwp%2Fv2%2Ftags&post=38854"}],"curies":[{"name":"wp","href":"https:\/\/api.w.org\/{rel}","templated":true}]}}