{"id":38865,"date":"2025-05-27T08:02:27","date_gmt":"2025-05-27T11:02:27","guid":{"rendered":"https:\/\/hcd.malargue.gov.ar\/?p=38865"},"modified":"2025-05-27T08:02:32","modified_gmt":"2025-05-27T11:02:32","slug":"decreto-n-081-2-025","status":"publish","type":"post","link":"https:\/\/hcd.malargue.gov.ar\/?p=38865","title":{"rendered":"DECRETO N\u00b0 081\/2.025"},"content":{"rendered":"\n<h4 class=\"wp-block-heading has-text-align-center\">\ud83d\ude97 <strong>El HCD regul\u00f3 el uso de sus veh\u00edculos oficiales <\/strong>\ud83d\ude90<\/h4>\n\n\n\n<p><em>La normativa contempla al autom\u00f3vil Volkswagen Vent\u00f3 y al minib\u00fas Toyota Hiace Commuter de 14 asientos, estableciendo que ambos podr\u00e1n ser utilizados exclusivamente por los Concejales y personal autorizado para actividades oficiales. Se proh\u00edbe expresamente su uso para fines particulares o pol\u00edticos, as\u00ed como para solicitudes externas, salvo que exista una autorizaci\u00f3n excepcional respaldada por la firma de al menos seis Ediles y que incluya la participaci\u00f3n m\u00ednima de tres Concejales.<\/em><\/p>\n\n\n\n<p><em>Asimismo, se exige que cada salida autorizada con el veh\u00edculo sea informada a la Presidencia a trav\u00e9s de Secretar\u00eda, y se establece la presentaci\u00f3n obligatoria de un informe posterior por parte de los Ediles involucrados. La disposici\u00f3n tambi\u00e9n proh\u00edbe que los choferes partan en veh\u00edculos oficiales sin la compa\u00f1\u00eda de al menos un Concejal.<\/em><\/p>\n\n\n\n<p class=\"has-text-align-center\"><strong>MIRA LA PIEZA LEGAL COMPLETA<\/strong>&nbsp;<\/p>\n\n\n<div class=\"wp-block-image\">\n<figure class=\"alignright is-resized\"><a href=\"http:\/\/hcd.malargue.gov.ar\/2025\/Dereto%2081%202025%20Movilidades%20oficiales.pdf\"><img loading=\"lazy\" decoding=\"async\" width=\"512\" height=\"512\" src=\"https:\/\/hcd.malargue.gov.ar\/wp-content\/uploads\/2018\/06\/PDF-JPG.jpg\" alt=\"\" class=\"wp-image-7950\" style=\"width:149px;height:auto\" srcset=\"https:\/\/hcd.malargue.gov.ar\/wp-content\/uploads\/2018\/06\/PDF-JPG.jpg 512w, https:\/\/hcd.malargue.gov.ar\/wp-content\/uploads\/2018\/06\/PDF-JPG-150x150.jpg 150w, https:\/\/hcd.malargue.gov.ar\/wp-content\/uploads\/2018\/06\/PDF-JPG-300x300.jpg 300w\" sizes=\"auto, (max-width: 512px) 100vw, 512px\" \/><\/a><\/figure>\n<\/div>\n\n\n<p><strong>AUTOR: CONCEJAL<\/strong> <strong>RODRIGO HIDALGO<\/strong><\/p>\n\n\n\n<p><strong>BLOQUE PARTIDO JUSTICIALISTA<\/strong><\/p>\n\n\n\n<p>VISTO: El contenido del Expediente N\u00b0 3.174\/2.025-0. Bloque Partido Justicialista. Proyecto de Decreto: Regulaci\u00f3n de los veh\u00edculos del Honorable Concejo Deliberante.<\/p>\n\n\n\n<p>Que el Honorable Concejo Deliberante cuenta con dos veh\u00edculos oficiales para el traslado de los integrantes de este cuerpo, los mismos son<\/p>\n\n\n\n<ul class=\"wp-block-list\">\n<li>Volkswagen Vent\u00f3 Dominio OTV 752<\/li>\n\n\n\n<li>Minib\u00fas Toyota Hiace Commuter de 14 asientos Dominio AH 159 FS.<\/li>\n<\/ul>\n\n\n\n<p>y;<\/p>\n\n\n\n<p>CONSIDERANDO: Que recientemente se adquiri\u00f3 el Minib\u00fas anteriormente mencionado en calidad de O km por lo cual resulta necesario regular su uso consider\u00e1ndose lo siguiente:<\/p>\n\n\n\n<p>Que la utilizaci\u00f3n y disposici\u00f3n del mismo debe ser exclusivo de los Se\u00f1ores Ediles y personal designado por ellos y del seno del Honorable Concejo Deliberante a los fines de efectuar actividades vinculadas a sus funciones oficiales excluyendo toda petici\u00f3n y\/o requerimiento por parte de terceros (ya sea instituciones, colegios, clubes, escuelas municipales, etc.) salvo la existencia de autorizaci\u00f3n y\/o excepci\u00f3n consensuada previamente por el cuerpo.<\/p>\n\n\n\n<p>Que debe ser empleado con el debido cuidado y mantenimiento tanto por el Cuerpo de Concejales como as\u00ed tambi\u00e9n por quienes conducen dichos automotores.<\/p>\n\n\n\n<p>Que la labor legislativa es activa y permanente, por ello es imprescindible la disponibilidad de los veh\u00edculos cuando as\u00ed se requiera.<\/p>\n\n\n\n<p>Que no se debe utilizar como un modo de hacer pol\u00edtica.<\/p>\n\n\n\n<p>Que existe normativa que regula la utilizaci\u00f3n de los veh\u00edculos del Honorable Concejo Deliberante y resulta necesario llevar a cabo una actualizaci\u00f3n de la misma.<\/p>\n\n\n\n<p>Que los veh\u00edculos oficiales ser\u00e1n conducidos \u00fanicamente por personal del Honorable Concejo Deliberante de planta permanente y\/o contratada designados a tal fin.<\/p>\n\n\n\n<p>EL HONORABLE CONCEJO DELIBERANTE DE LA MUNICIPALIDAD DE MALARG\u00dcE EN USO DE LAS FACULTADES QUE LE SON PROPIAS<\/p>\n\n\n\n<p class=\"has-text-align-center\">DECRETA<\/p>\n\n\n\n<p>ART\u00cdCULO 1\u00ba: Reg\u00falese el uso Exclusivo de los veh\u00edculos oficiales de este Honorable Concejo Deliberante por parte de los Se\u00f1ores Concejales, quienes podr\u00e1n viajar acompa\u00f1ados por personas debidamente autorizadas por ellos, del seno del Honorable Concejo Deliberante \u00fanicamente para llevar a cabo actividades afines a sus funciones oficiales.<\/p>\n\n\n\n<p>ART\u00cdCULO 2\u00ba: Habil\u00edtese la excepci\u00f3n a lo establecido en el Art\u00edculo 1\u00ba y exclusivamente para el Minib\u00fas, cuando la solicitud de uso incluya expresamente el pedido, su debida justificaci\u00f3n y cuente con el respaldo mediante la firma de al menos 6 (seis) concejales, es decir, la mitad m\u00e1s uno del Cuerpo. En estos casos deber\u00e1n asistir a la actividad, un m\u00ednimo de 3 (tres) ediles junto a la comitiva<\/p>\n\n\n\n<p>ART\u00cdCULO 3\u00ba: Solic\u00edtese que los ediles que participen del viaje autorizado deber\u00e1n presentar un informe detallado de la actividad realizada, dicho informe deber\u00e1 ser elevado en la sesi\u00f3n inmediata posterior al regreso, conforme lo establece la normativa vigente.<\/p>\n\n\n\n<p>ART\u00cdCULO 4\u00ba: Der\u00f3guese el Decreto N\u00b0 30\/2.001 y el Decreto N\u00b0 035\/2.003.<\/p>\n\n\n\n<p>ART\u00cdCULO 5\u00ba: Proh\u00edbase la autorizaci\u00f3n del uso de los veh\u00edculos oficiales que no sea para lo determinado en el art\u00edculo 1 del presente Decreto.<\/p>\n\n\n\n<p>ART\u00cdCULO 6\u00ba: Proh\u00edbase a los choferes oficiales del Honorable Concejo Deliberante partir de la ciudad de Malarg\u00fce haciendo uso de veh\u00edculos oficiales de la instituci\u00f3n si en el viaje programado no asiste ning\u00fan edil.<\/p>\n\n\n\n<p>ART\u00cdCULO 7\u00ba: Estip\u00falese: Inc. a)- Que para el uso particular del Minib\u00fas mencionado en el segundo considerando sea necesario la suscripci\u00f3n o autorizaci\u00f3n de la totalidad de seis (6) ediles con una antelaci\u00f3n de cuarenta y ocho horas 48hs h\u00e1biles administrativas.<\/p>\n\n\n\n<p>Inc. b)- Estip\u00falese que para el uso particular del automotor Volkswagen Vent\u00f3 Dominio OTV 752 la suscripci\u00f3n o autorizaci\u00f3n sea de la totalidad de tres (3) ediles con una antelaci\u00f3n de cuarenta y ocho horas (48hs) h\u00e1biles administrativas.<\/p>\n\n\n\n<p>ART\u00cdCULO 8\u00ba: Inf\u00f3rmese a trav\u00e9s de Secretaria a Presidencia la salida de los veh\u00edculos oficiales para valorar la disponibilidad del mismo inmediatamente posterior del ingreso de la nota de solicitud de uso de veh\u00edculo oficial.<\/p>\n\n\n\n<p>ART\u00cdCULO 9\u00ba: Comun\u00edquese, reg\u00edstrese, agr\u00e9guese copia de la presente en las actuaciones correspondientes y arch\u00edvese.<\/p>\n\n\n\n<p>DADA EN LA SALA DE SESIONES DR.&nbsp; RICARDO BALBIN DEL HONORABLE CONCEJO DELIBERANTE DE LA MUNICIPALIDAD DE MALARG\u00dcE A QUINCE D\u00cdAS DE MAYO DE DOS MIL VEINTICINCO.<\/p>\n\n\n\n<p><\/p>\n","protected":false},"excerpt":{"rendered":"<p>\ud83d\ude97 El HCD regul\u00f3 el uso de sus veh\u00edculos oficiales \ud83d\ude90 La normativa contempla al autom\u00f3vil Volkswagen Vent\u00f3 y al minib\u00fas Toyota Hiace Commuter de 14 asientos, estableciendo que ambos podr\u00e1n ser utilizados exclusivamente por los Concejales y personal autorizado para actividades oficiales. Se proh\u00edbe expresamente su uso para fines particulares o pol\u00edticos, as\u00ed como [&hellip;]<\/p>\n","protected":false},"author":5,"featured_media":38868,"comment_status":"closed","ping_status":"closed","sticky":false,"template":"","format":"standard","meta":{"footnotes":""},"categories":[67,52,29,33],"tags":[],"class_list":["post-38865","post","type-post","status-publish","format-standard","has-post-thumbnail","hentry","category-decretos","category-gacetillas","category-lesgilacion","category-prensa"],"yoast_head":"<!-- This site is optimized with the Yoast SEO plugin v19.10 - https:\/\/yoast.com\/wordpress\/plugins\/seo\/ -->\n<title>DECRETO N\u00b0 081\/2.025 - Malarg\u00fce HCD<\/title>\n<meta name=\"robots\" content=\"index, follow, max-snippet:-1, max-image-preview:large, max-video-preview:-1\" \/>\n<link rel=\"canonical\" href=\"https:\/\/hcd.malargue.gov.ar\/?p=38865\" \/>\n<meta property=\"og:locale\" content=\"es_ES\" \/>\n<meta property=\"og:type\" content=\"article\" \/>\n<meta property=\"og:title\" content=\"DECRETO N\u00b0 081\/2.025 - Malarg\u00fce HCD\" \/>\n<meta property=\"og:description\" content=\"\ud83d\ude97 El HCD regul\u00f3 el uso de sus veh\u00edculos oficiales \ud83d\ude90 La normativa contempla al autom\u00f3vil Volkswagen Vent\u00f3 y al minib\u00fas Toyota Hiace Commuter de 14 asientos, estableciendo que ambos podr\u00e1n ser utilizados exclusivamente por los Concejales y personal autorizado para actividades oficiales. Se proh\u00edbe expresamente su uso para fines particulares o pol\u00edticos, as\u00ed como [&hellip;]\" \/>\n<meta property=\"og:url\" content=\"https:\/\/hcd.malargue.gov.ar\/?p=38865\" \/>\n<meta property=\"og:site_name\" content=\"Malarg\u00fce HCD\" \/>\n<meta property=\"article:published_time\" content=\"2025-05-27T11:02:27+00:00\" \/>\n<meta property=\"article:modified_time\" content=\"2025-05-27T11:02:32+00:00\" \/>\n<meta property=\"og:image\" content=\"https:\/\/hcd.malargue.gov.ar\/wp-content\/uploads\/2025\/05\/DECRETO-81-2025.png\" \/>\n\t<meta property=\"og:image:width\" content=\"940\" \/>\n\t<meta property=\"og:image:height\" content=\"788\" \/>\n\t<meta property=\"og:image:type\" content=\"image\/png\" \/>\n<meta name=\"author\" content=\"Belen Pedernera Ferragut\" \/>\n<meta name=\"twitter:card\" content=\"summary_large_image\" \/>\n<meta name=\"twitter:label1\" content=\"Escrito por\" \/>\n\t<meta name=\"twitter:data1\" content=\"Belen Pedernera Ferragut\" \/>\n\t<meta name=\"twitter:label2\" content=\"Tiempo de lectura\" \/>\n\t<meta name=\"twitter:data2\" content=\"4 minutos\" \/>\n<script type=\"application\/ld+json\" class=\"yoast-schema-graph\">{\"@context\":\"https:\/\/schema.org\",\"@graph\":[{\"@type\":\"WebPage\",\"@id\":\"https:\/\/hcd.malargue.gov.ar\/?p=38865\",\"url\":\"https:\/\/hcd.malargue.gov.ar\/?p=38865\",\"name\":\"DECRETO N\u00b0 081\/2.025 - Malarg\u00fce HCD\",\"isPartOf\":{\"@id\":\"https:\/\/hcd.malargue.gov.ar\/#website\"},\"datePublished\":\"2025-05-27T11:02:27+00:00\",\"dateModified\":\"2025-05-27T11:02:32+00:00\",\"author\":{\"@id\":\"https:\/\/hcd.malargue.gov.ar\/#\/schema\/person\/3fd6bbab64edd703961b795156c955d0\"},\"breadcrumb\":{\"@id\":\"https:\/\/hcd.malargue.gov.ar\/?p=38865#breadcrumb\"},\"inLanguage\":\"es-AR\",\"potentialAction\":[{\"@type\":\"ReadAction\",\"target\":[\"https:\/\/hcd.malargue.gov.ar\/?p=38865\"]}]},{\"@type\":\"BreadcrumbList\",\"@id\":\"https:\/\/hcd.malargue.gov.ar\/?p=38865#breadcrumb\",\"itemListElement\":[{\"@type\":\"ListItem\",\"position\":1,\"name\":\"Inicio\",\"item\":\"https:\/\/hcd.malargue.gov.ar\/\"},{\"@type\":\"ListItem\",\"position\":2,\"name\":\"DECRETO N\u00b0 081\/2.025\"}]},{\"@type\":\"WebSite\",\"@id\":\"https:\/\/hcd.malargue.gov.ar\/#website\",\"url\":\"https:\/\/hcd.malargue.gov.ar\/\",\"name\":\"Malarg\u00fce HCD\",\"description\":\"Malarg\u00fce Mendoza Argentina\",\"potentialAction\":[{\"@type\":\"SearchAction\",\"target\":{\"@type\":\"EntryPoint\",\"urlTemplate\":\"https:\/\/hcd.malargue.gov.ar\/?s={search_term_string}\"},\"query-input\":\"required name=search_term_string\"}],\"inLanguage\":\"es-AR\"},{\"@type\":\"Person\",\"@id\":\"https:\/\/hcd.malargue.gov.ar\/#\/schema\/person\/3fd6bbab64edd703961b795156c955d0\",\"name\":\"Belen Pedernera Ferragut\",\"image\":{\"@type\":\"ImageObject\",\"inLanguage\":\"es-AR\",\"@id\":\"https:\/\/hcd.malargue.gov.ar\/#\/schema\/person\/image\/\",\"url\":\"https:\/\/secure.gravatar.com\/avatar\/1054ffab3893de4bb3eb29bdd22f7e34b8537bf5d34d9dab311818154ad5b71f?s=96&d=mm&r=g\",\"contentUrl\":\"https:\/\/secure.gravatar.com\/avatar\/1054ffab3893de4bb3eb29bdd22f7e34b8537bf5d34d9dab311818154ad5b71f?s=96&d=mm&r=g\",\"caption\":\"Belen Pedernera Ferragut\"},\"url\":\"https:\/\/hcd.malargue.gov.ar\/?author=5\"}]}<\/script>\n<!-- \/ Yoast SEO plugin. -->","yoast_head_json":{"title":"DECRETO N\u00b0 081\/2.025 - Malarg\u00fce HCD","robots":{"index":"index","follow":"follow","max-snippet":"max-snippet:-1","max-image-preview":"max-image-preview:large","max-video-preview":"max-video-preview:-1"},"canonical":"https:\/\/hcd.malargue.gov.ar\/?p=38865","og_locale":"es_ES","og_type":"article","og_title":"DECRETO N\u00b0 081\/2.025 - Malarg\u00fce HCD","og_description":"\ud83d\ude97 El HCD regul\u00f3 el uso de sus veh\u00edculos oficiales \ud83d\ude90 La normativa contempla al autom\u00f3vil Volkswagen Vent\u00f3 y al minib\u00fas Toyota Hiace Commuter de 14 asientos, estableciendo que ambos podr\u00e1n ser utilizados exclusivamente por los Concejales y personal autorizado para actividades oficiales. Se proh\u00edbe expresamente su uso para fines particulares o pol\u00edticos, as\u00ed como [&hellip;]","og_url":"https:\/\/hcd.malargue.gov.ar\/?p=38865","og_site_name":"Malarg\u00fce HCD","article_published_time":"2025-05-27T11:02:27+00:00","article_modified_time":"2025-05-27T11:02:32+00:00","og_image":[{"width":940,"height":788,"url":"https:\/\/hcd.malargue.gov.ar\/wp-content\/uploads\/2025\/05\/DECRETO-81-2025.png","type":"image\/png"}],"author":"Belen Pedernera Ferragut","twitter_card":"summary_large_image","twitter_misc":{"Escrito por":"Belen Pedernera Ferragut","Tiempo de lectura":"4 minutos"},"schema":{"@context":"https:\/\/schema.org","@graph":[{"@type":"WebPage","@id":"https:\/\/hcd.malargue.gov.ar\/?p=38865","url":"https:\/\/hcd.malargue.gov.ar\/?p=38865","name":"DECRETO N\u00b0 081\/2.025 - Malarg\u00fce HCD","isPartOf":{"@id":"https:\/\/hcd.malargue.gov.ar\/#website"},"datePublished":"2025-05-27T11:02:27+00:00","dateModified":"2025-05-27T11:02:32+00:00","author":{"@id":"https:\/\/hcd.malargue.gov.ar\/#\/schema\/person\/3fd6bbab64edd703961b795156c955d0"},"breadcrumb":{"@id":"https:\/\/hcd.malargue.gov.ar\/?p=38865#breadcrumb"},"inLanguage":"es-AR","potentialAction":[{"@type":"ReadAction","target":["https:\/\/hcd.malargue.gov.ar\/?p=38865"]}]},{"@type":"BreadcrumbList","@id":"https:\/\/hcd.malargue.gov.ar\/?p=38865#breadcrumb","itemListElement":[{"@type":"ListItem","position":1,"name":"Inicio","item":"https:\/\/hcd.malargue.gov.ar\/"},{"@type":"ListItem","position":2,"name":"DECRETO N\u00b0 081\/2.025"}]},{"@type":"WebSite","@id":"https:\/\/hcd.malargue.gov.ar\/#website","url":"https:\/\/hcd.malargue.gov.ar\/","name":"Malarg\u00fce HCD","description":"Malarg\u00fce Mendoza Argentina","potentialAction":[{"@type":"SearchAction","target":{"@type":"EntryPoint","urlTemplate":"https:\/\/hcd.malargue.gov.ar\/?s={search_term_string}"},"query-input":"required name=search_term_string"}],"inLanguage":"es-AR"},{"@type":"Person","@id":"https:\/\/hcd.malargue.gov.ar\/#\/schema\/person\/3fd6bbab64edd703961b795156c955d0","name":"Belen Pedernera Ferragut","image":{"@type":"ImageObject","inLanguage":"es-AR","@id":"https:\/\/hcd.malargue.gov.ar\/#\/schema\/person\/image\/","url":"https:\/\/secure.gravatar.com\/avatar\/1054ffab3893de4bb3eb29bdd22f7e34b8537bf5d34d9dab311818154ad5b71f?s=96&d=mm&r=g","contentUrl":"https:\/\/secure.gravatar.com\/avatar\/1054ffab3893de4bb3eb29bdd22f7e34b8537bf5d34d9dab311818154ad5b71f?s=96&d=mm&r=g","caption":"Belen Pedernera Ferragut"},"url":"https:\/\/hcd.malargue.gov.ar\/?author=5"}]}},"_links":{"self":[{"href":"https:\/\/hcd.malargue.gov.ar\/index.php?rest_route=\/wp\/v2\/posts\/38865","targetHints":{"allow":["GET"]}}],"collection":[{"href":"https:\/\/hcd.malargue.gov.ar\/index.php?rest_route=\/wp\/v2\/posts"}],"about":[{"href":"https:\/\/hcd.malargue.gov.ar\/index.php?rest_route=\/wp\/v2\/types\/post"}],"author":[{"embeddable":true,"href":"https:\/\/hcd.malargue.gov.ar\/index.php?rest_route=\/wp\/v2\/users\/5"}],"replies":[{"embeddable":true,"href":"https:\/\/hcd.malargue.gov.ar\/index.php?rest_route=%2Fwp%2Fv2%2Fcomments&post=38865"}],"version-history":[{"count":1,"href":"https:\/\/hcd.malargue.gov.ar\/index.php?rest_route=\/wp\/v2\/posts\/38865\/revisions"}],"predecessor-version":[{"id":38869,"href":"https:\/\/hcd.malargue.gov.ar\/index.php?rest_route=\/wp\/v2\/posts\/38865\/revisions\/38869"}],"wp:featuredmedia":[{"embeddable":true,"href":"https:\/\/hcd.malargue.gov.ar\/index.php?rest_route=\/wp\/v2\/media\/38868"}],"wp:attachment":[{"href":"https:\/\/hcd.malargue.gov.ar\/index.php?rest_route=%2Fwp%2Fv2%2Fmedia&parent=38865"}],"wp:term":[{"taxonomy":"category","embeddable":true,"href":"https:\/\/hcd.malargue.gov.ar\/index.php?rest_route=%2Fwp%2Fv2%2Fcategories&post=38865"},{"taxonomy":"post_tag","embeddable":true,"href":"https:\/\/hcd.malargue.gov.ar\/index.php?rest_route=%2Fwp%2Fv2%2Ftags&post=38865"}],"curies":[{"name":"wp","href":"https:\/\/api.w.org\/{rel}","templated":true}]}}