{"id":38870,"date":"2025-05-26T08:28:18","date_gmt":"2025-05-26T11:28:18","guid":{"rendered":"https:\/\/hcd.malargue.gov.ar\/?p=38870"},"modified":"2025-05-26T08:28:24","modified_gmt":"2025-05-26T11:28:24","slug":"el-hcd-llevo-a-cabo-la-sesion-especial-por-el-25-de-mayo-2","status":"publish","type":"post","link":"https:\/\/hcd.malargue.gov.ar\/?p=38870","title":{"rendered":"EL HCD LLEV\u00d3 A CABO LA SESI\u00d3N ESPECIAL POR EL 25 DE MAYO"},"content":{"rendered":"\n<p><em>Este domingo 25 de mayo, el Honorable Concejo Deliberante de Malarg\u00fce <a href=\"https:\/\/hcd.malargue.gov.ar\/?p=38862\">realiz\u00f3 una Sesi\u00f3n Especial en conmemoraci\u00f3n del 215\u00b0 aniversario de la Revoluci\u00f3n de Mayo<\/a>. La misma fue presidida por el Edil Pablo Villarruel y cont\u00f3 con la presencia de los Concejales Francisco Parada, Mart\u00edn Palma, Magal\u00ed Acosta, Emilce Mansilla, Silvina Camiolo, Elizabeth Gonz\u00e1lez y Viviana Mosca. Tambi\u00e9n acompa\u00f1\u00f3 el Intendente a cargo, Concejal Rodrigo Hidalgo, junto a autoridades provinciales, eclesi\u00e1sticas y miembros del gabinete municipal.<\/em><\/p>\n\n\n<div class=\"wp-block-image\">\n<figure class=\"aligncenter size-large\"><img loading=\"lazy\" decoding=\"async\" width=\"1024\" height=\"576\" src=\"https:\/\/hcd.malargue.gov.ar\/wp-content\/uploads\/2025\/05\/499932430_1017520043887217_6398900109243488117_n-1024x576.jpg\" alt=\"\" class=\"wp-image-38872\" srcset=\"https:\/\/hcd.malargue.gov.ar\/wp-content\/uploads\/2025\/05\/499932430_1017520043887217_6398900109243488117_n-1024x576.jpg 1024w, https:\/\/hcd.malargue.gov.ar\/wp-content\/uploads\/2025\/05\/499932430_1017520043887217_6398900109243488117_n-300x169.jpg 300w, https:\/\/hcd.malargue.gov.ar\/wp-content\/uploads\/2025\/05\/499932430_1017520043887217_6398900109243488117_n-768x432.jpg 768w, https:\/\/hcd.malargue.gov.ar\/wp-content\/uploads\/2025\/05\/499932430_1017520043887217_6398900109243488117_n-1536x864.jpg 1536w, https:\/\/hcd.malargue.gov.ar\/wp-content\/uploads\/2025\/05\/499932430_1017520043887217_6398900109243488117_n.jpg 2048w\" sizes=\"auto, (max-width: 1024px) 100vw, 1024px\" \/><\/figure>\n<\/div>\n\n\n<p><em>Tras la entonaci\u00f3n del Himno Nacional Argentino, varios Ediles hicieron uso de la palabra durante el punto homenaje, para destacar el significado hist\u00f3rico del Primer Gobierno Patrio y reflexionar sobre su importancia en la actualidad.<\/em><\/p>\n\n\n\n<p><em>Finalizada la Sesi\u00f3n, y como es costumbre en esta fecha patria, se invit\u00f3 a los presentes a compartir un tradicional chocolate caliente y tortas fritas.<\/em><\/p>\n\n\n\n<p class=\"has-text-align-center\">Mira la Sesi\u00f3n en vivo: <a href=\"https:\/\/www.youtube.com\/live\/5qVTq6_cmlo\">https:\/\/www.youtube.com\/live\/5qVTq6_cmlo<\/a><\/p>\n\n\n\n<p class=\"has-text-align-center\"><a href=\"https:\/\/www.facebook.com\/photo\/?fbid=1017518443887377&amp;set=pcb.1017519990553889\">GALERIA DE FOTOS<\/a><\/p>\n","protected":false},"excerpt":{"rendered":"<p>Este domingo 25 de mayo, el Honorable Concejo Deliberante de Malarg\u00fce realiz\u00f3 una Sesi\u00f3n Especial en conmemoraci\u00f3n del 215\u00b0 aniversario de la Revoluci\u00f3n de Mayo. La misma fue presidida por el Edil Pablo Villarruel y cont\u00f3 con la presencia de los Concejales Francisco Parada, Mart\u00edn Palma, Magal\u00ed Acosta, Emilce Mansilla, Silvina Camiolo, Elizabeth Gonz\u00e1lez y [&hellip;]<\/p>\n","protected":false},"author":5,"featured_media":38871,"comment_status":"closed","ping_status":"closed","sticky":false,"template":"","format":"standard","meta":{"footnotes":""},"categories":[56,52,33,36],"tags":[],"class_list":["post-38870","post","type-post","status-publish","format-standard","has-post-thumbnail","hentry","category-especiales","category-gacetillas","category-prensa","category-sesiones"],"yoast_head":"<!-- This site is optimized with the Yoast SEO plugin v19.10 - https:\/\/yoast.com\/wordpress\/plugins\/seo\/ -->\n<title>EL HCD LLEV\u00d3 A CABO LA SESI\u00d3N ESPECIAL POR EL 25 DE MAYO - Malarg\u00fce HCD<\/title>\n<meta name=\"robots\" content=\"index, follow, max-snippet:-1, max-image-preview:large, max-video-preview:-1\" \/>\n<link rel=\"canonical\" href=\"https:\/\/hcd.malargue.gov.ar\/?p=38870\" \/>\n<meta property=\"og:locale\" content=\"es_ES\" \/>\n<meta property=\"og:type\" content=\"article\" \/>\n<meta property=\"og:title\" content=\"EL HCD LLEV\u00d3 A CABO LA SESI\u00d3N ESPECIAL POR EL 25 DE MAYO - Malarg\u00fce HCD\" \/>\n<meta property=\"og:description\" content=\"Este domingo 25 de mayo, el Honorable Concejo Deliberante de Malarg\u00fce realiz\u00f3 una Sesi\u00f3n Especial en conmemoraci\u00f3n del 215\u00b0 aniversario de la Revoluci\u00f3n de Mayo. La misma fue presidida por el Edil Pablo Villarruel y cont\u00f3 con la presencia de los Concejales Francisco Parada, Mart\u00edn Palma, Magal\u00ed Acosta, Emilce Mansilla, Silvina Camiolo, Elizabeth Gonz\u00e1lez y [&hellip;]\" \/>\n<meta property=\"og:url\" content=\"https:\/\/hcd.malargue.gov.ar\/?p=38870\" \/>\n<meta property=\"og:site_name\" content=\"Malarg\u00fce HCD\" \/>\n<meta property=\"article:published_time\" content=\"2025-05-26T11:28:18+00:00\" \/>\n<meta property=\"article:modified_time\" content=\"2025-05-26T11:28:24+00:00\" \/>\n<meta property=\"og:image\" content=\"https:\/\/hcd.malargue.gov.ar\/wp-content\/uploads\/2025\/05\/500089058_1017520007220554_1277292057474830809_n.jpg\" \/>\n\t<meta property=\"og:image:width\" content=\"2048\" \/>\n\t<meta property=\"og:image:height\" content=\"1152\" \/>\n\t<meta property=\"og:image:type\" content=\"image\/jpeg\" \/>\n<meta name=\"author\" content=\"Belen Pedernera Ferragut\" \/>\n<meta name=\"twitter:card\" content=\"summary_large_image\" \/>\n<meta name=\"twitter:label1\" content=\"Escrito por\" \/>\n\t<meta name=\"twitter:data1\" content=\"Belen Pedernera Ferragut\" \/>\n\t<meta name=\"twitter:label2\" content=\"Tiempo de lectura\" \/>\n\t<meta name=\"twitter:data2\" content=\"1 minuto\" \/>\n<script type=\"application\/ld+json\" class=\"yoast-schema-graph\">{\"@context\":\"https:\/\/schema.org\",\"@graph\":[{\"@type\":\"WebPage\",\"@id\":\"https:\/\/hcd.malargue.gov.ar\/?p=38870\",\"url\":\"https:\/\/hcd.malargue.gov.ar\/?p=38870\",\"name\":\"EL HCD LLEV\u00d3 A CABO LA SESI\u00d3N ESPECIAL POR EL 25 DE MAYO - Malarg\u00fce HCD\",\"isPartOf\":{\"@id\":\"https:\/\/hcd.malargue.gov.ar\/#website\"},\"datePublished\":\"2025-05-26T11:28:18+00:00\",\"dateModified\":\"2025-05-26T11:28:24+00:00\",\"author\":{\"@id\":\"https:\/\/hcd.malargue.gov.ar\/#\/schema\/person\/3fd6bbab64edd703961b795156c955d0\"},\"breadcrumb\":{\"@id\":\"https:\/\/hcd.malargue.gov.ar\/?p=38870#breadcrumb\"},\"inLanguage\":\"es-AR\",\"potentialAction\":[{\"@type\":\"ReadAction\",\"target\":[\"https:\/\/hcd.malargue.gov.ar\/?p=38870\"]}]},{\"@type\":\"BreadcrumbList\",\"@id\":\"https:\/\/hcd.malargue.gov.ar\/?p=38870#breadcrumb\",\"itemListElement\":[{\"@type\":\"ListItem\",\"position\":1,\"name\":\"Inicio\",\"item\":\"https:\/\/hcd.malargue.gov.ar\/\"},{\"@type\":\"ListItem\",\"position\":2,\"name\":\"EL HCD LLEV\u00d3 A CABO LA SESI\u00d3N ESPECIAL POR EL 25 DE MAYO\"}]},{\"@type\":\"WebSite\",\"@id\":\"https:\/\/hcd.malargue.gov.ar\/#website\",\"url\":\"https:\/\/hcd.malargue.gov.ar\/\",\"name\":\"Malarg\u00fce HCD\",\"description\":\"Malarg\u00fce Mendoza Argentina\",\"potentialAction\":[{\"@type\":\"SearchAction\",\"target\":{\"@type\":\"EntryPoint\",\"urlTemplate\":\"https:\/\/hcd.malargue.gov.ar\/?s={search_term_string}\"},\"query-input\":\"required name=search_term_string\"}],\"inLanguage\":\"es-AR\"},{\"@type\":\"Person\",\"@id\":\"https:\/\/hcd.malargue.gov.ar\/#\/schema\/person\/3fd6bbab64edd703961b795156c955d0\",\"name\":\"Belen Pedernera Ferragut\",\"image\":{\"@type\":\"ImageObject\",\"inLanguage\":\"es-AR\",\"@id\":\"https:\/\/hcd.malargue.gov.ar\/#\/schema\/person\/image\/\",\"url\":\"https:\/\/secure.gravatar.com\/avatar\/1054ffab3893de4bb3eb29bdd22f7e34b8537bf5d34d9dab311818154ad5b71f?s=96&d=mm&r=g\",\"contentUrl\":\"https:\/\/secure.gravatar.com\/avatar\/1054ffab3893de4bb3eb29bdd22f7e34b8537bf5d34d9dab311818154ad5b71f?s=96&d=mm&r=g\",\"caption\":\"Belen Pedernera Ferragut\"},\"url\":\"https:\/\/hcd.malargue.gov.ar\/?author=5\"}]}<\/script>\n<!-- \/ Yoast SEO plugin. -->","yoast_head_json":{"title":"EL HCD LLEV\u00d3 A CABO LA SESI\u00d3N ESPECIAL POR EL 25 DE MAYO - Malarg\u00fce HCD","robots":{"index":"index","follow":"follow","max-snippet":"max-snippet:-1","max-image-preview":"max-image-preview:large","max-video-preview":"max-video-preview:-1"},"canonical":"https:\/\/hcd.malargue.gov.ar\/?p=38870","og_locale":"es_ES","og_type":"article","og_title":"EL HCD LLEV\u00d3 A CABO LA SESI\u00d3N ESPECIAL POR EL 25 DE MAYO - Malarg\u00fce HCD","og_description":"Este domingo 25 de mayo, el Honorable Concejo Deliberante de Malarg\u00fce realiz\u00f3 una Sesi\u00f3n Especial en conmemoraci\u00f3n del 215\u00b0 aniversario de la Revoluci\u00f3n de Mayo. La misma fue presidida por el Edil Pablo Villarruel y cont\u00f3 con la presencia de los Concejales Francisco Parada, Mart\u00edn Palma, Magal\u00ed Acosta, Emilce Mansilla, Silvina Camiolo, Elizabeth Gonz\u00e1lez y [&hellip;]","og_url":"https:\/\/hcd.malargue.gov.ar\/?p=38870","og_site_name":"Malarg\u00fce HCD","article_published_time":"2025-05-26T11:28:18+00:00","article_modified_time":"2025-05-26T11:28:24+00:00","og_image":[{"width":2048,"height":1152,"url":"https:\/\/hcd.malargue.gov.ar\/wp-content\/uploads\/2025\/05\/500089058_1017520007220554_1277292057474830809_n.jpg","type":"image\/jpeg"}],"author":"Belen Pedernera Ferragut","twitter_card":"summary_large_image","twitter_misc":{"Escrito por":"Belen Pedernera Ferragut","Tiempo de lectura":"1 minuto"},"schema":{"@context":"https:\/\/schema.org","@graph":[{"@type":"WebPage","@id":"https:\/\/hcd.malargue.gov.ar\/?p=38870","url":"https:\/\/hcd.malargue.gov.ar\/?p=38870","name":"EL HCD LLEV\u00d3 A CABO LA SESI\u00d3N ESPECIAL POR EL 25 DE MAYO - Malarg\u00fce HCD","isPartOf":{"@id":"https:\/\/hcd.malargue.gov.ar\/#website"},"datePublished":"2025-05-26T11:28:18+00:00","dateModified":"2025-05-26T11:28:24+00:00","author":{"@id":"https:\/\/hcd.malargue.gov.ar\/#\/schema\/person\/3fd6bbab64edd703961b795156c955d0"},"breadcrumb":{"@id":"https:\/\/hcd.malargue.gov.ar\/?p=38870#breadcrumb"},"inLanguage":"es-AR","potentialAction":[{"@type":"ReadAction","target":["https:\/\/hcd.malargue.gov.ar\/?p=38870"]}]},{"@type":"BreadcrumbList","@id":"https:\/\/hcd.malargue.gov.ar\/?p=38870#breadcrumb","itemListElement":[{"@type":"ListItem","position":1,"name":"Inicio","item":"https:\/\/hcd.malargue.gov.ar\/"},{"@type":"ListItem","position":2,"name":"EL HCD LLEV\u00d3 A CABO LA SESI\u00d3N ESPECIAL POR EL 25 DE MAYO"}]},{"@type":"WebSite","@id":"https:\/\/hcd.malargue.gov.ar\/#website","url":"https:\/\/hcd.malargue.gov.ar\/","name":"Malarg\u00fce HCD","description":"Malarg\u00fce Mendoza Argentina","potentialAction":[{"@type":"SearchAction","target":{"@type":"EntryPoint","urlTemplate":"https:\/\/hcd.malargue.gov.ar\/?s={search_term_string}"},"query-input":"required name=search_term_string"}],"inLanguage":"es-AR"},{"@type":"Person","@id":"https:\/\/hcd.malargue.gov.ar\/#\/schema\/person\/3fd6bbab64edd703961b795156c955d0","name":"Belen Pedernera Ferragut","image":{"@type":"ImageObject","inLanguage":"es-AR","@id":"https:\/\/hcd.malargue.gov.ar\/#\/schema\/person\/image\/","url":"https:\/\/secure.gravatar.com\/avatar\/1054ffab3893de4bb3eb29bdd22f7e34b8537bf5d34d9dab311818154ad5b71f?s=96&d=mm&r=g","contentUrl":"https:\/\/secure.gravatar.com\/avatar\/1054ffab3893de4bb3eb29bdd22f7e34b8537bf5d34d9dab311818154ad5b71f?s=96&d=mm&r=g","caption":"Belen Pedernera Ferragut"},"url":"https:\/\/hcd.malargue.gov.ar\/?author=5"}]}},"_links":{"self":[{"href":"https:\/\/hcd.malargue.gov.ar\/index.php?rest_route=\/wp\/v2\/posts\/38870","targetHints":{"allow":["GET"]}}],"collection":[{"href":"https:\/\/hcd.malargue.gov.ar\/index.php?rest_route=\/wp\/v2\/posts"}],"about":[{"href":"https:\/\/hcd.malargue.gov.ar\/index.php?rest_route=\/wp\/v2\/types\/post"}],"author":[{"embeddable":true,"href":"https:\/\/hcd.malargue.gov.ar\/index.php?rest_route=\/wp\/v2\/users\/5"}],"replies":[{"embeddable":true,"href":"https:\/\/hcd.malargue.gov.ar\/index.php?rest_route=%2Fwp%2Fv2%2Fcomments&post=38870"}],"version-history":[{"count":1,"href":"https:\/\/hcd.malargue.gov.ar\/index.php?rest_route=\/wp\/v2\/posts\/38870\/revisions"}],"predecessor-version":[{"id":38873,"href":"https:\/\/hcd.malargue.gov.ar\/index.php?rest_route=\/wp\/v2\/posts\/38870\/revisions\/38873"}],"wp:featuredmedia":[{"embeddable":true,"href":"https:\/\/hcd.malargue.gov.ar\/index.php?rest_route=\/wp\/v2\/media\/38871"}],"wp:attachment":[{"href":"https:\/\/hcd.malargue.gov.ar\/index.php?rest_route=%2Fwp%2Fv2%2Fmedia&parent=38870"}],"wp:term":[{"taxonomy":"category","embeddable":true,"href":"https:\/\/hcd.malargue.gov.ar\/index.php?rest_route=%2Fwp%2Fv2%2Fcategories&post=38870"},{"taxonomy":"post_tag","embeddable":true,"href":"https:\/\/hcd.malargue.gov.ar\/index.php?rest_route=%2Fwp%2Fv2%2Ftags&post=38870"}],"curies":[{"name":"wp","href":"https:\/\/api.w.org\/{rel}","templated":true}]}}