{"id":38875,"date":"2025-05-26T11:26:59","date_gmt":"2025-05-26T14:26:59","guid":{"rendered":"https:\/\/hcd.malargue.gov.ar\/?p=38875"},"modified":"2025-05-26T11:48:33","modified_gmt":"2025-05-26T14:48:33","slug":"concejales-gestionaron-ante-osep-mza-soluciones-para-los-afiliados-de-malargue","status":"publish","type":"post","link":"https:\/\/hcd.malargue.gov.ar\/?p=38875","title":{"rendered":"CONCEJALES GESTIONARON ANTE OSEP MZA SOLUCIONES PARA LOS AFILIADOS DE MALARG\u00dcE"},"content":{"rendered":"\n<p>El pasado viernes, una comitiva del Honorable Concejo Deliberante de Malarg\u00fce fue recibida en la sede central de OSEP Mendoza por el Director General, Dr. Carlos Funes, y la Subdirectora de Gesti\u00f3n en Territorio, Sra. Roc\u00edo Cuello. La reuni\u00f3n tuvo como objetivo trasladar formalmente diversas problem\u00e1ticas relacionadas con el funcionamiento de la obra social en el departamento. <\/p>\n\n\n<div class=\"wp-block-image\">\n<figure class=\"alignleft size-large is-resized\"><img loading=\"lazy\" decoding=\"async\" width=\"1024\" height=\"638\" src=\"https:\/\/hcd.malargue.gov.ar\/wp-content\/uploads\/2025\/05\/WhatsApp-Image-2025-05-26-at-11.27.58-1024x638.jpeg\" alt=\"\" class=\"wp-image-38880\" style=\"width:426px;height:auto\" srcset=\"https:\/\/hcd.malargue.gov.ar\/wp-content\/uploads\/2025\/05\/WhatsApp-Image-2025-05-26-at-11.27.58-1024x638.jpeg 1024w, https:\/\/hcd.malargue.gov.ar\/wp-content\/uploads\/2025\/05\/WhatsApp-Image-2025-05-26-at-11.27.58-300x187.jpeg 300w, https:\/\/hcd.malargue.gov.ar\/wp-content\/uploads\/2025\/05\/WhatsApp-Image-2025-05-26-at-11.27.58-768x478.jpeg 768w, https:\/\/hcd.malargue.gov.ar\/wp-content\/uploads\/2025\/05\/WhatsApp-Image-2025-05-26-at-11.27.58-1536x956.jpeg 1536w, https:\/\/hcd.malargue.gov.ar\/wp-content\/uploads\/2025\/05\/WhatsApp-Image-2025-05-26-at-11.27.58-2048x1275.jpeg 2048w\" sizes=\"auto, (max-width: 1024px) 100vw, 1024px\" \/><\/figure>\n<\/div>\n\n\n<p>Participaron del encuentro las Concejales Magal\u00ed Acosta, Emilce Mansilla, Elizabeth Gonz\u00e1lez, Silvina Camiolo, y los Concejales Mart\u00edn Palma y Francisco Parada. Todos coincidieron en la urgencia de abordar las falencias que afectan a cientos de afiliados locales y en la necesidad de obtener respuestas concretas a corto y mediano plazo.<\/p>\n\n\n\n<p>Los Ediles llevaron como respaldo las expresiones vertidas recientemente en la Banca del Ciudadano, herramienta de participaci\u00f3n ciudadana del Concejo, donde una afiliada a OSEP expuso con preocupaci\u00f3n las dificultades que enfrentan muchas personas para acceder a servicios m\u00e9dicos b\u00e1sicos en Malarg\u00fce.<\/p>\n\n\n<div class=\"wp-block-image\">\n<figure class=\"alignright size-large is-resized\"><img loading=\"lazy\" decoding=\"async\" width=\"1024\" height=\"583\" src=\"https:\/\/hcd.malargue.gov.ar\/wp-content\/uploads\/2025\/05\/WhatsApp-Image-2025-05-26-at-11.25.07-1024x583.jpeg\" alt=\"\" class=\"wp-image-38877\" style=\"width:486px;height:auto\" srcset=\"https:\/\/hcd.malargue.gov.ar\/wp-content\/uploads\/2025\/05\/WhatsApp-Image-2025-05-26-at-11.25.07-1024x583.jpeg 1024w, https:\/\/hcd.malargue.gov.ar\/wp-content\/uploads\/2025\/05\/WhatsApp-Image-2025-05-26-at-11.25.07-300x171.jpeg 300w, https:\/\/hcd.malargue.gov.ar\/wp-content\/uploads\/2025\/05\/WhatsApp-Image-2025-05-26-at-11.25.07-768x437.jpeg 768w, https:\/\/hcd.malargue.gov.ar\/wp-content\/uploads\/2025\/05\/WhatsApp-Image-2025-05-26-at-11.25.07-1536x874.jpeg 1536w, https:\/\/hcd.malargue.gov.ar\/wp-content\/uploads\/2025\/05\/WhatsApp-Image-2025-05-26-at-11.25.07-2048x1165.jpeg 2048w\" sizes=\"auto, (max-width: 1024px) 100vw, 1024px\" \/><\/figure>\n<\/div>\n\n\n<p>Durante el encuentro, cada Concejal tom\u00f3 la palabra para detallar los reclamos m\u00e1s frecuentes que reciben en sus despachos: escasez de profesionales m\u00e9dicos, demoras en la asignaci\u00f3n de turnos, altos costos que deben afrontar los afiliados para acceder a atenci\u00f3n especializada fuera del departamento, y la falta de cobertura en pr\u00e1cticas esenciales. <\/p>\n\n\n\n<p>Francisco Parada, uno de los impulsores de la iniciativa, expres\u00f3 al t\u00e9rmino de la reuni\u00f3n:<br><strong>\u201cFue un encuentro muy productivo, donde pudimos plantear sin filtros los reclamos de la comunidad. El Dr. Funes nos escuch\u00f3 con atenci\u00f3n y reconoci\u00f3 las falencias existentes. Si bien no hay soluciones m\u00e1gicas, existe voluntad pol\u00edtica para avanzar en mejoras\u201d.<\/strong><\/p>\n\n\n\n<p>Entre las respuestas brindadas por OSEP, se inform\u00f3 que se contin\u00faa trabajando en la incorporaci\u00f3n de nuevos profesionales en Malarg\u00fce, aunque persisten dificultades para lograr que especialistas se radiquen en el sur provincial, incluso cuando se ofrecen incentivos econ\u00f3micos. Como alternativa provisoria, se est\u00e1 recurriendo a prestadores independientes que permiten cubrir algunas demandas urgentes.<\/p>\n\n\n\n<p>Respecto al sistema de reintegros, se indic\u00f3 que actualmente se efect\u00faan directamente a las cuentas bancarias de los afiliados que presentan los comprobantes correspondientes, y que se busca agilizar a\u00fan m\u00e1s este proceso.<\/p>\n\n\n\n<p>Por su parte, Silvina Camiolo valor\u00f3 el car\u00e1cter institucional del encuentro:<br><strong>\u201cNos presentamos no como representantes de un partido pol\u00edtico, sino como una delegaci\u00f3n del Honorable Concejo Deliberante, llevando la voz de nuestros vecinos. Esta unidad de criterios fortalece la gesti\u00f3n y nos permite exigir con mayor firmeza\u201d.<\/strong><\/p>\n\n\n\n<p>La reuni\u00f3n fue solicitada formalmente por el Cuerpo Deliberativo luego de que, durante la <a href=\"https:\/\/hcd.malargue.gov.ar\/?p=38801\">8\u00b0 Sesi\u00f3n Ordinaria, la Prof. Daniela Romero (Secretaria General del SUTE) hiciera uso de la Banca del Ciudadano<\/a>, en el marco de la Resoluci\u00f3n N\u00ba 2.109\/94, para exponer la problem\u00e1tica de la Obra Social de los Empleados P\u00fablicos. Tras ello, el tema fue elevado a la Comisi\u00f3n de Educaci\u00f3n, Higiene, Moralidad, Acci\u00f3n Social y Cultura (EHMASyC).<\/p>\n\n\n\n<p>Adem\u00e1s, se convoc\u00f3 para el lunes 2 de junio al Gerente Territorial de OSEP, Lic. Mauricio Mart\u00ednez, a fin de continuar el tratamiento del tema a nivel local.<\/p>\n\n\n\n<p>Este encuentro en Mendoza represent\u00f3 una instancia de di\u00e1logo institucional directa y sin intermediarios, que deja abierta la posibilidad de establecer una mesa de seguimiento entre las autoridades provinciales y los representantes legislativos de Malarg\u00fce.<\/p>\n\n\n\n<p>\ud83d\udcf2 <strong>Reel en Instagram<\/strong>: <a class=\"\" href=\"https:\/\/www.instagram.com\/p\/DKHtG0NRFFX\/\">https:\/\/www.instagram.com\/p\/DKHtG0NRFFX\/<\/a><\/p>\n\n\n\n<p>\ud83d\udcf8 <strong>Galer\u00eda de fotos<\/strong>: <a href=\"https:\/\/www.facebook.com\/photo\/?fbid=1018275910478297&amp;set=pcb.1018276110478277\">https:\/\/www.facebook.com\/photo\/?fbid=1018275910478297&amp;set=pcb.1018276110478277<\/a><br><\/p>\n\n\n\n<p><\/p>\n","protected":false},"excerpt":{"rendered":"<p>El pasado viernes, una comitiva del Honorable Concejo Deliberante de Malarg\u00fce fue recibida en la sede central de OSEP Mendoza por el Director General, Dr. Carlos Funes, y la Subdirectora de Gesti\u00f3n en Territorio, Sra. Roc\u00edo Cuello. La reuni\u00f3n tuvo como objetivo trasladar formalmente diversas problem\u00e1ticas relacionadas con el funcionamiento de la obra social en [&hellip;]<\/p>\n","protected":false},"author":5,"featured_media":38876,"comment_status":"closed","ping_status":"closed","sticky":false,"template":"","format":"standard","meta":{"footnotes":""},"categories":[52,33],"tags":[],"class_list":["post-38875","post","type-post","status-publish","format-standard","has-post-thumbnail","hentry","category-gacetillas","category-prensa"],"yoast_head":"<!-- This site is optimized with the Yoast SEO plugin v19.10 - https:\/\/yoast.com\/wordpress\/plugins\/seo\/ -->\n<title>CONCEJALES GESTIONARON ANTE OSEP MZA SOLUCIONES PARA LOS AFILIADOS DE MALARG\u00dcE - Malarg\u00fce HCD<\/title>\n<meta name=\"robots\" content=\"index, follow, max-snippet:-1, max-image-preview:large, max-video-preview:-1\" \/>\n<link rel=\"canonical\" href=\"https:\/\/hcd.malargue.gov.ar\/?p=38875\" \/>\n<meta property=\"og:locale\" content=\"es_ES\" \/>\n<meta property=\"og:type\" content=\"article\" \/>\n<meta property=\"og:title\" content=\"CONCEJALES GESTIONARON ANTE OSEP MZA SOLUCIONES PARA LOS AFILIADOS DE MALARG\u00dcE - Malarg\u00fce HCD\" \/>\n<meta property=\"og:description\" content=\"El pasado viernes, una comitiva del Honorable Concejo Deliberante de Malarg\u00fce fue recibida en la sede central de OSEP Mendoza por el Director General, Dr. Carlos Funes, y la Subdirectora de Gesti\u00f3n en Territorio, Sra. Roc\u00edo Cuello. La reuni\u00f3n tuvo como objetivo trasladar formalmente diversas problem\u00e1ticas relacionadas con el funcionamiento de la obra social en [&hellip;]\" \/>\n<meta property=\"og:url\" content=\"https:\/\/hcd.malargue.gov.ar\/?p=38875\" \/>\n<meta property=\"og:site_name\" content=\"Malarg\u00fce HCD\" \/>\n<meta property=\"article:published_time\" content=\"2025-05-26T14:26:59+00:00\" \/>\n<meta property=\"article:modified_time\" content=\"2025-05-26T14:48:33+00:00\" \/>\n<meta property=\"og:image\" content=\"https:\/\/hcd.malargue.gov.ar\/wp-content\/uploads\/2025\/05\/WhatsApp-Image-2025-05-26-at-11.24.42-scaled.jpeg\" \/>\n\t<meta property=\"og:image:width\" content=\"2560\" \/>\n\t<meta property=\"og:image:height\" content=\"1381\" \/>\n\t<meta property=\"og:image:type\" content=\"image\/jpeg\" \/>\n<meta name=\"author\" content=\"Belen Pedernera Ferragut\" \/>\n<meta name=\"twitter:card\" content=\"summary_large_image\" \/>\n<meta name=\"twitter:label1\" content=\"Escrito por\" \/>\n\t<meta name=\"twitter:data1\" content=\"Belen Pedernera Ferragut\" \/>\n\t<meta name=\"twitter:label2\" content=\"Tiempo de lectura\" \/>\n\t<meta name=\"twitter:data2\" content=\"3 minutos\" \/>\n<script type=\"application\/ld+json\" class=\"yoast-schema-graph\">{\"@context\":\"https:\/\/schema.org\",\"@graph\":[{\"@type\":\"WebPage\",\"@id\":\"https:\/\/hcd.malargue.gov.ar\/?p=38875\",\"url\":\"https:\/\/hcd.malargue.gov.ar\/?p=38875\",\"name\":\"CONCEJALES GESTIONARON ANTE OSEP MZA SOLUCIONES PARA LOS AFILIADOS DE MALARG\u00dcE - Malarg\u00fce HCD\",\"isPartOf\":{\"@id\":\"https:\/\/hcd.malargue.gov.ar\/#website\"},\"datePublished\":\"2025-05-26T14:26:59+00:00\",\"dateModified\":\"2025-05-26T14:48:33+00:00\",\"author\":{\"@id\":\"https:\/\/hcd.malargue.gov.ar\/#\/schema\/person\/3fd6bbab64edd703961b795156c955d0\"},\"breadcrumb\":{\"@id\":\"https:\/\/hcd.malargue.gov.ar\/?p=38875#breadcrumb\"},\"inLanguage\":\"es-AR\",\"potentialAction\":[{\"@type\":\"ReadAction\",\"target\":[\"https:\/\/hcd.malargue.gov.ar\/?p=38875\"]}]},{\"@type\":\"BreadcrumbList\",\"@id\":\"https:\/\/hcd.malargue.gov.ar\/?p=38875#breadcrumb\",\"itemListElement\":[{\"@type\":\"ListItem\",\"position\":1,\"name\":\"Inicio\",\"item\":\"https:\/\/hcd.malargue.gov.ar\/\"},{\"@type\":\"ListItem\",\"position\":2,\"name\":\"CONCEJALES GESTIONARON ANTE OSEP MZA SOLUCIONES PARA LOS AFILIADOS DE MALARG\u00dcE\"}]},{\"@type\":\"WebSite\",\"@id\":\"https:\/\/hcd.malargue.gov.ar\/#website\",\"url\":\"https:\/\/hcd.malargue.gov.ar\/\",\"name\":\"Malarg\u00fce HCD\",\"description\":\"Malarg\u00fce Mendoza Argentina\",\"potentialAction\":[{\"@type\":\"SearchAction\",\"target\":{\"@type\":\"EntryPoint\",\"urlTemplate\":\"https:\/\/hcd.malargue.gov.ar\/?s={search_term_string}\"},\"query-input\":\"required name=search_term_string\"}],\"inLanguage\":\"es-AR\"},{\"@type\":\"Person\",\"@id\":\"https:\/\/hcd.malargue.gov.ar\/#\/schema\/person\/3fd6bbab64edd703961b795156c955d0\",\"name\":\"Belen Pedernera Ferragut\",\"image\":{\"@type\":\"ImageObject\",\"inLanguage\":\"es-AR\",\"@id\":\"https:\/\/hcd.malargue.gov.ar\/#\/schema\/person\/image\/\",\"url\":\"https:\/\/secure.gravatar.com\/avatar\/1054ffab3893de4bb3eb29bdd22f7e34b8537bf5d34d9dab311818154ad5b71f?s=96&d=mm&r=g\",\"contentUrl\":\"https:\/\/secure.gravatar.com\/avatar\/1054ffab3893de4bb3eb29bdd22f7e34b8537bf5d34d9dab311818154ad5b71f?s=96&d=mm&r=g\",\"caption\":\"Belen Pedernera Ferragut\"},\"url\":\"https:\/\/hcd.malargue.gov.ar\/?author=5\"}]}<\/script>\n<!-- \/ Yoast SEO plugin. -->","yoast_head_json":{"title":"CONCEJALES GESTIONARON ANTE OSEP MZA SOLUCIONES PARA LOS AFILIADOS DE MALARG\u00dcE - Malarg\u00fce HCD","robots":{"index":"index","follow":"follow","max-snippet":"max-snippet:-1","max-image-preview":"max-image-preview:large","max-video-preview":"max-video-preview:-1"},"canonical":"https:\/\/hcd.malargue.gov.ar\/?p=38875","og_locale":"es_ES","og_type":"article","og_title":"CONCEJALES GESTIONARON ANTE OSEP MZA SOLUCIONES PARA LOS AFILIADOS DE MALARG\u00dcE - Malarg\u00fce HCD","og_description":"El pasado viernes, una comitiva del Honorable Concejo Deliberante de Malarg\u00fce fue recibida en la sede central de OSEP Mendoza por el Director General, Dr. Carlos Funes, y la Subdirectora de Gesti\u00f3n en Territorio, Sra. Roc\u00edo Cuello. La reuni\u00f3n tuvo como objetivo trasladar formalmente diversas problem\u00e1ticas relacionadas con el funcionamiento de la obra social en [&hellip;]","og_url":"https:\/\/hcd.malargue.gov.ar\/?p=38875","og_site_name":"Malarg\u00fce HCD","article_published_time":"2025-05-26T14:26:59+00:00","article_modified_time":"2025-05-26T14:48:33+00:00","og_image":[{"width":2560,"height":1381,"url":"https:\/\/hcd.malargue.gov.ar\/wp-content\/uploads\/2025\/05\/WhatsApp-Image-2025-05-26-at-11.24.42-scaled.jpeg","type":"image\/jpeg"}],"author":"Belen Pedernera Ferragut","twitter_card":"summary_large_image","twitter_misc":{"Escrito por":"Belen Pedernera Ferragut","Tiempo de lectura":"3 minutos"},"schema":{"@context":"https:\/\/schema.org","@graph":[{"@type":"WebPage","@id":"https:\/\/hcd.malargue.gov.ar\/?p=38875","url":"https:\/\/hcd.malargue.gov.ar\/?p=38875","name":"CONCEJALES GESTIONARON ANTE OSEP MZA SOLUCIONES PARA LOS AFILIADOS DE MALARG\u00dcE - Malarg\u00fce HCD","isPartOf":{"@id":"https:\/\/hcd.malargue.gov.ar\/#website"},"datePublished":"2025-05-26T14:26:59+00:00","dateModified":"2025-05-26T14:48:33+00:00","author":{"@id":"https:\/\/hcd.malargue.gov.ar\/#\/schema\/person\/3fd6bbab64edd703961b795156c955d0"},"breadcrumb":{"@id":"https:\/\/hcd.malargue.gov.ar\/?p=38875#breadcrumb"},"inLanguage":"es-AR","potentialAction":[{"@type":"ReadAction","target":["https:\/\/hcd.malargue.gov.ar\/?p=38875"]}]},{"@type":"BreadcrumbList","@id":"https:\/\/hcd.malargue.gov.ar\/?p=38875#breadcrumb","itemListElement":[{"@type":"ListItem","position":1,"name":"Inicio","item":"https:\/\/hcd.malargue.gov.ar\/"},{"@type":"ListItem","position":2,"name":"CONCEJALES GESTIONARON ANTE OSEP MZA SOLUCIONES PARA LOS AFILIADOS DE MALARG\u00dcE"}]},{"@type":"WebSite","@id":"https:\/\/hcd.malargue.gov.ar\/#website","url":"https:\/\/hcd.malargue.gov.ar\/","name":"Malarg\u00fce HCD","description":"Malarg\u00fce Mendoza Argentina","potentialAction":[{"@type":"SearchAction","target":{"@type":"EntryPoint","urlTemplate":"https:\/\/hcd.malargue.gov.ar\/?s={search_term_string}"},"query-input":"required name=search_term_string"}],"inLanguage":"es-AR"},{"@type":"Person","@id":"https:\/\/hcd.malargue.gov.ar\/#\/schema\/person\/3fd6bbab64edd703961b795156c955d0","name":"Belen Pedernera Ferragut","image":{"@type":"ImageObject","inLanguage":"es-AR","@id":"https:\/\/hcd.malargue.gov.ar\/#\/schema\/person\/image\/","url":"https:\/\/secure.gravatar.com\/avatar\/1054ffab3893de4bb3eb29bdd22f7e34b8537bf5d34d9dab311818154ad5b71f?s=96&d=mm&r=g","contentUrl":"https:\/\/secure.gravatar.com\/avatar\/1054ffab3893de4bb3eb29bdd22f7e34b8537bf5d34d9dab311818154ad5b71f?s=96&d=mm&r=g","caption":"Belen Pedernera Ferragut"},"url":"https:\/\/hcd.malargue.gov.ar\/?author=5"}]}},"_links":{"self":[{"href":"https:\/\/hcd.malargue.gov.ar\/index.php?rest_route=\/wp\/v2\/posts\/38875","targetHints":{"allow":["GET"]}}],"collection":[{"href":"https:\/\/hcd.malargue.gov.ar\/index.php?rest_route=\/wp\/v2\/posts"}],"about":[{"href":"https:\/\/hcd.malargue.gov.ar\/index.php?rest_route=\/wp\/v2\/types\/post"}],"author":[{"embeddable":true,"href":"https:\/\/hcd.malargue.gov.ar\/index.php?rest_route=\/wp\/v2\/users\/5"}],"replies":[{"embeddable":true,"href":"https:\/\/hcd.malargue.gov.ar\/index.php?rest_route=%2Fwp%2Fv2%2Fcomments&post=38875"}],"version-history":[{"count":7,"href":"https:\/\/hcd.malargue.gov.ar\/index.php?rest_route=\/wp\/v2\/posts\/38875\/revisions"}],"predecessor-version":[{"id":38887,"href":"https:\/\/hcd.malargue.gov.ar\/index.php?rest_route=\/wp\/v2\/posts\/38875\/revisions\/38887"}],"wp:featuredmedia":[{"embeddable":true,"href":"https:\/\/hcd.malargue.gov.ar\/index.php?rest_route=\/wp\/v2\/media\/38876"}],"wp:attachment":[{"href":"https:\/\/hcd.malargue.gov.ar\/index.php?rest_route=%2Fwp%2Fv2%2Fmedia&parent=38875"}],"wp:term":[{"taxonomy":"category","embeddable":true,"href":"https:\/\/hcd.malargue.gov.ar\/index.php?rest_route=%2Fwp%2Fv2%2Fcategories&post=38875"},{"taxonomy":"post_tag","embeddable":true,"href":"https:\/\/hcd.malargue.gov.ar\/index.php?rest_route=%2Fwp%2Fv2%2Ftags&post=38875"}],"curies":[{"name":"wp","href":"https:\/\/api.w.org\/{rel}","templated":true}]}}