{"id":38908,"date":"2025-05-27T11:42:28","date_gmt":"2025-05-27T14:42:28","guid":{"rendered":"https:\/\/hcd.malargue.gov.ar\/?p=38908"},"modified":"2025-05-27T12:12:19","modified_gmt":"2025-05-27T15:12:19","slug":"declaracion-n-355-2-025","status":"publish","type":"post","link":"https:\/\/hcd.malargue.gov.ar\/?p=38908","title":{"rendered":"DECLARACI\u00d3N N\u00b0 355\/2.025"},"content":{"rendered":"\n<h4 class=\"wp-block-heading has-text-align-center\"><strong>El HCD declar\u00f3 de Inter\u00e9s Educativo, Cultural y Social al \u201cPaseo Colonial\u201d organizado por el Jard\u00edn Los Pehuenchitos<\/strong><\/h4>\n\n\n\n<p><em>El Honorable Concejo Deliberante de Malarg\u00fce aprob\u00f3 la Declaraci\u00f3n N\u00b0 355\/2.025, por la cual se declar\u00f3 de Inter\u00e9s Educativo, Cultural y Social al \u201cPaseo Colonial\u201d organizado por el Jard\u00edn de Infantes Nucleado N\u00ba 0\u2013176 \u201cLos Pehuenchitos\u201d en conmemoraci\u00f3n del 25 de Mayo de 1810.<\/em> <\/p>\n\n\n<div class=\"wp-block-image\">\n<figure class=\"alignright size-large is-resized\"><img loading=\"lazy\" decoding=\"async\" width=\"1024\" height=\"675\" src=\"https:\/\/hcd.malargue.gov.ar\/wp-content\/uploads\/2025\/05\/011c6e9c-0705-4411-8837-5c8d31409368-1024x675.jpg\" alt=\"\" class=\"wp-image-38910\" style=\"width:440px;height:auto\" srcset=\"https:\/\/hcd.malargue.gov.ar\/wp-content\/uploads\/2025\/05\/011c6e9c-0705-4411-8837-5c8d31409368-1024x675.jpg 1024w, https:\/\/hcd.malargue.gov.ar\/wp-content\/uploads\/2025\/05\/011c6e9c-0705-4411-8837-5c8d31409368-300x198.jpg 300w, https:\/\/hcd.malargue.gov.ar\/wp-content\/uploads\/2025\/05\/011c6e9c-0705-4411-8837-5c8d31409368-768x506.jpg 768w, https:\/\/hcd.malargue.gov.ar\/wp-content\/uploads\/2025\/05\/011c6e9c-0705-4411-8837-5c8d31409368.jpg 1256w\" sizes=\"auto, (max-width: 1024px) 100vw, 1024px\" \/><\/figure>\n<\/div>\n\n\n<p><em>Este evento, llevado adelante por la comunidad educativa del jard\u00edn, promueve el conocimiento de la historia nacional a trav\u00e9s de una propuesta l\u00fadica y participativa que involucra a ni\u00f1as, ni\u00f1os y sus familias. La actividad incluye representaciones con vestimentas t\u00edpicas, carros, carretas y marionetas elaboradas artesanalmente, que recorren las calles hasta llegar a la Plaza General San Mart\u00edn, generando un verdadero clima de fiesta y pertenencia cultural.<\/em><\/p>\n\n\n\n<p><em>El proyecto fue impulsado por el Bloque del Partido Justicialista, destacando que esta propuesta fortalece el sentido de identidad y promueve valores educativos, culturales y sociales en toda la comunidad malarg\u00fcina.<\/em><\/p>\n\n\n\n<p><em>Al finalizar la Sesi\u00f3n Ordinaria del pasado jueves, los Concejales se acercaron a la Plaza General San Mart\u00edn, donde hicieron entrega formal de una copia de la Declaraci\u00f3n a directivos, docentes, estudiantes y familias del jard\u00edn.<\/em><\/p>\n\n\n\n<p>\ud83d\udd0d <strong>Mira el Reel en Instagram: <\/strong><a href=\"https:\/\/www.instagram.com\/p\/DKKU1oTx9EC\/\">https:\/\/www.instagram.com\/p\/DKKU1oTx9EC\/<\/a><\/p>\n\n\n\n<p class=\"has-text-align-center\"><strong>PIEZA LEGAL COMPLETA<\/strong>&nbsp;<\/p>\n\n\n<div class=\"wp-block-image\">\n<figure class=\"alignright is-resized\"><a href=\"http:\/\/hcd.malargue.gov.ar\/2025\/Dc%20%20355%202025%20Paseo%20Carretas%20PEHUENCHITOS.pdf\"><img loading=\"lazy\" decoding=\"async\" width=\"512\" height=\"512\" src=\"https:\/\/hcd.malargue.gov.ar\/wp-content\/uploads\/2018\/06\/PDF-JPG.jpg\" alt=\"\" class=\"wp-image-7950\" style=\"width:148px;height:auto\" srcset=\"https:\/\/hcd.malargue.gov.ar\/wp-content\/uploads\/2018\/06\/PDF-JPG.jpg 512w, https:\/\/hcd.malargue.gov.ar\/wp-content\/uploads\/2018\/06\/PDF-JPG-150x150.jpg 150w, https:\/\/hcd.malargue.gov.ar\/wp-content\/uploads\/2018\/06\/PDF-JPG-300x300.jpg 300w\" sizes=\"auto, (max-width: 512px) 100vw, 512px\" \/><\/a><\/figure>\n<\/div>\n\n\n<p><strong>AUTORES: CONCEJALES MAGALI ACOSTA, EMILCE MANSILLA Y RODRIGO HIDALGO<\/strong><\/p>\n\n\n\n<p><strong>BLOQUE PARTIDO JUSTICIALISTA<\/strong><\/p>\n\n\n\n<p>VISTO: El contenido del Expediente N\u00b0 3.607-2.025-0-. Bloque Partido Justicialista. Proyecto de Declaraci\u00f3n: Declarar de Inter\u00e9s Educativo, Cultural y Social al \u201cPaseo Colonial\u201d organizado por el Jard\u00edn de Infantes Nucleado N\u00ba 0\u2013176 \u201cLos Pehuenchitos\u201d en celebraci\u00f3n al 25 de Mayo de 1.810.<\/p>\n\n\n\n<p>El Paseo Colonial organizado por el Jard\u00edn de Infantes Nucleado N\u00ba 0-176 \u201cLos Pehuenchitos\u201d, evento que contribuye a la difusi\u00f3n de la Cultura, la Historia y el Patrimonio del Departamento.<\/p>\n\n\n\n<p>y;<\/p>\n\n\n\n<p>CONSIDERANDO: Que el Paseo Colonial organizado por el Jard\u00edn de Infantes Nucleado N\u00ba 0\u2013176 es una iniciativa que promueve el conocimiento y la valoraci\u00f3n de la Historia, fortaleciendo el sentido de identidad y pertenencia.<\/p>\n\n\n\n<p>Que este evento fomenta la participaci\u00f3n ciudadana, reuniendo a estudiantes y familias en una actividad educativa y recreativa que disfruta la comunidad malarg\u00fcina.<\/p>\n\n\n\n<p>Que la actividad consiste en incentivar el conocimiento de tradiciones, comidas t\u00edpicas, vestimenta, medios de transporte, siempre destacando la importancia de la vivencia, que permiti\u00f3 desarrollar el juego dram\u00e1tico, la escucha y atenci\u00f3n de los ni\u00f1os y ni\u00f1as, a trav\u00e9s de una propuesta innovadora.<\/p>\n\n\n\n<p>Que la comunidad del Jard\u00edn de Infantes Nucleado N\u00ba 0-176, en alusi\u00f3n al 25 de Mayo se caracterizan con vestimentas propias de los diferentes actores sociales de la \u00c9poca Colonial y llegan a la Plaza General San Martin en carros, carretas y marionetas elaborados creativa y artesanalmente. Se vive un clima de fiesta lleno entusiasmo y emociones, con una activa y comprometida participaci\u00f3n de las familias.<\/p>\n\n\n\n<p>Que el Jard\u00edn de Infantes Nucleado N\u00ba 0-176 ha demostrado un compromiso con la educaci\u00f3n y la cultura, organizando eventos que favorecen el desarrollo comunitario.<\/p>\n\n\n\n<p>Que el prop\u00f3sito pedag\u00f3gico del Jard\u00edn de Infantes Nucleado N\u00ba 0\u2013176 Los Pehuenchitos es:<\/p>\n\n\n\n<ul class=\"wp-block-list\">\n<li>Desarrollar el sentido de pertenencia y el conocimiento de la Historia Nacional a trav\u00e9s de actividades l\u00fadicas y expresivas que permitan vivenciar la \u00c9poca Colonial y los s\u00edmbolos patrios.<\/li>\n\n\n\n<li>Incorpora la participaci\u00f3n activa de las familias, involucr\u00e1ndose en el aprendizaje de sus hijos y el acercamiento a la Instituci\u00f3n.<\/li>\n<\/ul>\n\n\n\n<p>Que la difusi\u00f3n y el reconocimiento de este tipo de actividades es fundamental para fortalecer el tejido social y el intercambio cultural en el Departamento.<\/p>\n\n\n\n<p>EL HONORABLE CONCEJO DELIBERANTE DE LA MUNICIPALIDAD DE MALARG\u00dcE EN USO DE LAS FACULTADES QUE LE SON PROPIAS<\/p>\n\n\n\n<p>DECLARA<\/p>\n\n\n\n<p>ART\u00cdCULO 1\u00ba: Declarar de Inter\u00e9s Educativo, Cultural y Social al \u201cPaseo Colonial\u201d organizado por el Jard\u00edn de Infantes Nucleado N\u00ba 0\u2013176 \u201cLos Pehuenchitos en el Departamento de Malarg\u00fce en conmemoraci\u00f3n al 25 de Mayo de 1.810.<\/p>\n\n\n\n<p>ART\u00cdCULO 2\u00ba: Entregar por parte del Honorable Concejo Deliberante, un Diploma de Distinci\u00f3n Legislativa, al Jard\u00edn de Infantes Nucleado N\u00ba 0\u2013176 con la siguiente leyenda \u201cDeclarar de Inter\u00e9s Educativo, Cultural y Social el \u201cPaseo Colonial\u201d por haber demostrado su compromiso con la educaci\u00f3n, la cultura y nuestra historia favoreciendo la participaci\u00f3n ciudadana.<\/p>\n\n\n\n<p>ART\u00cdCULO 3\u00ba: Comun\u00edquese, reg\u00edstrese, agr\u00e9guese copia de la presente en las actuaciones correspondientes y arch\u00edvese.<\/p>\n\n\n\n<p>DADA EN LA SALA DE SESIONES DR.&nbsp; RICARDO BALBIN DEL HONORABLE CONCEJO DELIBERANTE DE LA MUNICIPALIDAD DE MALARG\u00dcE A VEINTIDOS D\u00cdAS DE MAYO DE DOS MIL VEINTICINCO.<\/p>\n","protected":false},"excerpt":{"rendered":"<p>El HCD declar\u00f3 de Inter\u00e9s Educativo, Cultural y Social al \u201cPaseo Colonial\u201d organizado por el Jard\u00edn Los Pehuenchitos El Honorable Concejo Deliberante de Malarg\u00fce aprob\u00f3 la Declaraci\u00f3n N\u00b0 355\/2.025, por la cual se declar\u00f3 de Inter\u00e9s Educativo, Cultural y Social al \u201cPaseo Colonial\u201d organizado por el Jard\u00edn de Infantes Nucleado N\u00ba 0\u2013176 \u201cLos Pehuenchitos\u201d en [&hellip;]<\/p>\n","protected":false},"author":5,"featured_media":38909,"comment_status":"closed","ping_status":"closed","sticky":false,"template":"","format":"standard","meta":{"footnotes":""},"categories":[46,52,29,33,1],"tags":[],"class_list":["post-38908","post","type-post","status-publish","format-standard","has-post-thumbnail","hentry","category-declaraciones","category-gacetillas","category-lesgilacion","category-prensa","category-sin-categoria"],"yoast_head":"<!-- This site is optimized with the Yoast SEO plugin v19.10 - https:\/\/yoast.com\/wordpress\/plugins\/seo\/ -->\n<title>DECLARACI\u00d3N N\u00b0 355\/2.025 - Malarg\u00fce HCD<\/title>\n<meta name=\"robots\" content=\"index, follow, max-snippet:-1, max-image-preview:large, max-video-preview:-1\" \/>\n<link rel=\"canonical\" href=\"https:\/\/hcd.malargue.gov.ar\/?p=38908\" \/>\n<meta property=\"og:locale\" content=\"es_ES\" \/>\n<meta property=\"og:type\" content=\"article\" \/>\n<meta property=\"og:title\" content=\"DECLARACI\u00d3N N\u00b0 355\/2.025 - Malarg\u00fce HCD\" \/>\n<meta property=\"og:description\" content=\"El HCD declar\u00f3 de Inter\u00e9s Educativo, Cultural y Social al \u201cPaseo Colonial\u201d organizado por el Jard\u00edn Los Pehuenchitos El Honorable Concejo Deliberante de Malarg\u00fce aprob\u00f3 la Declaraci\u00f3n N\u00b0 355\/2.025, por la cual se declar\u00f3 de Inter\u00e9s Educativo, Cultural y Social al \u201cPaseo Colonial\u201d organizado por el Jard\u00edn de Infantes Nucleado N\u00ba 0\u2013176 \u201cLos Pehuenchitos\u201d en [&hellip;]\" \/>\n<meta property=\"og:url\" content=\"https:\/\/hcd.malargue.gov.ar\/?p=38908\" \/>\n<meta property=\"og:site_name\" content=\"Malarg\u00fce HCD\" \/>\n<meta property=\"article:published_time\" content=\"2025-05-27T14:42:28+00:00\" \/>\n<meta property=\"article:modified_time\" content=\"2025-05-27T15:12:19+00:00\" \/>\n<meta property=\"og:image\" content=\"https:\/\/hcd.malargue.gov.ar\/wp-content\/uploads\/2025\/05\/DECLARACION-355-2025.png\" \/>\n\t<meta property=\"og:image:width\" content=\"940\" \/>\n\t<meta property=\"og:image:height\" content=\"788\" \/>\n\t<meta property=\"og:image:type\" content=\"image\/png\" \/>\n<meta name=\"author\" content=\"Belen Pedernera Ferragut\" \/>\n<meta name=\"twitter:card\" content=\"summary_large_image\" \/>\n<meta name=\"twitter:label1\" content=\"Escrito por\" \/>\n\t<meta name=\"twitter:data1\" content=\"Belen Pedernera Ferragut\" \/>\n<script type=\"application\/ld+json\" class=\"yoast-schema-graph\">{\"@context\":\"https:\/\/schema.org\",\"@graph\":[{\"@type\":\"WebPage\",\"@id\":\"https:\/\/hcd.malargue.gov.ar\/?p=38908\",\"url\":\"https:\/\/hcd.malargue.gov.ar\/?p=38908\",\"name\":\"DECLARACI\u00d3N N\u00b0 355\/2.025 - Malarg\u00fce HCD\",\"isPartOf\":{\"@id\":\"https:\/\/hcd.malargue.gov.ar\/#website\"},\"datePublished\":\"2025-05-27T14:42:28+00:00\",\"dateModified\":\"2025-05-27T15:12:19+00:00\",\"author\":{\"@id\":\"https:\/\/hcd.malargue.gov.ar\/#\/schema\/person\/3fd6bbab64edd703961b795156c955d0\"},\"breadcrumb\":{\"@id\":\"https:\/\/hcd.malargue.gov.ar\/?p=38908#breadcrumb\"},\"inLanguage\":\"es-AR\",\"potentialAction\":[{\"@type\":\"ReadAction\",\"target\":[\"https:\/\/hcd.malargue.gov.ar\/?p=38908\"]}]},{\"@type\":\"BreadcrumbList\",\"@id\":\"https:\/\/hcd.malargue.gov.ar\/?p=38908#breadcrumb\",\"itemListElement\":[{\"@type\":\"ListItem\",\"position\":1,\"name\":\"Inicio\",\"item\":\"https:\/\/hcd.malargue.gov.ar\/\"},{\"@type\":\"ListItem\",\"position\":2,\"name\":\"DECLARACI\u00d3N N\u00b0 355\/2.025\"}]},{\"@type\":\"WebSite\",\"@id\":\"https:\/\/hcd.malargue.gov.ar\/#website\",\"url\":\"https:\/\/hcd.malargue.gov.ar\/\",\"name\":\"Malarg\u00fce HCD\",\"description\":\"Malarg\u00fce Mendoza Argentina\",\"potentialAction\":[{\"@type\":\"SearchAction\",\"target\":{\"@type\":\"EntryPoint\",\"urlTemplate\":\"https:\/\/hcd.malargue.gov.ar\/?s={search_term_string}\"},\"query-input\":\"required name=search_term_string\"}],\"inLanguage\":\"es-AR\"},{\"@type\":\"Person\",\"@id\":\"https:\/\/hcd.malargue.gov.ar\/#\/schema\/person\/3fd6bbab64edd703961b795156c955d0\",\"name\":\"Belen Pedernera Ferragut\",\"image\":{\"@type\":\"ImageObject\",\"inLanguage\":\"es-AR\",\"@id\":\"https:\/\/hcd.malargue.gov.ar\/#\/schema\/person\/image\/\",\"url\":\"https:\/\/secure.gravatar.com\/avatar\/1054ffab3893de4bb3eb29bdd22f7e34b8537bf5d34d9dab311818154ad5b71f?s=96&d=mm&r=g\",\"contentUrl\":\"https:\/\/secure.gravatar.com\/avatar\/1054ffab3893de4bb3eb29bdd22f7e34b8537bf5d34d9dab311818154ad5b71f?s=96&d=mm&r=g\",\"caption\":\"Belen Pedernera Ferragut\"},\"url\":\"https:\/\/hcd.malargue.gov.ar\/?author=5\"}]}<\/script>\n<!-- \/ Yoast SEO plugin. -->","yoast_head_json":{"title":"DECLARACI\u00d3N N\u00b0 355\/2.025 - Malarg\u00fce HCD","robots":{"index":"index","follow":"follow","max-snippet":"max-snippet:-1","max-image-preview":"max-image-preview:large","max-video-preview":"max-video-preview:-1"},"canonical":"https:\/\/hcd.malargue.gov.ar\/?p=38908","og_locale":"es_ES","og_type":"article","og_title":"DECLARACI\u00d3N N\u00b0 355\/2.025 - Malarg\u00fce HCD","og_description":"El HCD declar\u00f3 de Inter\u00e9s Educativo, Cultural y Social al \u201cPaseo Colonial\u201d organizado por el Jard\u00edn Los Pehuenchitos El Honorable Concejo Deliberante de Malarg\u00fce aprob\u00f3 la Declaraci\u00f3n N\u00b0 355\/2.025, por la cual se declar\u00f3 de Inter\u00e9s Educativo, Cultural y Social al \u201cPaseo Colonial\u201d organizado por el Jard\u00edn de Infantes Nucleado N\u00ba 0\u2013176 \u201cLos Pehuenchitos\u201d en [&hellip;]","og_url":"https:\/\/hcd.malargue.gov.ar\/?p=38908","og_site_name":"Malarg\u00fce HCD","article_published_time":"2025-05-27T14:42:28+00:00","article_modified_time":"2025-05-27T15:12:19+00:00","og_image":[{"width":940,"height":788,"url":"https:\/\/hcd.malargue.gov.ar\/wp-content\/uploads\/2025\/05\/DECLARACION-355-2025.png","type":"image\/png"}],"author":"Belen Pedernera Ferragut","twitter_card":"summary_large_image","twitter_misc":{"Escrito por":"Belen Pedernera Ferragut"},"schema":{"@context":"https:\/\/schema.org","@graph":[{"@type":"WebPage","@id":"https:\/\/hcd.malargue.gov.ar\/?p=38908","url":"https:\/\/hcd.malargue.gov.ar\/?p=38908","name":"DECLARACI\u00d3N N\u00b0 355\/2.025 - Malarg\u00fce HCD","isPartOf":{"@id":"https:\/\/hcd.malargue.gov.ar\/#website"},"datePublished":"2025-05-27T14:42:28+00:00","dateModified":"2025-05-27T15:12:19+00:00","author":{"@id":"https:\/\/hcd.malargue.gov.ar\/#\/schema\/person\/3fd6bbab64edd703961b795156c955d0"},"breadcrumb":{"@id":"https:\/\/hcd.malargue.gov.ar\/?p=38908#breadcrumb"},"inLanguage":"es-AR","potentialAction":[{"@type":"ReadAction","target":["https:\/\/hcd.malargue.gov.ar\/?p=38908"]}]},{"@type":"BreadcrumbList","@id":"https:\/\/hcd.malargue.gov.ar\/?p=38908#breadcrumb","itemListElement":[{"@type":"ListItem","position":1,"name":"Inicio","item":"https:\/\/hcd.malargue.gov.ar\/"},{"@type":"ListItem","position":2,"name":"DECLARACI\u00d3N N\u00b0 355\/2.025"}]},{"@type":"WebSite","@id":"https:\/\/hcd.malargue.gov.ar\/#website","url":"https:\/\/hcd.malargue.gov.ar\/","name":"Malarg\u00fce HCD","description":"Malarg\u00fce Mendoza Argentina","potentialAction":[{"@type":"SearchAction","target":{"@type":"EntryPoint","urlTemplate":"https:\/\/hcd.malargue.gov.ar\/?s={search_term_string}"},"query-input":"required name=search_term_string"}],"inLanguage":"es-AR"},{"@type":"Person","@id":"https:\/\/hcd.malargue.gov.ar\/#\/schema\/person\/3fd6bbab64edd703961b795156c955d0","name":"Belen Pedernera Ferragut","image":{"@type":"ImageObject","inLanguage":"es-AR","@id":"https:\/\/hcd.malargue.gov.ar\/#\/schema\/person\/image\/","url":"https:\/\/secure.gravatar.com\/avatar\/1054ffab3893de4bb3eb29bdd22f7e34b8537bf5d34d9dab311818154ad5b71f?s=96&d=mm&r=g","contentUrl":"https:\/\/secure.gravatar.com\/avatar\/1054ffab3893de4bb3eb29bdd22f7e34b8537bf5d34d9dab311818154ad5b71f?s=96&d=mm&r=g","caption":"Belen Pedernera Ferragut"},"url":"https:\/\/hcd.malargue.gov.ar\/?author=5"}]}},"_links":{"self":[{"href":"https:\/\/hcd.malargue.gov.ar\/index.php?rest_route=\/wp\/v2\/posts\/38908","targetHints":{"allow":["GET"]}}],"collection":[{"href":"https:\/\/hcd.malargue.gov.ar\/index.php?rest_route=\/wp\/v2\/posts"}],"about":[{"href":"https:\/\/hcd.malargue.gov.ar\/index.php?rest_route=\/wp\/v2\/types\/post"}],"author":[{"embeddable":true,"href":"https:\/\/hcd.malargue.gov.ar\/index.php?rest_route=\/wp\/v2\/users\/5"}],"replies":[{"embeddable":true,"href":"https:\/\/hcd.malargue.gov.ar\/index.php?rest_route=%2Fwp%2Fv2%2Fcomments&post=38908"}],"version-history":[{"count":3,"href":"https:\/\/hcd.malargue.gov.ar\/index.php?rest_route=\/wp\/v2\/posts\/38908\/revisions"}],"predecessor-version":[{"id":38914,"href":"https:\/\/hcd.malargue.gov.ar\/index.php?rest_route=\/wp\/v2\/posts\/38908\/revisions\/38914"}],"wp:featuredmedia":[{"embeddable":true,"href":"https:\/\/hcd.malargue.gov.ar\/index.php?rest_route=\/wp\/v2\/media\/38909"}],"wp:attachment":[{"href":"https:\/\/hcd.malargue.gov.ar\/index.php?rest_route=%2Fwp%2Fv2%2Fmedia&parent=38908"}],"wp:term":[{"taxonomy":"category","embeddable":true,"href":"https:\/\/hcd.malargue.gov.ar\/index.php?rest_route=%2Fwp%2Fv2%2Fcategories&post=38908"},{"taxonomy":"post_tag","embeddable":true,"href":"https:\/\/hcd.malargue.gov.ar\/index.php?rest_route=%2Fwp%2Fv2%2Ftags&post=38908"}],"curies":[{"name":"wp","href":"https:\/\/api.w.org\/{rel}","templated":true}]}}