{"id":38915,"date":"2025-05-27T12:30:38","date_gmt":"2025-05-27T15:30:38","guid":{"rendered":"https:\/\/hcd.malargue.gov.ar\/?p=38915"},"modified":"2025-05-27T12:40:10","modified_gmt":"2025-05-27T15:40:10","slug":"resolucion-n-121-2-025","status":"publish","type":"post","link":"https:\/\/hcd.malargue.gov.ar\/?p=38915","title":{"rendered":"RESOLUCI\u00d3N N\u00b0 121\/2.025"},"content":{"rendered":"\n<h4 class=\"wp-block-heading has-text-align-center\">El HCD solicit\u00f3 al Ejecutivo Municipal la ejecuci\u00f3n de la Ordenanza N\u00b0 2233\/2025 sobre la Fiesta del Castronero<\/h4>\n\n\n\n<p><em>El Honorable Concejo Deliberante de Malarg\u00fce aprob\u00f3 la Resoluci\u00f3n N\u00b0 121\/2.025 mediante la cual solicita al Departamento Ejecutivo Municipal la efectiva ejecuci\u00f3n de la <a href=\"https:\/\/hcd.malargue.gov.ar\/?p=34168\">Ordenanza N\u00b0 2.233\/2.023<\/a>, que declara de Inter\u00e9s Cultural y Patrimonial Departamental a la Fiesta del Castronero.<\/em><\/p>\n\n\n\n<p><em>Esta decisi\u00f3n surge a partir de la ausencia de dicha celebraci\u00f3n en el Presupuesto General de Gastos y C\u00e1lculo de Recursos para el a\u00f1o 2025, lo cual dificulta su correcta planificaci\u00f3n y desarrollo.<\/em><\/p>\n\n\n\n<p><em>El HCD record\u00f3 que la figura del castronero  el criancero encargado del manejo de los machos reproductores durante el verano cumple un rol fundamental en el sistema productivo caprino local, permitiendo una parici\u00f3n controlada en primavera. En este sentido, la Fiesta Departamental del Castronero no solo representa una manifestaci\u00f3n cultural, sino tambi\u00e9n una instancia de visibilizaci\u00f3n y reconocimiento de un oficio hist\u00f3ricamente relegado.<\/em><\/p>\n\n\n\n<p><em>Durante el tratamiento del proyecto, se destac\u00f3 que las fiestas rurales son clave para preservar las tradiciones del campo, promover la identidad local y poner en valor el sacrificio diario de quienes habitan la zona rural.<\/em><\/p>\n\n\n\n<p><em>Finalmente, el Cuerpo Legislativo remarc\u00f3 que las Ordenanzas sancionadas deben ser ejecutadas por el Ejecutivo Municipal, tal como lo establece la normativa vigente, y que la falta de cumplimiento afecta directamente el desarrollo institucional del departamento.<\/em><\/p>\n\n\n\n<p class=\"has-text-align-center\"><strong>PIEZA LEGAL COMPLETA<\/strong>&nbsp;<\/p>\n\n\n<div class=\"wp-block-image\">\n<figure class=\"alignright is-resized\"><a href=\"http:\/\/hcd.malargue.gov.ar\/2025\/Rs%20121%202025%20cumplimiento%20Ordenanza%202233%202025.pdf\"><img loading=\"lazy\" decoding=\"async\" width=\"512\" height=\"512\" src=\"https:\/\/hcd.malargue.gov.ar\/wp-content\/uploads\/2018\/06\/PDF-JPG.jpg\" alt=\"\" class=\"wp-image-7950\" style=\"width:159px;height:auto\" srcset=\"https:\/\/hcd.malargue.gov.ar\/wp-content\/uploads\/2018\/06\/PDF-JPG.jpg 512w, https:\/\/hcd.malargue.gov.ar\/wp-content\/uploads\/2018\/06\/PDF-JPG-150x150.jpg 150w, https:\/\/hcd.malargue.gov.ar\/wp-content\/uploads\/2018\/06\/PDF-JPG-300x300.jpg 300w\" sizes=\"auto, (max-width: 512px) 100vw, 512px\" \/><\/a><\/figure>\n<\/div>\n\n\n<p><strong>AUTORES: CONCEJALES MARTIN PALMA<\/strong> <strong>Y ELIZABETH GONZALEZ<\/strong><\/p>\n\n\n\n<p><strong>INTERBLOQUE UCR INDEPENDIENTE<\/strong> <strong>Y UNION MENDOCINA<\/strong><\/p>\n\n\n\n<p>VISTO: El contenido del Expediente N\u00b0 2.061\/2.025-0. Interbloque U.C.R Independiente Uni\u00f3n Mendocina. Proyecto de Resoluci\u00f3n: Solicitar al Departamento Ejecutivo Municipal la ejecuci\u00f3n de la Ordenanza N\u00b0 2.233\/2.023.<\/p>\n\n\n\n<p>Que la fiesta Departamental del Castronero no fue mencionada en el Presupuesto General de Gastos y c\u00e1lculos de Recursos correspondiente al a\u00f1o 2.025 impidiendo su previsi\u00f3n y planificaci\u00f3n adecuada.<\/p>\n\n\n\n<p>y;<\/p>\n\n\n\n<p>CONSIDERANDO: Que el Castronero no es un actor reconocido, es por ello que en el marco del proyecto se pondr\u00e1 en evidencia su participaci\u00f3n en este sistema productivo, as\u00ed como las caracter\u00edsticas de su actividad, esta pieza legal colaborar\u00e1 en la b\u00fasqueda de visibilidad del Rol del Castronero de manera que pueda ser reconocida.<\/p>\n\n\n\n<p>Que un criancero llamado, Castronero cumple una funci\u00f3n fundamental dentro de la crianza y reproducci\u00f3n de chivos ya que se dedica al cuidado de machos pertenecientes a diferentes due\u00f1os durante el verano, es un actor clave ya que permite concentrar la parici\u00f3n en primavera de manera estricta<\/p>\n\n\n\n<p>Que las Fiestas Rurales se constituyen en otras de las formas efectivas de conservar la tradici\u00f3n del campo y las costumbres del lugar, as\u00ed como tambi\u00e9n, conservar los valores, ideas, ra\u00edces y resaltar el sacrificio de cada criancero<\/p>\n\n\n\n<p>Que es una obligaci\u00f3n por parte de quienes tenemos la responsabilidad y el honor de representar a todos los vecinos de nuestro Departamento, hacer un reconocimiento a cada poblador de la zona rural y a las actividades que realizan a diario.<\/p>\n\n\n\n<p>Que las ordenanzas sancionadas por este Honorable Concejo Deliberante tienen car\u00e1cter obligatorio y constituyen normas de cumplimiento efectivo en el \u00e1mbito del Departamento<\/p>\n\n\n\n<p>Que la mencionada pieza legal fue sancionada en Sesi\u00f3n Ordinaria el 01 de junio de 2.023 por este Honorable Cuerpo Deliberativo<\/p>\n\n\n\n<p>Que el Departamento Ejecutivo Municipal tiene la responsabilidad de hacer cumplir dichas ordenanzas, garantizando su aplicaci\u00f3n conforme a los establecido en la normativa vigente, sin embargo, se ha observado una falta de ejecuci\u00f3n y seguimiento en diversas disposiciones sancionadas, lo que genera un incumplimiento normativo y afecta el debido funcionamiento institucional.<\/p>\n\n\n\n<p>Que es deber de este cuerpo velar por el respeto y aplicaci\u00f3n de las normas, garantizando as\u00ed la seguridad jur\u00eddica y el orden administrativo en beneficio de la comunidad. El incumplimiento de las ordenanzas por parte del Departamento Ejecutivo Municipal no solo desvirt\u00faa el trabajo legislativo, sino que tambi\u00e9n impide la concreci\u00f3n efectiva de pol\u00edticas p\u00fablicas necesarias para el desarrollo local.<\/p>\n\n\n\n<p>Que en virtud de lo expuesto, resulta imprescindible instar al Departamento Ejecutivo Municipal a cumplir de manera efectiva con las ordenanzas vigentes.<\/p>\n\n\n\n<p>EL HONORABLE CONCEJO DELIBERANTE DE LA MUNICIPALIDAD DE MALARG\u00dcE EN USO DE LAS FACULTADES QUE LE SON PROPIAS<\/p>\n\n\n\n<p>RESUELVE<\/p>\n\n\n\n<p>ART\u00cdCULO 1\u00ba: Solicitar al Departamento Ejecutivo Municipal la ejecuci\u00f3n de la Ordenanza N\u00b0 2.233\/2.023 &#8220;Declarar de Inter\u00e9s Cultural y Patrimonial Departamental a la &#8220;Fiesta Departamental del Castronero \u201c<\/p>\n\n\n\n<p>ART\u00cdCULO 2\u00ba: Comun\u00edquese, reg\u00edstrese, agr\u00e9guese copia de la presente en las actuaciones correspondientes y arch\u00edvese.<\/p>\n\n\n\n<p>DADA EN LA SALA DE SESIONES DR.&nbsp; RICARDO BALBIN DEL HONORABLE CONCEJO DELIBERANTE DE LA MUNICIPALIDAD DE MALARG\u00dcE A VEINTIDOS D\u00cdAS DE MAYO DE DOS MIL VEINTICINCO.<\/p>\n","protected":false},"excerpt":{"rendered":"<p>El HCD solicit\u00f3 al Ejecutivo Municipal la ejecuci\u00f3n de la Ordenanza N\u00b0 2233\/2025 sobre la Fiesta del Castronero El Honorable Concejo Deliberante de Malarg\u00fce aprob\u00f3 la Resoluci\u00f3n N\u00b0 121\/2.025 mediante la cual solicita al Departamento Ejecutivo Municipal la efectiva ejecuci\u00f3n de la Ordenanza N\u00b0 2.233\/2.023, que declara de Inter\u00e9s Cultural y Patrimonial Departamental a la [&hellip;]<\/p>\n","protected":false},"author":5,"featured_media":38916,"comment_status":"closed","ping_status":"closed","sticky":false,"template":"","format":"standard","meta":{"footnotes":""},"categories":[29,51],"tags":[],"class_list":["post-38915","post","type-post","status-publish","format-standard","has-post-thumbnail","hentry","category-lesgilacion","category-resoluciones"],"yoast_head":"<!-- This site is optimized with the Yoast SEO plugin v19.10 - https:\/\/yoast.com\/wordpress\/plugins\/seo\/ -->\n<title>RESOLUCI\u00d3N N\u00b0 121\/2.025 - Malarg\u00fce HCD<\/title>\n<meta name=\"robots\" content=\"index, follow, max-snippet:-1, max-image-preview:large, max-video-preview:-1\" \/>\n<link rel=\"canonical\" href=\"https:\/\/hcd.malargue.gov.ar\/?p=38915\" \/>\n<meta property=\"og:locale\" content=\"es_ES\" \/>\n<meta property=\"og:type\" content=\"article\" \/>\n<meta property=\"og:title\" content=\"RESOLUCI\u00d3N N\u00b0 121\/2.025 - Malarg\u00fce HCD\" \/>\n<meta property=\"og:description\" content=\"El HCD solicit\u00f3 al Ejecutivo Municipal la ejecuci\u00f3n de la Ordenanza N\u00b0 2233\/2025 sobre la Fiesta del Castronero El Honorable Concejo Deliberante de Malarg\u00fce aprob\u00f3 la Resoluci\u00f3n N\u00b0 121\/2.025 mediante la cual solicita al Departamento Ejecutivo Municipal la efectiva ejecuci\u00f3n de la Ordenanza N\u00b0 2.233\/2.023, que declara de Inter\u00e9s Cultural y Patrimonial Departamental a la [&hellip;]\" \/>\n<meta property=\"og:url\" content=\"https:\/\/hcd.malargue.gov.ar\/?p=38915\" \/>\n<meta property=\"og:site_name\" content=\"Malarg\u00fce HCD\" \/>\n<meta property=\"article:published_time\" content=\"2025-05-27T15:30:38+00:00\" \/>\n<meta property=\"article:modified_time\" content=\"2025-05-27T15:40:10+00:00\" \/>\n<meta property=\"og:image\" content=\"https:\/\/hcd.malargue.gov.ar\/wp-content\/uploads\/2025\/05\/RESOLUCION-121-2025.png\" \/>\n\t<meta property=\"og:image:width\" content=\"940\" \/>\n\t<meta property=\"og:image:height\" content=\"788\" \/>\n\t<meta property=\"og:image:type\" content=\"image\/png\" \/>\n<meta name=\"author\" content=\"Belen Pedernera Ferragut\" \/>\n<meta name=\"twitter:card\" content=\"summary_large_image\" \/>\n<meta name=\"twitter:label1\" content=\"Escrito por\" \/>\n\t<meta name=\"twitter:data1\" content=\"Belen Pedernera Ferragut\" \/>\n\t<meta name=\"twitter:label2\" content=\"Tiempo de lectura\" \/>\n\t<meta name=\"twitter:data2\" content=\"4 minutos\" \/>\n<script type=\"application\/ld+json\" class=\"yoast-schema-graph\">{\"@context\":\"https:\/\/schema.org\",\"@graph\":[{\"@type\":\"WebPage\",\"@id\":\"https:\/\/hcd.malargue.gov.ar\/?p=38915\",\"url\":\"https:\/\/hcd.malargue.gov.ar\/?p=38915\",\"name\":\"RESOLUCI\u00d3N N\u00b0 121\/2.025 - Malarg\u00fce HCD\",\"isPartOf\":{\"@id\":\"https:\/\/hcd.malargue.gov.ar\/#website\"},\"datePublished\":\"2025-05-27T15:30:38+00:00\",\"dateModified\":\"2025-05-27T15:40:10+00:00\",\"author\":{\"@id\":\"https:\/\/hcd.malargue.gov.ar\/#\/schema\/person\/3fd6bbab64edd703961b795156c955d0\"},\"breadcrumb\":{\"@id\":\"https:\/\/hcd.malargue.gov.ar\/?p=38915#breadcrumb\"},\"inLanguage\":\"es-AR\",\"potentialAction\":[{\"@type\":\"ReadAction\",\"target\":[\"https:\/\/hcd.malargue.gov.ar\/?p=38915\"]}]},{\"@type\":\"BreadcrumbList\",\"@id\":\"https:\/\/hcd.malargue.gov.ar\/?p=38915#breadcrumb\",\"itemListElement\":[{\"@type\":\"ListItem\",\"position\":1,\"name\":\"Inicio\",\"item\":\"https:\/\/hcd.malargue.gov.ar\/\"},{\"@type\":\"ListItem\",\"position\":2,\"name\":\"RESOLUCI\u00d3N N\u00b0 121\/2.025\"}]},{\"@type\":\"WebSite\",\"@id\":\"https:\/\/hcd.malargue.gov.ar\/#website\",\"url\":\"https:\/\/hcd.malargue.gov.ar\/\",\"name\":\"Malarg\u00fce HCD\",\"description\":\"Malarg\u00fce Mendoza Argentina\",\"potentialAction\":[{\"@type\":\"SearchAction\",\"target\":{\"@type\":\"EntryPoint\",\"urlTemplate\":\"https:\/\/hcd.malargue.gov.ar\/?s={search_term_string}\"},\"query-input\":\"required name=search_term_string\"}],\"inLanguage\":\"es-AR\"},{\"@type\":\"Person\",\"@id\":\"https:\/\/hcd.malargue.gov.ar\/#\/schema\/person\/3fd6bbab64edd703961b795156c955d0\",\"name\":\"Belen Pedernera Ferragut\",\"image\":{\"@type\":\"ImageObject\",\"inLanguage\":\"es-AR\",\"@id\":\"https:\/\/hcd.malargue.gov.ar\/#\/schema\/person\/image\/\",\"url\":\"https:\/\/secure.gravatar.com\/avatar\/1054ffab3893de4bb3eb29bdd22f7e34b8537bf5d34d9dab311818154ad5b71f?s=96&d=mm&r=g\",\"contentUrl\":\"https:\/\/secure.gravatar.com\/avatar\/1054ffab3893de4bb3eb29bdd22f7e34b8537bf5d34d9dab311818154ad5b71f?s=96&d=mm&r=g\",\"caption\":\"Belen Pedernera Ferragut\"},\"url\":\"https:\/\/hcd.malargue.gov.ar\/?author=5\"}]}<\/script>\n<!-- \/ Yoast SEO plugin. -->","yoast_head_json":{"title":"RESOLUCI\u00d3N N\u00b0 121\/2.025 - Malarg\u00fce HCD","robots":{"index":"index","follow":"follow","max-snippet":"max-snippet:-1","max-image-preview":"max-image-preview:large","max-video-preview":"max-video-preview:-1"},"canonical":"https:\/\/hcd.malargue.gov.ar\/?p=38915","og_locale":"es_ES","og_type":"article","og_title":"RESOLUCI\u00d3N N\u00b0 121\/2.025 - Malarg\u00fce HCD","og_description":"El HCD solicit\u00f3 al Ejecutivo Municipal la ejecuci\u00f3n de la Ordenanza N\u00b0 2233\/2025 sobre la Fiesta del Castronero El Honorable Concejo Deliberante de Malarg\u00fce aprob\u00f3 la Resoluci\u00f3n N\u00b0 121\/2.025 mediante la cual solicita al Departamento Ejecutivo Municipal la efectiva ejecuci\u00f3n de la Ordenanza N\u00b0 2.233\/2.023, que declara de Inter\u00e9s Cultural y Patrimonial Departamental a la [&hellip;]","og_url":"https:\/\/hcd.malargue.gov.ar\/?p=38915","og_site_name":"Malarg\u00fce HCD","article_published_time":"2025-05-27T15:30:38+00:00","article_modified_time":"2025-05-27T15:40:10+00:00","og_image":[{"width":940,"height":788,"url":"https:\/\/hcd.malargue.gov.ar\/wp-content\/uploads\/2025\/05\/RESOLUCION-121-2025.png","type":"image\/png"}],"author":"Belen Pedernera Ferragut","twitter_card":"summary_large_image","twitter_misc":{"Escrito por":"Belen Pedernera Ferragut","Tiempo de lectura":"4 minutos"},"schema":{"@context":"https:\/\/schema.org","@graph":[{"@type":"WebPage","@id":"https:\/\/hcd.malargue.gov.ar\/?p=38915","url":"https:\/\/hcd.malargue.gov.ar\/?p=38915","name":"RESOLUCI\u00d3N N\u00b0 121\/2.025 - Malarg\u00fce HCD","isPartOf":{"@id":"https:\/\/hcd.malargue.gov.ar\/#website"},"datePublished":"2025-05-27T15:30:38+00:00","dateModified":"2025-05-27T15:40:10+00:00","author":{"@id":"https:\/\/hcd.malargue.gov.ar\/#\/schema\/person\/3fd6bbab64edd703961b795156c955d0"},"breadcrumb":{"@id":"https:\/\/hcd.malargue.gov.ar\/?p=38915#breadcrumb"},"inLanguage":"es-AR","potentialAction":[{"@type":"ReadAction","target":["https:\/\/hcd.malargue.gov.ar\/?p=38915"]}]},{"@type":"BreadcrumbList","@id":"https:\/\/hcd.malargue.gov.ar\/?p=38915#breadcrumb","itemListElement":[{"@type":"ListItem","position":1,"name":"Inicio","item":"https:\/\/hcd.malargue.gov.ar\/"},{"@type":"ListItem","position":2,"name":"RESOLUCI\u00d3N N\u00b0 121\/2.025"}]},{"@type":"WebSite","@id":"https:\/\/hcd.malargue.gov.ar\/#website","url":"https:\/\/hcd.malargue.gov.ar\/","name":"Malarg\u00fce HCD","description":"Malarg\u00fce Mendoza Argentina","potentialAction":[{"@type":"SearchAction","target":{"@type":"EntryPoint","urlTemplate":"https:\/\/hcd.malargue.gov.ar\/?s={search_term_string}"},"query-input":"required name=search_term_string"}],"inLanguage":"es-AR"},{"@type":"Person","@id":"https:\/\/hcd.malargue.gov.ar\/#\/schema\/person\/3fd6bbab64edd703961b795156c955d0","name":"Belen Pedernera Ferragut","image":{"@type":"ImageObject","inLanguage":"es-AR","@id":"https:\/\/hcd.malargue.gov.ar\/#\/schema\/person\/image\/","url":"https:\/\/secure.gravatar.com\/avatar\/1054ffab3893de4bb3eb29bdd22f7e34b8537bf5d34d9dab311818154ad5b71f?s=96&d=mm&r=g","contentUrl":"https:\/\/secure.gravatar.com\/avatar\/1054ffab3893de4bb3eb29bdd22f7e34b8537bf5d34d9dab311818154ad5b71f?s=96&d=mm&r=g","caption":"Belen Pedernera Ferragut"},"url":"https:\/\/hcd.malargue.gov.ar\/?author=5"}]}},"_links":{"self":[{"href":"https:\/\/hcd.malargue.gov.ar\/index.php?rest_route=\/wp\/v2\/posts\/38915","targetHints":{"allow":["GET"]}}],"collection":[{"href":"https:\/\/hcd.malargue.gov.ar\/index.php?rest_route=\/wp\/v2\/posts"}],"about":[{"href":"https:\/\/hcd.malargue.gov.ar\/index.php?rest_route=\/wp\/v2\/types\/post"}],"author":[{"embeddable":true,"href":"https:\/\/hcd.malargue.gov.ar\/index.php?rest_route=\/wp\/v2\/users\/5"}],"replies":[{"embeddable":true,"href":"https:\/\/hcd.malargue.gov.ar\/index.php?rest_route=%2Fwp%2Fv2%2Fcomments&post=38915"}],"version-history":[{"count":2,"href":"https:\/\/hcd.malargue.gov.ar\/index.php?rest_route=\/wp\/v2\/posts\/38915\/revisions"}],"predecessor-version":[{"id":38918,"href":"https:\/\/hcd.malargue.gov.ar\/index.php?rest_route=\/wp\/v2\/posts\/38915\/revisions\/38918"}],"wp:featuredmedia":[{"embeddable":true,"href":"https:\/\/hcd.malargue.gov.ar\/index.php?rest_route=\/wp\/v2\/media\/38916"}],"wp:attachment":[{"href":"https:\/\/hcd.malargue.gov.ar\/index.php?rest_route=%2Fwp%2Fv2%2Fmedia&parent=38915"}],"wp:term":[{"taxonomy":"category","embeddable":true,"href":"https:\/\/hcd.malargue.gov.ar\/index.php?rest_route=%2Fwp%2Fv2%2Fcategories&post=38915"},{"taxonomy":"post_tag","embeddable":true,"href":"https:\/\/hcd.malargue.gov.ar\/index.php?rest_route=%2Fwp%2Fv2%2Ftags&post=38915"}],"curies":[{"name":"wp","href":"https:\/\/api.w.org\/{rel}","templated":true}]}}