{"id":38963,"date":"2025-06-04T12:36:26","date_gmt":"2025-06-04T15:36:26","guid":{"rendered":"https:\/\/hcd.malargue.gov.ar\/?p=38963"},"modified":"2025-06-04T12:36:29","modified_gmt":"2025-06-04T15:36:29","slug":"orden-del-dia-11-sesion-ordinaria-4","status":"publish","type":"post","link":"https:\/\/hcd.malargue.gov.ar\/?p=38963","title":{"rendered":"ORDEN DEL DIA 11\u00b0 SESION ORDINARIA"},"content":{"rendered":"\n<p>D\u00eda\u00a0\u00a0 Jueves 05 \u00a0de Junio de 2.025<\/p>\n\n\n\n<p>Hora: 09:00<\/p>\n\n\n\n<p><strong><em>a) <\/em><\/strong><em style=\"font-weight: bold;\">Acto de Izar la Ense\u00f1a Patria\u00a0\u00a0 a cargo de la \u00a0Sra. Concejal Elizabeth GONZALEZ\u00a0\u00a0\u00a0\u00a0\u00a0<\/em><\/p>\n\n\n\n<p><strong><em>b) Homenaje de los Se\u00f1ores Concejales.<\/em><\/strong><\/p>\n\n\n\n<p><strong><em>c) Consideraci\u00f3n Acta Sesi\u00f3n Ordinaria N\u00b0 1.191 &#8211; \u201cO\u201d &#8211; 2.025.-<\/em><\/strong><\/p>\n\n\n\n<p><strong><em>d) Lectura del detalle de la correspondencia recibida y emitida.<\/em><\/strong><\/p>\n\n\n\n<p><strong><em>e) Determinaci\u00f3n de los temas que ser\u00e1n incluidos en el punto Asuntos Varios y puesta a consideraci\u00f3n de mociones de tratamientos sobre tablas de diversos expedientes.<\/em><\/strong><\/p>\n\n\n\n<p><strong><em>f) Proyectos de los Se\u00f1ores Concejales <\/em><\/strong><\/p>\n\n\n\n<ol class=\"wp-block-list\">\n<li><em>Expte. N\u00b0 3.840\/2.025-0.Proyecto de Ordenanza: Eliminaci\u00f3n de estacionamiento para Autoridades e implementaci\u00f3n de urbanismo t\u00e1ctico. (BLOQUE PARTIDO JUSTICIALISTA). Autor Concejal Rodrigo HIDALGO.<\/em><\/li>\n\n\n\n<li><em>Expte. N\u00b0 3.856\/2.025-0Proyecto de Resoluci\u00f3n: Pedido de Informe a Obras P\u00fablicas de la Municipalidad de Malarg\u00fce. (BLOQUE RECONSTRUYENDO MALARG\u00dcE). Autora Concejal Silvina CAMIOLO.<\/em><\/li>\n\n\n\n<li><em>Expte. N\u00b0 3.857\/2.025-0. Proyecto de Declaraci\u00f3n: Declarar de Inter\u00e9s Social y Educativo la \u201cJornada de los Derechos de las Personas con Discapacidad\u201d. (BLOQUE PARTIDO JUSTICIALISTA.) Autora Concejal: Magali ACOSTA.<\/em><\/li>\n\n\n\n<li><em>Expte. N\u00b0 3.858\/2.025-0. Proyecto de Resoluci\u00f3n: Solicitud de informe de estado actual de la Direcci\u00f3n Provincial de Vialidad- Sub Zona Malarg\u00fce y Programa de mantenimiento de Rutas. (BLOQUE ENCUENTRO), Autor Concejal Francisco PARADA.<\/em><\/li>\n<\/ol>\n\n\n\n<p><strong><em>g)<\/em><\/strong> <strong><em>Expedientes provenientes del Departamento Ejecutivo<\/em><\/strong><\/p>\n\n\n\n<ol style=\"list-style-type:lower-alpha\" class=\"wp-block-list\"><\/ol>\n\n\n\n<p>No ingresados<\/p>\n\n\n\n<p><strong><em>h) Despachos de las Comisiones de Trabajo.<\/em><\/strong><\/p>\n\n\n\n<ol start=\"1\" class=\"wp-block-list\">\n<li>\u00a0Expte. N\u00b0 5.475-HC-068-2.024.\u00a0 Proyecto de Resoluci\u00f3n: Solicitar al Departamento Ejecutivo Municipal gestione\u00a0 un bono especial para empleados municipales. (H.P.L.A.C.)<\/li>\n\n\n\n<li>Expte. N\u00b0 5.397-HC-063-2.024. Proyecto de Ordenanza: Encomendar al Departamento Ejecutivo Municipal a la creaci\u00f3n de normas\u00a0 regulatoria de la publicidad\u00a0 oficial en Malarg\u00fcr. (H.P.L.A.C.)<\/li>\n\n\n\n<li>Solicitud N\u00b0 5.986. Prof.\u00a0 Fabi\u00e1n Amaya, Director del Centro Educativo de Nivel Superior Secundario N\u00b0 3-502, eleva invitaci\u00f3n al Acto de Imposici\u00f3n de nombre de la mencionada\u00a0 Instituci\u00f3n Educativa, a llevarse a cabo el d\u00eda 10 de junio del corriente a\u00f1o. (E.H.M.A.S. y C.)<\/li>\n<\/ol>\n\n\n\n<p><strong>i<em>) Asuntos Varios. &nbsp;&nbsp;&nbsp;&nbsp;<\/em><\/strong><\/p>\n\n\n\n<p><strong><em>j) Acto de arriar el Pabell\u00f3n Nacional a cargo de la &nbsp;Concejal que lo <\/em><\/strong><strong>iz\u00f3.<\/strong><\/p>\n\n\n\n<p class=\"has-text-align-right\">Presidencia, H.C.D. 03 \u00a0de\u00a0 junio de 2.025.-<\/p>\n\n\n\n<p>CORRESPONDENCIA PARA LA SESI\u00d3N<\/p>\n\n\n\n<p>Del d\u00eda jueves 05 de &nbsp;&nbsp;junio de 2.025<\/p>\n\n\n\n<p>1. Solicitud N\u00b0 6.571.\u00a0 Dr. Juan Manuel Negro. Juez Vial Municipal, Municipalidad de Malarg\u00fce,pone en conocimiento la realizaci\u00f3n de la 3\u00b0 Jornada Interdisciplinaria de Seguridad Vial, evento preparatorio del 1\u00b0 Congreso Internacional de Seguridad Vial y el 2\u00b0 Congreso Andino de Integraci\u00f3n de Emergencias Prehospitalarias, que tendr\u00e1 lugar los d\u00edas 24 y 25 de junio en la Ciudad de Mendoza.<\/p>\n\n\n\n<p>2. Solicitud N\u00b0 6.605. Sr. Daniel Arriola (Sistemas) , presenta Proyecto de Ordenanza: Plataforma Digital para la promoci\u00f3n de la competencia de precios en comercios locales de Malarg\u00fce.<\/p>\n\n\n\n<p>3.Solicitud N\u00b0 6.719. Concejal Silvina Camiolo, Bloque Reconstruyendo Malarg\u00fce, hace entrega de documentaci\u00f3n referida a nota HC-149\/2.025, refiere a gestiones&nbsp; que llev\u00f3 adelante el Director de Servicios P\u00fablicos<\/p>\n\n\n\n<p>4. Solicitud&nbsp; N\u00b0 6.781. Sr. Mario Jofr\u00e9, eleva nota Ref. Intervenci\u00f3n en el Campo Puesto El Trapino- Ca\u00f1ada Colorada<\/p>\n\n\n\n<p>5. Solicitud N\u00b0 6.800. Sr. Daniel Morales, solicita hacer uso de la Banca del Ciudadano,&nbsp; para exponer situaci\u00f3n de su proyecto (Ba\u00f1os Qu\u00edmicos)<\/p>\n\n\n\n<p>6.Solicitud N\u00b0 6.835. Secretaria de Desarrollo Econ\u00f3mico Prof. Graciela Viollaz y Sr. An\u00edbal P\u00e9rez Director de Desarrollo Productivo Municipalidad de Malarg\u00fce, \u201cPrograma de Cr\u00e9ditos con perspectiva de arraigo&nbsp; destinado a j\u00f3venes de la zona rural\u201d, en relaci\u00f3n a lo establecido&nbsp; por Ordenanza N\u00b0 2.314\/2.014.<\/p>\n\n\n\n<p>7. Solicitud N\u00b0 6.839. Sra Laura Villouta y Rodrigo Jaque, solicitan hacer uso de la Banca del Ciudadano, para exponer diversos temas de salud y nuestro caso en particular.<\/p>\n\n\n\n<p>8.Solicitud&nbsp; N\u00b0 6.822. \u00e1rea Abordaje Integral de Discapacidad Municipalidad de Malarg\u00fce, invita a Jornada&nbsp; de Capacitaci\u00f3n sobre los Derechos de las Personas con Discapacidad y el trato&nbsp; a las Personas con Discapacidad.<\/p>\n\n\n\n<p>9. Solicitud N\u00b0 6.850. Consultorios Integra2, invita a presencia tema Central Derechos de las Personas Con Discapacidad- Abordaje Integral.<\/p>\n\n\n\n<p>10. Solicitud&nbsp; N\u00b0 6.870. Sra. Mar\u00eda Fernanda Pacheco, Colegio de Abogados y Procuradores Ref. Expte. N\u00b0 5.410.<\/p>\n\n\n\n<p>11. Solicitud n\u00b0 6.872. Oficina de la Vicegobernaci\u00f3n de Mendoza, informa recibo de Resoluci\u00f3n N\u00b0 188\/2.025.<\/p>\n","protected":false},"excerpt":{"rendered":"<p>D\u00eda\u00a0\u00a0 Jueves 05 \u00a0de Junio de 2.025 Hora: 09:00 a) Acto de Izar la Ense\u00f1a Patria\u00a0\u00a0 a cargo de la \u00a0Sra. Concejal Elizabeth GONZALEZ\u00a0\u00a0\u00a0\u00a0\u00a0 b) Homenaje de los Se\u00f1ores Concejales. c) Consideraci\u00f3n Acta Sesi\u00f3n Ordinaria N\u00b0 1.191 &#8211; \u201cO\u201d &#8211; 2.025.- d) Lectura del detalle de la correspondencia recibida y emitida. e) Determinaci\u00f3n de los [&hellip;]<\/p>\n","protected":false},"author":5,"featured_media":38924,"comment_status":"closed","ping_status":"closed","sticky":false,"template":"","format":"standard","meta":{"footnotes":""},"categories":[52,84,58,33,36],"tags":[],"class_list":["post-38963","post","type-post","status-publish","format-standard","has-post-thumbnail","hentry","category-gacetillas","category-orden-del-dia","category-ordinarias","category-prensa","category-sesiones"],"yoast_head":"<!-- This site is optimized with the Yoast SEO plugin v19.10 - https:\/\/yoast.com\/wordpress\/plugins\/seo\/ -->\n<title>ORDEN DEL DIA 11\u00b0 SESION ORDINARIA - Malarg\u00fce HCD<\/title>\n<meta name=\"robots\" content=\"index, follow, max-snippet:-1, max-image-preview:large, max-video-preview:-1\" \/>\n<link rel=\"canonical\" href=\"https:\/\/hcd.malargue.gov.ar\/?p=38963\" \/>\n<meta property=\"og:locale\" content=\"es_ES\" \/>\n<meta property=\"og:type\" content=\"article\" \/>\n<meta property=\"og:title\" content=\"ORDEN DEL DIA 11\u00b0 SESION ORDINARIA - Malarg\u00fce HCD\" \/>\n<meta property=\"og:description\" content=\"D\u00eda\u00a0\u00a0 Jueves 05 \u00a0de Junio de 2.025 Hora: 09:00 a) Acto de Izar la Ense\u00f1a Patria\u00a0\u00a0 a cargo de la \u00a0Sra. Concejal Elizabeth GONZALEZ\u00a0\u00a0\u00a0\u00a0\u00a0 b) Homenaje de los Se\u00f1ores Concejales. c) Consideraci\u00f3n Acta Sesi\u00f3n Ordinaria N\u00b0 1.191 &#8211; \u201cO\u201d &#8211; 2.025.- d) Lectura del detalle de la correspondencia recibida y emitida. e) Determinaci\u00f3n de los [&hellip;]\" \/>\n<meta property=\"og:url\" content=\"https:\/\/hcd.malargue.gov.ar\/?p=38963\" \/>\n<meta property=\"og:site_name\" content=\"Malarg\u00fce HCD\" \/>\n<meta property=\"article:published_time\" content=\"2025-06-04T15:36:26+00:00\" \/>\n<meta property=\"article:modified_time\" content=\"2025-06-04T15:36:29+00:00\" \/>\n<meta property=\"og:image\" content=\"https:\/\/hcd.malargue.gov.ar\/wp-content\/uploads\/2025\/05\/SESIONES-ORDINARIAS-2025.png\" \/>\n\t<meta property=\"og:image:width\" content=\"1640\" \/>\n\t<meta property=\"og:image:height\" content=\"924\" \/>\n\t<meta property=\"og:image:type\" content=\"image\/png\" \/>\n<meta name=\"author\" content=\"Belen Pedernera Ferragut\" \/>\n<meta name=\"twitter:card\" content=\"summary_large_image\" \/>\n<meta name=\"twitter:label1\" content=\"Escrito por\" \/>\n\t<meta name=\"twitter:data1\" content=\"Belen Pedernera Ferragut\" \/>\n\t<meta name=\"twitter:label2\" content=\"Tiempo de lectura\" \/>\n\t<meta name=\"twitter:data2\" content=\"3 minutos\" \/>\n<script type=\"application\/ld+json\" class=\"yoast-schema-graph\">{\"@context\":\"https:\/\/schema.org\",\"@graph\":[{\"@type\":\"WebPage\",\"@id\":\"https:\/\/hcd.malargue.gov.ar\/?p=38963\",\"url\":\"https:\/\/hcd.malargue.gov.ar\/?p=38963\",\"name\":\"ORDEN DEL DIA 11\u00b0 SESION ORDINARIA - Malarg\u00fce HCD\",\"isPartOf\":{\"@id\":\"https:\/\/hcd.malargue.gov.ar\/#website\"},\"datePublished\":\"2025-06-04T15:36:26+00:00\",\"dateModified\":\"2025-06-04T15:36:29+00:00\",\"author\":{\"@id\":\"https:\/\/hcd.malargue.gov.ar\/#\/schema\/person\/3fd6bbab64edd703961b795156c955d0\"},\"breadcrumb\":{\"@id\":\"https:\/\/hcd.malargue.gov.ar\/?p=38963#breadcrumb\"},\"inLanguage\":\"es-AR\",\"potentialAction\":[{\"@type\":\"ReadAction\",\"target\":[\"https:\/\/hcd.malargue.gov.ar\/?p=38963\"]}]},{\"@type\":\"BreadcrumbList\",\"@id\":\"https:\/\/hcd.malargue.gov.ar\/?p=38963#breadcrumb\",\"itemListElement\":[{\"@type\":\"ListItem\",\"position\":1,\"name\":\"Inicio\",\"item\":\"https:\/\/hcd.malargue.gov.ar\/\"},{\"@type\":\"ListItem\",\"position\":2,\"name\":\"ORDEN DEL DIA 11\u00b0 SESION ORDINARIA\"}]},{\"@type\":\"WebSite\",\"@id\":\"https:\/\/hcd.malargue.gov.ar\/#website\",\"url\":\"https:\/\/hcd.malargue.gov.ar\/\",\"name\":\"Malarg\u00fce HCD\",\"description\":\"Malarg\u00fce Mendoza Argentina\",\"potentialAction\":[{\"@type\":\"SearchAction\",\"target\":{\"@type\":\"EntryPoint\",\"urlTemplate\":\"https:\/\/hcd.malargue.gov.ar\/?s={search_term_string}\"},\"query-input\":\"required name=search_term_string\"}],\"inLanguage\":\"es-AR\"},{\"@type\":\"Person\",\"@id\":\"https:\/\/hcd.malargue.gov.ar\/#\/schema\/person\/3fd6bbab64edd703961b795156c955d0\",\"name\":\"Belen Pedernera Ferragut\",\"image\":{\"@type\":\"ImageObject\",\"inLanguage\":\"es-AR\",\"@id\":\"https:\/\/hcd.malargue.gov.ar\/#\/schema\/person\/image\/\",\"url\":\"https:\/\/secure.gravatar.com\/avatar\/1054ffab3893de4bb3eb29bdd22f7e34b8537bf5d34d9dab311818154ad5b71f?s=96&d=mm&r=g\",\"contentUrl\":\"https:\/\/secure.gravatar.com\/avatar\/1054ffab3893de4bb3eb29bdd22f7e34b8537bf5d34d9dab311818154ad5b71f?s=96&d=mm&r=g\",\"caption\":\"Belen Pedernera Ferragut\"},\"url\":\"https:\/\/hcd.malargue.gov.ar\/?author=5\"}]}<\/script>\n<!-- \/ Yoast SEO plugin. -->","yoast_head_json":{"title":"ORDEN DEL DIA 11\u00b0 SESION ORDINARIA - Malarg\u00fce HCD","robots":{"index":"index","follow":"follow","max-snippet":"max-snippet:-1","max-image-preview":"max-image-preview:large","max-video-preview":"max-video-preview:-1"},"canonical":"https:\/\/hcd.malargue.gov.ar\/?p=38963","og_locale":"es_ES","og_type":"article","og_title":"ORDEN DEL DIA 11\u00b0 SESION ORDINARIA - Malarg\u00fce HCD","og_description":"D\u00eda\u00a0\u00a0 Jueves 05 \u00a0de Junio de 2.025 Hora: 09:00 a) Acto de Izar la Ense\u00f1a Patria\u00a0\u00a0 a cargo de la \u00a0Sra. Concejal Elizabeth GONZALEZ\u00a0\u00a0\u00a0\u00a0\u00a0 b) Homenaje de los Se\u00f1ores Concejales. c) Consideraci\u00f3n Acta Sesi\u00f3n Ordinaria N\u00b0 1.191 &#8211; \u201cO\u201d &#8211; 2.025.- d) Lectura del detalle de la correspondencia recibida y emitida. e) Determinaci\u00f3n de los [&hellip;]","og_url":"https:\/\/hcd.malargue.gov.ar\/?p=38963","og_site_name":"Malarg\u00fce HCD","article_published_time":"2025-06-04T15:36:26+00:00","article_modified_time":"2025-06-04T15:36:29+00:00","og_image":[{"width":1640,"height":924,"url":"https:\/\/hcd.malargue.gov.ar\/wp-content\/uploads\/2025\/05\/SESIONES-ORDINARIAS-2025.png","type":"image\/png"}],"author":"Belen Pedernera Ferragut","twitter_card":"summary_large_image","twitter_misc":{"Escrito por":"Belen Pedernera Ferragut","Tiempo de lectura":"3 minutos"},"schema":{"@context":"https:\/\/schema.org","@graph":[{"@type":"WebPage","@id":"https:\/\/hcd.malargue.gov.ar\/?p=38963","url":"https:\/\/hcd.malargue.gov.ar\/?p=38963","name":"ORDEN DEL DIA 11\u00b0 SESION ORDINARIA - Malarg\u00fce HCD","isPartOf":{"@id":"https:\/\/hcd.malargue.gov.ar\/#website"},"datePublished":"2025-06-04T15:36:26+00:00","dateModified":"2025-06-04T15:36:29+00:00","author":{"@id":"https:\/\/hcd.malargue.gov.ar\/#\/schema\/person\/3fd6bbab64edd703961b795156c955d0"},"breadcrumb":{"@id":"https:\/\/hcd.malargue.gov.ar\/?p=38963#breadcrumb"},"inLanguage":"es-AR","potentialAction":[{"@type":"ReadAction","target":["https:\/\/hcd.malargue.gov.ar\/?p=38963"]}]},{"@type":"BreadcrumbList","@id":"https:\/\/hcd.malargue.gov.ar\/?p=38963#breadcrumb","itemListElement":[{"@type":"ListItem","position":1,"name":"Inicio","item":"https:\/\/hcd.malargue.gov.ar\/"},{"@type":"ListItem","position":2,"name":"ORDEN DEL DIA 11\u00b0 SESION ORDINARIA"}]},{"@type":"WebSite","@id":"https:\/\/hcd.malargue.gov.ar\/#website","url":"https:\/\/hcd.malargue.gov.ar\/","name":"Malarg\u00fce HCD","description":"Malarg\u00fce Mendoza Argentina","potentialAction":[{"@type":"SearchAction","target":{"@type":"EntryPoint","urlTemplate":"https:\/\/hcd.malargue.gov.ar\/?s={search_term_string}"},"query-input":"required name=search_term_string"}],"inLanguage":"es-AR"},{"@type":"Person","@id":"https:\/\/hcd.malargue.gov.ar\/#\/schema\/person\/3fd6bbab64edd703961b795156c955d0","name":"Belen Pedernera Ferragut","image":{"@type":"ImageObject","inLanguage":"es-AR","@id":"https:\/\/hcd.malargue.gov.ar\/#\/schema\/person\/image\/","url":"https:\/\/secure.gravatar.com\/avatar\/1054ffab3893de4bb3eb29bdd22f7e34b8537bf5d34d9dab311818154ad5b71f?s=96&d=mm&r=g","contentUrl":"https:\/\/secure.gravatar.com\/avatar\/1054ffab3893de4bb3eb29bdd22f7e34b8537bf5d34d9dab311818154ad5b71f?s=96&d=mm&r=g","caption":"Belen Pedernera Ferragut"},"url":"https:\/\/hcd.malargue.gov.ar\/?author=5"}]}},"_links":{"self":[{"href":"https:\/\/hcd.malargue.gov.ar\/index.php?rest_route=\/wp\/v2\/posts\/38963","targetHints":{"allow":["GET"]}}],"collection":[{"href":"https:\/\/hcd.malargue.gov.ar\/index.php?rest_route=\/wp\/v2\/posts"}],"about":[{"href":"https:\/\/hcd.malargue.gov.ar\/index.php?rest_route=\/wp\/v2\/types\/post"}],"author":[{"embeddable":true,"href":"https:\/\/hcd.malargue.gov.ar\/index.php?rest_route=\/wp\/v2\/users\/5"}],"replies":[{"embeddable":true,"href":"https:\/\/hcd.malargue.gov.ar\/index.php?rest_route=%2Fwp%2Fv2%2Fcomments&post=38963"}],"version-history":[{"count":1,"href":"https:\/\/hcd.malargue.gov.ar\/index.php?rest_route=\/wp\/v2\/posts\/38963\/revisions"}],"predecessor-version":[{"id":38964,"href":"https:\/\/hcd.malargue.gov.ar\/index.php?rest_route=\/wp\/v2\/posts\/38963\/revisions\/38964"}],"wp:featuredmedia":[{"embeddable":true,"href":"https:\/\/hcd.malargue.gov.ar\/index.php?rest_route=\/wp\/v2\/media\/38924"}],"wp:attachment":[{"href":"https:\/\/hcd.malargue.gov.ar\/index.php?rest_route=%2Fwp%2Fv2%2Fmedia&parent=38963"}],"wp:term":[{"taxonomy":"category","embeddable":true,"href":"https:\/\/hcd.malargue.gov.ar\/index.php?rest_route=%2Fwp%2Fv2%2Fcategories&post=38963"},{"taxonomy":"post_tag","embeddable":true,"href":"https:\/\/hcd.malargue.gov.ar\/index.php?rest_route=%2Fwp%2Fv2%2Ftags&post=38963"}],"curies":[{"name":"wp","href":"https:\/\/api.w.org\/{rel}","templated":true}]}}