{"id":38989,"date":"2025-06-11T12:47:39","date_gmt":"2025-06-11T15:47:39","guid":{"rendered":"https:\/\/hcd.malargue.gov.ar\/?p=38989"},"modified":"2025-06-11T12:47:42","modified_gmt":"2025-06-11T15:47:42","slug":"orden-del-dia-12-sesion-ordinaria-3","status":"publish","type":"post","link":"https:\/\/hcd.malargue.gov.ar\/?p=38989","title":{"rendered":"ORDEN DEL DIA 12\u00b0 SESION ORDINARIA"},"content":{"rendered":"\n<p>D\u00eda\u00a0Jueves 12 \u00a0de \u00a0junio\u00a0\u00a0 de 2.025<\/p>\n\n\n\n<p>Hora: 09:00<\/p>\n\n\n\n<p><strong><em>a) <\/em><\/strong><em style=\"font-weight: bold;\">Acto de Izar la Ense\u00f1a Patria\u00a0\u00a0 a cargo de la \u00a0Sra. Concejal Emilce MANSILLA\u00a0\u00a0\u00a0\u00a0<\/em><\/p>\n\n\n\n<p><strong><em>b) Homenaje de los Se\u00f1ores Concejales.<\/em><\/strong><\/p>\n\n\n\n<p><strong><em>c)<\/em><\/strong> <strong><em>Consideraci\u00f3n Acta Sesi\u00f3n Ordinaria N\u00b0 1.192 &#8211; \u201cO\u201d &#8211; 2.025.-<\/em><\/strong><\/p>\n\n\n\n<p><strong><em>d) Lectura del detalle de la correspondencia recibida y emitida.<\/em><\/strong><\/p>\n\n\n\n<p><strong><em>e) Determinaci\u00f3n de los temas que ser\u00e1n incluidos en el punto Asuntos Varios y puesta a consideraci\u00f3n de mociones de tratamientos sobre tablas de diversos expedientes.<\/em><\/strong><\/p>\n\n\n\n<p><strong><em>f) Proyectos de los Se\u00f1ores Concejales <\/em><\/strong><em>\u00a0<\/em><\/p>\n\n\n\n<ol class=\"wp-block-list\">\n<li><em>Expte. N\u00b0 3.976-2.025-0.Proyecto de Resoluci\u00f3n: Solicitar al Departamento Ejecutivo Municipal, la ejecuci\u00f3n de la Ordenanza N\u00b0 2.248\/2.023. (BLOQUE FRENTE CAMBIA MENDOZA).Autores Concejales: Pablo VILLARRUEL y Viviana MOSCA.<\/em><\/li>\n\n\n\n<li><em>Expte. N\u00b03.978\/2.025-0. Proyecto de Resoluci\u00f3n: Crear en el Departamento Ejecutivo Municipal el Fondo de Asistencia Econ\u00f3mica para vecinos de La Junta. (BLOQUE FRENTE CAMBIA MENDOZA). Autores Concejales: Pablo VILLARRUEL, Viviana MOSCA.<\/em><\/li>\n\n\n\n<li><em>Expte. N\u00b0 4.000\/2.025-0. Proyecto de Comunicaci\u00f3n: Manifestar preocupaci\u00f3n ante el aumento de los \u00edndices de mortalidad infantil y materna en la Provincia de Mendoza durante el a\u00f1o 2.024. (BLOQUE RECONSTRUYENDO MALARG\u00dcE.) Autora Concejal Silvina CAMIOLO.<\/em><\/li>\n\n\n\n<li><em>Expte. N\u00b0 4.001\/2.025-0. Proyecto de Resoluci\u00f3n: Declarar en emergencia la Ruta Nacional 40, tramo Malarg\u00fce, desde calle Jorge Newbery hasta Puente del R\u00edo\u00a0 hom\u00f3nimo. (BLOQUE ENCUENTRO). Autor Concejal Francisco PARADA.<\/em><\/li>\n<\/ol>\n\n\n\n<p><strong>g) <em>Expedientes provenientes del Departamento Ejecutivo.<\/em><\/strong><\/p>\n\n\n\n<ol style=\"list-style-type:lower-alpha\" class=\"wp-block-list\"><\/ol>\n\n\n\n<p>No ingresados<\/p>\n\n\n\n<p><strong><em>h) Despachos de las Comisiones de Trabajo.<\/em><\/strong><\/p>\n\n\n\n<ol start=\"1\" class=\"wp-block-list\">\n<li>\u00a0Solicitud N\u00b0 7.164. Nota HC-504\/2.024. Prof.\u00a0 Juan Manuel Pardo. Director de Deportes, eleva bases y condiciones de Convenio a firmar con la Empresa Petrolera Aconcagua de Energ\u00eda\u00a0 S.A. respecto a Concurso\u00a0 \u201cAlentando el Deporte\u201d, ( E.H.M.A.S. y C.).<\/li>\n\n\n\n<li>Solicitud N\u00b0 7.165. Nota HC-540\/2.024. Departamento Ejecutivo, eleva informe sobre tareas de desinfecci\u00f3n en la Uni\u00f3n Vecinal del Barrio Mart\u00edn G\u00fcemes, para conocimiento. (E.H.M.A.S. y C.)<\/li>\n<\/ol>\n\n\n\n<p><strong>i<em>) Asuntos Varios. &nbsp;&nbsp;&nbsp;&nbsp;<\/em><\/strong><\/p>\n\n\n\n<p><strong><em>j) Acto de arriar el Pabell\u00f3n Nacional a cargo de la &nbsp;Concejal que lo <\/em><\/strong><strong>iz\u00f3.<\/strong><\/p>\n\n\n\n<p class=\"has-text-align-right\">Presidencia, H.C.D. 10 &nbsp;&nbsp;de&nbsp; junio &nbsp;&nbsp;&nbsp;&nbsp;de 2.025.-<\/p>\n\n\n\n<p class=\"has-text-align-center\"><strong>CORRESPONDENCIA PARA LA SESI\u00d3N<\/strong><\/p>\n\n\n\n<p class=\"has-text-align-center\"><strong>Del d\u00eda jueves 12 de \u00a0\u00a0junio de 2.025<\/strong><\/p>\n\n\n\n<p class=\"has-text-align-center\"><strong>NOTAS INGRESADAS<\/strong><\/p>\n\n\n\n<p>1. Solicitud N\u00b0 6.838. Oficina de Despacho, eleva Decretos correspondientes mes de abril de 2.025, en formato Digital (Pendrive), para conocimiento.<\/p>\n\n\n\n<p>2. Solicitud N\u00b0 6.944. Sr. Carlos Fuenzalida y vecinos de Colonia H\u00edpica, solicitan intervenci\u00f3n del Cuerpo Deliberativo para obtener servicios b\u00e1sicos en el lugar.<\/p>\n\n\n\n<p>3. Solicitud N\u00b0 7.014. Supervisores de distintos niveles y modalidades de la Direcci\u00f3n Gral. de Escuelas, remiten nota de reclamo, Estatuto del Docente y Escalaf\u00f3n Ley N\u00b0 4.934, inclusi\u00f3n en la Ley N\u00b0 9.598.<\/p>\n\n\n\n<p>4. Solicitud N\u00b0 7.050. Oficina de Despacho. Convenio Entre la Municipalidad de Malarg\u00fce y Administraci\u00f3n Tributaria&nbsp; Mendoza (ATM), Decreto N\u00b0 698\/2.025, para conocimiento.<\/p>\n\n\n\n<p>5. Solicitud N\u00b0 7.082. Oficina de Despacho, remite copia de Convenio entre Empresa M y G S.R.L. y la Municipalidad de Malarg\u00fce. (Decreto N\u00b0 712\/2.025), para conocimiento.<\/p>\n\n\n\n<p>6. Solicitud N\u00b0 7.198. Concejales Viviana Mosca; Mart\u00edn Palma y Silvina Camiolo, solicitan de car\u00e1cter urgente, se proceda a dar cumplimiento al T\u00edtulo III del Anexo II de la Ordenanza N\u00b0 1.130\/2.001.<\/p>\n\n\n\n<p class=\"has-text-align-center\"><strong>NOTAS EMITIDAS<\/strong><\/p>\n\n\n\n<p>1. A los Presidentes de la Honorable C\u00e1mara de Senadores y Diputados de la Provincia de Mendoza, a los Legisladores&nbsp; y Senadores de Mendoza, remitiendo copia de Resoluci\u00f3n N\u00b0 154\/2.025, solicitando reuni\u00f3n de trabajo con los Sres. Ediles del Departamento de Malarg\u00fce.<\/p>\n\n\n\n<p>2. Al Presidente de la Honorable C\u00e1mara de Senadores y Diputados de la Provincia de Mendoza, a las Legisladoras por el Departamento de Malarg\u00fce, a la Presidente del Ente Mendoza Turismo. Gobierno de Mendoza, remitiendo copia de Resoluci\u00f3n &nbsp;N\u00b0 &nbsp;188\/2.025, solicitando la incorporaci\u00f3n de un art\u00edculo en la Ley Provincial de Turismo N\u00b0 8.845.<\/p>\n\n\n\n<p><\/p>\n","protected":false},"excerpt":{"rendered":"<p>D\u00eda\u00a0Jueves 12 \u00a0de \u00a0junio\u00a0\u00a0 de 2.025 Hora: 09:00 a) Acto de Izar la Ense\u00f1a Patria\u00a0\u00a0 a cargo de la \u00a0Sra. Concejal Emilce MANSILLA\u00a0\u00a0\u00a0\u00a0 b) Homenaje de los Se\u00f1ores Concejales. c) Consideraci\u00f3n Acta Sesi\u00f3n Ordinaria N\u00b0 1.192 &#8211; \u201cO\u201d &#8211; 2.025.- d) Lectura del detalle de la correspondencia recibida y emitida. e) Determinaci\u00f3n de los temas [&hellip;]<\/p>\n","protected":false},"author":5,"featured_media":38924,"comment_status":"closed","ping_status":"closed","sticky":false,"template":"","format":"standard","meta":{"footnotes":""},"categories":[52,84,58,33,36],"tags":[],"class_list":["post-38989","post","type-post","status-publish","format-standard","has-post-thumbnail","hentry","category-gacetillas","category-orden-del-dia","category-ordinarias","category-prensa","category-sesiones"],"yoast_head":"<!-- This site is optimized with the Yoast SEO plugin v19.10 - https:\/\/yoast.com\/wordpress\/plugins\/seo\/ -->\n<title>ORDEN DEL DIA 12\u00b0 SESION ORDINARIA - Malarg\u00fce HCD<\/title>\n<meta name=\"robots\" content=\"index, follow, max-snippet:-1, max-image-preview:large, max-video-preview:-1\" \/>\n<link rel=\"canonical\" href=\"https:\/\/hcd.malargue.gov.ar\/?p=38989\" \/>\n<meta property=\"og:locale\" content=\"es_ES\" \/>\n<meta property=\"og:type\" content=\"article\" \/>\n<meta property=\"og:title\" content=\"ORDEN DEL DIA 12\u00b0 SESION ORDINARIA - Malarg\u00fce HCD\" \/>\n<meta property=\"og:description\" content=\"D\u00eda\u00a0Jueves 12 \u00a0de \u00a0junio\u00a0\u00a0 de 2.025 Hora: 09:00 a) Acto de Izar la Ense\u00f1a Patria\u00a0\u00a0 a cargo de la \u00a0Sra. Concejal Emilce MANSILLA\u00a0\u00a0\u00a0\u00a0 b) Homenaje de los Se\u00f1ores Concejales. c) Consideraci\u00f3n Acta Sesi\u00f3n Ordinaria N\u00b0 1.192 &#8211; \u201cO\u201d &#8211; 2.025.- d) Lectura del detalle de la correspondencia recibida y emitida. e) Determinaci\u00f3n de los temas [&hellip;]\" \/>\n<meta property=\"og:url\" content=\"https:\/\/hcd.malargue.gov.ar\/?p=38989\" \/>\n<meta property=\"og:site_name\" content=\"Malarg\u00fce HCD\" \/>\n<meta property=\"article:published_time\" content=\"2025-06-11T15:47:39+00:00\" \/>\n<meta property=\"article:modified_time\" content=\"2025-06-11T15:47:42+00:00\" \/>\n<meta property=\"og:image\" content=\"https:\/\/hcd.malargue.gov.ar\/wp-content\/uploads\/2025\/05\/SESIONES-ORDINARIAS-2025.png\" \/>\n\t<meta property=\"og:image:width\" content=\"1640\" \/>\n\t<meta property=\"og:image:height\" content=\"924\" \/>\n\t<meta property=\"og:image:type\" content=\"image\/png\" \/>\n<meta name=\"author\" content=\"Belen Pedernera Ferragut\" \/>\n<meta name=\"twitter:card\" content=\"summary_large_image\" \/>\n<meta name=\"twitter:label1\" content=\"Escrito por\" \/>\n\t<meta name=\"twitter:data1\" content=\"Belen Pedernera Ferragut\" \/>\n\t<meta name=\"twitter:label2\" content=\"Tiempo de lectura\" \/>\n\t<meta name=\"twitter:data2\" content=\"3 minutos\" \/>\n<script type=\"application\/ld+json\" class=\"yoast-schema-graph\">{\"@context\":\"https:\/\/schema.org\",\"@graph\":[{\"@type\":\"WebPage\",\"@id\":\"https:\/\/hcd.malargue.gov.ar\/?p=38989\",\"url\":\"https:\/\/hcd.malargue.gov.ar\/?p=38989\",\"name\":\"ORDEN DEL DIA 12\u00b0 SESION ORDINARIA - Malarg\u00fce HCD\",\"isPartOf\":{\"@id\":\"https:\/\/hcd.malargue.gov.ar\/#website\"},\"datePublished\":\"2025-06-11T15:47:39+00:00\",\"dateModified\":\"2025-06-11T15:47:42+00:00\",\"author\":{\"@id\":\"https:\/\/hcd.malargue.gov.ar\/#\/schema\/person\/3fd6bbab64edd703961b795156c955d0\"},\"breadcrumb\":{\"@id\":\"https:\/\/hcd.malargue.gov.ar\/?p=38989#breadcrumb\"},\"inLanguage\":\"es-AR\",\"potentialAction\":[{\"@type\":\"ReadAction\",\"target\":[\"https:\/\/hcd.malargue.gov.ar\/?p=38989\"]}]},{\"@type\":\"BreadcrumbList\",\"@id\":\"https:\/\/hcd.malargue.gov.ar\/?p=38989#breadcrumb\",\"itemListElement\":[{\"@type\":\"ListItem\",\"position\":1,\"name\":\"Inicio\",\"item\":\"https:\/\/hcd.malargue.gov.ar\/\"},{\"@type\":\"ListItem\",\"position\":2,\"name\":\"ORDEN DEL DIA 12\u00b0 SESION ORDINARIA\"}]},{\"@type\":\"WebSite\",\"@id\":\"https:\/\/hcd.malargue.gov.ar\/#website\",\"url\":\"https:\/\/hcd.malargue.gov.ar\/\",\"name\":\"Malarg\u00fce HCD\",\"description\":\"Malarg\u00fce Mendoza Argentina\",\"potentialAction\":[{\"@type\":\"SearchAction\",\"target\":{\"@type\":\"EntryPoint\",\"urlTemplate\":\"https:\/\/hcd.malargue.gov.ar\/?s={search_term_string}\"},\"query-input\":\"required name=search_term_string\"}],\"inLanguage\":\"es-AR\"},{\"@type\":\"Person\",\"@id\":\"https:\/\/hcd.malargue.gov.ar\/#\/schema\/person\/3fd6bbab64edd703961b795156c955d0\",\"name\":\"Belen Pedernera Ferragut\",\"image\":{\"@type\":\"ImageObject\",\"inLanguage\":\"es-AR\",\"@id\":\"https:\/\/hcd.malargue.gov.ar\/#\/schema\/person\/image\/\",\"url\":\"https:\/\/secure.gravatar.com\/avatar\/1054ffab3893de4bb3eb29bdd22f7e34b8537bf5d34d9dab311818154ad5b71f?s=96&d=mm&r=g\",\"contentUrl\":\"https:\/\/secure.gravatar.com\/avatar\/1054ffab3893de4bb3eb29bdd22f7e34b8537bf5d34d9dab311818154ad5b71f?s=96&d=mm&r=g\",\"caption\":\"Belen Pedernera Ferragut\"},\"url\":\"https:\/\/hcd.malargue.gov.ar\/?author=5\"}]}<\/script>\n<!-- \/ Yoast SEO plugin. -->","yoast_head_json":{"title":"ORDEN DEL DIA 12\u00b0 SESION ORDINARIA - Malarg\u00fce HCD","robots":{"index":"index","follow":"follow","max-snippet":"max-snippet:-1","max-image-preview":"max-image-preview:large","max-video-preview":"max-video-preview:-1"},"canonical":"https:\/\/hcd.malargue.gov.ar\/?p=38989","og_locale":"es_ES","og_type":"article","og_title":"ORDEN DEL DIA 12\u00b0 SESION ORDINARIA - Malarg\u00fce HCD","og_description":"D\u00eda\u00a0Jueves 12 \u00a0de \u00a0junio\u00a0\u00a0 de 2.025 Hora: 09:00 a) Acto de Izar la Ense\u00f1a Patria\u00a0\u00a0 a cargo de la \u00a0Sra. Concejal Emilce MANSILLA\u00a0\u00a0\u00a0\u00a0 b) Homenaje de los Se\u00f1ores Concejales. c) Consideraci\u00f3n Acta Sesi\u00f3n Ordinaria N\u00b0 1.192 &#8211; \u201cO\u201d &#8211; 2.025.- d) Lectura del detalle de la correspondencia recibida y emitida. e) Determinaci\u00f3n de los temas [&hellip;]","og_url":"https:\/\/hcd.malargue.gov.ar\/?p=38989","og_site_name":"Malarg\u00fce HCD","article_published_time":"2025-06-11T15:47:39+00:00","article_modified_time":"2025-06-11T15:47:42+00:00","og_image":[{"width":1640,"height":924,"url":"https:\/\/hcd.malargue.gov.ar\/wp-content\/uploads\/2025\/05\/SESIONES-ORDINARIAS-2025.png","type":"image\/png"}],"author":"Belen Pedernera Ferragut","twitter_card":"summary_large_image","twitter_misc":{"Escrito por":"Belen Pedernera Ferragut","Tiempo de lectura":"3 minutos"},"schema":{"@context":"https:\/\/schema.org","@graph":[{"@type":"WebPage","@id":"https:\/\/hcd.malargue.gov.ar\/?p=38989","url":"https:\/\/hcd.malargue.gov.ar\/?p=38989","name":"ORDEN DEL DIA 12\u00b0 SESION ORDINARIA - Malarg\u00fce HCD","isPartOf":{"@id":"https:\/\/hcd.malargue.gov.ar\/#website"},"datePublished":"2025-06-11T15:47:39+00:00","dateModified":"2025-06-11T15:47:42+00:00","author":{"@id":"https:\/\/hcd.malargue.gov.ar\/#\/schema\/person\/3fd6bbab64edd703961b795156c955d0"},"breadcrumb":{"@id":"https:\/\/hcd.malargue.gov.ar\/?p=38989#breadcrumb"},"inLanguage":"es-AR","potentialAction":[{"@type":"ReadAction","target":["https:\/\/hcd.malargue.gov.ar\/?p=38989"]}]},{"@type":"BreadcrumbList","@id":"https:\/\/hcd.malargue.gov.ar\/?p=38989#breadcrumb","itemListElement":[{"@type":"ListItem","position":1,"name":"Inicio","item":"https:\/\/hcd.malargue.gov.ar\/"},{"@type":"ListItem","position":2,"name":"ORDEN DEL DIA 12\u00b0 SESION ORDINARIA"}]},{"@type":"WebSite","@id":"https:\/\/hcd.malargue.gov.ar\/#website","url":"https:\/\/hcd.malargue.gov.ar\/","name":"Malarg\u00fce HCD","description":"Malarg\u00fce Mendoza Argentina","potentialAction":[{"@type":"SearchAction","target":{"@type":"EntryPoint","urlTemplate":"https:\/\/hcd.malargue.gov.ar\/?s={search_term_string}"},"query-input":"required name=search_term_string"}],"inLanguage":"es-AR"},{"@type":"Person","@id":"https:\/\/hcd.malargue.gov.ar\/#\/schema\/person\/3fd6bbab64edd703961b795156c955d0","name":"Belen Pedernera Ferragut","image":{"@type":"ImageObject","inLanguage":"es-AR","@id":"https:\/\/hcd.malargue.gov.ar\/#\/schema\/person\/image\/","url":"https:\/\/secure.gravatar.com\/avatar\/1054ffab3893de4bb3eb29bdd22f7e34b8537bf5d34d9dab311818154ad5b71f?s=96&d=mm&r=g","contentUrl":"https:\/\/secure.gravatar.com\/avatar\/1054ffab3893de4bb3eb29bdd22f7e34b8537bf5d34d9dab311818154ad5b71f?s=96&d=mm&r=g","caption":"Belen Pedernera Ferragut"},"url":"https:\/\/hcd.malargue.gov.ar\/?author=5"}]}},"_links":{"self":[{"href":"https:\/\/hcd.malargue.gov.ar\/index.php?rest_route=\/wp\/v2\/posts\/38989","targetHints":{"allow":["GET"]}}],"collection":[{"href":"https:\/\/hcd.malargue.gov.ar\/index.php?rest_route=\/wp\/v2\/posts"}],"about":[{"href":"https:\/\/hcd.malargue.gov.ar\/index.php?rest_route=\/wp\/v2\/types\/post"}],"author":[{"embeddable":true,"href":"https:\/\/hcd.malargue.gov.ar\/index.php?rest_route=\/wp\/v2\/users\/5"}],"replies":[{"embeddable":true,"href":"https:\/\/hcd.malargue.gov.ar\/index.php?rest_route=%2Fwp%2Fv2%2Fcomments&post=38989"}],"version-history":[{"count":1,"href":"https:\/\/hcd.malargue.gov.ar\/index.php?rest_route=\/wp\/v2\/posts\/38989\/revisions"}],"predecessor-version":[{"id":38990,"href":"https:\/\/hcd.malargue.gov.ar\/index.php?rest_route=\/wp\/v2\/posts\/38989\/revisions\/38990"}],"wp:featuredmedia":[{"embeddable":true,"href":"https:\/\/hcd.malargue.gov.ar\/index.php?rest_route=\/wp\/v2\/media\/38924"}],"wp:attachment":[{"href":"https:\/\/hcd.malargue.gov.ar\/index.php?rest_route=%2Fwp%2Fv2%2Fmedia&parent=38989"}],"wp:term":[{"taxonomy":"category","embeddable":true,"href":"https:\/\/hcd.malargue.gov.ar\/index.php?rest_route=%2Fwp%2Fv2%2Fcategories&post=38989"},{"taxonomy":"post_tag","embeddable":true,"href":"https:\/\/hcd.malargue.gov.ar\/index.php?rest_route=%2Fwp%2Fv2%2Ftags&post=38989"}],"curies":[{"name":"wp","href":"https:\/\/api.w.org\/{rel}","templated":true}]}}