{"id":39001,"date":"2025-06-11T11:25:24","date_gmt":"2025-06-11T14:25:24","guid":{"rendered":"https:\/\/hcd.malargue.gov.ar\/?p=39001"},"modified":"2025-06-11T11:26:51","modified_gmt":"2025-06-11T14:26:51","slug":"resolucion-n-141-2-025","status":"publish","type":"post","link":"https:\/\/hcd.malargue.gov.ar\/?p=39001","title":{"rendered":"RESOLUCI\u00d3N N\u00b0 141\/2.025"},"content":{"rendered":"\n<h4 class=\"wp-block-heading has-text-align-center\"><strong>El HCD declar\u00f3 de Inter\u00e9s Departamental el Patrimonio Hist\u00f3rico y Cultural de la Miner\u00eda en Malarg\u00fce<\/strong><\/h4>\n\n\n\n<p><em>Mediante la <strong>Resoluci\u00f3n N\u00b0 141\/2.025<\/strong>, el Honorable Concejo Deliberante declar\u00f3 de Inter\u00e9s Departamental el Patrimonio Hist\u00f3rico y Cultural de la Miner\u00eda en Malarg\u00fce, reconociendo su papel fundamental en el desarrollo econ\u00f3mico, social y educativo del Departamento.<\/em><\/p>\n\n\n\n<p><em>La iniciativa destaca la riqueza del pasado minero local, desde las primeras explotaciones en el siglo XIX hasta los grandes yacimientos del siglo XX como Mina Ethel, Huemul, Santa Cruz y Hierro Indio. Tambi\u00e9n se valora el impacto de la actividad minera en la llegada del ferrocarril, la instalaci\u00f3n de la CNEA y la creaci\u00f3n de instituciones educativas como la Escuela T\u00e9cnica Qu\u00edmica Industrial y Minera N\u00b0 4-018.<\/em><\/p>\n\n\n\n<p><em>La Pieza Legal solicita al Ejecutivo Municipal el dise\u00f1o y ejecuci\u00f3n de un plan para la puesta en valor de yacimientos emblem\u00e1ticos, f\u00e1bricas y sitios hist\u00f3ricos relacionados con la miner\u00eda, y promueve gestiones para su efectiva declaraci\u00f3n patrimonial.<\/em><\/p>\n\n\n\n<p class=\"has-text-align-center\"><strong>PIEZA LEGAL COMPLETA<\/strong>&nbsp;<\/p>\n\n\n<div class=\"wp-block-image\">\n<figure class=\"alignright is-resized\"><a href=\"http:\/\/hcd.malargue.gov.ar\/2025\/rn%20141%202025%20Patrimonio%20mineria.pdf\"><img loading=\"lazy\" decoding=\"async\" width=\"512\" height=\"512\" src=\"https:\/\/hcd.malargue.gov.ar\/wp-content\/uploads\/2018\/06\/PDF-JPG.jpg\" alt=\"\" class=\"wp-image-7950\" style=\"width:139px;height:auto\" srcset=\"https:\/\/hcd.malargue.gov.ar\/wp-content\/uploads\/2018\/06\/PDF-JPG.jpg 512w, https:\/\/hcd.malargue.gov.ar\/wp-content\/uploads\/2018\/06\/PDF-JPG-150x150.jpg 150w, https:\/\/hcd.malargue.gov.ar\/wp-content\/uploads\/2018\/06\/PDF-JPG-300x300.jpg 300w\" sizes=\"auto, (max-width: 512px) 100vw, 512px\" \/><\/a><\/figure>\n<\/div>\n\n\n<p><strong>AUTORES CONCEJALES FRANCISCO PARADA Y ELIZABETH GONZALEZ<\/strong><\/p>\n\n\n\n<p><strong>INTERBLOQUE ENCUENTRO Y UNION MENDOCINA<\/strong><\/p>\n\n\n\n<p>VISTO:&nbsp; El contenido del Expte. N\u00b0 3.551-2.025-0. Interbloque Encuentro, Uni\u00f3n Mendocina. Proyecto de Resoluci\u00f3n: Declarar de Inter\u00e9s Departamental el Patrimonio Hist\u00f3rico y Cultural de la Miner\u00eda en Malarg\u00fce, para su puesta en valor.<\/p>\n\n\n\n<p>La necesidad de preservar y revalorizar el Patrimonio Hist\u00f3rico &#8211; Cultural minero en Malarg\u00fce.<\/p>\n\n\n\n<p>y;<\/p>\n\n\n\n<p>CONSIDERANDO: Que el Departamento de Malarg\u00fce cuenta con un rico pasado minero, el cual marc\u00f3 y determin\u00f3 su econom\u00eda, sus costumbres, su patrimonio y su crecimiento.<\/p>\n\n\n\n<p>Que desde tiempos muy lejanos existen antecedentes de explotaci\u00f3n minera en la regi\u00f3n como por ejemplo la explotaci\u00f3n de cobre en el Cord\u00f3n del Cobre en Valle Hermoso a\u00f1o 1.860.<\/p>\n\n\n\n<p>Que en la primera mitad del siglo XX Malarg\u00fce, aun siendo Distrito de San Rafael, se proyecta como regi\u00f3n minera con los yacimientos de: Minacar, La Valenciana, Los Casta\u00f1os, El Caj\u00f3n, San Eduardo, Mercedes, entre otras<\/p>\n\n\n\n<p>Que a partir de 1.950 Mina Ethel, Huemul, Santa Cruz, La Liana, Chacay Co, Don Mario, La Calandria, Prodigio, El Compadrito, Chachahuen, Piedra de Fuego, Las Salinas, Barrancas 1 y 2, Hierro Indio y dem\u00e1s ser\u00e1n yacimientos de gran producci\u00f3n.<\/p>\n\n\n\n<p>Que la abundante producci\u00f3n minera fue una de las causas que motiv\u00f3 la llegada del Ferrocarril General San Mart\u00edn a la Villa de Malarg\u00fce en 1.944.<\/p>\n\n\n\n<p>Que fue de tal importancia la producci\u00f3n minera en Malarg\u00fce que en 1.954 se instalan en el Departamento la Comisi\u00f3n Nacional de Energ\u00eda At\u00f3mica y la Industria de Sider\u00fargicas Grassi.<\/p>\n\n\n\n<p>Que el desarrollo y crecimiento que tuvo Malarg\u00fce gracias a la miner\u00eda, le permiti\u00f3 iniciar el proyecto de lograr la autonom\u00eda departamental, lo que fue concretizado el 16 de noviembre del 1.950 por Ley Provincial N\u00ba 1.937.<\/p>\n\n\n\n<p>Que en el a\u00f1o 1.964 se funda la Escuela T\u00e9cnica Qu\u00edmica Industrial y Minera N\u00b0 4-018 Manuel Nicol\u00e1s Savio, comenzando sus primeros pasos en Carbometal, la que al d\u00eda de la fecha continua con su obra educativa y sostiene una amplia matricula de alumnos.<\/p>\n\n\n\n<p>Que la miner\u00eda en Malarg\u00fce es un patrimonio cultural que refleja la historia, la identidad y el sentido de pertenencia de la regi\u00f3n. Su preservaci\u00f3n y puesta en valor contribuir\u00e1n a promover el desarrollo econ\u00f3mico, social, educativo, tur\u00edstico entre otros. Y a preservar el patrimonio cultural para las futuras generaciones.<\/p>\n\n\n\n<p>EL HONORABLE CONCEJO DELIBERANTE DE LA MUNICIPALIDAD DE MALARG\u00dcE EN USO DE LAS FACULTADES QUE LE SON PROPIAS.&nbsp;&nbsp;&nbsp;&nbsp;&nbsp;&nbsp;&nbsp;&nbsp;&nbsp;&nbsp;&nbsp;&nbsp;&nbsp;&nbsp;&nbsp;&nbsp;&nbsp;&nbsp;&nbsp;&nbsp;&nbsp;&nbsp;&nbsp;&nbsp;&nbsp;&nbsp;&nbsp;&nbsp;&nbsp;&nbsp;&nbsp;&nbsp;&nbsp;&nbsp;&nbsp;&nbsp;&nbsp;&nbsp;&nbsp;&nbsp;&nbsp;&nbsp;&nbsp;&nbsp;&nbsp;&nbsp;&nbsp;&nbsp;&nbsp;&nbsp;&nbsp;&nbsp;&nbsp;&nbsp;&nbsp;&nbsp;&nbsp;&nbsp;&nbsp;&nbsp;&nbsp;&nbsp;&nbsp;&nbsp;&nbsp;&nbsp;&nbsp; &nbsp;&nbsp;&nbsp;&nbsp;&nbsp; RESUELVE<\/p>\n\n\n\n<p>ART\u00cdCULO 1\u00b0: Declarar de inter\u00e9s Departamental el Patrimonio hist\u00f3rico y Cultural de la miner\u00eda en Malarg\u00fce.<\/p>\n\n\n\n<p>ART\u00cdCULO 2\u00b0: Solicitar a la Secretaria de Desarrollo Humano y por su intermedio a la Direcci\u00f3n de Cultura, que realice las gestiones pertinentes para su efectiva declaraci\u00f3n patrimonial.<\/p>\n\n\n\n<p>ART\u00cdCULO 3\u00b0: Solicitar al Departamento Ejecutivo se proyecte y se ejecute un plan de puesta en valor y desarrollo tur\u00edstico, cultural, educativo de:<\/p>\n\n\n\n<p>\u2022 Yacimientos mineros emblem\u00e1ticos de la historia de Malarg\u00fce; como, por ejemplo: Mina Ethel, Mina Huemul, Mina Santa Cruz entre otras.<\/p>\n\n\n\n<p>\u2022 Lugares o sitios hist\u00f3ricos relacionados con la actividad minera como: establecimiento Ex Fabrica Grassi y Estaci\u00f3n Ferrocarril Malarg\u00fce.<\/p>\n\n\n\n<p>\u2022 Ex Canteras Fray Luis Beltr\u00e1n o militares.<\/p>\n\n\n\n<p>\u2022 F\u00e1bricas en funcionamiento como: Yemaco, Durlock, Pescio, Santiesteban y Carlos Segovia.<\/p>\n\n\n\n<p>ART\u00cdCULO 4\u00b0: Enviar copias de la presente pieza legal al Director de Miner\u00eda de la Provincia Jer\u00f3nimo Shantal, a la Directora de Patrimonio Provincial Cristina Sonego.<\/p>\n\n\n\n<p>ART\u00cdCULO 5\u00b0 Enviar copia de la presente pieza legal a las Autoridades&nbsp; pertenecientes al Departamento&nbsp; Ejecutivo de la Municipalidad de Malarg\u00fce, a saber: a la Sra. Secretaria de Desarrollo Econ\u00f3mico Prof. Graciela Viollaz, al Secretario de &nbsp;Desarrollo Humano, Juan Jos\u00e9 Narambuena, al Sr. Director de Desarrollo Econ\u00f3mico y Productivo, Lic. An\u00edbal&nbsp; P\u00e9rez y a la Sra. Directora de Cultura Prof. Erica Della Bianca. &nbsp;&nbsp;<\/p>\n\n\n\n<p>ART\u00cdCULO 6\u00b0: Comun\u00edquese, reg\u00edstrese, agr\u00e9guese copia de la presente en las actuaciones correspondientes y arch\u00edvese.<\/p>\n\n\n\n<p>DADA EN LA SALA DE SESIONES DR. RICARDO BALBIN DEL HONORABLE CONCEJO DELIBERANTE DE LA MUNICIPALIDAD DE MALARG\u00dcE A VEINTINUEVE D\u00cdAS DE MAYO DE DOS MIL VEINTICINCO<\/p>\n","protected":false},"excerpt":{"rendered":"<p>El HCD declar\u00f3 de Inter\u00e9s Departamental el Patrimonio Hist\u00f3rico y Cultural de la Miner\u00eda en Malarg\u00fce Mediante la Resoluci\u00f3n N\u00b0 141\/2.025, el Honorable Concejo Deliberante declar\u00f3 de Inter\u00e9s Departamental el Patrimonio Hist\u00f3rico y Cultural de la Miner\u00eda en Malarg\u00fce, reconociendo su papel fundamental en el desarrollo econ\u00f3mico, social y educativo del Departamento. La iniciativa destaca [&hellip;]<\/p>\n","protected":false},"author":5,"featured_media":39005,"comment_status":"closed","ping_status":"closed","sticky":false,"template":"","format":"standard","meta":{"footnotes":""},"categories":[52,29,33,51],"tags":[],"class_list":["post-39001","post","type-post","status-publish","format-standard","has-post-thumbnail","hentry","category-gacetillas","category-lesgilacion","category-prensa","category-resoluciones"],"yoast_head":"<!-- This site is optimized with the Yoast SEO plugin v19.10 - https:\/\/yoast.com\/wordpress\/plugins\/seo\/ -->\n<title>RESOLUCI\u00d3N N\u00b0 141\/2.025 - Malarg\u00fce HCD<\/title>\n<meta name=\"robots\" content=\"index, follow, max-snippet:-1, max-image-preview:large, max-video-preview:-1\" \/>\n<link rel=\"canonical\" href=\"https:\/\/hcd.malargue.gov.ar\/?p=39001\" \/>\n<meta property=\"og:locale\" content=\"es_ES\" \/>\n<meta property=\"og:type\" content=\"article\" \/>\n<meta property=\"og:title\" content=\"RESOLUCI\u00d3N N\u00b0 141\/2.025 - Malarg\u00fce HCD\" \/>\n<meta property=\"og:description\" content=\"El HCD declar\u00f3 de Inter\u00e9s Departamental el Patrimonio Hist\u00f3rico y Cultural de la Miner\u00eda en Malarg\u00fce Mediante la Resoluci\u00f3n N\u00b0 141\/2.025, el Honorable Concejo Deliberante declar\u00f3 de Inter\u00e9s Departamental el Patrimonio Hist\u00f3rico y Cultural de la Miner\u00eda en Malarg\u00fce, reconociendo su papel fundamental en el desarrollo econ\u00f3mico, social y educativo del Departamento. La iniciativa destaca [&hellip;]\" \/>\n<meta property=\"og:url\" content=\"https:\/\/hcd.malargue.gov.ar\/?p=39001\" \/>\n<meta property=\"og:site_name\" content=\"Malarg\u00fce HCD\" \/>\n<meta property=\"article:published_time\" content=\"2025-06-11T14:25:24+00:00\" \/>\n<meta property=\"article:modified_time\" content=\"2025-06-11T14:26:51+00:00\" \/>\n<meta property=\"og:image\" content=\"https:\/\/hcd.malargue.gov.ar\/wp-content\/uploads\/2025\/06\/RESOLUCION-141-2025.png\" \/>\n\t<meta property=\"og:image:width\" content=\"940\" \/>\n\t<meta property=\"og:image:height\" content=\"788\" \/>\n\t<meta property=\"og:image:type\" content=\"image\/png\" \/>\n<meta name=\"author\" content=\"Belen Pedernera Ferragut\" \/>\n<meta name=\"twitter:card\" content=\"summary_large_image\" \/>\n<meta name=\"twitter:label1\" content=\"Escrito por\" \/>\n\t<meta name=\"twitter:data1\" content=\"Belen Pedernera Ferragut\" \/>\n\t<meta name=\"twitter:label2\" content=\"Tiempo de lectura\" \/>\n\t<meta name=\"twitter:data2\" content=\"4 minutos\" \/>\n<script type=\"application\/ld+json\" class=\"yoast-schema-graph\">{\"@context\":\"https:\/\/schema.org\",\"@graph\":[{\"@type\":\"WebPage\",\"@id\":\"https:\/\/hcd.malargue.gov.ar\/?p=39001\",\"url\":\"https:\/\/hcd.malargue.gov.ar\/?p=39001\",\"name\":\"RESOLUCI\u00d3N N\u00b0 141\/2.025 - Malarg\u00fce HCD\",\"isPartOf\":{\"@id\":\"https:\/\/hcd.malargue.gov.ar\/#website\"},\"datePublished\":\"2025-06-11T14:25:24+00:00\",\"dateModified\":\"2025-06-11T14:26:51+00:00\",\"author\":{\"@id\":\"https:\/\/hcd.malargue.gov.ar\/#\/schema\/person\/3fd6bbab64edd703961b795156c955d0\"},\"breadcrumb\":{\"@id\":\"https:\/\/hcd.malargue.gov.ar\/?p=39001#breadcrumb\"},\"inLanguage\":\"es-AR\",\"potentialAction\":[{\"@type\":\"ReadAction\",\"target\":[\"https:\/\/hcd.malargue.gov.ar\/?p=39001\"]}]},{\"@type\":\"BreadcrumbList\",\"@id\":\"https:\/\/hcd.malargue.gov.ar\/?p=39001#breadcrumb\",\"itemListElement\":[{\"@type\":\"ListItem\",\"position\":1,\"name\":\"Inicio\",\"item\":\"https:\/\/hcd.malargue.gov.ar\/\"},{\"@type\":\"ListItem\",\"position\":2,\"name\":\"RESOLUCI\u00d3N N\u00b0 141\/2.025\"}]},{\"@type\":\"WebSite\",\"@id\":\"https:\/\/hcd.malargue.gov.ar\/#website\",\"url\":\"https:\/\/hcd.malargue.gov.ar\/\",\"name\":\"Malarg\u00fce HCD\",\"description\":\"Malarg\u00fce Mendoza Argentina\",\"potentialAction\":[{\"@type\":\"SearchAction\",\"target\":{\"@type\":\"EntryPoint\",\"urlTemplate\":\"https:\/\/hcd.malargue.gov.ar\/?s={search_term_string}\"},\"query-input\":\"required name=search_term_string\"}],\"inLanguage\":\"es-AR\"},{\"@type\":\"Person\",\"@id\":\"https:\/\/hcd.malargue.gov.ar\/#\/schema\/person\/3fd6bbab64edd703961b795156c955d0\",\"name\":\"Belen Pedernera Ferragut\",\"image\":{\"@type\":\"ImageObject\",\"inLanguage\":\"es-AR\",\"@id\":\"https:\/\/hcd.malargue.gov.ar\/#\/schema\/person\/image\/\",\"url\":\"https:\/\/secure.gravatar.com\/avatar\/1054ffab3893de4bb3eb29bdd22f7e34b8537bf5d34d9dab311818154ad5b71f?s=96&d=mm&r=g\",\"contentUrl\":\"https:\/\/secure.gravatar.com\/avatar\/1054ffab3893de4bb3eb29bdd22f7e34b8537bf5d34d9dab311818154ad5b71f?s=96&d=mm&r=g\",\"caption\":\"Belen Pedernera Ferragut\"},\"url\":\"https:\/\/hcd.malargue.gov.ar\/?author=5\"}]}<\/script>\n<!-- \/ Yoast SEO plugin. -->","yoast_head_json":{"title":"RESOLUCI\u00d3N N\u00b0 141\/2.025 - Malarg\u00fce HCD","robots":{"index":"index","follow":"follow","max-snippet":"max-snippet:-1","max-image-preview":"max-image-preview:large","max-video-preview":"max-video-preview:-1"},"canonical":"https:\/\/hcd.malargue.gov.ar\/?p=39001","og_locale":"es_ES","og_type":"article","og_title":"RESOLUCI\u00d3N N\u00b0 141\/2.025 - Malarg\u00fce HCD","og_description":"El HCD declar\u00f3 de Inter\u00e9s Departamental el Patrimonio Hist\u00f3rico y Cultural de la Miner\u00eda en Malarg\u00fce Mediante la Resoluci\u00f3n N\u00b0 141\/2.025, el Honorable Concejo Deliberante declar\u00f3 de Inter\u00e9s Departamental el Patrimonio Hist\u00f3rico y Cultural de la Miner\u00eda en Malarg\u00fce, reconociendo su papel fundamental en el desarrollo econ\u00f3mico, social y educativo del Departamento. La iniciativa destaca [&hellip;]","og_url":"https:\/\/hcd.malargue.gov.ar\/?p=39001","og_site_name":"Malarg\u00fce HCD","article_published_time":"2025-06-11T14:25:24+00:00","article_modified_time":"2025-06-11T14:26:51+00:00","og_image":[{"width":940,"height":788,"url":"https:\/\/hcd.malargue.gov.ar\/wp-content\/uploads\/2025\/06\/RESOLUCION-141-2025.png","type":"image\/png"}],"author":"Belen Pedernera Ferragut","twitter_card":"summary_large_image","twitter_misc":{"Escrito por":"Belen Pedernera Ferragut","Tiempo de lectura":"4 minutos"},"schema":{"@context":"https:\/\/schema.org","@graph":[{"@type":"WebPage","@id":"https:\/\/hcd.malargue.gov.ar\/?p=39001","url":"https:\/\/hcd.malargue.gov.ar\/?p=39001","name":"RESOLUCI\u00d3N N\u00b0 141\/2.025 - Malarg\u00fce HCD","isPartOf":{"@id":"https:\/\/hcd.malargue.gov.ar\/#website"},"datePublished":"2025-06-11T14:25:24+00:00","dateModified":"2025-06-11T14:26:51+00:00","author":{"@id":"https:\/\/hcd.malargue.gov.ar\/#\/schema\/person\/3fd6bbab64edd703961b795156c955d0"},"breadcrumb":{"@id":"https:\/\/hcd.malargue.gov.ar\/?p=39001#breadcrumb"},"inLanguage":"es-AR","potentialAction":[{"@type":"ReadAction","target":["https:\/\/hcd.malargue.gov.ar\/?p=39001"]}]},{"@type":"BreadcrumbList","@id":"https:\/\/hcd.malargue.gov.ar\/?p=39001#breadcrumb","itemListElement":[{"@type":"ListItem","position":1,"name":"Inicio","item":"https:\/\/hcd.malargue.gov.ar\/"},{"@type":"ListItem","position":2,"name":"RESOLUCI\u00d3N N\u00b0 141\/2.025"}]},{"@type":"WebSite","@id":"https:\/\/hcd.malargue.gov.ar\/#website","url":"https:\/\/hcd.malargue.gov.ar\/","name":"Malarg\u00fce HCD","description":"Malarg\u00fce Mendoza Argentina","potentialAction":[{"@type":"SearchAction","target":{"@type":"EntryPoint","urlTemplate":"https:\/\/hcd.malargue.gov.ar\/?s={search_term_string}"},"query-input":"required name=search_term_string"}],"inLanguage":"es-AR"},{"@type":"Person","@id":"https:\/\/hcd.malargue.gov.ar\/#\/schema\/person\/3fd6bbab64edd703961b795156c955d0","name":"Belen Pedernera Ferragut","image":{"@type":"ImageObject","inLanguage":"es-AR","@id":"https:\/\/hcd.malargue.gov.ar\/#\/schema\/person\/image\/","url":"https:\/\/secure.gravatar.com\/avatar\/1054ffab3893de4bb3eb29bdd22f7e34b8537bf5d34d9dab311818154ad5b71f?s=96&d=mm&r=g","contentUrl":"https:\/\/secure.gravatar.com\/avatar\/1054ffab3893de4bb3eb29bdd22f7e34b8537bf5d34d9dab311818154ad5b71f?s=96&d=mm&r=g","caption":"Belen Pedernera Ferragut"},"url":"https:\/\/hcd.malargue.gov.ar\/?author=5"}]}},"_links":{"self":[{"href":"https:\/\/hcd.malargue.gov.ar\/index.php?rest_route=\/wp\/v2\/posts\/39001","targetHints":{"allow":["GET"]}}],"collection":[{"href":"https:\/\/hcd.malargue.gov.ar\/index.php?rest_route=\/wp\/v2\/posts"}],"about":[{"href":"https:\/\/hcd.malargue.gov.ar\/index.php?rest_route=\/wp\/v2\/types\/post"}],"author":[{"embeddable":true,"href":"https:\/\/hcd.malargue.gov.ar\/index.php?rest_route=\/wp\/v2\/users\/5"}],"replies":[{"embeddable":true,"href":"https:\/\/hcd.malargue.gov.ar\/index.php?rest_route=%2Fwp%2Fv2%2Fcomments&post=39001"}],"version-history":[{"count":1,"href":"https:\/\/hcd.malargue.gov.ar\/index.php?rest_route=\/wp\/v2\/posts\/39001\/revisions"}],"predecessor-version":[{"id":39006,"href":"https:\/\/hcd.malargue.gov.ar\/index.php?rest_route=\/wp\/v2\/posts\/39001\/revisions\/39006"}],"wp:featuredmedia":[{"embeddable":true,"href":"https:\/\/hcd.malargue.gov.ar\/index.php?rest_route=\/wp\/v2\/media\/39005"}],"wp:attachment":[{"href":"https:\/\/hcd.malargue.gov.ar\/index.php?rest_route=%2Fwp%2Fv2%2Fmedia&parent=39001"}],"wp:term":[{"taxonomy":"category","embeddable":true,"href":"https:\/\/hcd.malargue.gov.ar\/index.php?rest_route=%2Fwp%2Fv2%2Fcategories&post=39001"},{"taxonomy":"post_tag","embeddable":true,"href":"https:\/\/hcd.malargue.gov.ar\/index.php?rest_route=%2Fwp%2Fv2%2Ftags&post=39001"}],"curies":[{"name":"wp","href":"https:\/\/api.w.org\/{rel}","templated":true}]}}