{"id":39060,"date":"2025-06-13T12:41:01","date_gmt":"2025-06-13T15:41:01","guid":{"rendered":"https:\/\/hcd.malargue.gov.ar\/?p=39060"},"modified":"2025-06-13T12:43:42","modified_gmt":"2025-06-13T15:43:42","slug":"declaracion-no-356-2-025","status":"publish","type":"post","link":"https:\/\/hcd.malargue.gov.ar\/?p=39060","title":{"rendered":"DECLARACI\u00d3N N\u00b0 356\/2.025"},"content":{"rendered":"\n<h4 class=\"wp-block-heading has-text-align-center\">El HCD declar\u00f3 de Inter\u00e9s Social y Educativo la Jornada de los Derechos de las Personas con Discapacidad<\/h4>\n\n\n\n<p><em>Se desarroll\u00f3 los d\u00edas 9 y 10 de junio en el Centro de Convenciones y Exposiciones Thesaurus, y estuvo a cargo de la Lic. Alejandra Marty, reconocida profesional en el \u00e1mbito de la discapacidad, con una vasta trayectoria en la implementaci\u00f3n de pol\u00edticas p\u00fablicas inclusivas. Entre sus aportes se destacan la creaci\u00f3n del Certificado \u00danico de Discapacidad en Mendoza, el Programa de Integraci\u00f3n Sociolaboral y la fundaci\u00f3n de la Direcci\u00f3n de Atenci\u00f3n a las Personas con Discapacidad.<\/em> <\/p>\n\n\n\n<p><em> La jornada tuvo como objetivo capacitar a empleados municipales y a la comunidad en general para promover una atenci\u00f3n m\u00e1s eficaz, basada en el respeto, la inclusi\u00f3n y la dignidad hacia las Personas con Discapacidad (PCD).<\/em><\/p>\n\n\n\n<p><em>Desde el Concejo se remarc\u00f3 la importancia de este tipo de iniciativas para construir una sociedad m\u00e1s equitativa y consciente de los derechos fundamentales de todos sus integrantes.<\/em><\/p>\n\n\n\n<p class=\"has-text-align-center\"><strong>PIEZA LEGAL<\/strong><\/p>\n\n\n<div class=\"wp-block-image\">\n<figure class=\"alignright is-resized\"><a href=\"http:\/\/hcd.malargue.gov.ar\/2025\/Dc%20356%202025%20Jornada%20Personas%20Discapacidad.pdf\"><img loading=\"lazy\" decoding=\"async\" width=\"512\" height=\"512\" src=\"https:\/\/hcd.malargue.gov.ar\/wp-content\/uploads\/2018\/06\/PDF-JPG.jpg\" alt=\"\" class=\"wp-image-7950\" style=\"width:125px;height:auto\" srcset=\"https:\/\/hcd.malargue.gov.ar\/wp-content\/uploads\/2018\/06\/PDF-JPG.jpg 512w, https:\/\/hcd.malargue.gov.ar\/wp-content\/uploads\/2018\/06\/PDF-JPG-150x150.jpg 150w, https:\/\/hcd.malargue.gov.ar\/wp-content\/uploads\/2018\/06\/PDF-JPG-300x300.jpg 300w\" sizes=\"auto, (max-width: 512px) 100vw, 512px\" \/><\/a><\/figure>\n<\/div>\n\n\n<p><strong>AUTORA CONCEJALA MAGALI ACOSTA<\/strong><\/p>\n\n\n\n<p><strong>BLOQUE PARTIDO JUSTICIALISTA<\/strong><\/p>\n\n\n\n<p>VISTO: El contenido del Expte. N\u00b0 3.857\/2.025-0. Bloque Partido Justicialista Proyecto de Declaraci\u00f3n: Declarar de Inter\u00e9s Social y Educativo la \u201cJornada de los Derechos de las Personas con Discapacidad\u201d.<\/p>\n\n\n\n<p>Las Jornadas se llevaran a cabo los d\u00edas 9 y 10 de junio de 2025, a las 15:00 horas, en el Centro de Convenciones y Exposiciones Thesaurus, a cargo de la Licenciada Alejandra Marty.<\/p>\n\n\n\n<p>y;<\/p>\n\n\n\n<p>CONSIDERANDO: Que las Personas con Discapacidad (PCD) enfrentan diversas barreras f\u00edsicas, sociales y actitudinales que dificultan su plena y efectiva participaci\u00f3n en la sociedad.<\/p>\n\n\n\n<p>Que es imprescindible promover una cultura inclusiva desde el \u00e1mbito p\u00fablico, asegurando que los empleados municipales y la Comunidad en general comprendan, respeten y garanticen los derechos de las Personas con Discapacidad (PCD).<\/p>\n\n\n\n<p>Que nuestro Departamento asume la responsabilidad de capacitar, principalmente al personal municipal y, en general, a toda la Comunidad, con el objetivo de garantizar una atenci\u00f3n eficaz y eficiente a las Personas con Discapacidad (PCD).<\/p>\n\n\n\n<p>Que estas Jornadas de Capacitaci\u00f3n estar\u00e1n a cargo de la Licenciada Alejandra Marty, Licenciada en Trabajo Social, Asesora T\u00e9cnica del Grupo Latinoamericano de Rehabilitaci\u00f3n Profesional (GLARP), con posgrado en Recursos Humanos. Es fundadora de la Direcci\u00f3n de Atenci\u00f3n a las Personas con Discapacidad (PCD), creadora del Programa de Integraci\u00f3n Socio laboral y del proyecto e implementaci\u00f3n de la primera fase del Certificado \u00danico de Discapacidad (CUD) en Mendoza. Asimismo, fue responsable de la creaci\u00f3n y puesta en marcha del Consejo Provincial de las PCD y se desempe\u00f1a, hasta la fecha, como Asesora T\u00e9cnica en materia de Discapacidad.<\/p>\n\n\n\n<p>Que esta capacitaci\u00f3n busca promover el respeto, la inclusi\u00f3n y el trato digno a las Personas con Discapacidad.<\/p>\n\n\n\n<p>EL HONORABLE CONCEJO DELIBERANTE DE LA MUNICIPALIDAD DE MALARG\u00dcE EN USO DE LAS FACULTADES QUE LE SON PROPIAS<\/p>\n\n\n\n<p>DECLARA<\/p>\n\n\n\n<p>ART\u00cdCULO 1\u00b0: Declarar de Inter\u00e9s Social y Educativo la &#8220;Jornada de los derechos de las Personas con Discapacidad&#8221; a realizarse los d\u00edas 9 y 10 de junio de 2025, a las 15:00 horas, en el Centro de Convenciones y Exposiciones Thesaurus, a cargo de la Licenciada Alejandra Marty.<\/p>\n\n\n\n<p>ART\u00cdCULO 2\u00b0: Remitir copia de la presente pieza legal a la Lic. Alejandra Marty.<\/p>\n\n\n\n<p>ART\u00cdCULO 3\u00b0: Comun\u00edquese, reg\u00edstrese, agr\u00e9guese copia de la presente en las actuaciones correspondientes y arch\u00edvese.<\/p>\n\n\n\n<p>DADA EN LA SALA DE SESIONES DR.&nbsp; RICARDO BALBIN DEL HONORABLE CONCEJO DELIBERANTE DE LA MUNICIPALIDAD DE MALARG\u00dcE A CINCO D\u00cdAS DE JUNIO DE DOS MIL VEINTICINCO<\/p>\n","protected":false},"excerpt":{"rendered":"<p>El HCD declar\u00f3 de Inter\u00e9s Social y Educativo la Jornada de los Derechos de las Personas con Discapacidad Se desarroll\u00f3 los d\u00edas 9 y 10 de junio en el Centro de Convenciones y Exposiciones Thesaurus, y estuvo a cargo de la Lic. Alejandra Marty, reconocida profesional en el \u00e1mbito de la discapacidad, con una vasta [&hellip;]<\/p>\n","protected":false},"author":5,"featured_media":39061,"comment_status":"closed","ping_status":"closed","sticky":false,"template":"","format":"standard","meta":{"footnotes":""},"categories":[46,52,29,33],"tags":[],"class_list":["post-39060","post","type-post","status-publish","format-standard","has-post-thumbnail","hentry","category-declaraciones","category-gacetillas","category-lesgilacion","category-prensa"],"yoast_head":"<!-- This site is optimized with the Yoast SEO plugin v19.10 - https:\/\/yoast.com\/wordpress\/plugins\/seo\/ -->\n<title>DECLARACI\u00d3N N\u00b0 356\/2.025 - Malarg\u00fce HCD<\/title>\n<meta name=\"robots\" content=\"index, follow, max-snippet:-1, max-image-preview:large, max-video-preview:-1\" \/>\n<link rel=\"canonical\" href=\"https:\/\/hcd.malargue.gov.ar\/?p=39060\" \/>\n<meta property=\"og:locale\" content=\"es_ES\" \/>\n<meta property=\"og:type\" content=\"article\" \/>\n<meta property=\"og:title\" content=\"DECLARACI\u00d3N N\u00b0 356\/2.025 - Malarg\u00fce HCD\" \/>\n<meta property=\"og:description\" content=\"El HCD declar\u00f3 de Inter\u00e9s Social y Educativo la Jornada de los Derechos de las Personas con Discapacidad Se desarroll\u00f3 los d\u00edas 9 y 10 de junio en el Centro de Convenciones y Exposiciones Thesaurus, y estuvo a cargo de la Lic. Alejandra Marty, reconocida profesional en el \u00e1mbito de la discapacidad, con una vasta [&hellip;]\" \/>\n<meta property=\"og:url\" content=\"https:\/\/hcd.malargue.gov.ar\/?p=39060\" \/>\n<meta property=\"og:site_name\" content=\"Malarg\u00fce HCD\" \/>\n<meta property=\"article:published_time\" content=\"2025-06-13T15:41:01+00:00\" \/>\n<meta property=\"article:modified_time\" content=\"2025-06-13T15:43:42+00:00\" \/>\n<meta property=\"og:image\" content=\"https:\/\/hcd.malargue.gov.ar\/wp-content\/uploads\/2025\/06\/DECLARACION-356-2025.png\" \/>\n\t<meta property=\"og:image:width\" content=\"940\" \/>\n\t<meta property=\"og:image:height\" content=\"788\" \/>\n\t<meta property=\"og:image:type\" content=\"image\/png\" \/>\n<meta name=\"author\" content=\"Belen Pedernera Ferragut\" \/>\n<meta name=\"twitter:card\" content=\"summary_large_image\" \/>\n<meta name=\"twitter:label1\" content=\"Escrito por\" \/>\n\t<meta name=\"twitter:data1\" content=\"Belen Pedernera Ferragut\" \/>\n\t<meta name=\"twitter:label2\" content=\"Tiempo de lectura\" \/>\n\t<meta name=\"twitter:data2\" content=\"3 minutos\" \/>\n<script type=\"application\/ld+json\" class=\"yoast-schema-graph\">{\"@context\":\"https:\/\/schema.org\",\"@graph\":[{\"@type\":\"WebPage\",\"@id\":\"https:\/\/hcd.malargue.gov.ar\/?p=39060\",\"url\":\"https:\/\/hcd.malargue.gov.ar\/?p=39060\",\"name\":\"DECLARACI\u00d3N N\u00b0 356\/2.025 - Malarg\u00fce HCD\",\"isPartOf\":{\"@id\":\"https:\/\/hcd.malargue.gov.ar\/#website\"},\"datePublished\":\"2025-06-13T15:41:01+00:00\",\"dateModified\":\"2025-06-13T15:43:42+00:00\",\"author\":{\"@id\":\"https:\/\/hcd.malargue.gov.ar\/#\/schema\/person\/3fd6bbab64edd703961b795156c955d0\"},\"breadcrumb\":{\"@id\":\"https:\/\/hcd.malargue.gov.ar\/?p=39060#breadcrumb\"},\"inLanguage\":\"es-AR\",\"potentialAction\":[{\"@type\":\"ReadAction\",\"target\":[\"https:\/\/hcd.malargue.gov.ar\/?p=39060\"]}]},{\"@type\":\"BreadcrumbList\",\"@id\":\"https:\/\/hcd.malargue.gov.ar\/?p=39060#breadcrumb\",\"itemListElement\":[{\"@type\":\"ListItem\",\"position\":1,\"name\":\"Inicio\",\"item\":\"https:\/\/hcd.malargue.gov.ar\/\"},{\"@type\":\"ListItem\",\"position\":2,\"name\":\"DECLARACI\u00d3N N\u00b0 356\/2.025\"}]},{\"@type\":\"WebSite\",\"@id\":\"https:\/\/hcd.malargue.gov.ar\/#website\",\"url\":\"https:\/\/hcd.malargue.gov.ar\/\",\"name\":\"Malarg\u00fce HCD\",\"description\":\"Malarg\u00fce Mendoza Argentina\",\"potentialAction\":[{\"@type\":\"SearchAction\",\"target\":{\"@type\":\"EntryPoint\",\"urlTemplate\":\"https:\/\/hcd.malargue.gov.ar\/?s={search_term_string}\"},\"query-input\":\"required name=search_term_string\"}],\"inLanguage\":\"es-AR\"},{\"@type\":\"Person\",\"@id\":\"https:\/\/hcd.malargue.gov.ar\/#\/schema\/person\/3fd6bbab64edd703961b795156c955d0\",\"name\":\"Belen Pedernera Ferragut\",\"image\":{\"@type\":\"ImageObject\",\"inLanguage\":\"es-AR\",\"@id\":\"https:\/\/hcd.malargue.gov.ar\/#\/schema\/person\/image\/\",\"url\":\"https:\/\/secure.gravatar.com\/avatar\/1054ffab3893de4bb3eb29bdd22f7e34b8537bf5d34d9dab311818154ad5b71f?s=96&d=mm&r=g\",\"contentUrl\":\"https:\/\/secure.gravatar.com\/avatar\/1054ffab3893de4bb3eb29bdd22f7e34b8537bf5d34d9dab311818154ad5b71f?s=96&d=mm&r=g\",\"caption\":\"Belen Pedernera Ferragut\"},\"url\":\"https:\/\/hcd.malargue.gov.ar\/?author=5\"}]}<\/script>\n<!-- \/ Yoast SEO plugin. -->","yoast_head_json":{"title":"DECLARACI\u00d3N N\u00b0 356\/2.025 - Malarg\u00fce HCD","robots":{"index":"index","follow":"follow","max-snippet":"max-snippet:-1","max-image-preview":"max-image-preview:large","max-video-preview":"max-video-preview:-1"},"canonical":"https:\/\/hcd.malargue.gov.ar\/?p=39060","og_locale":"es_ES","og_type":"article","og_title":"DECLARACI\u00d3N N\u00b0 356\/2.025 - Malarg\u00fce HCD","og_description":"El HCD declar\u00f3 de Inter\u00e9s Social y Educativo la Jornada de los Derechos de las Personas con Discapacidad Se desarroll\u00f3 los d\u00edas 9 y 10 de junio en el Centro de Convenciones y Exposiciones Thesaurus, y estuvo a cargo de la Lic. Alejandra Marty, reconocida profesional en el \u00e1mbito de la discapacidad, con una vasta [&hellip;]","og_url":"https:\/\/hcd.malargue.gov.ar\/?p=39060","og_site_name":"Malarg\u00fce HCD","article_published_time":"2025-06-13T15:41:01+00:00","article_modified_time":"2025-06-13T15:43:42+00:00","og_image":[{"width":940,"height":788,"url":"https:\/\/hcd.malargue.gov.ar\/wp-content\/uploads\/2025\/06\/DECLARACION-356-2025.png","type":"image\/png"}],"author":"Belen Pedernera Ferragut","twitter_card":"summary_large_image","twitter_misc":{"Escrito por":"Belen Pedernera Ferragut","Tiempo de lectura":"3 minutos"},"schema":{"@context":"https:\/\/schema.org","@graph":[{"@type":"WebPage","@id":"https:\/\/hcd.malargue.gov.ar\/?p=39060","url":"https:\/\/hcd.malargue.gov.ar\/?p=39060","name":"DECLARACI\u00d3N N\u00b0 356\/2.025 - Malarg\u00fce HCD","isPartOf":{"@id":"https:\/\/hcd.malargue.gov.ar\/#website"},"datePublished":"2025-06-13T15:41:01+00:00","dateModified":"2025-06-13T15:43:42+00:00","author":{"@id":"https:\/\/hcd.malargue.gov.ar\/#\/schema\/person\/3fd6bbab64edd703961b795156c955d0"},"breadcrumb":{"@id":"https:\/\/hcd.malargue.gov.ar\/?p=39060#breadcrumb"},"inLanguage":"es-AR","potentialAction":[{"@type":"ReadAction","target":["https:\/\/hcd.malargue.gov.ar\/?p=39060"]}]},{"@type":"BreadcrumbList","@id":"https:\/\/hcd.malargue.gov.ar\/?p=39060#breadcrumb","itemListElement":[{"@type":"ListItem","position":1,"name":"Inicio","item":"https:\/\/hcd.malargue.gov.ar\/"},{"@type":"ListItem","position":2,"name":"DECLARACI\u00d3N N\u00b0 356\/2.025"}]},{"@type":"WebSite","@id":"https:\/\/hcd.malargue.gov.ar\/#website","url":"https:\/\/hcd.malargue.gov.ar\/","name":"Malarg\u00fce HCD","description":"Malarg\u00fce Mendoza Argentina","potentialAction":[{"@type":"SearchAction","target":{"@type":"EntryPoint","urlTemplate":"https:\/\/hcd.malargue.gov.ar\/?s={search_term_string}"},"query-input":"required name=search_term_string"}],"inLanguage":"es-AR"},{"@type":"Person","@id":"https:\/\/hcd.malargue.gov.ar\/#\/schema\/person\/3fd6bbab64edd703961b795156c955d0","name":"Belen Pedernera Ferragut","image":{"@type":"ImageObject","inLanguage":"es-AR","@id":"https:\/\/hcd.malargue.gov.ar\/#\/schema\/person\/image\/","url":"https:\/\/secure.gravatar.com\/avatar\/1054ffab3893de4bb3eb29bdd22f7e34b8537bf5d34d9dab311818154ad5b71f?s=96&d=mm&r=g","contentUrl":"https:\/\/secure.gravatar.com\/avatar\/1054ffab3893de4bb3eb29bdd22f7e34b8537bf5d34d9dab311818154ad5b71f?s=96&d=mm&r=g","caption":"Belen Pedernera Ferragut"},"url":"https:\/\/hcd.malargue.gov.ar\/?author=5"}]}},"_links":{"self":[{"href":"https:\/\/hcd.malargue.gov.ar\/index.php?rest_route=\/wp\/v2\/posts\/39060","targetHints":{"allow":["GET"]}}],"collection":[{"href":"https:\/\/hcd.malargue.gov.ar\/index.php?rest_route=\/wp\/v2\/posts"}],"about":[{"href":"https:\/\/hcd.malargue.gov.ar\/index.php?rest_route=\/wp\/v2\/types\/post"}],"author":[{"embeddable":true,"href":"https:\/\/hcd.malargue.gov.ar\/index.php?rest_route=\/wp\/v2\/users\/5"}],"replies":[{"embeddable":true,"href":"https:\/\/hcd.malargue.gov.ar\/index.php?rest_route=%2Fwp%2Fv2%2Fcomments&post=39060"}],"version-history":[{"count":3,"href":"https:\/\/hcd.malargue.gov.ar\/index.php?rest_route=\/wp\/v2\/posts\/39060\/revisions"}],"predecessor-version":[{"id":39065,"href":"https:\/\/hcd.malargue.gov.ar\/index.php?rest_route=\/wp\/v2\/posts\/39060\/revisions\/39065"}],"wp:featuredmedia":[{"embeddable":true,"href":"https:\/\/hcd.malargue.gov.ar\/index.php?rest_route=\/wp\/v2\/media\/39061"}],"wp:attachment":[{"href":"https:\/\/hcd.malargue.gov.ar\/index.php?rest_route=%2Fwp%2Fv2%2Fmedia&parent=39060"}],"wp:term":[{"taxonomy":"category","embeddable":true,"href":"https:\/\/hcd.malargue.gov.ar\/index.php?rest_route=%2Fwp%2Fv2%2Fcategories&post=39060"},{"taxonomy":"post_tag","embeddable":true,"href":"https:\/\/hcd.malargue.gov.ar\/index.php?rest_route=%2Fwp%2Fv2%2Ftags&post=39060"}],"curies":[{"name":"wp","href":"https:\/\/api.w.org\/{rel}","templated":true}]}}