{"id":39082,"date":"2025-06-23T08:31:46","date_gmt":"2025-06-23T11:31:46","guid":{"rendered":"https:\/\/hcd.malargue.gov.ar\/?p=39082"},"modified":"2025-06-23T08:42:41","modified_gmt":"2025-06-23T11:42:41","slug":"el-hcd-llevo-a-cabo-la-13-sesion-ordinaria-aprobando-una-resolucion","status":"publish","type":"post","link":"https:\/\/hcd.malargue.gov.ar\/?p=39082","title":{"rendered":"EL HCD LLEV\u00d3 A CABO LA 13\u00b0 SESI\u00d3N ORDINARIA APROBANDO UNA RESOLUCI\u00d3N"},"content":{"rendered":"\n<h6 class=\"wp-block-heading has-text-align-right\">SESI\u00d3N ORDINARIA \u2013\u00a0 19 de junio del 2025<\/h6>\n\n\n\n<h6 class=\"wp-block-heading has-text-align-right\">Presidiendo la Sesi\u00f3n:&nbsp;&nbsp;Concejal Rodrigo Hidalgo  (Bloque Partido Justicialista)<\/h6>\n\n\n\n<h6 class=\"wp-block-heading has-text-align-right\">Concejales Presentes:&nbsp; Emilce Mansilla (Bloque Partido Justicialista),  Francisco Parada (Bloque Partido Encuentro)&nbsp;Viviana Mosca, Pablo Villarruel (Bloque Frente Cambia Mendoza) Martin Palma (Bloque UCR-Independiente), Elizabeth Gonzalez (Bloque Uni\u00f3n Mendocina)<\/h6>\n\n\n\n<p>A las 9:00 hs de este jueves 19 de junio, dio inici\u00f3 el <a href=\"https:\/\/hcd.malargue.gov.ar\/?p=30195\">Orden del Dia de la Sesi\u00f3n Ordinaria convocada<\/a>.<\/p>\n\n\n\n<p>Dando cumplimiento al Orden del D\u00eda elevaron un total de 1 Proyecto de los Sres Concejales y&nbsp; 1 Expediente proveniente del Departamento Ejecutivo a las distintas Comisiones de trabajo para su correspondiente tratamiento. Detalle:<\/p>\n\n\n\n<blockquote class=\"wp-block-quote is-layout-flow wp-block-quote-is-layout-flow\">\n<p><strong><em>La COMISI\u00d3N DE HACIENDA PRESUPUESTO LEGISLACI\u00d3N Y ASUNTOS CONSTITUCIONALES (HPLAC) recepcionar\u00e1&nbsp; proyectos:<\/em><\/strong><\/p>\n\n\n\n<ul class=\"wp-block-list\">\n<li><em>Expte. N\u00b0 4.119\/2.025-0. Proyecto de Decreto: Autorizar \u00fanicamente la participaci\u00f3n virtual del Concejal&nbsp; Lic. Pablo Cabrera en Sesiones Ordinarias, Especiales y Extraordinarias mediante plataformas digitales adecuadas (TICs). (BLOQUE PARTIDO&nbsp; JUSTICIALISTA.).Autores Concejales: Magali ACOSTA, Rodrigo HIDALGO, Emilce MANSILLA.<\/em><\/li>\n\n\n\n<li>VETO- Expte. N\u00b0 3.140\/2.025-0. Proyecto de Ordenanza: Ficha Limpia para Funcionarios (Decreto N\u00b0 724\/2.02)<\/li>\n<\/ul>\n<\/blockquote>\n\n\n\n<p>En el punto <em><strong>h)<\/strong><\/em><strong><em>Despachos de las Comisiones de Trabajo<\/em><\/strong>, se aprob\u00f3&nbsp;una <strong>Resoluci\u00f3n:<\/strong> Solicitud de informe de estado actual de Direcci\u00f3n Provincial de Vialidad Sub- Zona&nbsp; Malarg\u00fce y Programa de mantenimiento de Rutas. ( Expte. N\u00b0 3.858\/2.025-0.)<\/p>\n\n\n\n<p>Sin m\u00e1s que tratar, el Presidente del Cuerpo Deliberativo dio por finalizada la Sesi\u00f3n.<\/p>\n\n\n\n<p class=\"has-text-align-center\">\ud83c\udfa5 <strong>VER LA SESI\u00d3N EN VIVO<\/strong>: <a href=\"https:\/\/www.youtube.com\/live\/HLn7vulv7Q0\">https:\/\/www.youtube.com\/live\/HLn7vulv7Q0<\/a><\/p>\n\n\n\n<p class=\"has-text-align-center\"><a href=\"https:\/\/www.facebook.com\/photo\/?fbid=1035781585394396&amp;set=pcb.1035782535394301\">\ud83d\udcf8 <strong>GALERIA DE FOTOS<\/strong><\/a><\/p>\n","protected":false},"excerpt":{"rendered":"<p>SESI\u00d3N ORDINARIA \u2013\u00a0 19 de junio del 2025 Presidiendo la Sesi\u00f3n:&nbsp;&nbsp;Concejal Rodrigo Hidalgo (Bloque Partido Justicialista) Concejales Presentes:&nbsp; Emilce Mansilla (Bloque Partido Justicialista), Francisco Parada (Bloque Partido Encuentro)&nbsp;Viviana Mosca, Pablo Villarruel (Bloque Frente Cambia Mendoza) Martin Palma (Bloque UCR-Independiente), Elizabeth Gonzalez (Bloque Uni\u00f3n Mendocina) A las 9:00 hs de este jueves 19 de junio, dio [&hellip;]<\/p>\n","protected":false},"author":5,"featured_media":39083,"comment_status":"closed","ping_status":"closed","sticky":false,"template":"","format":"standard","meta":{"footnotes":""},"categories":[52,58,33,36],"tags":[],"class_list":["post-39082","post","type-post","status-publish","format-standard","has-post-thumbnail","hentry","category-gacetillas","category-ordinarias","category-prensa","category-sesiones"],"yoast_head":"<!-- This site is optimized with the Yoast SEO plugin v19.10 - https:\/\/yoast.com\/wordpress\/plugins\/seo\/ -->\n<title>EL HCD LLEV\u00d3 A CABO LA 13\u00b0 SESI\u00d3N ORDINARIA APROBANDO UNA RESOLUCI\u00d3N - Malarg\u00fce HCD<\/title>\n<meta name=\"robots\" content=\"index, follow, max-snippet:-1, max-image-preview:large, max-video-preview:-1\" \/>\n<link rel=\"canonical\" href=\"https:\/\/hcd.malargue.gov.ar\/?p=39082\" \/>\n<meta property=\"og:locale\" content=\"es_ES\" \/>\n<meta property=\"og:type\" content=\"article\" \/>\n<meta property=\"og:title\" content=\"EL HCD LLEV\u00d3 A CABO LA 13\u00b0 SESI\u00d3N ORDINARIA APROBANDO UNA RESOLUCI\u00d3N - Malarg\u00fce HCD\" \/>\n<meta property=\"og:description\" content=\"SESI\u00d3N ORDINARIA \u2013\u00a0 19 de junio del 2025 Presidiendo la Sesi\u00f3n:&nbsp;&nbsp;Concejal Rodrigo Hidalgo (Bloque Partido Justicialista) Concejales Presentes:&nbsp; Emilce Mansilla (Bloque Partido Justicialista), Francisco Parada (Bloque Partido Encuentro)&nbsp;Viviana Mosca, Pablo Villarruel (Bloque Frente Cambia Mendoza) Martin Palma (Bloque UCR-Independiente), Elizabeth Gonzalez (Bloque Uni\u00f3n Mendocina) A las 9:00 hs de este jueves 19 de junio, dio [&hellip;]\" \/>\n<meta property=\"og:url\" content=\"https:\/\/hcd.malargue.gov.ar\/?p=39082\" \/>\n<meta property=\"og:site_name\" content=\"Malarg\u00fce HCD\" \/>\n<meta property=\"article:published_time\" content=\"2025-06-23T11:31:46+00:00\" \/>\n<meta property=\"article:modified_time\" content=\"2025-06-23T11:42:41+00:00\" \/>\n<meta property=\"og:image\" content=\"https:\/\/hcd.malargue.gov.ar\/wp-content\/uploads\/2025\/06\/508949873_1035782555394299_3831635255744508976_n.jpg\" \/>\n\t<meta property=\"og:image:width\" content=\"2048\" \/>\n\t<meta property=\"og:image:height\" content=\"1152\" \/>\n\t<meta property=\"og:image:type\" content=\"image\/jpeg\" \/>\n<meta name=\"author\" content=\"Belen Pedernera Ferragut\" \/>\n<meta name=\"twitter:card\" content=\"summary_large_image\" \/>\n<meta name=\"twitter:label1\" content=\"Escrito por\" \/>\n\t<meta name=\"twitter:data1\" content=\"Belen Pedernera Ferragut\" \/>\n\t<meta name=\"twitter:label2\" content=\"Tiempo de lectura\" \/>\n\t<meta name=\"twitter:data2\" content=\"2 minutos\" \/>\n<script type=\"application\/ld+json\" class=\"yoast-schema-graph\">{\"@context\":\"https:\/\/schema.org\",\"@graph\":[{\"@type\":\"WebPage\",\"@id\":\"https:\/\/hcd.malargue.gov.ar\/?p=39082\",\"url\":\"https:\/\/hcd.malargue.gov.ar\/?p=39082\",\"name\":\"EL HCD LLEV\u00d3 A CABO LA 13\u00b0 SESI\u00d3N ORDINARIA APROBANDO UNA RESOLUCI\u00d3N - Malarg\u00fce HCD\",\"isPartOf\":{\"@id\":\"https:\/\/hcd.malargue.gov.ar\/#website\"},\"datePublished\":\"2025-06-23T11:31:46+00:00\",\"dateModified\":\"2025-06-23T11:42:41+00:00\",\"author\":{\"@id\":\"https:\/\/hcd.malargue.gov.ar\/#\/schema\/person\/3fd6bbab64edd703961b795156c955d0\"},\"breadcrumb\":{\"@id\":\"https:\/\/hcd.malargue.gov.ar\/?p=39082#breadcrumb\"},\"inLanguage\":\"es-AR\",\"potentialAction\":[{\"@type\":\"ReadAction\",\"target\":[\"https:\/\/hcd.malargue.gov.ar\/?p=39082\"]}]},{\"@type\":\"BreadcrumbList\",\"@id\":\"https:\/\/hcd.malargue.gov.ar\/?p=39082#breadcrumb\",\"itemListElement\":[{\"@type\":\"ListItem\",\"position\":1,\"name\":\"Inicio\",\"item\":\"https:\/\/hcd.malargue.gov.ar\/\"},{\"@type\":\"ListItem\",\"position\":2,\"name\":\"EL HCD LLEV\u00d3 A CABO LA 13\u00b0 SESI\u00d3N ORDINARIA APROBANDO UNA RESOLUCI\u00d3N\"}]},{\"@type\":\"WebSite\",\"@id\":\"https:\/\/hcd.malargue.gov.ar\/#website\",\"url\":\"https:\/\/hcd.malargue.gov.ar\/\",\"name\":\"Malarg\u00fce HCD\",\"description\":\"Malarg\u00fce Mendoza Argentina\",\"potentialAction\":[{\"@type\":\"SearchAction\",\"target\":{\"@type\":\"EntryPoint\",\"urlTemplate\":\"https:\/\/hcd.malargue.gov.ar\/?s={search_term_string}\"},\"query-input\":\"required name=search_term_string\"}],\"inLanguage\":\"es-AR\"},{\"@type\":\"Person\",\"@id\":\"https:\/\/hcd.malargue.gov.ar\/#\/schema\/person\/3fd6bbab64edd703961b795156c955d0\",\"name\":\"Belen Pedernera Ferragut\",\"image\":{\"@type\":\"ImageObject\",\"inLanguage\":\"es-AR\",\"@id\":\"https:\/\/hcd.malargue.gov.ar\/#\/schema\/person\/image\/\",\"url\":\"https:\/\/secure.gravatar.com\/avatar\/1054ffab3893de4bb3eb29bdd22f7e34b8537bf5d34d9dab311818154ad5b71f?s=96&d=mm&r=g\",\"contentUrl\":\"https:\/\/secure.gravatar.com\/avatar\/1054ffab3893de4bb3eb29bdd22f7e34b8537bf5d34d9dab311818154ad5b71f?s=96&d=mm&r=g\",\"caption\":\"Belen Pedernera Ferragut\"},\"url\":\"https:\/\/hcd.malargue.gov.ar\/?author=5\"}]}<\/script>\n<!-- \/ Yoast SEO plugin. -->","yoast_head_json":{"title":"EL HCD LLEV\u00d3 A CABO LA 13\u00b0 SESI\u00d3N ORDINARIA APROBANDO UNA RESOLUCI\u00d3N - Malarg\u00fce HCD","robots":{"index":"index","follow":"follow","max-snippet":"max-snippet:-1","max-image-preview":"max-image-preview:large","max-video-preview":"max-video-preview:-1"},"canonical":"https:\/\/hcd.malargue.gov.ar\/?p=39082","og_locale":"es_ES","og_type":"article","og_title":"EL HCD LLEV\u00d3 A CABO LA 13\u00b0 SESI\u00d3N ORDINARIA APROBANDO UNA RESOLUCI\u00d3N - Malarg\u00fce HCD","og_description":"SESI\u00d3N ORDINARIA \u2013\u00a0 19 de junio del 2025 Presidiendo la Sesi\u00f3n:&nbsp;&nbsp;Concejal Rodrigo Hidalgo (Bloque Partido Justicialista) Concejales Presentes:&nbsp; Emilce Mansilla (Bloque Partido Justicialista), Francisco Parada (Bloque Partido Encuentro)&nbsp;Viviana Mosca, Pablo Villarruel (Bloque Frente Cambia Mendoza) Martin Palma (Bloque UCR-Independiente), Elizabeth Gonzalez (Bloque Uni\u00f3n Mendocina) A las 9:00 hs de este jueves 19 de junio, dio [&hellip;]","og_url":"https:\/\/hcd.malargue.gov.ar\/?p=39082","og_site_name":"Malarg\u00fce HCD","article_published_time":"2025-06-23T11:31:46+00:00","article_modified_time":"2025-06-23T11:42:41+00:00","og_image":[{"width":2048,"height":1152,"url":"https:\/\/hcd.malargue.gov.ar\/wp-content\/uploads\/2025\/06\/508949873_1035782555394299_3831635255744508976_n.jpg","type":"image\/jpeg"}],"author":"Belen Pedernera Ferragut","twitter_card":"summary_large_image","twitter_misc":{"Escrito por":"Belen Pedernera Ferragut","Tiempo de lectura":"2 minutos"},"schema":{"@context":"https:\/\/schema.org","@graph":[{"@type":"WebPage","@id":"https:\/\/hcd.malargue.gov.ar\/?p=39082","url":"https:\/\/hcd.malargue.gov.ar\/?p=39082","name":"EL HCD LLEV\u00d3 A CABO LA 13\u00b0 SESI\u00d3N ORDINARIA APROBANDO UNA RESOLUCI\u00d3N - Malarg\u00fce HCD","isPartOf":{"@id":"https:\/\/hcd.malargue.gov.ar\/#website"},"datePublished":"2025-06-23T11:31:46+00:00","dateModified":"2025-06-23T11:42:41+00:00","author":{"@id":"https:\/\/hcd.malargue.gov.ar\/#\/schema\/person\/3fd6bbab64edd703961b795156c955d0"},"breadcrumb":{"@id":"https:\/\/hcd.malargue.gov.ar\/?p=39082#breadcrumb"},"inLanguage":"es-AR","potentialAction":[{"@type":"ReadAction","target":["https:\/\/hcd.malargue.gov.ar\/?p=39082"]}]},{"@type":"BreadcrumbList","@id":"https:\/\/hcd.malargue.gov.ar\/?p=39082#breadcrumb","itemListElement":[{"@type":"ListItem","position":1,"name":"Inicio","item":"https:\/\/hcd.malargue.gov.ar\/"},{"@type":"ListItem","position":2,"name":"EL HCD LLEV\u00d3 A CABO LA 13\u00b0 SESI\u00d3N ORDINARIA APROBANDO UNA RESOLUCI\u00d3N"}]},{"@type":"WebSite","@id":"https:\/\/hcd.malargue.gov.ar\/#website","url":"https:\/\/hcd.malargue.gov.ar\/","name":"Malarg\u00fce HCD","description":"Malarg\u00fce Mendoza Argentina","potentialAction":[{"@type":"SearchAction","target":{"@type":"EntryPoint","urlTemplate":"https:\/\/hcd.malargue.gov.ar\/?s={search_term_string}"},"query-input":"required name=search_term_string"}],"inLanguage":"es-AR"},{"@type":"Person","@id":"https:\/\/hcd.malargue.gov.ar\/#\/schema\/person\/3fd6bbab64edd703961b795156c955d0","name":"Belen Pedernera Ferragut","image":{"@type":"ImageObject","inLanguage":"es-AR","@id":"https:\/\/hcd.malargue.gov.ar\/#\/schema\/person\/image\/","url":"https:\/\/secure.gravatar.com\/avatar\/1054ffab3893de4bb3eb29bdd22f7e34b8537bf5d34d9dab311818154ad5b71f?s=96&d=mm&r=g","contentUrl":"https:\/\/secure.gravatar.com\/avatar\/1054ffab3893de4bb3eb29bdd22f7e34b8537bf5d34d9dab311818154ad5b71f?s=96&d=mm&r=g","caption":"Belen Pedernera Ferragut"},"url":"https:\/\/hcd.malargue.gov.ar\/?author=5"}]}},"_links":{"self":[{"href":"https:\/\/hcd.malargue.gov.ar\/index.php?rest_route=\/wp\/v2\/posts\/39082","targetHints":{"allow":["GET"]}}],"collection":[{"href":"https:\/\/hcd.malargue.gov.ar\/index.php?rest_route=\/wp\/v2\/posts"}],"about":[{"href":"https:\/\/hcd.malargue.gov.ar\/index.php?rest_route=\/wp\/v2\/types\/post"}],"author":[{"embeddable":true,"href":"https:\/\/hcd.malargue.gov.ar\/index.php?rest_route=\/wp\/v2\/users\/5"}],"replies":[{"embeddable":true,"href":"https:\/\/hcd.malargue.gov.ar\/index.php?rest_route=%2Fwp%2Fv2%2Fcomments&post=39082"}],"version-history":[{"count":3,"href":"https:\/\/hcd.malargue.gov.ar\/index.php?rest_route=\/wp\/v2\/posts\/39082\/revisions"}],"predecessor-version":[{"id":39087,"href":"https:\/\/hcd.malargue.gov.ar\/index.php?rest_route=\/wp\/v2\/posts\/39082\/revisions\/39087"}],"wp:featuredmedia":[{"embeddable":true,"href":"https:\/\/hcd.malargue.gov.ar\/index.php?rest_route=\/wp\/v2\/media\/39083"}],"wp:attachment":[{"href":"https:\/\/hcd.malargue.gov.ar\/index.php?rest_route=%2Fwp%2Fv2%2Fmedia&parent=39082"}],"wp:term":[{"taxonomy":"category","embeddable":true,"href":"https:\/\/hcd.malargue.gov.ar\/index.php?rest_route=%2Fwp%2Fv2%2Fcategories&post=39082"},{"taxonomy":"post_tag","embeddable":true,"href":"https:\/\/hcd.malargue.gov.ar\/index.php?rest_route=%2Fwp%2Fv2%2Ftags&post=39082"}],"curies":[{"name":"wp","href":"https:\/\/api.w.org\/{rel}","templated":true}]}}