{"id":39088,"date":"2025-06-23T08:46:41","date_gmt":"2025-06-23T11:46:41","guid":{"rendered":"https:\/\/hcd.malargue.gov.ar\/?p=39088"},"modified":"2025-06-23T08:46:54","modified_gmt":"2025-06-23T11:46:54","slug":"concejales-de-malargue-visistaron-la-legislatura-de-mza","status":"publish","type":"post","link":"https:\/\/hcd.malargue.gov.ar\/?p=39088","title":{"rendered":"CONCEJALES DE MALARG\u00dcE VISITARON LA LEGISLATURA DE MZA"},"content":{"rendered":"\n<p>Durante la jornada del martes, concejales del Honorable Concejo Deliberante de Malarg\u00fce viajaron a la ciudad de Mendoza donde mantuvieron diversas reuniones con legisladores provinciales en el marco de la <a href=\"https:\/\/hcd.malargue.gov.ar\/?p=39042\">Resoluci\u00f3n N\u00b0 154\/2025<\/a> , con el objetivo de plantear necesidades urgentes del departamento y avanzar en proyectos clave para la comunidad.<\/p>\n\n\n\n<p>Entre las actividades desarrolladas, los ediles participaron del informe anual de la Comisi\u00f3n Bicameral de Seguridad, donde la concejala <a href=\"https:\/\/www.facebook.com\/silvina.camiolo.9?__cft__[0]=AZWeV8539E0fLJgIvUdHzp52ttzy2ub_Mtpo_9uKk0YfwhN44ocrZzvJE9NUHYCjodo1jI1EhBDfhJWpHtGchM6_wJM6GV65vZH5XLJandlvK7m4H2GKedJAdUBPQFv3_KjG8e2zZ9AZfi8pcKVoEKyHBZjJHNLqcHNEkX0E_sGAO3YYDK_02r-44RmAdD8sCbsm4bw_7DN6-XM4Et0Ikr5e&amp;__tn__=-]K-R\">Silvina Camiolo<\/a> expuso la creciente preocupaci\u00f3n por el aumento de los \u00edndices delictivos en Malarg\u00fce. En ese contexto, solicit\u00f3 la inclusi\u00f3n de pol\u00edticas de seguridad espec\u00edficas para el sur mendocino.<\/p>\n\n\n\n<p>Adem\u00e1s, los concejales mantuvieron reuniones con la diputada Jimena Cogo quien los recibi\u00f3, as\u00ed como con la legisladora Gabriela Lisana del Centro Renovador, la diputada Emma Fugazoto y el diputado mandato cumplido Mario Padillo. Seg\u00fan detall\u00f3 la concejal <a href=\"https:\/\/www.facebook.com\/profile.php?id=100093273735850&amp;__cft__[0]=AZWeV8539E0fLJgIvUdHzp52ttzy2ub_Mtpo_9uKk0YfwhN44ocrZzvJE9NUHYCjodo1jI1EhBDfhJWpHtGchM6_wJM6GV65vZH5XLJandlvK7m4H2GKedJAdUBPQFv3_KjG8e2zZ9AZfi8pcKVoEKyHBZjJHNLqcHNEkX0E_sGAO3YYDK_02r-44RmAdD8sCbsm4bw_7DN6-XM4Et0Ikr5e&amp;__tn__=-]K-R\">Elizabeth Gonzalez<\/a> , el encuentro tuvo como eje central la necesidad de incorporar obras fundamentales para Malarg\u00fce en el presupuesto provincial que se encuentra en elaboraci\u00f3n. Entre las prioridades se mencionaron redes cloacales, energ\u00eda, gas, agua, rutas internas, puentes y especialmente la Ruta Nacional 40.<\/p>\n\n\n\n<p>\u201cEste a\u00f1o han quedado afuera muchos proyectos importantes para nuestro departamento. Por eso les pedimos trabajar en conjunto para que estas obras se incluyan y lleguen en tiempo y forma\u201d, expres\u00f3 Gonz\u00e1lez.<\/p>\n\n\n\n<p>El Concejal, <a href=\"https:\/\/www.facebook.com\/PalmaOMartin?__cft__[0]=AZWeV8539E0fLJgIvUdHzp52ttzy2ub_Mtpo_9uKk0YfwhN44ocrZzvJE9NUHYCjodo1jI1EhBDfhJWpHtGchM6_wJM6GV65vZH5XLJandlvK7m4H2GKedJAdUBPQFv3_KjG8e2zZ9AZfi8pcKVoEKyHBZjJHNLqcHNEkX0E_sGAO3YYDK_02r-44RmAdD8sCbsm4bw_7DN6-XM4Et0Ikr5e&amp;__tn__=-]K-R\">Martin Palma<\/a> , tambi\u00e9n form\u00f3 parte de la comitiva malarg\u00fcina que viaj\u00f3 a la capital provincial con el fin de buscar el consenso para el progreso de Malarg\u00fce.<\/p>\n","protected":false},"excerpt":{"rendered":"<p>Durante la jornada del martes, concejales del Honorable Concejo Deliberante de Malarg\u00fce viajaron a la ciudad de Mendoza donde mantuvieron diversas reuniones con legisladores provinciales en el marco de la Resoluci\u00f3n N\u00b0 154\/2025 , con el objetivo de plantear necesidades urgentes del departamento y avanzar en proyectos clave para la comunidad. Entre las actividades desarrolladas, [&hellip;]<\/p>\n","protected":false},"author":5,"featured_media":39089,"comment_status":"closed","ping_status":"closed","sticky":false,"template":"","format":"standard","meta":{"footnotes":""},"categories":[52,33],"tags":[],"class_list":["post-39088","post","type-post","status-publish","format-standard","has-post-thumbnail","hentry","category-gacetillas","category-prensa"],"yoast_head":"<!-- This site is optimized with the Yoast SEO plugin v19.10 - https:\/\/yoast.com\/wordpress\/plugins\/seo\/ -->\n<title>CONCEJALES DE MALARG\u00dcE VISITARON LA LEGISLATURA DE MZA - Malarg\u00fce HCD<\/title>\n<meta name=\"robots\" content=\"index, follow, max-snippet:-1, max-image-preview:large, max-video-preview:-1\" \/>\n<link rel=\"canonical\" href=\"https:\/\/hcd.malargue.gov.ar\/?p=39088\" \/>\n<meta property=\"og:locale\" content=\"es_ES\" \/>\n<meta property=\"og:type\" content=\"article\" \/>\n<meta property=\"og:title\" content=\"CONCEJALES DE MALARG\u00dcE VISITARON LA LEGISLATURA DE MZA - Malarg\u00fce HCD\" \/>\n<meta property=\"og:description\" content=\"Durante la jornada del martes, concejales del Honorable Concejo Deliberante de Malarg\u00fce viajaron a la ciudad de Mendoza donde mantuvieron diversas reuniones con legisladores provinciales en el marco de la Resoluci\u00f3n N\u00b0 154\/2025 , con el objetivo de plantear necesidades urgentes del departamento y avanzar en proyectos clave para la comunidad. Entre las actividades desarrolladas, [&hellip;]\" \/>\n<meta property=\"og:url\" content=\"https:\/\/hcd.malargue.gov.ar\/?p=39088\" \/>\n<meta property=\"og:site_name\" content=\"Malarg\u00fce HCD\" \/>\n<meta property=\"article:published_time\" content=\"2025-06-23T11:46:41+00:00\" \/>\n<meta property=\"article:modified_time\" content=\"2025-06-23T11:46:54+00:00\" \/>\n<meta property=\"og:image\" content=\"https:\/\/hcd.malargue.gov.ar\/wp-content\/uploads\/2025\/06\/509608015_1035065725465982_1436693590485348991_n.jpg\" \/>\n\t<meta property=\"og:image:width\" content=\"1702\" \/>\n\t<meta property=\"og:image:height\" content=\"986\" \/>\n\t<meta property=\"og:image:type\" content=\"image\/jpeg\" \/>\n<meta name=\"author\" content=\"Belen Pedernera Ferragut\" \/>\n<meta name=\"twitter:card\" content=\"summary_large_image\" \/>\n<meta name=\"twitter:label1\" content=\"Escrito por\" \/>\n\t<meta name=\"twitter:data1\" content=\"Belen Pedernera Ferragut\" \/>\n\t<meta name=\"twitter:label2\" content=\"Tiempo de lectura\" \/>\n\t<meta name=\"twitter:data2\" content=\"2 minutos\" \/>\n<script type=\"application\/ld+json\" class=\"yoast-schema-graph\">{\"@context\":\"https:\/\/schema.org\",\"@graph\":[{\"@type\":\"WebPage\",\"@id\":\"https:\/\/hcd.malargue.gov.ar\/?p=39088\",\"url\":\"https:\/\/hcd.malargue.gov.ar\/?p=39088\",\"name\":\"CONCEJALES DE MALARG\u00dcE VISITARON LA LEGISLATURA DE MZA - Malarg\u00fce HCD\",\"isPartOf\":{\"@id\":\"https:\/\/hcd.malargue.gov.ar\/#website\"},\"datePublished\":\"2025-06-23T11:46:41+00:00\",\"dateModified\":\"2025-06-23T11:46:54+00:00\",\"author\":{\"@id\":\"https:\/\/hcd.malargue.gov.ar\/#\/schema\/person\/3fd6bbab64edd703961b795156c955d0\"},\"breadcrumb\":{\"@id\":\"https:\/\/hcd.malargue.gov.ar\/?p=39088#breadcrumb\"},\"inLanguage\":\"es-AR\",\"potentialAction\":[{\"@type\":\"ReadAction\",\"target\":[\"https:\/\/hcd.malargue.gov.ar\/?p=39088\"]}]},{\"@type\":\"BreadcrumbList\",\"@id\":\"https:\/\/hcd.malargue.gov.ar\/?p=39088#breadcrumb\",\"itemListElement\":[{\"@type\":\"ListItem\",\"position\":1,\"name\":\"Inicio\",\"item\":\"https:\/\/hcd.malargue.gov.ar\/\"},{\"@type\":\"ListItem\",\"position\":2,\"name\":\"CONCEJALES DE MALARG\u00dcE VISITARON LA LEGISLATURA DE MZA\"}]},{\"@type\":\"WebSite\",\"@id\":\"https:\/\/hcd.malargue.gov.ar\/#website\",\"url\":\"https:\/\/hcd.malargue.gov.ar\/\",\"name\":\"Malarg\u00fce HCD\",\"description\":\"Malarg\u00fce Mendoza Argentina\",\"potentialAction\":[{\"@type\":\"SearchAction\",\"target\":{\"@type\":\"EntryPoint\",\"urlTemplate\":\"https:\/\/hcd.malargue.gov.ar\/?s={search_term_string}\"},\"query-input\":\"required name=search_term_string\"}],\"inLanguage\":\"es-AR\"},{\"@type\":\"Person\",\"@id\":\"https:\/\/hcd.malargue.gov.ar\/#\/schema\/person\/3fd6bbab64edd703961b795156c955d0\",\"name\":\"Belen Pedernera Ferragut\",\"image\":{\"@type\":\"ImageObject\",\"inLanguage\":\"es-AR\",\"@id\":\"https:\/\/hcd.malargue.gov.ar\/#\/schema\/person\/image\/\",\"url\":\"https:\/\/secure.gravatar.com\/avatar\/1054ffab3893de4bb3eb29bdd22f7e34b8537bf5d34d9dab311818154ad5b71f?s=96&d=mm&r=g\",\"contentUrl\":\"https:\/\/secure.gravatar.com\/avatar\/1054ffab3893de4bb3eb29bdd22f7e34b8537bf5d34d9dab311818154ad5b71f?s=96&d=mm&r=g\",\"caption\":\"Belen Pedernera Ferragut\"},\"url\":\"https:\/\/hcd.malargue.gov.ar\/?author=5\"}]}<\/script>\n<!-- \/ Yoast SEO plugin. -->","yoast_head_json":{"title":"CONCEJALES DE MALARG\u00dcE VISITARON LA LEGISLATURA DE MZA - Malarg\u00fce HCD","robots":{"index":"index","follow":"follow","max-snippet":"max-snippet:-1","max-image-preview":"max-image-preview:large","max-video-preview":"max-video-preview:-1"},"canonical":"https:\/\/hcd.malargue.gov.ar\/?p=39088","og_locale":"es_ES","og_type":"article","og_title":"CONCEJALES DE MALARG\u00dcE VISITARON LA LEGISLATURA DE MZA - Malarg\u00fce HCD","og_description":"Durante la jornada del martes, concejales del Honorable Concejo Deliberante de Malarg\u00fce viajaron a la ciudad de Mendoza donde mantuvieron diversas reuniones con legisladores provinciales en el marco de la Resoluci\u00f3n N\u00b0 154\/2025 , con el objetivo de plantear necesidades urgentes del departamento y avanzar en proyectos clave para la comunidad. Entre las actividades desarrolladas, [&hellip;]","og_url":"https:\/\/hcd.malargue.gov.ar\/?p=39088","og_site_name":"Malarg\u00fce HCD","article_published_time":"2025-06-23T11:46:41+00:00","article_modified_time":"2025-06-23T11:46:54+00:00","og_image":[{"width":1702,"height":986,"url":"https:\/\/hcd.malargue.gov.ar\/wp-content\/uploads\/2025\/06\/509608015_1035065725465982_1436693590485348991_n.jpg","type":"image\/jpeg"}],"author":"Belen Pedernera Ferragut","twitter_card":"summary_large_image","twitter_misc":{"Escrito por":"Belen Pedernera Ferragut","Tiempo de lectura":"2 minutos"},"schema":{"@context":"https:\/\/schema.org","@graph":[{"@type":"WebPage","@id":"https:\/\/hcd.malargue.gov.ar\/?p=39088","url":"https:\/\/hcd.malargue.gov.ar\/?p=39088","name":"CONCEJALES DE MALARG\u00dcE VISITARON LA LEGISLATURA DE MZA - Malarg\u00fce HCD","isPartOf":{"@id":"https:\/\/hcd.malargue.gov.ar\/#website"},"datePublished":"2025-06-23T11:46:41+00:00","dateModified":"2025-06-23T11:46:54+00:00","author":{"@id":"https:\/\/hcd.malargue.gov.ar\/#\/schema\/person\/3fd6bbab64edd703961b795156c955d0"},"breadcrumb":{"@id":"https:\/\/hcd.malargue.gov.ar\/?p=39088#breadcrumb"},"inLanguage":"es-AR","potentialAction":[{"@type":"ReadAction","target":["https:\/\/hcd.malargue.gov.ar\/?p=39088"]}]},{"@type":"BreadcrumbList","@id":"https:\/\/hcd.malargue.gov.ar\/?p=39088#breadcrumb","itemListElement":[{"@type":"ListItem","position":1,"name":"Inicio","item":"https:\/\/hcd.malargue.gov.ar\/"},{"@type":"ListItem","position":2,"name":"CONCEJALES DE MALARG\u00dcE VISITARON LA LEGISLATURA DE MZA"}]},{"@type":"WebSite","@id":"https:\/\/hcd.malargue.gov.ar\/#website","url":"https:\/\/hcd.malargue.gov.ar\/","name":"Malarg\u00fce HCD","description":"Malarg\u00fce Mendoza Argentina","potentialAction":[{"@type":"SearchAction","target":{"@type":"EntryPoint","urlTemplate":"https:\/\/hcd.malargue.gov.ar\/?s={search_term_string}"},"query-input":"required name=search_term_string"}],"inLanguage":"es-AR"},{"@type":"Person","@id":"https:\/\/hcd.malargue.gov.ar\/#\/schema\/person\/3fd6bbab64edd703961b795156c955d0","name":"Belen Pedernera Ferragut","image":{"@type":"ImageObject","inLanguage":"es-AR","@id":"https:\/\/hcd.malargue.gov.ar\/#\/schema\/person\/image\/","url":"https:\/\/secure.gravatar.com\/avatar\/1054ffab3893de4bb3eb29bdd22f7e34b8537bf5d34d9dab311818154ad5b71f?s=96&d=mm&r=g","contentUrl":"https:\/\/secure.gravatar.com\/avatar\/1054ffab3893de4bb3eb29bdd22f7e34b8537bf5d34d9dab311818154ad5b71f?s=96&d=mm&r=g","caption":"Belen Pedernera Ferragut"},"url":"https:\/\/hcd.malargue.gov.ar\/?author=5"}]}},"_links":{"self":[{"href":"https:\/\/hcd.malargue.gov.ar\/index.php?rest_route=\/wp\/v2\/posts\/39088","targetHints":{"allow":["GET"]}}],"collection":[{"href":"https:\/\/hcd.malargue.gov.ar\/index.php?rest_route=\/wp\/v2\/posts"}],"about":[{"href":"https:\/\/hcd.malargue.gov.ar\/index.php?rest_route=\/wp\/v2\/types\/post"}],"author":[{"embeddable":true,"href":"https:\/\/hcd.malargue.gov.ar\/index.php?rest_route=\/wp\/v2\/users\/5"}],"replies":[{"embeddable":true,"href":"https:\/\/hcd.malargue.gov.ar\/index.php?rest_route=%2Fwp%2Fv2%2Fcomments&post=39088"}],"version-history":[{"count":2,"href":"https:\/\/hcd.malargue.gov.ar\/index.php?rest_route=\/wp\/v2\/posts\/39088\/revisions"}],"predecessor-version":[{"id":39091,"href":"https:\/\/hcd.malargue.gov.ar\/index.php?rest_route=\/wp\/v2\/posts\/39088\/revisions\/39091"}],"wp:featuredmedia":[{"embeddable":true,"href":"https:\/\/hcd.malargue.gov.ar\/index.php?rest_route=\/wp\/v2\/media\/39089"}],"wp:attachment":[{"href":"https:\/\/hcd.malargue.gov.ar\/index.php?rest_route=%2Fwp%2Fv2%2Fmedia&parent=39088"}],"wp:term":[{"taxonomy":"category","embeddable":true,"href":"https:\/\/hcd.malargue.gov.ar\/index.php?rest_route=%2Fwp%2Fv2%2Fcategories&post=39088"},{"taxonomy":"post_tag","embeddable":true,"href":"https:\/\/hcd.malargue.gov.ar\/index.php?rest_route=%2Fwp%2Fv2%2Ftags&post=39088"}],"curies":[{"name":"wp","href":"https:\/\/api.w.org\/{rel}","templated":true}]}}