{"id":39175,"date":"2025-07-04T10:09:07","date_gmt":"2025-07-04T13:09:07","guid":{"rendered":"https:\/\/hcd.malargue.gov.ar\/?p=39175"},"modified":"2025-07-04T10:10:21","modified_gmt":"2025-07-04T13:10:21","slug":"el-hcd-solicitara-una-audiencia-con-el-procurador-general-por-la-vacante-en-la-fiscalia-local","status":"publish","type":"post","link":"https:\/\/hcd.malargue.gov.ar\/?p=39175","title":{"rendered":"El HCD solicitar\u00e1 una audiencia con el Procurador General por la vacante en la Fiscal\u00eda local"},"content":{"rendered":"\n<p>Una vez finalizada la <a href=\"https:\/\/hcd.malargue.gov.ar\/?p=39168\">15\u00b0 Sesi\u00f3n Ordinaria<\/a>, y tras la aprobaci\u00f3n por unanimidad de la Resoluci\u00f3n en el punto de Asuntos Varios, el Presidente del Honorable Concejo Deliberante, Rodrigo Hidalgo, acompa\u00f1ado por los Concejales Silvina Camiolo y Mart\u00edn Palma, ofreci\u00f3 una <a href=\"https:\/\/www.facebook.com\/hcdmalargue\/videos\/1422590252120118\">conferencia de prensa para expresar su preocupaci\u00f3n por la situaci\u00f3n institucional que atraviesa el Ministerio P\u00fablico Fiscal<\/a> en el Departamento de Malarg\u00fce.<\/p>\n\n\n\n<p>La Resoluci\u00f3n sancionada solicita una audiencia formal y urgente con el Procurador General de la Provincia, Dr. Alejandro Gull\u00e9, a fin de conocer las acciones previstas tras la renuncia de la exfiscal Andrea Lorente, quien dej\u00f3 el cargo sin que se realizara previamente un sumario, auditor\u00eda o proceso de investigaci\u00f3n que analizara posibles responsabilidades ante denuncias p\u00fablicas.<\/p>\n\n\n\n<p>Durante la conferencia, los Ediles manifestaron su malestar frente a lo que consideraron una intromisi\u00f3n partidaria en el proceso para cubrir la vacante. La Concejala Silvina Camiolo denunci\u00f3 p\u00fablicamente que la convocatoria a concurso fue anunciada por referentes pol\u00edticos acompa\u00f1ados de funcionarios provinciales, lo que calific\u00f3 como un atropello institucional: \u201cNo puede ser que el presidente de un comit\u00e9 pol\u00edtico partidario convoque una conferencia de prensa para decir c\u00f3mo va a ser un concurso. Eso le corresponde a la Justicia\u201d, se\u00f1al\u00f3.<\/p>\n\n\n\n<p>En ese sentido, los Concejales advirtieron que este tipo de pr\u00e1cticas atentan contra los principios republicanos y profundizan la desconfianza que ya existe en la comunidad respecto del accionar judicial. \u201cHay una confusi\u00f3n enorme entre los roles que debe cumplir cada poder del Estado, y esa confusi\u00f3n la tienen incluso quienes ocupan alt\u00edsimos cargos\u201d, enfatiz\u00f3 Camiolo.<\/p>\n\n\n\n<p>Por su parte, el Presidente del Concejo, Rodrigo Hidalgo, reafirm\u00f3 el compromiso del Cuerpo Deliberativo en su rol de control institucional. Record\u00f3 que el HCD ya hab\u00eda realizado presentaciones ante el Ministerio P\u00fablico Fiscal por situaciones irregulares detectadas previamente. \u201cNo podemos permitir que se utilice la Justicia como herramienta electoral o partidaria\u201d, afirm\u00f3.<\/p>\n\n\n\n<p>El Concejal Mart\u00edn Palma subray\u00f3 que el Concejo ha sido hist\u00f3ricamente el lugar donde la ciudadan\u00eda acude cuando otras instituciones fallan. Mencion\u00f3 casos que ingresaron a trav\u00e9s de la Banca del Ciudadano, relacionados con violencia intrafamiliar y vulneraci\u00f3n de derechos de menores, donde no se actu\u00f3 adecuadamente: \u201cLo dijimos hace m\u00e1s de tres a\u00f1os y hoy se confirma que ten\u00edamos raz\u00f3n\u201d, expres\u00f3.<\/p>\n\n\n\n<p>La Resoluci\u00f3n tambi\u00e9n manifiesta el rechazo a la aceptaci\u00f3n de la renuncia por parte del Gobernador sin la debida investigaci\u00f3n previa, y exige que el proceso de designaci\u00f3n del nuevo fiscal se lleve adelante con total transparencia, respetando los principios de idoneidad, territorialidad y compromiso institucional.<\/p>\n\n\n\n<p>Finalmente, los Concejales coincidieron en la necesidad de devolverle a la ciudadan\u00eda la confianza en el sistema judicial y de garantizar una verdadera independencia de poderes. \u201cFuimos elegidos por el voto popular y tenemos la responsabilidad de honrar ese mandato, denunciando cuando se intenta ensuciar los procedimientos y exigiendo que las cosas se hagan correctamente\u201d, concluy\u00f3 Hidalgo.<\/p>\n","protected":false},"excerpt":{"rendered":"<p>Una vez finalizada la 15\u00b0 Sesi\u00f3n Ordinaria, y tras la aprobaci\u00f3n por unanimidad de la Resoluci\u00f3n en el punto de Asuntos Varios, el Presidente del Honorable Concejo Deliberante, Rodrigo Hidalgo, acompa\u00f1ado por los Concejales Silvina Camiolo y Mart\u00edn Palma, ofreci\u00f3 una conferencia de prensa para expresar su preocupaci\u00f3n por la situaci\u00f3n institucional que atraviesa el [&hellip;]<\/p>\n","protected":false},"author":5,"featured_media":39176,"comment_status":"closed","ping_status":"closed","sticky":false,"template":"","format":"standard","meta":{"footnotes":""},"categories":[52,33],"tags":[],"class_list":["post-39175","post","type-post","status-publish","format-standard","has-post-thumbnail","hentry","category-gacetillas","category-prensa"],"yoast_head":"<!-- This site is optimized with the Yoast SEO plugin v19.10 - https:\/\/yoast.com\/wordpress\/plugins\/seo\/ -->\n<title>El HCD solicitar\u00e1 una audiencia con el Procurador General por la vacante en la Fiscal\u00eda local - Malarg\u00fce HCD<\/title>\n<meta name=\"robots\" content=\"index, follow, max-snippet:-1, max-image-preview:large, max-video-preview:-1\" \/>\n<link rel=\"canonical\" href=\"https:\/\/hcd.malargue.gov.ar\/?p=39175\" \/>\n<meta property=\"og:locale\" content=\"es_ES\" \/>\n<meta property=\"og:type\" content=\"article\" \/>\n<meta property=\"og:title\" content=\"El HCD solicitar\u00e1 una audiencia con el Procurador General por la vacante en la Fiscal\u00eda local - Malarg\u00fce HCD\" \/>\n<meta property=\"og:description\" content=\"Una vez finalizada la 15\u00b0 Sesi\u00f3n Ordinaria, y tras la aprobaci\u00f3n por unanimidad de la Resoluci\u00f3n en el punto de Asuntos Varios, el Presidente del Honorable Concejo Deliberante, Rodrigo Hidalgo, acompa\u00f1ado por los Concejales Silvina Camiolo y Mart\u00edn Palma, ofreci\u00f3 una conferencia de prensa para expresar su preocupaci\u00f3n por la situaci\u00f3n institucional que atraviesa el [&hellip;]\" \/>\n<meta property=\"og:url\" content=\"https:\/\/hcd.malargue.gov.ar\/?p=39175\" \/>\n<meta property=\"og:site_name\" content=\"Malarg\u00fce HCD\" \/>\n<meta property=\"article:published_time\" content=\"2025-07-04T13:09:07+00:00\" \/>\n<meta property=\"article:modified_time\" content=\"2025-07-04T13:10:21+00:00\" \/>\n<meta property=\"og:image\" content=\"https:\/\/hcd.malargue.gov.ar\/wp-content\/uploads\/2025\/07\/WhatsApp-Image-2025-07-03-at-12.37.54.jpeg\" \/>\n\t<meta property=\"og:image:width\" content=\"1280\" \/>\n\t<meta property=\"og:image:height\" content=\"720\" \/>\n\t<meta property=\"og:image:type\" content=\"image\/jpeg\" \/>\n<meta name=\"author\" content=\"Belen Pedernera Ferragut\" \/>\n<meta name=\"twitter:card\" content=\"summary_large_image\" \/>\n<meta name=\"twitter:label1\" content=\"Escrito por\" \/>\n\t<meta name=\"twitter:data1\" content=\"Belen Pedernera Ferragut\" \/>\n\t<meta name=\"twitter:label2\" content=\"Tiempo de lectura\" \/>\n\t<meta name=\"twitter:data2\" content=\"3 minutos\" \/>\n<script type=\"application\/ld+json\" class=\"yoast-schema-graph\">{\"@context\":\"https:\/\/schema.org\",\"@graph\":[{\"@type\":\"WebPage\",\"@id\":\"https:\/\/hcd.malargue.gov.ar\/?p=39175\",\"url\":\"https:\/\/hcd.malargue.gov.ar\/?p=39175\",\"name\":\"El HCD solicitar\u00e1 una audiencia con el Procurador General por la vacante en la Fiscal\u00eda local - Malarg\u00fce HCD\",\"isPartOf\":{\"@id\":\"https:\/\/hcd.malargue.gov.ar\/#website\"},\"datePublished\":\"2025-07-04T13:09:07+00:00\",\"dateModified\":\"2025-07-04T13:10:21+00:00\",\"author\":{\"@id\":\"https:\/\/hcd.malargue.gov.ar\/#\/schema\/person\/3fd6bbab64edd703961b795156c955d0\"},\"breadcrumb\":{\"@id\":\"https:\/\/hcd.malargue.gov.ar\/?p=39175#breadcrumb\"},\"inLanguage\":\"es-AR\",\"potentialAction\":[{\"@type\":\"ReadAction\",\"target\":[\"https:\/\/hcd.malargue.gov.ar\/?p=39175\"]}]},{\"@type\":\"BreadcrumbList\",\"@id\":\"https:\/\/hcd.malargue.gov.ar\/?p=39175#breadcrumb\",\"itemListElement\":[{\"@type\":\"ListItem\",\"position\":1,\"name\":\"Inicio\",\"item\":\"https:\/\/hcd.malargue.gov.ar\/\"},{\"@type\":\"ListItem\",\"position\":2,\"name\":\"El HCD solicitar\u00e1 una audiencia con el Procurador General por la vacante en la Fiscal\u00eda local\"}]},{\"@type\":\"WebSite\",\"@id\":\"https:\/\/hcd.malargue.gov.ar\/#website\",\"url\":\"https:\/\/hcd.malargue.gov.ar\/\",\"name\":\"Malarg\u00fce HCD\",\"description\":\"Malarg\u00fce Mendoza Argentina\",\"potentialAction\":[{\"@type\":\"SearchAction\",\"target\":{\"@type\":\"EntryPoint\",\"urlTemplate\":\"https:\/\/hcd.malargue.gov.ar\/?s={search_term_string}\"},\"query-input\":\"required name=search_term_string\"}],\"inLanguage\":\"es-AR\"},{\"@type\":\"Person\",\"@id\":\"https:\/\/hcd.malargue.gov.ar\/#\/schema\/person\/3fd6bbab64edd703961b795156c955d0\",\"name\":\"Belen Pedernera Ferragut\",\"image\":{\"@type\":\"ImageObject\",\"inLanguage\":\"es-AR\",\"@id\":\"https:\/\/hcd.malargue.gov.ar\/#\/schema\/person\/image\/\",\"url\":\"https:\/\/secure.gravatar.com\/avatar\/1054ffab3893de4bb3eb29bdd22f7e34b8537bf5d34d9dab311818154ad5b71f?s=96&d=mm&r=g\",\"contentUrl\":\"https:\/\/secure.gravatar.com\/avatar\/1054ffab3893de4bb3eb29bdd22f7e34b8537bf5d34d9dab311818154ad5b71f?s=96&d=mm&r=g\",\"caption\":\"Belen Pedernera Ferragut\"},\"url\":\"https:\/\/hcd.malargue.gov.ar\/?author=5\"}]}<\/script>\n<!-- \/ Yoast SEO plugin. -->","yoast_head_json":{"title":"El HCD solicitar\u00e1 una audiencia con el Procurador General por la vacante en la Fiscal\u00eda local - Malarg\u00fce HCD","robots":{"index":"index","follow":"follow","max-snippet":"max-snippet:-1","max-image-preview":"max-image-preview:large","max-video-preview":"max-video-preview:-1"},"canonical":"https:\/\/hcd.malargue.gov.ar\/?p=39175","og_locale":"es_ES","og_type":"article","og_title":"El HCD solicitar\u00e1 una audiencia con el Procurador General por la vacante en la Fiscal\u00eda local - Malarg\u00fce HCD","og_description":"Una vez finalizada la 15\u00b0 Sesi\u00f3n Ordinaria, y tras la aprobaci\u00f3n por unanimidad de la Resoluci\u00f3n en el punto de Asuntos Varios, el Presidente del Honorable Concejo Deliberante, Rodrigo Hidalgo, acompa\u00f1ado por los Concejales Silvina Camiolo y Mart\u00edn Palma, ofreci\u00f3 una conferencia de prensa para expresar su preocupaci\u00f3n por la situaci\u00f3n institucional que atraviesa el [&hellip;]","og_url":"https:\/\/hcd.malargue.gov.ar\/?p=39175","og_site_name":"Malarg\u00fce HCD","article_published_time":"2025-07-04T13:09:07+00:00","article_modified_time":"2025-07-04T13:10:21+00:00","og_image":[{"width":1280,"height":720,"url":"https:\/\/hcd.malargue.gov.ar\/wp-content\/uploads\/2025\/07\/WhatsApp-Image-2025-07-03-at-12.37.54.jpeg","type":"image\/jpeg"}],"author":"Belen Pedernera Ferragut","twitter_card":"summary_large_image","twitter_misc":{"Escrito por":"Belen Pedernera Ferragut","Tiempo de lectura":"3 minutos"},"schema":{"@context":"https:\/\/schema.org","@graph":[{"@type":"WebPage","@id":"https:\/\/hcd.malargue.gov.ar\/?p=39175","url":"https:\/\/hcd.malargue.gov.ar\/?p=39175","name":"El HCD solicitar\u00e1 una audiencia con el Procurador General por la vacante en la Fiscal\u00eda local - Malarg\u00fce HCD","isPartOf":{"@id":"https:\/\/hcd.malargue.gov.ar\/#website"},"datePublished":"2025-07-04T13:09:07+00:00","dateModified":"2025-07-04T13:10:21+00:00","author":{"@id":"https:\/\/hcd.malargue.gov.ar\/#\/schema\/person\/3fd6bbab64edd703961b795156c955d0"},"breadcrumb":{"@id":"https:\/\/hcd.malargue.gov.ar\/?p=39175#breadcrumb"},"inLanguage":"es-AR","potentialAction":[{"@type":"ReadAction","target":["https:\/\/hcd.malargue.gov.ar\/?p=39175"]}]},{"@type":"BreadcrumbList","@id":"https:\/\/hcd.malargue.gov.ar\/?p=39175#breadcrumb","itemListElement":[{"@type":"ListItem","position":1,"name":"Inicio","item":"https:\/\/hcd.malargue.gov.ar\/"},{"@type":"ListItem","position":2,"name":"El HCD solicitar\u00e1 una audiencia con el Procurador General por la vacante en la Fiscal\u00eda local"}]},{"@type":"WebSite","@id":"https:\/\/hcd.malargue.gov.ar\/#website","url":"https:\/\/hcd.malargue.gov.ar\/","name":"Malarg\u00fce HCD","description":"Malarg\u00fce Mendoza Argentina","potentialAction":[{"@type":"SearchAction","target":{"@type":"EntryPoint","urlTemplate":"https:\/\/hcd.malargue.gov.ar\/?s={search_term_string}"},"query-input":"required name=search_term_string"}],"inLanguage":"es-AR"},{"@type":"Person","@id":"https:\/\/hcd.malargue.gov.ar\/#\/schema\/person\/3fd6bbab64edd703961b795156c955d0","name":"Belen Pedernera Ferragut","image":{"@type":"ImageObject","inLanguage":"es-AR","@id":"https:\/\/hcd.malargue.gov.ar\/#\/schema\/person\/image\/","url":"https:\/\/secure.gravatar.com\/avatar\/1054ffab3893de4bb3eb29bdd22f7e34b8537bf5d34d9dab311818154ad5b71f?s=96&d=mm&r=g","contentUrl":"https:\/\/secure.gravatar.com\/avatar\/1054ffab3893de4bb3eb29bdd22f7e34b8537bf5d34d9dab311818154ad5b71f?s=96&d=mm&r=g","caption":"Belen Pedernera Ferragut"},"url":"https:\/\/hcd.malargue.gov.ar\/?author=5"}]}},"_links":{"self":[{"href":"https:\/\/hcd.malargue.gov.ar\/index.php?rest_route=\/wp\/v2\/posts\/39175","targetHints":{"allow":["GET"]}}],"collection":[{"href":"https:\/\/hcd.malargue.gov.ar\/index.php?rest_route=\/wp\/v2\/posts"}],"about":[{"href":"https:\/\/hcd.malargue.gov.ar\/index.php?rest_route=\/wp\/v2\/types\/post"}],"author":[{"embeddable":true,"href":"https:\/\/hcd.malargue.gov.ar\/index.php?rest_route=\/wp\/v2\/users\/5"}],"replies":[{"embeddable":true,"href":"https:\/\/hcd.malargue.gov.ar\/index.php?rest_route=%2Fwp%2Fv2%2Fcomments&post=39175"}],"version-history":[{"count":1,"href":"https:\/\/hcd.malargue.gov.ar\/index.php?rest_route=\/wp\/v2\/posts\/39175\/revisions"}],"predecessor-version":[{"id":39177,"href":"https:\/\/hcd.malargue.gov.ar\/index.php?rest_route=\/wp\/v2\/posts\/39175\/revisions\/39177"}],"wp:featuredmedia":[{"embeddable":true,"href":"https:\/\/hcd.malargue.gov.ar\/index.php?rest_route=\/wp\/v2\/media\/39176"}],"wp:attachment":[{"href":"https:\/\/hcd.malargue.gov.ar\/index.php?rest_route=%2Fwp%2Fv2%2Fmedia&parent=39175"}],"wp:term":[{"taxonomy":"category","embeddable":true,"href":"https:\/\/hcd.malargue.gov.ar\/index.php?rest_route=%2Fwp%2Fv2%2Fcategories&post=39175"},{"taxonomy":"post_tag","embeddable":true,"href":"https:\/\/hcd.malargue.gov.ar\/index.php?rest_route=%2Fwp%2Fv2%2Ftags&post=39175"}],"curies":[{"name":"wp","href":"https:\/\/api.w.org\/{rel}","templated":true}]}}