{"id":39200,"date":"2025-08-01T11:36:00","date_gmt":"2025-08-01T14:36:00","guid":{"rendered":"https:\/\/hcd.malargue.gov.ar\/?p=39200"},"modified":"2025-08-01T11:44:43","modified_gmt":"2025-08-01T14:44:43","slug":"el-hcd-llevo-a-cabo-la-17-sesion-ordinaria-aprobando-un-aresolucion","status":"publish","type":"post","link":"https:\/\/hcd.malargue.gov.ar\/?p=39200","title":{"rendered":"EL HCD LLEV\u00d3 A CABO LA 17\u00b0 SESI\u00d3N ORDINARIA APROBANDO UNA RESOLUCI\u00d3N"},"content":{"rendered":"\n<h6 class=\"wp-block-heading has-text-align-right\">SESI\u00d3N ORDINARIA \u2013&nbsp; 24 de Julio del 2025<\/h6>\n\n\n\n<h6 class=\"wp-block-heading has-text-align-right\">Presidiendo la Sesi\u00f3n:&nbsp;&nbsp;Concejal Rodrigo Hidalgo  (Bloque Partido Justicialista)<\/h6>\n\n\n\n<h6 class=\"wp-block-heading has-text-align-right\">Concejales Presentes:\u00a0 Magali Acosta, Emilce Mansilla (Bloque Partido Justicialista), Silvina Camiolo (Reconstruyendo Malarg\u00fce), Francisco Parada (Bloque Partido Encuentro)\u00a0Viviana Mosca (Bloque Frente Cambia Mendoza) Martin Palma (Bloque UCR-Independiente), Elizabeth Gonzalez (Bloque Uni\u00f3n Mendocina)<\/h6>\n\n\n<div class=\"wp-block-image\">\n<figure class=\"alignright size-full is-resized\"><img loading=\"lazy\" decoding=\"async\" width=\"717\" height=\"888\" src=\"https:\/\/hcd.malargue.gov.ar\/wp-content\/uploads\/2025\/08\/ab0f62c0-983e-4336-bea0-065901a31eeb.jpg\" alt=\"\" class=\"wp-image-39202\" style=\"width:217px;height:auto\" srcset=\"https:\/\/hcd.malargue.gov.ar\/wp-content\/uploads\/2025\/08\/ab0f62c0-983e-4336-bea0-065901a31eeb.jpg 717w, https:\/\/hcd.malargue.gov.ar\/wp-content\/uploads\/2025\/08\/ab0f62c0-983e-4336-bea0-065901a31eeb-242x300.jpg 242w\" sizes=\"auto, (max-width: 717px) 100vw, 717px\" \/><\/figure>\n<\/div>\n\n\n<p>A las 8:50 de este d\u00eda jueves\u00a0de julio del a\u00f1o en curso, los Ediles recibieron al <strong>Sr. Luciano Carlos Fuentes<\/strong> quien en el marco de la <a href=\"https:\/\/hcd.malargue.gov.ar\/?p=33279\">Resoluci\u00f3n N\u00ba 2.109\/94<\/a>, hizo uso de la <a href=\"https:\/\/www.instagram.com\/p\/DM0JRFisjry\/\">Banca del Ciudadano para exponer sobre <strong>Familias que no cuentan con vivienda propia<\/strong>,<\/a> el tema fue elevado a la Comisi\u00f3n de HPLAC con tratamiento preferencial.  <\/p>\n\n\n\n<p>Continuando con el cumplimiento del <a href=\"https:\/\/hcd.malargue.gov.ar\/?p=30408\">Orden del D\u00eda<\/a> elevaron 8 Proyectos de los Sres Concejales y 3 Proyectos provenientes del Departamento Ejecutivo a las distintas Comisiones de trabajo para su correspondiente tratamiento. Detalle:<\/p>\n\n\n\n<blockquote class=\"wp-block-quote is-layout-flow wp-block-quote-is-layout-flow\">\n<p><strong><em>La COMISI\u00d3N DE HACIENDA PRESUPUESTO LEGISLACI\u00d3N Y ASUNTOS CONSTITUCIONALES (HPLAC) recepcionar\u00e1\u00a06 proyectos:<\/em><\/strong><\/p>\n\n\n\n<ul class=\"wp-block-list\">\n<li><em>Expte. N\u00b0 4.864\/2.025-0. Proyecto de Ordenanza: Incorporar y regular las actividades comerciales que est\u00e9n fuera de alcance de las legislaciones vigentes. (BLOQUE FRENTE CAMBIA MENDOZA). Autora Concejal\u00a0 Viviana MOSCA<\/em><\/li>\n\n\n\n<li><em>Expte. N\u00b0 4.875\/2.025-0. Proyecto de Resoluci\u00f3n: \u201cSolicitar traslado de Oficina de Fondos de la Transformaci\u00f3n a una dependencia edilicia m\u00e1s adecuada y funcional\u00a0 a su naturaleza administrativa\u201d. (BLOQUE ENCUENTRO). Autor: Concejal Francisco PARADA<\/em><\/li>\n\n\n\n<li><em>Expte. N\u00b0 4.885\/2.025-0. Proyecto de Resoluci\u00f3n: \u201cSolicitar al Departamento Ejecutivo Municipal informe sobre reuniones fuera del \u00e1mbito municipal\u201d. (BLOQUE RECONSTRUYENDO MALARG\u00dcE). Autora Concejal: Silvina CAMIOLO<\/em><\/li>\n\n\n\n<li><em>Expte. N\u00b0 4.886\/2.025-0. Proyecto de Resoluci\u00f3n: \u201cSolicitar al Departamento Ejecutivo Municipal que remita a este Honorable Concejo Deliberante, el informe de Responsabilidad Fiscal correspondiente al Segundo Trimestre del a\u00f1o\u201d. (INTERBLOQUE \u00a0RECONSTRUYENDO MALARG\u00dcE, UCR.-INDEPENDIENTE, FRENTE CAMBIA MENDOZA, UNI\u00d3N MENDOCINA). Autores \u00a0Concejales : Silvina CAMIOLO, Mart\u00edn PALMA, Viviana MOSCA, Elizabeth GONZALEZ.<\/em><\/li>\n\n\n\n<li><em>Expte. N\u00b0 4.887\/2.025-0. Proyecto de Ordenanza: \u201cProtecci\u00f3n de Comodatos a familias con Certificado \u00danico de Discapacidad\u201d. (BLOQUE RECONSTRUYENDO MALARG\u00dcE). Autora Concejal: Silvina CAMIOLO<\/em><\/li>\n\n\n\n<li>Expte. N\u00b0 4.810\/2.025-0. Departamento Ejecutivo. Eleva Proyecto de Ordenanza. Ref. Solicitud de revisi\u00f3n del Proyecto \u201cTambo Caprino Carenzo\u201d, conforme plazo trienal establecido. (Gesti\u00f3n Documental)<\/li>\n<\/ul>\n\n\n\n<p><em><strong>La COMISI\u00d3N DE OBRAS P\u00daBLICAS, TURISMO Y RECURSOS NATURALES (OPTyRN) recepcionar\u00e1 5 proyectos:\u00a0<\/strong><\/em><\/p>\n\n\n\n<ul class=\"wp-block-list\">\n<li><em>Expte. N\u00b0 4.862\/2.025-0.Proyecto de Ordenanza: Regular en el Departamento de Malarg\u00fce la disposici\u00f3n de los residuos s\u00f3lidos domiciliarios. (BLOQUE FRENTE CAMBIA MENDOZA). Autora Concejal: Viviana MOSCA<\/em> (Tras el an\u00e1lisis en la Comisi\u00f3n de Obras Publicas, pasa a la Comisi\u00f3n de Hacienda).<\/li>\n\n\n\n<li><em>Expte. N\u00b0 4.882\/2.025-0. Proyecto de Ordenanza: Establecer un espacio exclusivo para el ascenso y descenso de escolares que asisten a los jardines maternales municipales del Departamento de Malarg\u00fce. (BLOQUE ENCUENTRO). Autor Concejal: Francisco PARADA.<\/em><\/li>\n\n\n\n<li><em>Expte. N\u00b0 4.884\/2.025-0. Proyecto de Resoluci\u00f3n: \u201cSolicitar al Departamento Ejecutivo Municipal que proceda a la reparaci\u00f3n integral de la ciclov\u00eda del sector Norte de la Ciudad de Malarg\u00fce\u201d. (BLOQUE RECONSTRUYENDO MALARG\u00dcE). Autora Concejal: Silvina CAMIOLO.<\/em><\/li>\n\n\n\n<li>TRATAMIENTO PREFERENCIAL- Solicitud N\u00b0 8.204\/2.025. Oficina de Despacho. Municipalidad de Malarg\u00fce. Eleva respuesta Expte. N\u00b0 3.856\/2.025. (Gesti\u00f3n Documental)<\/li>\n\n\n\n<li>Expte. N\u00b0 4.809\/2.025-0. Direcci\u00f3n de Desarrollo Econ\u00f3mico. Eleva Proyecto de Ordenanza. Ref. Expte. N\u00b0 16.598-2.008\/3-2.008. Solicitud Contrato de Explotaci\u00f3n Minera. (Gesti\u00f3n Documental). (Tras el an\u00e1lisis en la Comisi\u00f3n de Obras Publicas, pasa a la Comisi\u00f3n de Hacienda).<\/li>\n<\/ul>\n<\/blockquote>\n\n\n\n<p>En el punto<em><strong> i)Asuntos Varios , <\/strong><\/em>la Concejal\u00a0Camiolo mocion\u00f3 por la desafectaci\u00f3n del tema tratado en la <a href=\"https:\/\/www.instagram.com\/p\/DLps8fhsGba\/\">Banca del Cuidadano del pasado 3 de junio<\/a>  , del cual se aprob\u00f3 una <strong>Resoluci\u00f3n<\/strong> mediante la ncual se solicita a la Municipacipalidad de Malarg\u00fce la remisi\u00f3n del Expte completo de habilitacion municipal del establecimiento de salud (Clinica Sur) involucrado en el caso de la menor Emma Jaque.<\/p>\n\n\n\n<p>Sin m\u00e1s que tratar, el Presidente del Cuerpo Deliberativo dio por finalizada la Sesi\u00f3n.<\/p>\n\n\n\n<p class=\"has-text-align-center\">\ud83c\udfa5 <strong>VER LA SESI\u00d3N EN VIVO<\/strong>: <a href=\"https:\/\/www.youtube.com\/live\/rQUAonuMLx8\">https:\/\/www.youtube.com\/live\/rQUAonuMLx8<\/a><\/p>\n\n\n\n<p class=\"has-text-align-center\"><a href=\"https:\/\/www.facebook.com\/photo\/?fbid=1068461482126406&amp;set=pcb.1068462525459635\">\ud83d\udcf8 <strong>GALERIA DE FOTOS<\/strong><\/a><\/p>\n","protected":false},"excerpt":{"rendered":"<p>SESI\u00d3N ORDINARIA \u2013&nbsp; 24 de Julio del 2025 Presidiendo la Sesi\u00f3n:&nbsp;&nbsp;Concejal Rodrigo Hidalgo (Bloque Partido Justicialista) Concejales Presentes:\u00a0 Magali Acosta, Emilce Mansilla (Bloque Partido Justicialista), Silvina Camiolo (Reconstruyendo Malarg\u00fce), Francisco Parada (Bloque Partido Encuentro)\u00a0Viviana Mosca (Bloque Frente Cambia Mendoza) Martin Palma (Bloque UCR-Independiente), Elizabeth Gonzalez (Bloque Uni\u00f3n Mendocina) A las 8:50 de este d\u00eda jueves\u00a0de [&hellip;]<\/p>\n","protected":false},"author":5,"featured_media":39201,"comment_status":"closed","ping_status":"closed","sticky":false,"template":"","format":"standard","meta":{"footnotes":""},"categories":[83,52,58,33,36],"tags":[],"class_list":["post-39200","post","type-post","status-publish","format-standard","has-post-thumbnail","hentry","category-banca-del-ciudadano","category-gacetillas","category-ordinarias","category-prensa","category-sesiones"],"yoast_head":"<!-- This site is optimized with the Yoast SEO plugin v19.10 - https:\/\/yoast.com\/wordpress\/plugins\/seo\/ -->\n<title>EL HCD LLEV\u00d3 A CABO LA 17\u00b0 SESI\u00d3N ORDINARIA APROBANDO UNA RESOLUCI\u00d3N - Malarg\u00fce HCD<\/title>\n<meta name=\"robots\" content=\"index, follow, max-snippet:-1, max-image-preview:large, max-video-preview:-1\" \/>\n<link rel=\"canonical\" href=\"https:\/\/hcd.malargue.gov.ar\/?p=39200\" \/>\n<meta property=\"og:locale\" content=\"es_ES\" \/>\n<meta property=\"og:type\" content=\"article\" \/>\n<meta property=\"og:title\" content=\"EL HCD LLEV\u00d3 A CABO LA 17\u00b0 SESI\u00d3N ORDINARIA APROBANDO UNA RESOLUCI\u00d3N - Malarg\u00fce HCD\" \/>\n<meta property=\"og:description\" content=\"SESI\u00d3N ORDINARIA \u2013&nbsp; 24 de Julio del 2025 Presidiendo la Sesi\u00f3n:&nbsp;&nbsp;Concejal Rodrigo Hidalgo (Bloque Partido Justicialista) Concejales Presentes:\u00a0 Magali Acosta, Emilce Mansilla (Bloque Partido Justicialista), Silvina Camiolo (Reconstruyendo Malarg\u00fce), Francisco Parada (Bloque Partido Encuentro)\u00a0Viviana Mosca (Bloque Frente Cambia Mendoza) Martin Palma (Bloque UCR-Independiente), Elizabeth Gonzalez (Bloque Uni\u00f3n Mendocina) A las 8:50 de este d\u00eda jueves\u00a0de [&hellip;]\" \/>\n<meta property=\"og:url\" content=\"https:\/\/hcd.malargue.gov.ar\/?p=39200\" \/>\n<meta property=\"og:site_name\" content=\"Malarg\u00fce HCD\" \/>\n<meta property=\"article:published_time\" content=\"2025-08-01T14:36:00+00:00\" \/>\n<meta property=\"article:modified_time\" content=\"2025-08-01T14:44:43+00:00\" \/>\n<meta property=\"og:image\" content=\"https:\/\/hcd.malargue.gov.ar\/wp-content\/uploads\/2025\/08\/527680554_1068462912126263_4119609206603519003_n.jpg\" \/>\n\t<meta property=\"og:image:width\" content=\"2048\" \/>\n\t<meta property=\"og:image:height\" content=\"1153\" \/>\n\t<meta property=\"og:image:type\" content=\"image\/jpeg\" \/>\n<meta name=\"author\" content=\"Belen Pedernera Ferragut\" \/>\n<meta name=\"twitter:card\" content=\"summary_large_image\" \/>\n<meta name=\"twitter:label1\" content=\"Escrito por\" \/>\n\t<meta name=\"twitter:data1\" content=\"Belen Pedernera Ferragut\" \/>\n\t<meta name=\"twitter:label2\" content=\"Tiempo de lectura\" \/>\n\t<meta name=\"twitter:data2\" content=\"3 minutos\" \/>\n<script type=\"application\/ld+json\" class=\"yoast-schema-graph\">{\"@context\":\"https:\/\/schema.org\",\"@graph\":[{\"@type\":\"WebPage\",\"@id\":\"https:\/\/hcd.malargue.gov.ar\/?p=39200\",\"url\":\"https:\/\/hcd.malargue.gov.ar\/?p=39200\",\"name\":\"EL HCD LLEV\u00d3 A CABO LA 17\u00b0 SESI\u00d3N ORDINARIA APROBANDO UNA RESOLUCI\u00d3N - Malarg\u00fce HCD\",\"isPartOf\":{\"@id\":\"https:\/\/hcd.malargue.gov.ar\/#website\"},\"datePublished\":\"2025-08-01T14:36:00+00:00\",\"dateModified\":\"2025-08-01T14:44:43+00:00\",\"author\":{\"@id\":\"https:\/\/hcd.malargue.gov.ar\/#\/schema\/person\/3fd6bbab64edd703961b795156c955d0\"},\"breadcrumb\":{\"@id\":\"https:\/\/hcd.malargue.gov.ar\/?p=39200#breadcrumb\"},\"inLanguage\":\"es-AR\",\"potentialAction\":[{\"@type\":\"ReadAction\",\"target\":[\"https:\/\/hcd.malargue.gov.ar\/?p=39200\"]}]},{\"@type\":\"BreadcrumbList\",\"@id\":\"https:\/\/hcd.malargue.gov.ar\/?p=39200#breadcrumb\",\"itemListElement\":[{\"@type\":\"ListItem\",\"position\":1,\"name\":\"Inicio\",\"item\":\"https:\/\/hcd.malargue.gov.ar\/\"},{\"@type\":\"ListItem\",\"position\":2,\"name\":\"EL HCD LLEV\u00d3 A CABO LA 17\u00b0 SESI\u00d3N ORDINARIA APROBANDO UNA RESOLUCI\u00d3N\"}]},{\"@type\":\"WebSite\",\"@id\":\"https:\/\/hcd.malargue.gov.ar\/#website\",\"url\":\"https:\/\/hcd.malargue.gov.ar\/\",\"name\":\"Malarg\u00fce HCD\",\"description\":\"Malarg\u00fce Mendoza Argentina\",\"potentialAction\":[{\"@type\":\"SearchAction\",\"target\":{\"@type\":\"EntryPoint\",\"urlTemplate\":\"https:\/\/hcd.malargue.gov.ar\/?s={search_term_string}\"},\"query-input\":\"required name=search_term_string\"}],\"inLanguage\":\"es-AR\"},{\"@type\":\"Person\",\"@id\":\"https:\/\/hcd.malargue.gov.ar\/#\/schema\/person\/3fd6bbab64edd703961b795156c955d0\",\"name\":\"Belen Pedernera Ferragut\",\"image\":{\"@type\":\"ImageObject\",\"inLanguage\":\"es-AR\",\"@id\":\"https:\/\/hcd.malargue.gov.ar\/#\/schema\/person\/image\/\",\"url\":\"https:\/\/secure.gravatar.com\/avatar\/1054ffab3893de4bb3eb29bdd22f7e34b8537bf5d34d9dab311818154ad5b71f?s=96&d=mm&r=g\",\"contentUrl\":\"https:\/\/secure.gravatar.com\/avatar\/1054ffab3893de4bb3eb29bdd22f7e34b8537bf5d34d9dab311818154ad5b71f?s=96&d=mm&r=g\",\"caption\":\"Belen Pedernera Ferragut\"},\"url\":\"https:\/\/hcd.malargue.gov.ar\/?author=5\"}]}<\/script>\n<!-- \/ Yoast SEO plugin. -->","yoast_head_json":{"title":"EL HCD LLEV\u00d3 A CABO LA 17\u00b0 SESI\u00d3N ORDINARIA APROBANDO UNA RESOLUCI\u00d3N - Malarg\u00fce HCD","robots":{"index":"index","follow":"follow","max-snippet":"max-snippet:-1","max-image-preview":"max-image-preview:large","max-video-preview":"max-video-preview:-1"},"canonical":"https:\/\/hcd.malargue.gov.ar\/?p=39200","og_locale":"es_ES","og_type":"article","og_title":"EL HCD LLEV\u00d3 A CABO LA 17\u00b0 SESI\u00d3N ORDINARIA APROBANDO UNA RESOLUCI\u00d3N - Malarg\u00fce HCD","og_description":"SESI\u00d3N ORDINARIA \u2013&nbsp; 24 de Julio del 2025 Presidiendo la Sesi\u00f3n:&nbsp;&nbsp;Concejal Rodrigo Hidalgo (Bloque Partido Justicialista) Concejales Presentes:\u00a0 Magali Acosta, Emilce Mansilla (Bloque Partido Justicialista), Silvina Camiolo (Reconstruyendo Malarg\u00fce), Francisco Parada (Bloque Partido Encuentro)\u00a0Viviana Mosca (Bloque Frente Cambia Mendoza) Martin Palma (Bloque UCR-Independiente), Elizabeth Gonzalez (Bloque Uni\u00f3n Mendocina) A las 8:50 de este d\u00eda jueves\u00a0de [&hellip;]","og_url":"https:\/\/hcd.malargue.gov.ar\/?p=39200","og_site_name":"Malarg\u00fce HCD","article_published_time":"2025-08-01T14:36:00+00:00","article_modified_time":"2025-08-01T14:44:43+00:00","og_image":[{"width":2048,"height":1153,"url":"https:\/\/hcd.malargue.gov.ar\/wp-content\/uploads\/2025\/08\/527680554_1068462912126263_4119609206603519003_n.jpg","type":"image\/jpeg"}],"author":"Belen Pedernera Ferragut","twitter_card":"summary_large_image","twitter_misc":{"Escrito por":"Belen Pedernera Ferragut","Tiempo de lectura":"3 minutos"},"schema":{"@context":"https:\/\/schema.org","@graph":[{"@type":"WebPage","@id":"https:\/\/hcd.malargue.gov.ar\/?p=39200","url":"https:\/\/hcd.malargue.gov.ar\/?p=39200","name":"EL HCD LLEV\u00d3 A CABO LA 17\u00b0 SESI\u00d3N ORDINARIA APROBANDO UNA RESOLUCI\u00d3N - Malarg\u00fce HCD","isPartOf":{"@id":"https:\/\/hcd.malargue.gov.ar\/#website"},"datePublished":"2025-08-01T14:36:00+00:00","dateModified":"2025-08-01T14:44:43+00:00","author":{"@id":"https:\/\/hcd.malargue.gov.ar\/#\/schema\/person\/3fd6bbab64edd703961b795156c955d0"},"breadcrumb":{"@id":"https:\/\/hcd.malargue.gov.ar\/?p=39200#breadcrumb"},"inLanguage":"es-AR","potentialAction":[{"@type":"ReadAction","target":["https:\/\/hcd.malargue.gov.ar\/?p=39200"]}]},{"@type":"BreadcrumbList","@id":"https:\/\/hcd.malargue.gov.ar\/?p=39200#breadcrumb","itemListElement":[{"@type":"ListItem","position":1,"name":"Inicio","item":"https:\/\/hcd.malargue.gov.ar\/"},{"@type":"ListItem","position":2,"name":"EL HCD LLEV\u00d3 A CABO LA 17\u00b0 SESI\u00d3N ORDINARIA APROBANDO UNA RESOLUCI\u00d3N"}]},{"@type":"WebSite","@id":"https:\/\/hcd.malargue.gov.ar\/#website","url":"https:\/\/hcd.malargue.gov.ar\/","name":"Malarg\u00fce HCD","description":"Malarg\u00fce Mendoza Argentina","potentialAction":[{"@type":"SearchAction","target":{"@type":"EntryPoint","urlTemplate":"https:\/\/hcd.malargue.gov.ar\/?s={search_term_string}"},"query-input":"required name=search_term_string"}],"inLanguage":"es-AR"},{"@type":"Person","@id":"https:\/\/hcd.malargue.gov.ar\/#\/schema\/person\/3fd6bbab64edd703961b795156c955d0","name":"Belen Pedernera Ferragut","image":{"@type":"ImageObject","inLanguage":"es-AR","@id":"https:\/\/hcd.malargue.gov.ar\/#\/schema\/person\/image\/","url":"https:\/\/secure.gravatar.com\/avatar\/1054ffab3893de4bb3eb29bdd22f7e34b8537bf5d34d9dab311818154ad5b71f?s=96&d=mm&r=g","contentUrl":"https:\/\/secure.gravatar.com\/avatar\/1054ffab3893de4bb3eb29bdd22f7e34b8537bf5d34d9dab311818154ad5b71f?s=96&d=mm&r=g","caption":"Belen Pedernera Ferragut"},"url":"https:\/\/hcd.malargue.gov.ar\/?author=5"}]}},"_links":{"self":[{"href":"https:\/\/hcd.malargue.gov.ar\/index.php?rest_route=\/wp\/v2\/posts\/39200","targetHints":{"allow":["GET"]}}],"collection":[{"href":"https:\/\/hcd.malargue.gov.ar\/index.php?rest_route=\/wp\/v2\/posts"}],"about":[{"href":"https:\/\/hcd.malargue.gov.ar\/index.php?rest_route=\/wp\/v2\/types\/post"}],"author":[{"embeddable":true,"href":"https:\/\/hcd.malargue.gov.ar\/index.php?rest_route=\/wp\/v2\/users\/5"}],"replies":[{"embeddable":true,"href":"https:\/\/hcd.malargue.gov.ar\/index.php?rest_route=%2Fwp%2Fv2%2Fcomments&post=39200"}],"version-history":[{"count":3,"href":"https:\/\/hcd.malargue.gov.ar\/index.php?rest_route=\/wp\/v2\/posts\/39200\/revisions"}],"predecessor-version":[{"id":39205,"href":"https:\/\/hcd.malargue.gov.ar\/index.php?rest_route=\/wp\/v2\/posts\/39200\/revisions\/39205"}],"wp:featuredmedia":[{"embeddable":true,"href":"https:\/\/hcd.malargue.gov.ar\/index.php?rest_route=\/wp\/v2\/media\/39201"}],"wp:attachment":[{"href":"https:\/\/hcd.malargue.gov.ar\/index.php?rest_route=%2Fwp%2Fv2%2Fmedia&parent=39200"}],"wp:term":[{"taxonomy":"category","embeddable":true,"href":"https:\/\/hcd.malargue.gov.ar\/index.php?rest_route=%2Fwp%2Fv2%2Fcategories&post=39200"},{"taxonomy":"post_tag","embeddable":true,"href":"https:\/\/hcd.malargue.gov.ar\/index.php?rest_route=%2Fwp%2Fv2%2Ftags&post=39200"}],"curies":[{"name":"wp","href":"https:\/\/api.w.org\/{rel}","templated":true}]}}