{"id":39206,"date":"2025-08-01T12:32:38","date_gmt":"2025-08-01T15:32:38","guid":{"rendered":"https:\/\/hcd.malargue.gov.ar\/?p=39206"},"modified":"2025-08-01T12:40:39","modified_gmt":"2025-08-01T15:40:39","slug":"finalizo-la-sesion-extraordinaria-sobre-modificacion-de-la-ordenanza-n1715-2014","status":"publish","type":"post","link":"https:\/\/hcd.malargue.gov.ar\/?p=39206","title":{"rendered":"FINALIZ\u00d3 LA SESI\u00d3N EXTRAORDINARIA SOBRE MODIFICACI\u00d3N DE LA ORDENANZA N\u00b01715\/2014"},"content":{"rendered":"\n<h5 class=\"wp-block-heading has-text-align-right\">SESI\u00d3N EXTRAODINARIA\u2013&nbsp; 17 de ENERO del 2023<\/h5>\n\n\n\n<h5 class=\"wp-block-heading has-text-align-right\">Presidiendo la Sesi\u00f3n:&nbsp;&nbsp;Concejal Rodrigo Hidalgo (Bloque Partido Justicialista)<\/h5>\n\n\n\n<h5 class=\"wp-block-heading has-text-align-right\">Concejales Presentes: Viviana Mosca (Bloque Frente Cambia Mendoza), Emilce Mansilla, Magali Acosta (Bloque Partido Justicialista), Silvina Camiolo (Reconstruyendo Malarg\u00fce), Francisco Parada (Encuentro), Mart\u00edn Palma (Bloque UCR-Independiente)<\/h5>\n\n\n\n<p>El Honorable Concejo Deliberante de Malarg\u00fce finaliz\u00f3 este viernes 1 de agosto la Sesi\u00f3n Extraordinaria sobre el <a href=\"https:\/\/hcd.malargue.gov.ar\/?p=32856\"><strong>Expte\u00a0 N\u00ba\u00a0 6.135\/2.022-0 Departamento Ejecutivo Municipal Proyecto de Ordenanza Modificar Ordenanza N\u00ba1.715\/2014<\/strong> <\/a>que pretendia la <strong>modificaci\u00f3n del art N\u00b09 de dicha Ordenanza<\/strong> y habia tomado estado parlamentario el pasado enero del a\u00f1o 2023. Luego de un analisis exhautivo del mismo en Comisi\u00f3n y dictamen del Asesor Legal del Municipio los Ediles aprobaron el paso a <strong>archivo<\/strong>.-<\/p>\n\n\n<div class=\"wp-block-image\">\n<figure class=\"aligncenter size-large\"><img loading=\"lazy\" decoding=\"async\" width=\"1024\" height=\"576\" src=\"https:\/\/hcd.malargue.gov.ar\/wp-content\/uploads\/2025\/08\/WhatsApp-Image-2025-08-01-at-11.38.17-1024x576.jpeg\" alt=\"\" class=\"wp-image-39208\" srcset=\"https:\/\/hcd.malargue.gov.ar\/wp-content\/uploads\/2025\/08\/WhatsApp-Image-2025-08-01-at-11.38.17-1024x576.jpeg 1024w, https:\/\/hcd.malargue.gov.ar\/wp-content\/uploads\/2025\/08\/WhatsApp-Image-2025-08-01-at-11.38.17-300x169.jpeg 300w, https:\/\/hcd.malargue.gov.ar\/wp-content\/uploads\/2025\/08\/WhatsApp-Image-2025-08-01-at-11.38.17-768x432.jpeg 768w, https:\/\/hcd.malargue.gov.ar\/wp-content\/uploads\/2025\/08\/WhatsApp-Image-2025-08-01-at-11.38.17.jpeg 1280w\" sizes=\"auto, (max-width: 1024px) 100vw, 1024px\" \/><\/figure>\n<\/div>\n\n\n<p class=\"has-text-align-center\"><strong>VER LA SESI\u00d3N EN VIVO<\/strong>: <a href=\"https:\/\/www.youtube.com\/live\/-wwOjNSDNH0\">https:\/\/www.youtube.com\/live\/-wwOjNSDNH0<\/a><\/p>\n\n\n\n<p><\/p>\n","protected":false},"excerpt":{"rendered":"<p>SESI\u00d3N EXTRAODINARIA\u2013&nbsp; 17 de ENERO del 2023 Presidiendo la Sesi\u00f3n:&nbsp;&nbsp;Concejal Rodrigo Hidalgo (Bloque Partido Justicialista) Concejales Presentes: Viviana Mosca (Bloque Frente Cambia Mendoza), Emilce Mansilla, Magali Acosta (Bloque Partido Justicialista), Silvina Camiolo (Reconstruyendo Malarg\u00fce), Francisco Parada (Encuentro), Mart\u00edn Palma (Bloque UCR-Independiente) El Honorable Concejo Deliberante de Malarg\u00fce finaliz\u00f3 este viernes 1 de agosto la Sesi\u00f3n [&hellip;]<\/p>\n","protected":false},"author":5,"featured_media":39207,"comment_status":"closed","ping_status":"closed","sticky":false,"template":"","format":"standard","meta":{"footnotes":""},"categories":[57,52,33,36],"tags":[],"class_list":["post-39206","post","type-post","status-publish","format-standard","has-post-thumbnail","hentry","category-extraordinarias","category-gacetillas","category-prensa","category-sesiones"],"yoast_head":"<!-- This site is optimized with the Yoast SEO plugin v19.10 - https:\/\/yoast.com\/wordpress\/plugins\/seo\/ -->\n<title>FINALIZ\u00d3 LA SESI\u00d3N EXTRAORDINARIA SOBRE MODIFICACI\u00d3N DE LA ORDENANZA N\u00b01715\/2014 - Malarg\u00fce HCD<\/title>\n<meta name=\"robots\" content=\"index, follow, max-snippet:-1, max-image-preview:large, max-video-preview:-1\" \/>\n<link rel=\"canonical\" href=\"https:\/\/hcd.malargue.gov.ar\/?p=39206\" \/>\n<meta property=\"og:locale\" content=\"es_ES\" \/>\n<meta property=\"og:type\" content=\"article\" \/>\n<meta property=\"og:title\" content=\"FINALIZ\u00d3 LA SESI\u00d3N EXTRAORDINARIA SOBRE MODIFICACI\u00d3N DE LA ORDENANZA N\u00b01715\/2014 - Malarg\u00fce HCD\" \/>\n<meta property=\"og:description\" content=\"SESI\u00d3N EXTRAODINARIA\u2013&nbsp; 17 de ENERO del 2023 Presidiendo la Sesi\u00f3n:&nbsp;&nbsp;Concejal Rodrigo Hidalgo (Bloque Partido Justicialista) Concejales Presentes: Viviana Mosca (Bloque Frente Cambia Mendoza), Emilce Mansilla, Magali Acosta (Bloque Partido Justicialista), Silvina Camiolo (Reconstruyendo Malarg\u00fce), Francisco Parada (Encuentro), Mart\u00edn Palma (Bloque UCR-Independiente) El Honorable Concejo Deliberante de Malarg\u00fce finaliz\u00f3 este viernes 1 de agosto la Sesi\u00f3n [&hellip;]\" \/>\n<meta property=\"og:url\" content=\"https:\/\/hcd.malargue.gov.ar\/?p=39206\" \/>\n<meta property=\"og:site_name\" content=\"Malarg\u00fce HCD\" \/>\n<meta property=\"article:published_time\" content=\"2025-08-01T15:32:38+00:00\" \/>\n<meta property=\"article:modified_time\" content=\"2025-08-01T15:40:39+00:00\" \/>\n<meta property=\"og:image\" content=\"https:\/\/hcd.malargue.gov.ar\/wp-content\/uploads\/2025\/08\/WhatsApp-Image-2025-08-01-at-12.03.57.jpeg\" \/>\n\t<meta property=\"og:image:width\" content=\"1280\" \/>\n\t<meta property=\"og:image:height\" content=\"720\" \/>\n\t<meta property=\"og:image:type\" content=\"image\/jpeg\" \/>\n<meta name=\"author\" content=\"Belen Pedernera Ferragut\" \/>\n<meta name=\"twitter:card\" content=\"summary_large_image\" \/>\n<meta name=\"twitter:label1\" content=\"Escrito por\" \/>\n\t<meta name=\"twitter:data1\" content=\"Belen Pedernera Ferragut\" \/>\n\t<meta name=\"twitter:label2\" content=\"Tiempo de lectura\" \/>\n\t<meta name=\"twitter:data2\" content=\"1 minuto\" \/>\n<script type=\"application\/ld+json\" class=\"yoast-schema-graph\">{\"@context\":\"https:\/\/schema.org\",\"@graph\":[{\"@type\":\"WebPage\",\"@id\":\"https:\/\/hcd.malargue.gov.ar\/?p=39206\",\"url\":\"https:\/\/hcd.malargue.gov.ar\/?p=39206\",\"name\":\"FINALIZ\u00d3 LA SESI\u00d3N EXTRAORDINARIA SOBRE MODIFICACI\u00d3N DE LA ORDENANZA N\u00b01715\/2014 - Malarg\u00fce HCD\",\"isPartOf\":{\"@id\":\"https:\/\/hcd.malargue.gov.ar\/#website\"},\"datePublished\":\"2025-08-01T15:32:38+00:00\",\"dateModified\":\"2025-08-01T15:40:39+00:00\",\"author\":{\"@id\":\"https:\/\/hcd.malargue.gov.ar\/#\/schema\/person\/3fd6bbab64edd703961b795156c955d0\"},\"breadcrumb\":{\"@id\":\"https:\/\/hcd.malargue.gov.ar\/?p=39206#breadcrumb\"},\"inLanguage\":\"es-AR\",\"potentialAction\":[{\"@type\":\"ReadAction\",\"target\":[\"https:\/\/hcd.malargue.gov.ar\/?p=39206\"]}]},{\"@type\":\"BreadcrumbList\",\"@id\":\"https:\/\/hcd.malargue.gov.ar\/?p=39206#breadcrumb\",\"itemListElement\":[{\"@type\":\"ListItem\",\"position\":1,\"name\":\"Inicio\",\"item\":\"https:\/\/hcd.malargue.gov.ar\/\"},{\"@type\":\"ListItem\",\"position\":2,\"name\":\"FINALIZ\u00d3 LA SESI\u00d3N EXTRAORDINARIA SOBRE MODIFICACI\u00d3N DE LA ORDENANZA N\u00b01715\/2014\"}]},{\"@type\":\"WebSite\",\"@id\":\"https:\/\/hcd.malargue.gov.ar\/#website\",\"url\":\"https:\/\/hcd.malargue.gov.ar\/\",\"name\":\"Malarg\u00fce HCD\",\"description\":\"Malarg\u00fce Mendoza Argentina\",\"potentialAction\":[{\"@type\":\"SearchAction\",\"target\":{\"@type\":\"EntryPoint\",\"urlTemplate\":\"https:\/\/hcd.malargue.gov.ar\/?s={search_term_string}\"},\"query-input\":\"required name=search_term_string\"}],\"inLanguage\":\"es-AR\"},{\"@type\":\"Person\",\"@id\":\"https:\/\/hcd.malargue.gov.ar\/#\/schema\/person\/3fd6bbab64edd703961b795156c955d0\",\"name\":\"Belen Pedernera Ferragut\",\"image\":{\"@type\":\"ImageObject\",\"inLanguage\":\"es-AR\",\"@id\":\"https:\/\/hcd.malargue.gov.ar\/#\/schema\/person\/image\/\",\"url\":\"https:\/\/secure.gravatar.com\/avatar\/1054ffab3893de4bb3eb29bdd22f7e34b8537bf5d34d9dab311818154ad5b71f?s=96&d=mm&r=g\",\"contentUrl\":\"https:\/\/secure.gravatar.com\/avatar\/1054ffab3893de4bb3eb29bdd22f7e34b8537bf5d34d9dab311818154ad5b71f?s=96&d=mm&r=g\",\"caption\":\"Belen Pedernera Ferragut\"},\"url\":\"https:\/\/hcd.malargue.gov.ar\/?author=5\"}]}<\/script>\n<!-- \/ Yoast SEO plugin. -->","yoast_head_json":{"title":"FINALIZ\u00d3 LA SESI\u00d3N EXTRAORDINARIA SOBRE MODIFICACI\u00d3N DE LA ORDENANZA N\u00b01715\/2014 - Malarg\u00fce HCD","robots":{"index":"index","follow":"follow","max-snippet":"max-snippet:-1","max-image-preview":"max-image-preview:large","max-video-preview":"max-video-preview:-1"},"canonical":"https:\/\/hcd.malargue.gov.ar\/?p=39206","og_locale":"es_ES","og_type":"article","og_title":"FINALIZ\u00d3 LA SESI\u00d3N EXTRAORDINARIA SOBRE MODIFICACI\u00d3N DE LA ORDENANZA N\u00b01715\/2014 - Malarg\u00fce HCD","og_description":"SESI\u00d3N EXTRAODINARIA\u2013&nbsp; 17 de ENERO del 2023 Presidiendo la Sesi\u00f3n:&nbsp;&nbsp;Concejal Rodrigo Hidalgo (Bloque Partido Justicialista) Concejales Presentes: Viviana Mosca (Bloque Frente Cambia Mendoza), Emilce Mansilla, Magali Acosta (Bloque Partido Justicialista), Silvina Camiolo (Reconstruyendo Malarg\u00fce), Francisco Parada (Encuentro), Mart\u00edn Palma (Bloque UCR-Independiente) El Honorable Concejo Deliberante de Malarg\u00fce finaliz\u00f3 este viernes 1 de agosto la Sesi\u00f3n [&hellip;]","og_url":"https:\/\/hcd.malargue.gov.ar\/?p=39206","og_site_name":"Malarg\u00fce HCD","article_published_time":"2025-08-01T15:32:38+00:00","article_modified_time":"2025-08-01T15:40:39+00:00","og_image":[{"width":1280,"height":720,"url":"https:\/\/hcd.malargue.gov.ar\/wp-content\/uploads\/2025\/08\/WhatsApp-Image-2025-08-01-at-12.03.57.jpeg","type":"image\/jpeg"}],"author":"Belen Pedernera Ferragut","twitter_card":"summary_large_image","twitter_misc":{"Escrito por":"Belen Pedernera Ferragut","Tiempo de lectura":"1 minuto"},"schema":{"@context":"https:\/\/schema.org","@graph":[{"@type":"WebPage","@id":"https:\/\/hcd.malargue.gov.ar\/?p=39206","url":"https:\/\/hcd.malargue.gov.ar\/?p=39206","name":"FINALIZ\u00d3 LA SESI\u00d3N EXTRAORDINARIA SOBRE MODIFICACI\u00d3N DE LA ORDENANZA N\u00b01715\/2014 - Malarg\u00fce HCD","isPartOf":{"@id":"https:\/\/hcd.malargue.gov.ar\/#website"},"datePublished":"2025-08-01T15:32:38+00:00","dateModified":"2025-08-01T15:40:39+00:00","author":{"@id":"https:\/\/hcd.malargue.gov.ar\/#\/schema\/person\/3fd6bbab64edd703961b795156c955d0"},"breadcrumb":{"@id":"https:\/\/hcd.malargue.gov.ar\/?p=39206#breadcrumb"},"inLanguage":"es-AR","potentialAction":[{"@type":"ReadAction","target":["https:\/\/hcd.malargue.gov.ar\/?p=39206"]}]},{"@type":"BreadcrumbList","@id":"https:\/\/hcd.malargue.gov.ar\/?p=39206#breadcrumb","itemListElement":[{"@type":"ListItem","position":1,"name":"Inicio","item":"https:\/\/hcd.malargue.gov.ar\/"},{"@type":"ListItem","position":2,"name":"FINALIZ\u00d3 LA SESI\u00d3N EXTRAORDINARIA SOBRE MODIFICACI\u00d3N DE LA ORDENANZA N\u00b01715\/2014"}]},{"@type":"WebSite","@id":"https:\/\/hcd.malargue.gov.ar\/#website","url":"https:\/\/hcd.malargue.gov.ar\/","name":"Malarg\u00fce HCD","description":"Malarg\u00fce Mendoza Argentina","potentialAction":[{"@type":"SearchAction","target":{"@type":"EntryPoint","urlTemplate":"https:\/\/hcd.malargue.gov.ar\/?s={search_term_string}"},"query-input":"required name=search_term_string"}],"inLanguage":"es-AR"},{"@type":"Person","@id":"https:\/\/hcd.malargue.gov.ar\/#\/schema\/person\/3fd6bbab64edd703961b795156c955d0","name":"Belen Pedernera Ferragut","image":{"@type":"ImageObject","inLanguage":"es-AR","@id":"https:\/\/hcd.malargue.gov.ar\/#\/schema\/person\/image\/","url":"https:\/\/secure.gravatar.com\/avatar\/1054ffab3893de4bb3eb29bdd22f7e34b8537bf5d34d9dab311818154ad5b71f?s=96&d=mm&r=g","contentUrl":"https:\/\/secure.gravatar.com\/avatar\/1054ffab3893de4bb3eb29bdd22f7e34b8537bf5d34d9dab311818154ad5b71f?s=96&d=mm&r=g","caption":"Belen Pedernera Ferragut"},"url":"https:\/\/hcd.malargue.gov.ar\/?author=5"}]}},"_links":{"self":[{"href":"https:\/\/hcd.malargue.gov.ar\/index.php?rest_route=\/wp\/v2\/posts\/39206","targetHints":{"allow":["GET"]}}],"collection":[{"href":"https:\/\/hcd.malargue.gov.ar\/index.php?rest_route=\/wp\/v2\/posts"}],"about":[{"href":"https:\/\/hcd.malargue.gov.ar\/index.php?rest_route=\/wp\/v2\/types\/post"}],"author":[{"embeddable":true,"href":"https:\/\/hcd.malargue.gov.ar\/index.php?rest_route=\/wp\/v2\/users\/5"}],"replies":[{"embeddable":true,"href":"https:\/\/hcd.malargue.gov.ar\/index.php?rest_route=%2Fwp%2Fv2%2Fcomments&post=39206"}],"version-history":[{"count":3,"href":"https:\/\/hcd.malargue.gov.ar\/index.php?rest_route=\/wp\/v2\/posts\/39206\/revisions"}],"predecessor-version":[{"id":39211,"href":"https:\/\/hcd.malargue.gov.ar\/index.php?rest_route=\/wp\/v2\/posts\/39206\/revisions\/39211"}],"wp:featuredmedia":[{"embeddable":true,"href":"https:\/\/hcd.malargue.gov.ar\/index.php?rest_route=\/wp\/v2\/media\/39207"}],"wp:attachment":[{"href":"https:\/\/hcd.malargue.gov.ar\/index.php?rest_route=%2Fwp%2Fv2%2Fmedia&parent=39206"}],"wp:term":[{"taxonomy":"category","embeddable":true,"href":"https:\/\/hcd.malargue.gov.ar\/index.php?rest_route=%2Fwp%2Fv2%2Fcategories&post=39206"},{"taxonomy":"post_tag","embeddable":true,"href":"https:\/\/hcd.malargue.gov.ar\/index.php?rest_route=%2Fwp%2Fv2%2Ftags&post=39206"}],"curies":[{"name":"wp","href":"https:\/\/api.w.org\/{rel}","templated":true}]}}