{"id":39217,"date":"2025-08-04T12:10:29","date_gmt":"2025-08-04T15:10:29","guid":{"rendered":"https:\/\/hcd.malargue.gov.ar\/?p=39217"},"modified":"2025-08-04T12:49:00","modified_gmt":"2025-08-04T15:49:00","slug":"mendoza-volvio-a-poner-en-debate-la-autonomia-municipal-ediles-de-malargue-fueron-parte","status":"publish","type":"post","link":"https:\/\/hcd.malargue.gov.ar\/?p=39217","title":{"rendered":"MENDOZA VOLVIO A PONER EN DEBATE LA AUTONOMIA MUNICIPAL: EDILES DE MALARG\u00dcE PARTICIPARON"},"content":{"rendered":"\n<p><\/p>\n\n\n\n<p><strong>En una jornada plural realizada en Maip\u00fa, representantes institucionales, intendentes, Concejales, especialistas y referentes sociales Dialogaron la reforma de la Constituci\u00f3n provincial. El pedido se fundament\u00f3 en la necesidad de garantizar la autonom\u00eda municipal, tal como lo establece la Constituci\u00f3n Nacional en sus art\u00edculos 5 y 123.<\/strong> <\/p>\n\n\n\n<p>El art\u00edculo 5 establece que &#8220;cada provincia dictar\u00e1 para s\u00ed una Constituci\u00f3n bajo el sistema representativo republicano, de acuerdo con los principios, declaraciones y garant\u00edas de la Constituci\u00f3n Nacional&#8221;, lo que incluye el respeto a la organizaci\u00f3n aut\u00f3noma de los municipios. En tanto, el art\u00edculo 123, incorporado con la reforma constitucional de 1994, se\u00f1ala expresamente que &#8220;cada provincia dicta su propia Constituci\u00f3n conforme a lo dispuesto por el art\u00edculo 5\u00b0, <strong>asegurando la autonom\u00eda municipal y regulando su alcance<\/strong> y contenido en el orden institucional, pol\u00edtico, administrativo, econ\u00f3mico y financiero&#8221;.<\/p>\n\n\n\n<p>Con el foco puesto en un reclamo que atraviesa gestiones y colores pol\u00edticos, el pasado jueves 31 de julio se llev\u00f3 a cabo en Maip\u00fa una audiencia que reabri\u00f3 el debate por la autonom\u00eda municipal en Mendoza. La actividad, organizada por el<strong> Instituto de Transformaci\u00f3n del Estado y la Sociedad<\/strong> (ITES), tuvo lugar en la sede de la Cooperativa Farmac\u00e9utica Mendoza (Cofarmen) y <strong>reuni\u00f3 a autoridades del interior provincial<\/strong>, especialistas en derecho constitucional, dirigentes sociales y acad\u00e9micos comprometidos con el fortalecimiento institucional.<\/p>\n\n\n<div class=\"wp-block-image\">\n<figure class=\"alignleft size-large is-resized\"><img loading=\"lazy\" decoding=\"async\" width=\"1024\" height=\"683\" src=\"https:\/\/hcd.malargue.gov.ar\/wp-content\/uploads\/2025\/08\/WhatsApp-Image-2025-08-04-at-10.34.14-1-1-1024x683.jpeg\" alt=\"\" class=\"wp-image-39241\" style=\"width:552px;height:auto\" srcset=\"https:\/\/hcd.malargue.gov.ar\/wp-content\/uploads\/2025\/08\/WhatsApp-Image-2025-08-04-at-10.34.14-1-1-1024x683.jpeg 1024w, https:\/\/hcd.malargue.gov.ar\/wp-content\/uploads\/2025\/08\/WhatsApp-Image-2025-08-04-at-10.34.14-1-1-300x200.jpeg 300w, https:\/\/hcd.malargue.gov.ar\/wp-content\/uploads\/2025\/08\/WhatsApp-Image-2025-08-04-at-10.34.14-1-1-768x512.jpeg 768w, https:\/\/hcd.malargue.gov.ar\/wp-content\/uploads\/2025\/08\/WhatsApp-Image-2025-08-04-at-10.34.14-1-1.jpeg 1080w\" sizes=\"auto, (max-width: 1024px) 100vw, 1024px\" \/><\/figure>\n<\/div>\n\n\n<p><strong>El Honorable Concejo Deliberante de Malarg\u00fce<\/strong> particip\u00f3 de la jornada a trav\u00e9s de la presencia Magali Acosta y Francisco Parada, quien tuvo la responsabilidad de ser uno de los oradores, y  destac\u00f3 el compromiso del Honorable Concejo Deliberante de Malarg\u00fce con la causa, y remarc\u00f3 que el departamento ha sidopionero en la iniciativa ya que el departamento sure\u00f1o, hist\u00f3ricamente ha sido perjudicado por decisiones centralizadas que no responden a su realidad territorial, econ\u00f3mica y social.<\/p>\n\n\n\n<p>Durante el encuentro, la reconocida constitucionalista Gabriela \u00c1balos, centralizo el debate que giro en torno a un diagn\u00f3stico compartido: hoy, en Mendoza, los municipios est\u00e1n sujetos a un esquema jur\u00eddico que limita su autonom\u00eda y obstaculiza su desarrollo.<\/p>\n\n\n<div class=\"wp-block-image\">\n<figure class=\"aligncenter size-large\"><img loading=\"lazy\" decoding=\"async\" width=\"1024\" height=\"713\" src=\"https:\/\/hcd.malargue.gov.ar\/wp-content\/uploads\/2025\/08\/WhatsApp-Image-2025-08-04-at-10.34.14-1024x713.jpeg\" alt=\"\" class=\"wp-image-39221\" srcset=\"https:\/\/hcd.malargue.gov.ar\/wp-content\/uploads\/2025\/08\/WhatsApp-Image-2025-08-04-at-10.34.14-1024x713.jpeg 1024w, https:\/\/hcd.malargue.gov.ar\/wp-content\/uploads\/2025\/08\/WhatsApp-Image-2025-08-04-at-10.34.14-300x209.jpeg 300w, https:\/\/hcd.malargue.gov.ar\/wp-content\/uploads\/2025\/08\/WhatsApp-Image-2025-08-04-at-10.34.14-768x535.jpeg 768w, https:\/\/hcd.malargue.gov.ar\/wp-content\/uploads\/2025\/08\/WhatsApp-Image-2025-08-04-at-10.34.14.jpeg 1179w\" sizes=\"auto, (max-width: 1024px) 100vw, 1024px\" \/><\/figure>\n<\/div>\n\n\n<p>Se habl\u00f3 de presupuestos condicionados, de competencias delegadas a medias y de la imposibilidad de crear normas locales fundamentales para gestionar el territorio. \u201cNo se trata de m\u00e1s impuestos ni de generar estructuras paralelas, sino de permitir que cada municipio pueda decidir en funci\u00f3n de su realidad\u201d, fue una de las ideas que se repitieron en las exposiciones.<\/p>\n\n\n<div class=\"wp-block-image\">\n<figure class=\"alignright size-large is-resized\"><img loading=\"lazy\" decoding=\"async\" width=\"1024\" height=\"766\" src=\"https:\/\/hcd.malargue.gov.ar\/wp-content\/uploads\/2025\/08\/WhatsApp-Image-2025-08-04-at-10.34.13-1-1-1024x766.jpeg\" alt=\"\" class=\"wp-image-39242\" style=\"width:507px;height:auto\" srcset=\"https:\/\/hcd.malargue.gov.ar\/wp-content\/uploads\/2025\/08\/WhatsApp-Image-2025-08-04-at-10.34.13-1-1-1024x766.jpeg 1024w, https:\/\/hcd.malargue.gov.ar\/wp-content\/uploads\/2025\/08\/WhatsApp-Image-2025-08-04-at-10.34.13-1-1-300x225.jpeg 300w, https:\/\/hcd.malargue.gov.ar\/wp-content\/uploads\/2025\/08\/WhatsApp-Image-2025-08-04-at-10.34.13-1-1-768x575.jpeg 768w, https:\/\/hcd.malargue.gov.ar\/wp-content\/uploads\/2025\/08\/WhatsApp-Image-2025-08-04-at-10.34.13-1-1.jpeg 1280w\" sizes=\"auto, (max-width: 1024px) 100vw, 1024px\" \/><\/figure>\n<\/div>\n\n\n<p>Adem\u00e1s, se destac\u00f3 que Mendoza es una de las pocas provincias del pa\u00eds que todav\u00eda no permite que sus comunas dicten una Carta Org\u00e1nica propia, a pesar de que la Constituci\u00f3n Nacional lo habilita desde 1994. Esto impide, entre otras cosas, que los gobiernos locales definan c\u00f3mo se organizan internamente, c\u00f3mo seleccionan a sus funcionarios o qu\u00e9 prioridades establecen para su desarrollo.<\/p>\n\n\n\n<p>Desde el HCD de Malarg\u00fce, la participaci\u00f3n en este tipo de espacios forma parte de una agenda institucional que busca visibilizar los desaf\u00edos del sur provincial y acompa\u00f1ar iniciativas que promuevan un Estado m\u00e1s cercano, \u00e1gil y representativo.<\/p>\n\n\n\n<p>El debate por la autonom\u00eda ya est\u00e1 sobre la mesa. Ahora, el desaf\u00edo ser\u00e1 transformarlo en un compromiso pol\u00edtico real, que trascienda discursos y se convierta en una reforma concreta que acerque el poder a la gente.<\/p>\n\n\n\n<p>Podes ver el reel de la nota <a href=\"https:\/\/www.instagram.com\/reel\/DM0aWg8MxuM\/?igsh=bnp2NHBhMW56bHdn\">aqui<\/a> <\/p>\n\n\n\n<p><\/p>\n","protected":false},"excerpt":{"rendered":"<p>En una jornada plural realizada en Maip\u00fa, representantes institucionales, intendentes, Concejales, especialistas y referentes sociales Dialogaron la reforma de la Constituci\u00f3n provincial. El pedido se fundament\u00f3 en la necesidad de garantizar la autonom\u00eda municipal, tal como lo establece la Constituci\u00f3n Nacional en sus art\u00edculos 5 y 123. El art\u00edculo 5 establece que &#8220;cada provincia dictar\u00e1 [&hellip;]<\/p>\n","protected":false},"author":11,"featured_media":39222,"comment_status":"closed","ping_status":"closed","sticky":false,"template":"","format":"standard","meta":{"footnotes":""},"categories":[52,33],"tags":[],"class_list":["post-39217","post","type-post","status-publish","format-standard","has-post-thumbnail","hentry","category-gacetillas","category-prensa"],"yoast_head":"<!-- This site is optimized with the Yoast SEO plugin v19.10 - https:\/\/yoast.com\/wordpress\/plugins\/seo\/ -->\n<title>MENDOZA VOLVIO A PONER EN DEBATE LA AUTONOMIA MUNICIPAL: EDILES DE MALARG\u00dcE PARTICIPARON - Malarg\u00fce HCD<\/title>\n<meta name=\"robots\" content=\"index, follow, max-snippet:-1, max-image-preview:large, max-video-preview:-1\" \/>\n<link rel=\"canonical\" href=\"https:\/\/hcd.malargue.gov.ar\/?p=39217\" \/>\n<meta property=\"og:locale\" content=\"es_ES\" \/>\n<meta property=\"og:type\" content=\"article\" \/>\n<meta property=\"og:title\" content=\"MENDOZA VOLVIO A PONER EN DEBATE LA AUTONOMIA MUNICIPAL: EDILES DE MALARG\u00dcE PARTICIPARON - Malarg\u00fce HCD\" \/>\n<meta property=\"og:description\" content=\"En una jornada plural realizada en Maip\u00fa, representantes institucionales, intendentes, Concejales, especialistas y referentes sociales Dialogaron la reforma de la Constituci\u00f3n provincial. El pedido se fundament\u00f3 en la necesidad de garantizar la autonom\u00eda municipal, tal como lo establece la Constituci\u00f3n Nacional en sus art\u00edculos 5 y 123. El art\u00edculo 5 establece que &#8220;cada provincia dictar\u00e1 [&hellip;]\" \/>\n<meta property=\"og:url\" content=\"https:\/\/hcd.malargue.gov.ar\/?p=39217\" \/>\n<meta property=\"og:site_name\" content=\"Malarg\u00fce HCD\" \/>\n<meta property=\"article:published_time\" content=\"2025-08-04T15:10:29+00:00\" \/>\n<meta property=\"article:modified_time\" content=\"2025-08-04T15:49:00+00:00\" \/>\n<meta property=\"og:image\" content=\"https:\/\/hcd.malargue.gov.ar\/wp-content\/uploads\/2025\/08\/WhatsApp-Image-2025-08-04-at-10.34.15-1.jpeg\" \/>\n\t<meta property=\"og:image:width\" content=\"1280\" \/>\n\t<meta property=\"og:image:height\" content=\"853\" \/>\n\t<meta property=\"og:image:type\" content=\"image\/jpeg\" \/>\n<meta name=\"author\" content=\"Miriam Verdugo\" \/>\n<meta name=\"twitter:card\" content=\"summary_large_image\" \/>\n<meta name=\"twitter:label1\" content=\"Escrito por\" \/>\n\t<meta name=\"twitter:data1\" content=\"Miriam Verdugo\" \/>\n\t<meta name=\"twitter:label2\" content=\"Tiempo de lectura\" \/>\n\t<meta name=\"twitter:data2\" content=\"4 minutos\" \/>\n<script type=\"application\/ld+json\" class=\"yoast-schema-graph\">{\"@context\":\"https:\/\/schema.org\",\"@graph\":[{\"@type\":\"WebPage\",\"@id\":\"https:\/\/hcd.malargue.gov.ar\/?p=39217\",\"url\":\"https:\/\/hcd.malargue.gov.ar\/?p=39217\",\"name\":\"MENDOZA VOLVIO A PONER EN DEBATE LA AUTONOMIA MUNICIPAL: EDILES DE MALARG\u00dcE PARTICIPARON - Malarg\u00fce HCD\",\"isPartOf\":{\"@id\":\"https:\/\/hcd.malargue.gov.ar\/#website\"},\"datePublished\":\"2025-08-04T15:10:29+00:00\",\"dateModified\":\"2025-08-04T15:49:00+00:00\",\"author\":{\"@id\":\"https:\/\/hcd.malargue.gov.ar\/#\/schema\/person\/ee682cfebfbf463de71f53a5c722be75\"},\"breadcrumb\":{\"@id\":\"https:\/\/hcd.malargue.gov.ar\/?p=39217#breadcrumb\"},\"inLanguage\":\"es-AR\",\"potentialAction\":[{\"@type\":\"ReadAction\",\"target\":[\"https:\/\/hcd.malargue.gov.ar\/?p=39217\"]}]},{\"@type\":\"BreadcrumbList\",\"@id\":\"https:\/\/hcd.malargue.gov.ar\/?p=39217#breadcrumb\",\"itemListElement\":[{\"@type\":\"ListItem\",\"position\":1,\"name\":\"Inicio\",\"item\":\"https:\/\/hcd.malargue.gov.ar\/\"},{\"@type\":\"ListItem\",\"position\":2,\"name\":\"MENDOZA VOLVIO A PONER EN DEBATE LA AUTONOMIA MUNICIPAL: EDILES DE MALARG\u00dcE PARTICIPARON\"}]},{\"@type\":\"WebSite\",\"@id\":\"https:\/\/hcd.malargue.gov.ar\/#website\",\"url\":\"https:\/\/hcd.malargue.gov.ar\/\",\"name\":\"Malarg\u00fce HCD\",\"description\":\"Malarg\u00fce Mendoza Argentina\",\"potentialAction\":[{\"@type\":\"SearchAction\",\"target\":{\"@type\":\"EntryPoint\",\"urlTemplate\":\"https:\/\/hcd.malargue.gov.ar\/?s={search_term_string}\"},\"query-input\":\"required name=search_term_string\"}],\"inLanguage\":\"es-AR\"},{\"@type\":\"Person\",\"@id\":\"https:\/\/hcd.malargue.gov.ar\/#\/schema\/person\/ee682cfebfbf463de71f53a5c722be75\",\"name\":\"Miriam Verdugo\",\"image\":{\"@type\":\"ImageObject\",\"inLanguage\":\"es-AR\",\"@id\":\"https:\/\/hcd.malargue.gov.ar\/#\/schema\/person\/image\/\",\"url\":\"https:\/\/secure.gravatar.com\/avatar\/306223a4268d159ebfcea14c5a513206411b872b38a6568525d852b77a1fdb63?s=96&d=mm&r=g\",\"contentUrl\":\"https:\/\/secure.gravatar.com\/avatar\/306223a4268d159ebfcea14c5a513206411b872b38a6568525d852b77a1fdb63?s=96&d=mm&r=g\",\"caption\":\"Miriam Verdugo\"},\"url\":\"https:\/\/hcd.malargue.gov.ar\/?author=11\"}]}<\/script>\n<!-- \/ Yoast SEO plugin. -->","yoast_head_json":{"title":"MENDOZA VOLVIO A PONER EN DEBATE LA AUTONOMIA MUNICIPAL: EDILES DE MALARG\u00dcE PARTICIPARON - Malarg\u00fce HCD","robots":{"index":"index","follow":"follow","max-snippet":"max-snippet:-1","max-image-preview":"max-image-preview:large","max-video-preview":"max-video-preview:-1"},"canonical":"https:\/\/hcd.malargue.gov.ar\/?p=39217","og_locale":"es_ES","og_type":"article","og_title":"MENDOZA VOLVIO A PONER EN DEBATE LA AUTONOMIA MUNICIPAL: EDILES DE MALARG\u00dcE PARTICIPARON - Malarg\u00fce HCD","og_description":"En una jornada plural realizada en Maip\u00fa, representantes institucionales, intendentes, Concejales, especialistas y referentes sociales Dialogaron la reforma de la Constituci\u00f3n provincial. El pedido se fundament\u00f3 en la necesidad de garantizar la autonom\u00eda municipal, tal como lo establece la Constituci\u00f3n Nacional en sus art\u00edculos 5 y 123. El art\u00edculo 5 establece que &#8220;cada provincia dictar\u00e1 [&hellip;]","og_url":"https:\/\/hcd.malargue.gov.ar\/?p=39217","og_site_name":"Malarg\u00fce HCD","article_published_time":"2025-08-04T15:10:29+00:00","article_modified_time":"2025-08-04T15:49:00+00:00","og_image":[{"width":1280,"height":853,"url":"https:\/\/hcd.malargue.gov.ar\/wp-content\/uploads\/2025\/08\/WhatsApp-Image-2025-08-04-at-10.34.15-1.jpeg","type":"image\/jpeg"}],"author":"Miriam Verdugo","twitter_card":"summary_large_image","twitter_misc":{"Escrito por":"Miriam Verdugo","Tiempo de lectura":"4 minutos"},"schema":{"@context":"https:\/\/schema.org","@graph":[{"@type":"WebPage","@id":"https:\/\/hcd.malargue.gov.ar\/?p=39217","url":"https:\/\/hcd.malargue.gov.ar\/?p=39217","name":"MENDOZA VOLVIO A PONER EN DEBATE LA AUTONOMIA MUNICIPAL: EDILES DE MALARG\u00dcE PARTICIPARON - Malarg\u00fce HCD","isPartOf":{"@id":"https:\/\/hcd.malargue.gov.ar\/#website"},"datePublished":"2025-08-04T15:10:29+00:00","dateModified":"2025-08-04T15:49:00+00:00","author":{"@id":"https:\/\/hcd.malargue.gov.ar\/#\/schema\/person\/ee682cfebfbf463de71f53a5c722be75"},"breadcrumb":{"@id":"https:\/\/hcd.malargue.gov.ar\/?p=39217#breadcrumb"},"inLanguage":"es-AR","potentialAction":[{"@type":"ReadAction","target":["https:\/\/hcd.malargue.gov.ar\/?p=39217"]}]},{"@type":"BreadcrumbList","@id":"https:\/\/hcd.malargue.gov.ar\/?p=39217#breadcrumb","itemListElement":[{"@type":"ListItem","position":1,"name":"Inicio","item":"https:\/\/hcd.malargue.gov.ar\/"},{"@type":"ListItem","position":2,"name":"MENDOZA VOLVIO A PONER EN DEBATE LA AUTONOMIA MUNICIPAL: EDILES DE MALARG\u00dcE PARTICIPARON"}]},{"@type":"WebSite","@id":"https:\/\/hcd.malargue.gov.ar\/#website","url":"https:\/\/hcd.malargue.gov.ar\/","name":"Malarg\u00fce HCD","description":"Malarg\u00fce Mendoza Argentina","potentialAction":[{"@type":"SearchAction","target":{"@type":"EntryPoint","urlTemplate":"https:\/\/hcd.malargue.gov.ar\/?s={search_term_string}"},"query-input":"required name=search_term_string"}],"inLanguage":"es-AR"},{"@type":"Person","@id":"https:\/\/hcd.malargue.gov.ar\/#\/schema\/person\/ee682cfebfbf463de71f53a5c722be75","name":"Miriam Verdugo","image":{"@type":"ImageObject","inLanguage":"es-AR","@id":"https:\/\/hcd.malargue.gov.ar\/#\/schema\/person\/image\/","url":"https:\/\/secure.gravatar.com\/avatar\/306223a4268d159ebfcea14c5a513206411b872b38a6568525d852b77a1fdb63?s=96&d=mm&r=g","contentUrl":"https:\/\/secure.gravatar.com\/avatar\/306223a4268d159ebfcea14c5a513206411b872b38a6568525d852b77a1fdb63?s=96&d=mm&r=g","caption":"Miriam Verdugo"},"url":"https:\/\/hcd.malargue.gov.ar\/?author=11"}]}},"_links":{"self":[{"href":"https:\/\/hcd.malargue.gov.ar\/index.php?rest_route=\/wp\/v2\/posts\/39217","targetHints":{"allow":["GET"]}}],"collection":[{"href":"https:\/\/hcd.malargue.gov.ar\/index.php?rest_route=\/wp\/v2\/posts"}],"about":[{"href":"https:\/\/hcd.malargue.gov.ar\/index.php?rest_route=\/wp\/v2\/types\/post"}],"author":[{"embeddable":true,"href":"https:\/\/hcd.malargue.gov.ar\/index.php?rest_route=\/wp\/v2\/users\/11"}],"replies":[{"embeddable":true,"href":"https:\/\/hcd.malargue.gov.ar\/index.php?rest_route=%2Fwp%2Fv2%2Fcomments&post=39217"}],"version-history":[{"count":6,"href":"https:\/\/hcd.malargue.gov.ar\/index.php?rest_route=\/wp\/v2\/posts\/39217\/revisions"}],"predecessor-version":[{"id":39243,"href":"https:\/\/hcd.malargue.gov.ar\/index.php?rest_route=\/wp\/v2\/posts\/39217\/revisions\/39243"}],"wp:featuredmedia":[{"embeddable":true,"href":"https:\/\/hcd.malargue.gov.ar\/index.php?rest_route=\/wp\/v2\/media\/39222"}],"wp:attachment":[{"href":"https:\/\/hcd.malargue.gov.ar\/index.php?rest_route=%2Fwp%2Fv2%2Fmedia&parent=39217"}],"wp:term":[{"taxonomy":"category","embeddable":true,"href":"https:\/\/hcd.malargue.gov.ar\/index.php?rest_route=%2Fwp%2Fv2%2Fcategories&post=39217"},{"taxonomy":"post_tag","embeddable":true,"href":"https:\/\/hcd.malargue.gov.ar\/index.php?rest_route=%2Fwp%2Fv2%2Ftags&post=39217"}],"curies":[{"name":"wp","href":"https:\/\/api.w.org\/{rel}","templated":true}]}}