{"id":39226,"date":"2025-08-04T11:18:22","date_gmt":"2025-08-04T14:18:22","guid":{"rendered":"https:\/\/hcd.malargue.gov.ar\/?p=39226"},"modified":"2025-08-04T11:18:32","modified_gmt":"2025-08-04T14:18:32","slug":"resolucion-n-204-2-025","status":"publish","type":"post","link":"https:\/\/hcd.malargue.gov.ar\/?p=39226","title":{"rendered":"RESOLUCI\u00d3N N\u00b0 204\/2.025"},"content":{"rendered":"\n<h4 class=\"wp-block-heading has-text-align-center\">El HCD pidi\u00f3 audiencia al Procurador General por la vacante generada luego de la renuncia de fiscal en Malarg\u00fce<\/h4>\n\n\n\n<p><em>El Honorable Concejo Deliberante de Malarg\u00fce aprob\u00f3 por unanimidad la Resoluci\u00f3n N\u00ba 204\/2.025, a trav\u00e9s de la cual se solicit\u00f3 una audiencia formal y urgente con el Procurador General del Ministerio P\u00fablico Fiscal de Mendoza, Dr. Alejandro Gull\u00e9, ante la vacancia generada tras la renuncia de la exfiscal Andrea Lorente.<\/em><\/p>\n\n\n\n<p><em>Una vez finalizada la 15\u00b0 Sesi\u00f3n Ordinaria, el Presidente del Cuerpo, Rodrigo Hidalgo, acompa\u00f1ado por los Concejales Silvina Camiolo y Mart\u00edn Palma, brind\u00f3 una <a href=\"https:\/\/hcd.malargue.gov.ar\/?p=39175\">conferencia de prensa para expresar su preocupaci\u00f3n por la situaci\u00f3n institucional que atraviesa el sistema judicial en el departamento.<\/a><\/em><\/p>\n\n\n\n<p><em>La Resoluci\u00f3n manifiesta el rechazo del Concejo a la decisi\u00f3n del Gobernador de aceptar la renuncia de Lorente sin realizar previamente un sumario o proceso de investigaci\u00f3n que analizara eventuales responsabilidades, generando \u2014seg\u00fan los Ediles\u2014 un grave antecedente de impunidad funcional e institucional.<\/em><\/p>\n\n\n\n<p><em>Durante la conferencia, los Concejales advirtieron adem\u00e1s sobre una presunta intromisi\u00f3n pol\u00edtico-partidaria en el proceso para cubrir la vacante. La Concejala Silvina Camiolo denunci\u00f3 p\u00fablicamente que el anuncio del concurso fue realizado por dirigentes pol\u00edticos acompa\u00f1ados de funcionarios provinciales, lo que calific\u00f3 como un atropello institucional. \u201cNo puede ser que el presidente de un comit\u00e9 pol\u00edtico partidario convoque una conferencia de prensa para decir c\u00f3mo va a ser un concurso. Eso le corresponde a la Justicia\u201d, declar\u00f3.<\/em><\/p>\n\n\n\n<p><em>Por su parte, Rodrigo Hidalgo reafirm\u00f3 el compromiso del Concejo en su rol de control institucional y record\u00f3 que ya se hab\u00edan presentado reclamos ante el Ministerio P\u00fablico Fiscal por situaciones irregulares: \u201cNo podemos permitir que se utilice la Justicia como herramienta electoral o partidaria\u201d.<\/em><\/p>\n\n\n\n<p><em>El Concejal Mart\u00edn Palma tambi\u00e9n manifest\u00f3 su preocupaci\u00f3n por la falta de respuesta en causas sensibles vinculadas a violencia intrafamiliar y vulneraci\u00f3n de derechos de menores, muchas de ellas ingresadas a trav\u00e9s de la Banca del Ciudadano. \u201cLo dijimos hace m\u00e1s de tres a\u00f1os y hoy se confirma que ten\u00edamos raz\u00f3n\u201d, expres\u00f3.<\/em><\/p>\n\n\n\n<p><em>El documento aprobado exige que el proceso de designaci\u00f3n del nuevo fiscal se realice con total transparencia, respetando los principios de idoneidad, territorialidad y compromiso institucional, para garantizar un servicio de justicia accesible, eficiente y cercano a toda la comunidad malarg\u00fcina.<\/em><\/p>\n\n\n\n<p class=\"has-text-align-center\"><strong>PIEZA LEGAL COMPLETA<\/strong><\/p>\n\n\n<div class=\"wp-block-image\">\n<figure class=\"alignright size-full is-resized\"><a href=\"http:\/\/hcd.malargue.gov.ar\/2025\/Rs%20204%2025%20Reunion%20Procurador.pdf\"><img loading=\"lazy\" decoding=\"async\" width=\"512\" height=\"512\" src=\"https:\/\/hcd.malargue.gov.ar\/wp-content\/uploads\/2018\/06\/PDF-JPG.jpg\" alt=\"\" class=\"wp-image-7950\" style=\"width:125px;height:auto\" srcset=\"https:\/\/hcd.malargue.gov.ar\/wp-content\/uploads\/2018\/06\/PDF-JPG.jpg 512w, https:\/\/hcd.malargue.gov.ar\/wp-content\/uploads\/2018\/06\/PDF-JPG-150x150.jpg 150w, https:\/\/hcd.malargue.gov.ar\/wp-content\/uploads\/2018\/06\/PDF-JPG-300x300.jpg 300w\" sizes=\"auto, (max-width: 512px) 100vw, 512px\" \/><\/a><\/figure>\n<\/div>\n\n\n<p>VISTO: La renuncia de la ex fiscal Dra. Andrea Lorente a su cargo y quedando este vacante; Los ediles del Honorable Concejo Deliberante solicitan una Audiencia con el Procurador General del Ministerio Publico Fiscal de la Provincia de Mendoza.  <br>y;<br>CONSIDERANDO: Que el Honorable Concejo Deliberante, como \u00f3rgano institucional representativo del pueblo de Malarg\u00fce, tiene la obligaci\u00f3n de intervenir frente a situaciones donde se pueda ver comprometido el acceso efectivo a la justicia por parte de sus ciudadanos.<br>Que la presunta desatenci\u00f3n y omisi\u00f3n en el cumplimiento de sus funciones por parte de la exfiscal Dra. Andrea Lorente, especialmente en causas sensibles para la comunidad, incluida la denuncia mencionada, generaron leg\u00edtimos cuestionamientos de car\u00e1cter jur\u00eddico, pol\u00edtico e institucional por parte de distintos sectores.<br>Que la aceptaci\u00f3n de la renuncia de la mencionada funcionaria por parte del Gobernador de la Provincia, sin un proceso previo de investigaci\u00f3n, auditoria o sumario p\u00fablico que determinara eventuales responsabilidades, no s\u00f3lo evade la b\u00fasqueda de verdad institucional, sino que instala un precedente altamente preocupante sobre la falta de resultados dentro del sistema de justicia.<br>Que esta decisi\u00f3n pol\u00edtica no puede entenderse fuera del contexto territorial e hist\u00f3rico del Departamento de Malarg\u00fce, regi\u00f3n hist\u00f3ricamente postergada en el acceso real y equitativo a los servicios de justicia, donde las vacantes fiscales o judiciales suelen mantenerse sin cubrir por tiempos prolongados, perjudicando as\u00ed el principio de tutela judicial efectiva.<br>Que la anunciada convocatoria a concurso para cubrir la vacante no resuelve de forma inmediata la crisis institucional generada, ni garantiza una presencia activa del Ministerio P\u00fablico Fiscal en causas que requieren celeridad, imparcialidad y compromiso \u00e9tico con las v\u00edctimas.<br>Que es imperativo elevar institucionalmente este diagn\u00f3stico ante el Procurador General de la Provincia de Mendoza, Dr. Alejandro Gull\u00e9, como m\u00e1xima autoridad del Ministerio P\u00fablico Fiscal, con el objetivo de plantear una soluci\u00f3n estructural, firme y comprometida con los principios republicanos que deben regir el accionar de la justicia mendocina, evitando toda forma de impunidad funcional o institucional.<br>EL HONORABLE CONCEJO DELIBERANTE DE LA MUNICIPALIDAD DE MALARG\u00dcE EN USO DE LAS FACULTADES QUE LE SON PROPIAS<br>RESUELVE<br>ART\u00cdCULO 1\u00ba: Solicitar al Dr. Alejandro Gull\u00e9, Procurador General de la Provincia de Mendoza, una audiencia formal con car\u00e1cter urgente, a fin de tomar conocimiento de las acciones que se llevaran a cabo ante la vacancia del cargo de Fiscal de Instrucci\u00f3n y Penal de Menores en el Departamento de Malarg\u00fce, por la renuncia de la Dra. Andrea Lorente.<br>ART\u00cdCULO 2\u00ba: Manifestar el malestar del Honorable Concejo Deliberante respecto de la decisi\u00f3n del Gobernador de la Provincia de Mendoza Lic. Alfredo Cornejo, de aceptar la renuncia de la ex fiscal Dra. Andrea Lorente evadiendo las posibles consecuencias del Jury de Enjuiciamiento iniciado.<br>ART\u00cdCULO 3\u00ba: Expresar la preocupaci\u00f3n por la necesidad de que el proceso de selecci\u00f3n y designaci\u00f3n de autoridades judiciales se lleve a cabo con estricto respeto a los principios de idoneidad, territorialidad y compromiso institucional, a fin de garantizar un servicio de justicia accesible, eficiente y cercano a toda la comunidad del Departamento de Malarg\u00fce<br>ART\u00cdCULO 4\u00ba: Comun\u00edquese y rem\u00edtase copia al Procurador General de la Provincia de Mendoza y a las Honorables C\u00e1maras de Diputados y Senadores de la Provincia de Mendoza.<br>ART\u00cdCULO 5\u00ba: Comun\u00edquese, reg\u00edstrese, agr\u00e9guese copia de la presente en las actuaciones correspondientes y arch\u00edvese.<br>DADA EN LA SALA DE SESIONES DR. RICARDO BALBIN DEL HONORABLE CONCEJO DELIBERANTE DE LA MUNICIPALIDAD DE MALARG\u00dcE A TRES D\u00cdAS DE JULIO DE DOS MIL VEINTICINCO<\/p>\n\n\n\n<p><\/p>\n","protected":false},"excerpt":{"rendered":"<p>El HCD pidi\u00f3 audiencia al Procurador General por la vacante generada luego de la renuncia de fiscal en Malarg\u00fce El Honorable Concejo Deliberante de Malarg\u00fce aprob\u00f3 por unanimidad la Resoluci\u00f3n N\u00ba 204\/2.025, a trav\u00e9s de la cual se solicit\u00f3 una audiencia formal y urgente con el Procurador General del Ministerio P\u00fablico Fiscal de Mendoza, Dr. [&hellip;]<\/p>\n","protected":false},"author":5,"featured_media":39228,"comment_status":"closed","ping_status":"closed","sticky":false,"template":"","format":"standard","meta":{"footnotes":""},"categories":[52,29,33,51],"tags":[],"class_list":["post-39226","post","type-post","status-publish","format-standard","has-post-thumbnail","hentry","category-gacetillas","category-lesgilacion","category-prensa","category-resoluciones"],"yoast_head":"<!-- This site is optimized with the Yoast SEO plugin v19.10 - https:\/\/yoast.com\/wordpress\/plugins\/seo\/ -->\n<title>RESOLUCI\u00d3N N\u00b0 204\/2.025 - Malarg\u00fce HCD<\/title>\n<meta name=\"robots\" content=\"index, follow, max-snippet:-1, max-image-preview:large, max-video-preview:-1\" \/>\n<link rel=\"canonical\" href=\"https:\/\/hcd.malargue.gov.ar\/?p=39226\" \/>\n<meta property=\"og:locale\" content=\"es_ES\" \/>\n<meta property=\"og:type\" content=\"article\" \/>\n<meta property=\"og:title\" content=\"RESOLUCI\u00d3N N\u00b0 204\/2.025 - Malarg\u00fce HCD\" \/>\n<meta property=\"og:description\" content=\"El HCD pidi\u00f3 audiencia al Procurador General por la vacante generada luego de la renuncia de fiscal en Malarg\u00fce El Honorable Concejo Deliberante de Malarg\u00fce aprob\u00f3 por unanimidad la Resoluci\u00f3n N\u00ba 204\/2.025, a trav\u00e9s de la cual se solicit\u00f3 una audiencia formal y urgente con el Procurador General del Ministerio P\u00fablico Fiscal de Mendoza, Dr. [&hellip;]\" \/>\n<meta property=\"og:url\" content=\"https:\/\/hcd.malargue.gov.ar\/?p=39226\" \/>\n<meta property=\"og:site_name\" content=\"Malarg\u00fce HCD\" \/>\n<meta property=\"article:published_time\" content=\"2025-08-04T14:18:22+00:00\" \/>\n<meta property=\"article:modified_time\" content=\"2025-08-04T14:18:32+00:00\" \/>\n<meta property=\"og:image\" content=\"https:\/\/hcd.malargue.gov.ar\/wp-content\/uploads\/2025\/08\/RESOLUCION-204-2025.png\" \/>\n\t<meta property=\"og:image:width\" content=\"940\" \/>\n\t<meta property=\"og:image:height\" content=\"788\" \/>\n\t<meta property=\"og:image:type\" content=\"image\/png\" \/>\n<meta name=\"author\" content=\"Belen Pedernera Ferragut\" \/>\n<meta name=\"twitter:card\" content=\"summary_large_image\" \/>\n<meta name=\"twitter:label1\" content=\"Escrito por\" \/>\n\t<meta name=\"twitter:data1\" content=\"Belen Pedernera Ferragut\" \/>\n\t<meta name=\"twitter:label2\" content=\"Tiempo de lectura\" \/>\n\t<meta name=\"twitter:data2\" content=\"5 minutos\" \/>\n<script type=\"application\/ld+json\" class=\"yoast-schema-graph\">{\"@context\":\"https:\/\/schema.org\",\"@graph\":[{\"@type\":\"WebPage\",\"@id\":\"https:\/\/hcd.malargue.gov.ar\/?p=39226\",\"url\":\"https:\/\/hcd.malargue.gov.ar\/?p=39226\",\"name\":\"RESOLUCI\u00d3N N\u00b0 204\/2.025 - Malarg\u00fce HCD\",\"isPartOf\":{\"@id\":\"https:\/\/hcd.malargue.gov.ar\/#website\"},\"datePublished\":\"2025-08-04T14:18:22+00:00\",\"dateModified\":\"2025-08-04T14:18:32+00:00\",\"author\":{\"@id\":\"https:\/\/hcd.malargue.gov.ar\/#\/schema\/person\/3fd6bbab64edd703961b795156c955d0\"},\"breadcrumb\":{\"@id\":\"https:\/\/hcd.malargue.gov.ar\/?p=39226#breadcrumb\"},\"inLanguage\":\"es-AR\",\"potentialAction\":[{\"@type\":\"ReadAction\",\"target\":[\"https:\/\/hcd.malargue.gov.ar\/?p=39226\"]}]},{\"@type\":\"BreadcrumbList\",\"@id\":\"https:\/\/hcd.malargue.gov.ar\/?p=39226#breadcrumb\",\"itemListElement\":[{\"@type\":\"ListItem\",\"position\":1,\"name\":\"Inicio\",\"item\":\"https:\/\/hcd.malargue.gov.ar\/\"},{\"@type\":\"ListItem\",\"position\":2,\"name\":\"RESOLUCI\u00d3N N\u00b0 204\/2.025\"}]},{\"@type\":\"WebSite\",\"@id\":\"https:\/\/hcd.malargue.gov.ar\/#website\",\"url\":\"https:\/\/hcd.malargue.gov.ar\/\",\"name\":\"Malarg\u00fce HCD\",\"description\":\"Malarg\u00fce Mendoza Argentina\",\"potentialAction\":[{\"@type\":\"SearchAction\",\"target\":{\"@type\":\"EntryPoint\",\"urlTemplate\":\"https:\/\/hcd.malargue.gov.ar\/?s={search_term_string}\"},\"query-input\":\"required name=search_term_string\"}],\"inLanguage\":\"es-AR\"},{\"@type\":\"Person\",\"@id\":\"https:\/\/hcd.malargue.gov.ar\/#\/schema\/person\/3fd6bbab64edd703961b795156c955d0\",\"name\":\"Belen Pedernera Ferragut\",\"image\":{\"@type\":\"ImageObject\",\"inLanguage\":\"es-AR\",\"@id\":\"https:\/\/hcd.malargue.gov.ar\/#\/schema\/person\/image\/\",\"url\":\"https:\/\/secure.gravatar.com\/avatar\/1054ffab3893de4bb3eb29bdd22f7e34b8537bf5d34d9dab311818154ad5b71f?s=96&d=mm&r=g\",\"contentUrl\":\"https:\/\/secure.gravatar.com\/avatar\/1054ffab3893de4bb3eb29bdd22f7e34b8537bf5d34d9dab311818154ad5b71f?s=96&d=mm&r=g\",\"caption\":\"Belen Pedernera Ferragut\"},\"url\":\"https:\/\/hcd.malargue.gov.ar\/?author=5\"}]}<\/script>\n<!-- \/ Yoast SEO plugin. -->","yoast_head_json":{"title":"RESOLUCI\u00d3N N\u00b0 204\/2.025 - Malarg\u00fce HCD","robots":{"index":"index","follow":"follow","max-snippet":"max-snippet:-1","max-image-preview":"max-image-preview:large","max-video-preview":"max-video-preview:-1"},"canonical":"https:\/\/hcd.malargue.gov.ar\/?p=39226","og_locale":"es_ES","og_type":"article","og_title":"RESOLUCI\u00d3N N\u00b0 204\/2.025 - Malarg\u00fce HCD","og_description":"El HCD pidi\u00f3 audiencia al Procurador General por la vacante generada luego de la renuncia de fiscal en Malarg\u00fce El Honorable Concejo Deliberante de Malarg\u00fce aprob\u00f3 por unanimidad la Resoluci\u00f3n N\u00ba 204\/2.025, a trav\u00e9s de la cual se solicit\u00f3 una audiencia formal y urgente con el Procurador General del Ministerio P\u00fablico Fiscal de Mendoza, Dr. [&hellip;]","og_url":"https:\/\/hcd.malargue.gov.ar\/?p=39226","og_site_name":"Malarg\u00fce HCD","article_published_time":"2025-08-04T14:18:22+00:00","article_modified_time":"2025-08-04T14:18:32+00:00","og_image":[{"width":940,"height":788,"url":"https:\/\/hcd.malargue.gov.ar\/wp-content\/uploads\/2025\/08\/RESOLUCION-204-2025.png","type":"image\/png"}],"author":"Belen Pedernera Ferragut","twitter_card":"summary_large_image","twitter_misc":{"Escrito por":"Belen Pedernera Ferragut","Tiempo de lectura":"5 minutos"},"schema":{"@context":"https:\/\/schema.org","@graph":[{"@type":"WebPage","@id":"https:\/\/hcd.malargue.gov.ar\/?p=39226","url":"https:\/\/hcd.malargue.gov.ar\/?p=39226","name":"RESOLUCI\u00d3N N\u00b0 204\/2.025 - Malarg\u00fce HCD","isPartOf":{"@id":"https:\/\/hcd.malargue.gov.ar\/#website"},"datePublished":"2025-08-04T14:18:22+00:00","dateModified":"2025-08-04T14:18:32+00:00","author":{"@id":"https:\/\/hcd.malargue.gov.ar\/#\/schema\/person\/3fd6bbab64edd703961b795156c955d0"},"breadcrumb":{"@id":"https:\/\/hcd.malargue.gov.ar\/?p=39226#breadcrumb"},"inLanguage":"es-AR","potentialAction":[{"@type":"ReadAction","target":["https:\/\/hcd.malargue.gov.ar\/?p=39226"]}]},{"@type":"BreadcrumbList","@id":"https:\/\/hcd.malargue.gov.ar\/?p=39226#breadcrumb","itemListElement":[{"@type":"ListItem","position":1,"name":"Inicio","item":"https:\/\/hcd.malargue.gov.ar\/"},{"@type":"ListItem","position":2,"name":"RESOLUCI\u00d3N N\u00b0 204\/2.025"}]},{"@type":"WebSite","@id":"https:\/\/hcd.malargue.gov.ar\/#website","url":"https:\/\/hcd.malargue.gov.ar\/","name":"Malarg\u00fce HCD","description":"Malarg\u00fce Mendoza Argentina","potentialAction":[{"@type":"SearchAction","target":{"@type":"EntryPoint","urlTemplate":"https:\/\/hcd.malargue.gov.ar\/?s={search_term_string}"},"query-input":"required name=search_term_string"}],"inLanguage":"es-AR"},{"@type":"Person","@id":"https:\/\/hcd.malargue.gov.ar\/#\/schema\/person\/3fd6bbab64edd703961b795156c955d0","name":"Belen Pedernera Ferragut","image":{"@type":"ImageObject","inLanguage":"es-AR","@id":"https:\/\/hcd.malargue.gov.ar\/#\/schema\/person\/image\/","url":"https:\/\/secure.gravatar.com\/avatar\/1054ffab3893de4bb3eb29bdd22f7e34b8537bf5d34d9dab311818154ad5b71f?s=96&d=mm&r=g","contentUrl":"https:\/\/secure.gravatar.com\/avatar\/1054ffab3893de4bb3eb29bdd22f7e34b8537bf5d34d9dab311818154ad5b71f?s=96&d=mm&r=g","caption":"Belen Pedernera Ferragut"},"url":"https:\/\/hcd.malargue.gov.ar\/?author=5"}]}},"_links":{"self":[{"href":"https:\/\/hcd.malargue.gov.ar\/index.php?rest_route=\/wp\/v2\/posts\/39226","targetHints":{"allow":["GET"]}}],"collection":[{"href":"https:\/\/hcd.malargue.gov.ar\/index.php?rest_route=\/wp\/v2\/posts"}],"about":[{"href":"https:\/\/hcd.malargue.gov.ar\/index.php?rest_route=\/wp\/v2\/types\/post"}],"author":[{"embeddable":true,"href":"https:\/\/hcd.malargue.gov.ar\/index.php?rest_route=\/wp\/v2\/users\/5"}],"replies":[{"embeddable":true,"href":"https:\/\/hcd.malargue.gov.ar\/index.php?rest_route=%2Fwp%2Fv2%2Fcomments&post=39226"}],"version-history":[{"count":1,"href":"https:\/\/hcd.malargue.gov.ar\/index.php?rest_route=\/wp\/v2\/posts\/39226\/revisions"}],"predecessor-version":[{"id":39229,"href":"https:\/\/hcd.malargue.gov.ar\/index.php?rest_route=\/wp\/v2\/posts\/39226\/revisions\/39229"}],"wp:featuredmedia":[{"embeddable":true,"href":"https:\/\/hcd.malargue.gov.ar\/index.php?rest_route=\/wp\/v2\/media\/39228"}],"wp:attachment":[{"href":"https:\/\/hcd.malargue.gov.ar\/index.php?rest_route=%2Fwp%2Fv2%2Fmedia&parent=39226"}],"wp:term":[{"taxonomy":"category","embeddable":true,"href":"https:\/\/hcd.malargue.gov.ar\/index.php?rest_route=%2Fwp%2Fv2%2Fcategories&post=39226"},{"taxonomy":"post_tag","embeddable":true,"href":"https:\/\/hcd.malargue.gov.ar\/index.php?rest_route=%2Fwp%2Fv2%2Ftags&post=39226"}],"curies":[{"name":"wp","href":"https:\/\/api.w.org\/{rel}","templated":true}]}}