{"id":39238,"date":"2025-08-04T13:04:50","date_gmt":"2025-08-04T16:04:50","guid":{"rendered":"https:\/\/hcd.malargue.gov.ar\/?p=39238"},"modified":"2025-08-08T10:08:29","modified_gmt":"2025-08-08T13:08:29","slug":"declaracion-n-358-2-025","status":"publish","type":"post","link":"https:\/\/hcd.malargue.gov.ar\/?p=39238","title":{"rendered":"DECLARACI\u00d3N N\u00b0 358\/2.025"},"content":{"rendered":"\n<h4 class=\"wp-block-heading has-text-align-center\">El HCD reconoci\u00f3 el padrinazgo del Grupo Malarg\u00fce a la Escuela de Educaci\u00f3n Especial Juan Maurin Navarro<\/h4>\n\n\n\n<p><em>A trav\u00e9s de la Declaraci\u00f3n N\u00b0 358\/2.025, el Honorable Concejo Deliberante de Malarg\u00fce declar\u00f3 de Inter\u00e9s Departamental y Educativo el padrinazgo sostenido que el Grupo Malarg\u00fce mantiene desde hace 20 a\u00f1os con la Escuela N\u00b0 2-030 \u201cJuan Maurin Navarro\u201d, instituci\u00f3n que brinda servicios en la modalidad de Educaci\u00f3n Especial.<\/em><\/p>\n\n\n\n<p><em>El proyecto, impulsado por el Bloque Uni\u00f3n Mendocina, destaca la labor solidaria y constante que este grupo de j\u00f3venes ha desarrollado en favor de la comunidad educativa, promoviendo espacios de inclusi\u00f3n, contenci\u00f3n y participaci\u00f3n para ni\u00f1as, ni\u00f1os y j\u00f3venes con discapacidad.<\/em><\/p>\n\n\n<div class=\"wp-block-image\">\n<figure class=\"aligncenter size-large\"><img loading=\"lazy\" decoding=\"async\" width=\"1024\" height=\"461\" src=\"https:\/\/hcd.malargue.gov.ar\/wp-content\/uploads\/2025\/08\/WhatsApp-Image-2025-08-04-at-12.40.01-1-1024x461.jpeg\" alt=\"\" class=\"wp-image-39246\" srcset=\"https:\/\/hcd.malargue.gov.ar\/wp-content\/uploads\/2025\/08\/WhatsApp-Image-2025-08-04-at-12.40.01-1-1024x461.jpeg 1024w, https:\/\/hcd.malargue.gov.ar\/wp-content\/uploads\/2025\/08\/WhatsApp-Image-2025-08-04-at-12.40.01-1-300x135.jpeg 300w, https:\/\/hcd.malargue.gov.ar\/wp-content\/uploads\/2025\/08\/WhatsApp-Image-2025-08-04-at-12.40.01-1-768x346.jpeg 768w, https:\/\/hcd.malargue.gov.ar\/wp-content\/uploads\/2025\/08\/WhatsApp-Image-2025-08-04-at-12.40.01-1-1536x692.jpeg 1536w, https:\/\/hcd.malargue.gov.ar\/wp-content\/uploads\/2025\/08\/WhatsApp-Image-2025-08-04-at-12.40.01-1-2048x923.jpeg 2048w\" sizes=\"auto, (max-width: 1024px) 100vw, 1024px\" \/><\/figure>\n<\/div>\n\n<div class=\"wp-block-image\">\n<figure class=\"alignright size-large is-resized\"><img loading=\"lazy\" decoding=\"async\" width=\"461\" height=\"1024\" src=\"https:\/\/hcd.malargue.gov.ar\/wp-content\/uploads\/2025\/08\/WhatsApp-Image-2025-08-04-at-12.40.00-1-461x1024.jpeg\" alt=\"\" class=\"wp-image-39247\" style=\"width:139px;height:auto\" srcset=\"https:\/\/hcd.malargue.gov.ar\/wp-content\/uploads\/2025\/08\/WhatsApp-Image-2025-08-04-at-12.40.00-1-461x1024.jpeg 461w, https:\/\/hcd.malargue.gov.ar\/wp-content\/uploads\/2025\/08\/WhatsApp-Image-2025-08-04-at-12.40.00-1-135x300.jpeg 135w, https:\/\/hcd.malargue.gov.ar\/wp-content\/uploads\/2025\/08\/WhatsApp-Image-2025-08-04-at-12.40.00-1-768x1705.jpeg 768w, https:\/\/hcd.malargue.gov.ar\/wp-content\/uploads\/2025\/08\/WhatsApp-Image-2025-08-04-at-12.40.00-1-692x1536.jpeg 692w, https:\/\/hcd.malargue.gov.ar\/wp-content\/uploads\/2025\/08\/WhatsApp-Image-2025-08-04-at-12.40.00-1-922x2048.jpeg 922w, https:\/\/hcd.malargue.gov.ar\/wp-content\/uploads\/2025\/08\/WhatsApp-Image-2025-08-04-at-12.40.00-1-scaled.jpeg 1153w\" sizes=\"auto, (max-width: 461px) 100vw, 461px\" \/><\/figure>\n<\/div>\n\n\n<p><em>Desde sus inicios, el Grupo Malarg\u00fce ha organizado visitas peri\u00f3dicas con actividades recreativas y pedag\u00f3gicas adaptadas, acompa\u00f1ando tambi\u00e9n con recursos, materiales y gestos solidarios que fortalecen el funcionamiento de la escuela y mejoran la experiencia educativa de sus estudiantes.<\/em><\/p>\n\n\n\n<p><em>La iniciativa naci\u00f3 hace dos d\u00e9cadas como parte de un proyecto institucional promovido por exalumnos del Colegio Ceferino Namuncur\u00e1, de la Provincia de Buenos Aires, con un profundo compromiso por la educaci\u00f3n y el v\u00ednculo humano con la comunidad malarg\u00fcina.<\/em><\/p>\n\n\n\n<p><em>Durante el acto conmemorativo por los 20 a\u00f1os de este v\u00ednculo, la Concejal Elizabeth Gonz\u00e1lez hizo entrega formal de una copia de la Declaraci\u00f3n y del diploma de distinci\u00f3n, en representaci\u00f3n del Cuerpo Deliberativo.<\/em> <\/p>\n\n\n\n<p class=\"has-text-align-center\"><strong>PIEZA LEGAL COMPLETA<\/strong><\/p>\n\n\n\n<p><strong>AUTORA CONCEJAL ELIZABETH GONZALEZ<\/strong><\/p>\n\n\n\n<p><strong>BLOQUE UNION MENDOCINA<\/strong><\/p>\n\n\n<div class=\"wp-block-image\">\n<figure class=\"alignright size-full is-resized\"><a href=\"http:\/\/hcd.malargue.gov.ar\/2025\/Dc%20358%202025%20Padrinazgo%20Esc%20Maurin%20Navarro.docx.pdf\"><img loading=\"lazy\" decoding=\"async\" width=\"512\" height=\"512\" src=\"https:\/\/hcd.malargue.gov.ar\/wp-content\/uploads\/2018\/06\/PDF-JPG.jpg\" alt=\"\" class=\"wp-image-7950\" style=\"width:139px;height:auto\" srcset=\"https:\/\/hcd.malargue.gov.ar\/wp-content\/uploads\/2018\/06\/PDF-JPG.jpg 512w, https:\/\/hcd.malargue.gov.ar\/wp-content\/uploads\/2018\/06\/PDF-JPG-150x150.jpg 150w, https:\/\/hcd.malargue.gov.ar\/wp-content\/uploads\/2018\/06\/PDF-JPG-300x300.jpg 300w\" sizes=\"auto, (max-width: 512px) 100vw, 512px\" \/><\/a><\/figure>\n<\/div>\n\n\n<p>VISTO: El contenido del Expediente N\u00b0 <em>4.756\/2.025-0 Bloque Uni\u00f3n Mendocina Proyecto de Declaraci\u00f3n: Declarar de Inter\u00e9s Departamental y Educativo el padrinazgo realizado por el \u201cGrupo Malarg\u00fce, a la Escuela N\u00b0 2-030 Juan Maurin Navarro&#8221;, en conmemoraci\u00f3n del 20 Aniversario de esta labor.<\/em> <\/p>\n\n\n\n<p>La noble y sostenida labor de un grupo de j\u00f3venes que, desde hace 20 a\u00f1os, apadrina a la Escuela N\u00b0 2-030 &#8216;Juan Maurin Navarro&#8217;, instituci\u00f3n que brinda servicios en la modalidad de Educaci\u00f3n Especial, ofreciendo apoyo, contenci\u00f3n, recursos y un acompa\u00f1amiento constante a su comunidad educativa.<\/p>\n\n\n\n<p>y;<\/p>\n\n\n\n<p>CONSIDERANDO: Que durante dos d\u00e9cadas este grupo ha desarrollado una labor desinteresada y constante, fortaleciendo el v\u00ednculo entre la comunidad y la Escuela N\u00b0 2-030 \u201cJuan Maurin Navarro\u201d, generando espacios de inclusi\u00f3n, participaci\u00f3n y compromiso social.<\/p>\n\n\n\n<p>Que el acompa\u00f1amiento brindado por estos j\u00f3venes ha sido fundamental para mejorar la calidad de vida y la experiencia educativa de ni\u00f1as, ni\u00f1os y j\u00f3venes con discapacidad, mediante visitas peri\u00f3dicas en las que presentan propuestas recreativas y pedag\u00f3gicas adaptadas a las necesidades de los estudiantes, promoviendo valores como la solidaridad, el respeto y el compa\u00f1erismo.<\/p>\n\n\n\n<p>Que en el marco del vig\u00e9simo aniversario de esta valiosa tarea, resulta justo y necesario realizar un reconocimiento p\u00fablico a la trayectoria de este grupo, en m\u00e9rito a su compromiso sostenido con la educaci\u00f3n, la inclusi\u00f3n y el fortalecimiento del entramado social.<\/p>\n\n\n\n<p>Que el Grupo Malarg\u00fce naci\u00f3 hace 20 a\u00f1os como un proyecto institucional impulsado por exalumnos del Colegio \u201cCeferino Namuncur\u00e1\u201d de la Provincia de Buenos Aires, con el objetivo principal de establecer un v\u00ednculo afectivo y solidario con los alumnos, sus familias y el cuerpo docente de la instituci\u00f3n.<\/p>\n\n\n\n<p>Que el Grupo Malarg\u00fce desarrolla una labor permanente durante todo el a\u00f1o, organizando eventos y acciones solidarias para recaudar fondos, los cuales se traducen en la entrega de materiales did\u00e1cticos, obsequios para los alumnos y recursos destinados a fortalecer el funcionamiento de la escuela.<\/p>\n\n\n\n<p>EL HONORABLE CONCEJO DELIBERANTE DE LA MUNICIPALIDAD DE MALARG\u00dcE EN USO DE LAS FACULTADES QUE LE SON PROPIAS<\/p>\n\n\n\n<p>DECLARA<\/p>\n\n\n\n<p>ART\u00cdCULO 1\u00ba: Declarar de Inter\u00e9s Departamental y Educativo el padrinazgo realizado por el Grupo Malarg\u00fce, a la Escuela N\u00ba 2-030 &#8220;Juan Maurin Navarro&#8221;, en conmemoraci\u00f3n de los 20 a\u00f1os de acompa\u00f1amiento solidario e inclusivo.<\/p>\n\n\n\n<p>ART\u00cdCULO 2\u00ba: Remitir copia de la presente pieza legal a la Direcci\u00f3n de la Escuela N\u00b0 2-030 &#8220;Juan Maurin Navarro&#8221; y al Grupo Malarg\u00fce, junto a un Diploma de distinci\u00f3n con la siguiente leyenda: &#8220;Declarar de Inter\u00e9s Departamental y Educativo el padrinazgo realizado por el Grupo Malarg\u00fce, a la Escuela N\u00b0 2-030 &#8220;Juan Maurin Navarro&#8221;, en conmemoraci\u00f3n de los 20 a\u00f1os de acompa\u00f1amiento solidario e inclusivo&#8221;.<\/p>\n\n\n\n<p>ART\u00cdCULO 3\u00ba: Comun\u00edquese, reg\u00edstrese, agr\u00e9guese copia de la presente en las actuaciones correspondientes y arch\u00edvese.<\/p>\n\n\n\n<p>DADA EN LA SALA DE SESIONES DR.&nbsp; RICARDO BALBIN DEL HONORABLE CONCEJO DELIBERANTE DE LA MUNICIPALIDAD DE MALARG\u00dcE A VEINTICUATRO D\u00cdAS DE JULIO DE DOS MIL VEINTICINCO.<\/p>\n","protected":false},"excerpt":{"rendered":"<p>El HCD reconoci\u00f3 el padrinazgo del Grupo Malarg\u00fce a la Escuela de Educaci\u00f3n Especial Juan Maurin Navarro A trav\u00e9s de la Declaraci\u00f3n N\u00b0 358\/2.025, el Honorable Concejo Deliberante de Malarg\u00fce declar\u00f3 de Inter\u00e9s Departamental y Educativo el padrinazgo sostenido que el Grupo Malarg\u00fce mantiene desde hace 20 a\u00f1os con la Escuela N\u00b0 2-030 \u201cJuan Maurin [&hellip;]<\/p>\n","protected":false},"author":5,"featured_media":39245,"comment_status":"closed","ping_status":"closed","sticky":false,"template":"","format":"standard","meta":{"footnotes":""},"categories":[46,52,29,33],"tags":[],"class_list":["post-39238","post","type-post","status-publish","format-standard","has-post-thumbnail","hentry","category-declaraciones","category-gacetillas","category-lesgilacion","category-prensa"],"yoast_head":"<!-- This site is optimized with the Yoast SEO plugin v19.10 - https:\/\/yoast.com\/wordpress\/plugins\/seo\/ -->\n<title>DECLARACI\u00d3N N\u00b0 358\/2.025 - Malarg\u00fce HCD<\/title>\n<meta name=\"robots\" content=\"index, follow, max-snippet:-1, max-image-preview:large, max-video-preview:-1\" \/>\n<link rel=\"canonical\" href=\"https:\/\/hcd.malargue.gov.ar\/?p=39238\" \/>\n<meta property=\"og:locale\" content=\"es_ES\" \/>\n<meta property=\"og:type\" content=\"article\" \/>\n<meta property=\"og:title\" content=\"DECLARACI\u00d3N N\u00b0 358\/2.025 - Malarg\u00fce HCD\" \/>\n<meta property=\"og:description\" content=\"El HCD reconoci\u00f3 el padrinazgo del Grupo Malarg\u00fce a la Escuela de Educaci\u00f3n Especial Juan Maurin Navarro A trav\u00e9s de la Declaraci\u00f3n N\u00b0 358\/2.025, el Honorable Concejo Deliberante de Malarg\u00fce declar\u00f3 de Inter\u00e9s Departamental y Educativo el padrinazgo sostenido que el Grupo Malarg\u00fce mantiene desde hace 20 a\u00f1os con la Escuela N\u00b0 2-030 \u201cJuan Maurin [&hellip;]\" \/>\n<meta property=\"og:url\" content=\"https:\/\/hcd.malargue.gov.ar\/?p=39238\" \/>\n<meta property=\"og:site_name\" content=\"Malarg\u00fce HCD\" \/>\n<meta property=\"article:published_time\" content=\"2025-08-04T16:04:50+00:00\" \/>\n<meta property=\"article:modified_time\" content=\"2025-08-08T13:08:29+00:00\" \/>\n<meta property=\"og:image\" content=\"https:\/\/hcd.malargue.gov.ar\/wp-content\/uploads\/2025\/08\/DECLARACION-358-2025.png\" \/>\n\t<meta property=\"og:image:width\" content=\"940\" \/>\n\t<meta property=\"og:image:height\" content=\"788\" \/>\n\t<meta property=\"og:image:type\" content=\"image\/png\" \/>\n<meta name=\"author\" content=\"Belen Pedernera Ferragut\" \/>\n<meta name=\"twitter:card\" content=\"summary_large_image\" \/>\n<meta name=\"twitter:label1\" content=\"Escrito por\" \/>\n\t<meta name=\"twitter:data1\" content=\"Belen Pedernera Ferragut\" \/>\n\t<meta name=\"twitter:label2\" content=\"Tiempo de lectura\" \/>\n\t<meta name=\"twitter:data2\" content=\"4 minutos\" \/>\n<script type=\"application\/ld+json\" class=\"yoast-schema-graph\">{\"@context\":\"https:\/\/schema.org\",\"@graph\":[{\"@type\":\"WebPage\",\"@id\":\"https:\/\/hcd.malargue.gov.ar\/?p=39238\",\"url\":\"https:\/\/hcd.malargue.gov.ar\/?p=39238\",\"name\":\"DECLARACI\u00d3N N\u00b0 358\/2.025 - Malarg\u00fce HCD\",\"isPartOf\":{\"@id\":\"https:\/\/hcd.malargue.gov.ar\/#website\"},\"datePublished\":\"2025-08-04T16:04:50+00:00\",\"dateModified\":\"2025-08-08T13:08:29+00:00\",\"author\":{\"@id\":\"https:\/\/hcd.malargue.gov.ar\/#\/schema\/person\/3fd6bbab64edd703961b795156c955d0\"},\"breadcrumb\":{\"@id\":\"https:\/\/hcd.malargue.gov.ar\/?p=39238#breadcrumb\"},\"inLanguage\":\"es-AR\",\"potentialAction\":[{\"@type\":\"ReadAction\",\"target\":[\"https:\/\/hcd.malargue.gov.ar\/?p=39238\"]}]},{\"@type\":\"BreadcrumbList\",\"@id\":\"https:\/\/hcd.malargue.gov.ar\/?p=39238#breadcrumb\",\"itemListElement\":[{\"@type\":\"ListItem\",\"position\":1,\"name\":\"Inicio\",\"item\":\"https:\/\/hcd.malargue.gov.ar\/\"},{\"@type\":\"ListItem\",\"position\":2,\"name\":\"DECLARACI\u00d3N N\u00b0 358\/2.025\"}]},{\"@type\":\"WebSite\",\"@id\":\"https:\/\/hcd.malargue.gov.ar\/#website\",\"url\":\"https:\/\/hcd.malargue.gov.ar\/\",\"name\":\"Malarg\u00fce HCD\",\"description\":\"Malarg\u00fce Mendoza Argentina\",\"potentialAction\":[{\"@type\":\"SearchAction\",\"target\":{\"@type\":\"EntryPoint\",\"urlTemplate\":\"https:\/\/hcd.malargue.gov.ar\/?s={search_term_string}\"},\"query-input\":\"required name=search_term_string\"}],\"inLanguage\":\"es-AR\"},{\"@type\":\"Person\",\"@id\":\"https:\/\/hcd.malargue.gov.ar\/#\/schema\/person\/3fd6bbab64edd703961b795156c955d0\",\"name\":\"Belen Pedernera Ferragut\",\"image\":{\"@type\":\"ImageObject\",\"inLanguage\":\"es-AR\",\"@id\":\"https:\/\/hcd.malargue.gov.ar\/#\/schema\/person\/image\/\",\"url\":\"https:\/\/secure.gravatar.com\/avatar\/1054ffab3893de4bb3eb29bdd22f7e34b8537bf5d34d9dab311818154ad5b71f?s=96&d=mm&r=g\",\"contentUrl\":\"https:\/\/secure.gravatar.com\/avatar\/1054ffab3893de4bb3eb29bdd22f7e34b8537bf5d34d9dab311818154ad5b71f?s=96&d=mm&r=g\",\"caption\":\"Belen Pedernera Ferragut\"},\"url\":\"https:\/\/hcd.malargue.gov.ar\/?author=5\"}]}<\/script>\n<!-- \/ Yoast SEO plugin. -->","yoast_head_json":{"title":"DECLARACI\u00d3N N\u00b0 358\/2.025 - Malarg\u00fce HCD","robots":{"index":"index","follow":"follow","max-snippet":"max-snippet:-1","max-image-preview":"max-image-preview:large","max-video-preview":"max-video-preview:-1"},"canonical":"https:\/\/hcd.malargue.gov.ar\/?p=39238","og_locale":"es_ES","og_type":"article","og_title":"DECLARACI\u00d3N N\u00b0 358\/2.025 - Malarg\u00fce HCD","og_description":"El HCD reconoci\u00f3 el padrinazgo del Grupo Malarg\u00fce a la Escuela de Educaci\u00f3n Especial Juan Maurin Navarro A trav\u00e9s de la Declaraci\u00f3n N\u00b0 358\/2.025, el Honorable Concejo Deliberante de Malarg\u00fce declar\u00f3 de Inter\u00e9s Departamental y Educativo el padrinazgo sostenido que el Grupo Malarg\u00fce mantiene desde hace 20 a\u00f1os con la Escuela N\u00b0 2-030 \u201cJuan Maurin [&hellip;]","og_url":"https:\/\/hcd.malargue.gov.ar\/?p=39238","og_site_name":"Malarg\u00fce HCD","article_published_time":"2025-08-04T16:04:50+00:00","article_modified_time":"2025-08-08T13:08:29+00:00","og_image":[{"width":940,"height":788,"url":"https:\/\/hcd.malargue.gov.ar\/wp-content\/uploads\/2025\/08\/DECLARACION-358-2025.png","type":"image\/png"}],"author":"Belen Pedernera Ferragut","twitter_card":"summary_large_image","twitter_misc":{"Escrito por":"Belen Pedernera Ferragut","Tiempo de lectura":"4 minutos"},"schema":{"@context":"https:\/\/schema.org","@graph":[{"@type":"WebPage","@id":"https:\/\/hcd.malargue.gov.ar\/?p=39238","url":"https:\/\/hcd.malargue.gov.ar\/?p=39238","name":"DECLARACI\u00d3N N\u00b0 358\/2.025 - Malarg\u00fce HCD","isPartOf":{"@id":"https:\/\/hcd.malargue.gov.ar\/#website"},"datePublished":"2025-08-04T16:04:50+00:00","dateModified":"2025-08-08T13:08:29+00:00","author":{"@id":"https:\/\/hcd.malargue.gov.ar\/#\/schema\/person\/3fd6bbab64edd703961b795156c955d0"},"breadcrumb":{"@id":"https:\/\/hcd.malargue.gov.ar\/?p=39238#breadcrumb"},"inLanguage":"es-AR","potentialAction":[{"@type":"ReadAction","target":["https:\/\/hcd.malargue.gov.ar\/?p=39238"]}]},{"@type":"BreadcrumbList","@id":"https:\/\/hcd.malargue.gov.ar\/?p=39238#breadcrumb","itemListElement":[{"@type":"ListItem","position":1,"name":"Inicio","item":"https:\/\/hcd.malargue.gov.ar\/"},{"@type":"ListItem","position":2,"name":"DECLARACI\u00d3N N\u00b0 358\/2.025"}]},{"@type":"WebSite","@id":"https:\/\/hcd.malargue.gov.ar\/#website","url":"https:\/\/hcd.malargue.gov.ar\/","name":"Malarg\u00fce HCD","description":"Malarg\u00fce Mendoza Argentina","potentialAction":[{"@type":"SearchAction","target":{"@type":"EntryPoint","urlTemplate":"https:\/\/hcd.malargue.gov.ar\/?s={search_term_string}"},"query-input":"required name=search_term_string"}],"inLanguage":"es-AR"},{"@type":"Person","@id":"https:\/\/hcd.malargue.gov.ar\/#\/schema\/person\/3fd6bbab64edd703961b795156c955d0","name":"Belen Pedernera Ferragut","image":{"@type":"ImageObject","inLanguage":"es-AR","@id":"https:\/\/hcd.malargue.gov.ar\/#\/schema\/person\/image\/","url":"https:\/\/secure.gravatar.com\/avatar\/1054ffab3893de4bb3eb29bdd22f7e34b8537bf5d34d9dab311818154ad5b71f?s=96&d=mm&r=g","contentUrl":"https:\/\/secure.gravatar.com\/avatar\/1054ffab3893de4bb3eb29bdd22f7e34b8537bf5d34d9dab311818154ad5b71f?s=96&d=mm&r=g","caption":"Belen Pedernera Ferragut"},"url":"https:\/\/hcd.malargue.gov.ar\/?author=5"}]}},"_links":{"self":[{"href":"https:\/\/hcd.malargue.gov.ar\/index.php?rest_route=\/wp\/v2\/posts\/39238","targetHints":{"allow":["GET"]}}],"collection":[{"href":"https:\/\/hcd.malargue.gov.ar\/index.php?rest_route=\/wp\/v2\/posts"}],"about":[{"href":"https:\/\/hcd.malargue.gov.ar\/index.php?rest_route=\/wp\/v2\/types\/post"}],"author":[{"embeddable":true,"href":"https:\/\/hcd.malargue.gov.ar\/index.php?rest_route=\/wp\/v2\/users\/5"}],"replies":[{"embeddable":true,"href":"https:\/\/hcd.malargue.gov.ar\/index.php?rest_route=%2Fwp%2Fv2%2Fcomments&post=39238"}],"version-history":[{"count":2,"href":"https:\/\/hcd.malargue.gov.ar\/index.php?rest_route=\/wp\/v2\/posts\/39238\/revisions"}],"predecessor-version":[{"id":39282,"href":"https:\/\/hcd.malargue.gov.ar\/index.php?rest_route=\/wp\/v2\/posts\/39238\/revisions\/39282"}],"wp:featuredmedia":[{"embeddable":true,"href":"https:\/\/hcd.malargue.gov.ar\/index.php?rest_route=\/wp\/v2\/media\/39245"}],"wp:attachment":[{"href":"https:\/\/hcd.malargue.gov.ar\/index.php?rest_route=%2Fwp%2Fv2%2Fmedia&parent=39238"}],"wp:term":[{"taxonomy":"category","embeddable":true,"href":"https:\/\/hcd.malargue.gov.ar\/index.php?rest_route=%2Fwp%2Fv2%2Fcategories&post=39238"},{"taxonomy":"post_tag","embeddable":true,"href":"https:\/\/hcd.malargue.gov.ar\/index.php?rest_route=%2Fwp%2Fv2%2Ftags&post=39238"}],"curies":[{"name":"wp","href":"https:\/\/api.w.org\/{rel}","templated":true}]}}