{"id":39249,"date":"2025-08-05T09:31:11","date_gmt":"2025-08-05T12:31:11","guid":{"rendered":"https:\/\/hcd.malargue.gov.ar\/?p=39249"},"modified":"2025-08-05T09:31:17","modified_gmt":"2025-08-05T12:31:17","slug":"comunicacion-n-485-2-025","status":"publish","type":"post","link":"https:\/\/hcd.malargue.gov.ar\/?p=39249","title":{"rendered":"COMUNICACI\u00d3N N\u00b0 485\/2.025"},"content":{"rendered":"\n<h4 class=\"wp-block-heading has-text-align-center\"><strong>El HCD expres\u00f3 su profunda preocupaci\u00f3n por el aumento de la mortalidad infantil y materna en Mendoza<\/strong><\/h4>\n\n\n\n<p><em>A trav\u00e9s de la Comunicaci\u00f3n N\u00b0 485\/2.025, el Honorable Concejo Deliberante de Malarg\u00fce manifest\u00f3 su alarma frente al aumento de los \u00edndices de mortalidad infantil y materna registrados en la provincia durante el a\u00f1o 2024, datos que reflejan un preocupante retroceso en materia de salud p\u00fablica.<\/em><\/p>\n\n\n\n<p><em>La Pieza lLgal, elaborada por el Bloque Reconstruyendo Malarg\u00fce, destaca que la tasa de mortalidad infantil se increment\u00f3 de 5,5 a 7,5 por mil nacidos vivos, lo que representa un aumento del 36,36 %. En total, se contabilizaron 139 muertes de ni\u00f1as y ni\u00f1os menores de un a\u00f1o, frente a las 111 del a\u00f1o anterior. Por su parte, la tasa de mortalidad materna tambi\u00e9n se duplic\u00f3, pasando de 1,5 a 3 por cada 10.000 nacidos vivos.<\/em><\/p>\n\n\n\n<p>Desde el Ministerio de Salud de Mendoza se atribuy\u00f3 esta situaci\u00f3n a causas perinatales, malformaciones cong\u00e9nitas y el impacto del contexto socioecon\u00f3mico. Sin embargo, se reconoce que la crisis estructural del sistema sanitario ha jugado un rol determinante.<\/p>\n\n\n\n<p><em>La Comunicaci\u00f3n tambi\u00e9n recoge declaraciones de la Secretaria General de AMProS, Claudia Iturbe, quien denunci\u00f3 el \u00e9xodo de profesionales por bajos salarios, el cierre de maternidades como las del Hospital Carrillo y el Hospital Metraux, y las deficiencias en regiones como el Valle de Uco y Guaymall\u00e9n.<\/em><\/p>\n\n\n\n<p><em>El Concejo Deliberante local consider\u00f3 imprescindible exigir medidas urgentes, entre ellas la reapertura de maternidades, mayor presupuesto para salud materno-infantil, mejora en las condiciones laborales del personal de salud, provisi\u00f3n adecuada de insumos y la elaboraci\u00f3n de un plan de emergencia.<\/em><\/p>\n\n\n\n<p><em>Finalmente, se resolvi\u00f3 enviar copia de la pieza legal al Ministerio de Salud, a ambas C\u00e1maras de la Legislatura Provincial, a la Secretar\u00eda de Desarrollo Humano de Malarg\u00fce y a todos los Concejos Deliberantes de Mendoza, invit\u00e1ndolos a adherir a esta manifestaci\u00f3n.<\/em><\/p>\n\n\n\n<p class=\"has-text-align-center\"><strong>PIEZA LEGAL COMPLETA<\/strong><\/p>\n\n\n<div class=\"wp-block-image\">\n<figure class=\"alignright size-full is-resized\"><a href=\"http:\/\/hcd.malargue.gov.ar\/2025\/Cn%20485%202025%20Preocupacion%20aumento%20indice%20Mortalidad%20infantil%20y%20materna.pdf\"><img loading=\"lazy\" decoding=\"async\" width=\"512\" height=\"512\" src=\"https:\/\/hcd.malargue.gov.ar\/wp-content\/uploads\/2018\/06\/PDF-JPG.jpg\" alt=\"\" class=\"wp-image-7950\" style=\"width:138px;height:auto\" srcset=\"https:\/\/hcd.malargue.gov.ar\/wp-content\/uploads\/2018\/06\/PDF-JPG.jpg 512w, https:\/\/hcd.malargue.gov.ar\/wp-content\/uploads\/2018\/06\/PDF-JPG-150x150.jpg 150w, https:\/\/hcd.malargue.gov.ar\/wp-content\/uploads\/2018\/06\/PDF-JPG-300x300.jpg 300w\" sizes=\"auto, (max-width: 512px) 100vw, 512px\" \/><\/a><\/figure>\n<\/div>\n\n\n<p><strong>AUTORA CONCEJALA SILVINA CAMIOLO<\/strong><\/p>\n\n\n\n<p><strong>BLOQUE RECONSTRUYENDO MALARG\u00dcE<\/strong><\/p>\n\n\n\n<p>VISTO: El contenido del Expediente N\u00ba 4.000\/2.025-0. Bloque Reconstruyendo Malarg\u00fce. Proyecto de Comunicaci\u00f3n: Manifestar preocupaci\u00f3n ante el aumento de los \u00edndices de mortalidad infantil y materna en la Provincia de Mendoza durante el&nbsp;a\u00f1o 2.024.<\/p>\n\n\n\n<p>El alarmante aumento de la tasa de mortalidad infantil y materna en la Provincia de Mendoza durante el a\u00f1o 2.024, pone en evidencia el deterioro del sistema p\u00fablico de salud provincial.<\/p>\n\n\n\n<p>Y;<\/p>\n\n\n\n<p>CONSIDERANDO: Que seg\u00fan datos oficiales, la tasa de mortalidad infantil en la Provincia de Mendoza se increment\u00f3 de 5,5 a 7,5 por mil nacidos vivos durante el a\u00f1o 2.024, lo que representa un aumento del 36,36 %. Este dato se traduce en ciento treinta y nueve (139) muertes de ni\u00f1as y ni\u00f1os menores de un a\u00f1o, frente al ciento once (111) registradas el a\u00f1o anterior.<\/p>\n\n\n\n<p>Que la tasa de mortalidad materna tambi\u00e9n present\u00f3 un preocupante incremento, duplic\u00e1ndose de 1,5 a 3 por cada diez mil (10.000) nacidos vivos, lo que representa un grave retroceso luego de seis a\u00f1os consecutivos de mejora en los indicadores de salud materno-infantil.<\/p>\n\n\n\n<p>Que el Ministerio de Salud de la Provincia de Mendoza atribuy\u00f3 este aumento a diversas causas, entre ellas condiciones perinatales, malformaciones cong\u00e9nitas y especialmente, el contexto socioecon\u00f3mico, reconociendo que las deficiencias estructurales afectan directamente a las madres y a sus hijos.<\/p>\n\n\n\n<p>Que este deterioro de los indicadores se da en un contexto de crisis del Sistema Sanitario Provincial, con Hospitales colapsados, falta de insumos b\u00e1sicos, Profesionales con jornadas extenuantes, salarios bajos y condiciones laborales que han generado el \u00e9xodo de recursos humanos calificados hacia otras Provincias y Pa\u00edses.<\/p>\n\n\n\n<p>Que Claudia Iturbe, Secretaria General de la Asociaci\u00f3n Mendocina de Profesionales de la Salud (AMProS), denunci\u00f3 que Mendoza mantiene a sus profesionales entre los peor remunerados del pa\u00eds. Asimismo, advirti\u00f3 sobre decisiones pol\u00edticas que agravan la situaci\u00f3n, como el cierre de maternidades -tal es el caso del Hospital Carrillo y el Hospital Alfredo Metraux- y la cr\u00edtica situaci\u00f3n de los servicios de salud en Regiones como el Valle de Uco y el Departamento de Guaymall\u00e9n, lo cual refleja un alarmante abandono de las pol\u00edticas de salud reproductiva y materna.<\/p>\n\n\n\n<p>Que la mortalidad infantil est\u00e1 \u00edntimamente vinculada a las condiciones socioecon\u00f3micas y al acceso equitativo a servicios de salud de calidad, raz\u00f3n por la cual resulta urgente e impostergable reforzar el sistema p\u00fablico de salud y garantizar el derecho a la salud de las madres y los ni\u00f1os en la provincia.<\/p>\n\n\n\n<p>Que el Honorable Concejo Deliberante de Malarg\u00fce no puede permanecer ajeno ante esta preocupante realidad, ya que se trata de la vida y el bienestar de mendocinos y mendocinas y no meramente de cifras estad\u00edsticas.<\/p>\n\n\n\n<p>EL HONORABLE CONCEJO DELIBERANTE DE LA MUNICIPALIDAD DE MALARG\u00dcE EN USO DE LAS FACULTADES QUE LE SON PROPIAS<\/p>\n\n\n\n<p>COMUNICA<\/p>\n\n\n\n<p>ART\u00cdCULO 1\u00ba: Que ver\u00eda con agrado manifestar profunda preocupaci\u00f3n ante el aumento de los \u00edndices de mortalidad infantil y materna en la Provincia de Mendoza durante el a\u00f1o 2.024, entendiendo que este hecho constituye un retroceso en t\u00e9rminos de derechos humanos y pol\u00edticas p\u00fablicas de salud.<\/p>\n\n\n\n<p>ART\u00cdCULO 2\u00ba: Responsabilizar a la gesti\u00f3n del Gobernador Alfredo Cornejo y del Ministro de Salud, Rodolfo Montero por el deterioro del Sistema de Salud P\u00fablica Provincial, el cierre de maternidades, la falta de recursos y personal en hospitales y centros de salud y el abandono de las pol\u00edticas de cuidado y acompa\u00f1amiento a mujeres embarazadas y a la primera infancia.<\/p>\n\n\n\n<p>ART\u00cdCULO 3\u00ba: Solicitar al Ministerio de Salud de Mendoza y a la Honorable Legislatura Provincial la adopci\u00f3n inmediata de medidas concretas, urgentes y sostenidas en el tiempo, tendientes a:<\/p>\n\n\n\n<p>a) Reabrir y fortalecer las maternidades p\u00fablicas cerradas.<\/p>\n\n\n\n<p>b) Incrementar el Presupuesto en Salud P\u00fablica, priorizando el \u00c1rea Materno-Infantil.<\/p>\n\n\n\n<p>c) Mejorar las condiciones salariales y laborales del personal de salud para frenar el \u00e9xodo de profesionales.<\/p>\n\n\n\n<p>d) Garantizar la provisi\u00f3n de insumos y equipamiento necesario en todos los hospitales y centros de salud de la provincia, en especial en zonas alejadas y vulnerables.<\/p>\n\n\n\n<p>e) Elaborar un plan de emergencia provincial para revertir los \u00edndices de mortalidad infantil y materna.<\/p>\n\n\n\n<p>ART\u00cdCULO 4\u00ba: Enviar copia de la presente Pieza Legal al Ministerio de Salud de la Provincia de Mendoza, a ambas C\u00e1maras de la Honorable Legislatura Provincial, a la Secretar\u00eda de Desarrollo Humano del Departamento de Malarg\u00fce y a los Concejos Deliberantes de los dem\u00e1s Departamentos mendocinos, invit\u00e1ndolos a adherir a la presente iniciativa.<\/p>\n\n\n\n<p>ART\u00cdCULO 5\u00ba: Comun\u00edquese, reg\u00edstrese, agr\u00e9guese copia de la presente en las actuaciones correspondientes y arch\u00edvese.<\/p>\n\n\n\n<p>DADA EN LA SALA DE SESIONES DR. RICARDO BALBIN DEL HONORABLE CONCEJO DELIBERANTE DE LA MUNICIPALIDAD DE MALARG\u00dcE A VEINTICUATRO D\u00cdAS DE JULIO DE DOS MIL VEINTICINCO.<\/p>\n","protected":false},"excerpt":{"rendered":"<p>El HCD expres\u00f3 su profunda preocupaci\u00f3n por el aumento de la mortalidad infantil y materna en Mendoza A trav\u00e9s de la Comunicaci\u00f3n N\u00b0 485\/2.025, el Honorable Concejo Deliberante de Malarg\u00fce manifest\u00f3 su alarma frente al aumento de los \u00edndices de mortalidad infantil y materna registrados en la provincia durante el a\u00f1o 2024, datos que reflejan [&hellip;]<\/p>\n","protected":false},"author":5,"featured_media":39250,"comment_status":"closed","ping_status":"closed","sticky":false,"template":"","format":"standard","meta":{"footnotes":""},"categories":[47,52,29,33],"tags":[],"class_list":["post-39249","post","type-post","status-publish","format-standard","has-post-thumbnail","hentry","category-comunicaciones","category-gacetillas","category-lesgilacion","category-prensa"],"yoast_head":"<!-- This site is optimized with the Yoast SEO plugin v19.10 - https:\/\/yoast.com\/wordpress\/plugins\/seo\/ -->\n<title>COMUNICACI\u00d3N N\u00b0 485\/2.025 - Malarg\u00fce HCD<\/title>\n<meta name=\"robots\" content=\"index, follow, max-snippet:-1, max-image-preview:large, max-video-preview:-1\" \/>\n<link rel=\"canonical\" href=\"https:\/\/hcd.malargue.gov.ar\/?p=39249\" \/>\n<meta property=\"og:locale\" content=\"es_ES\" \/>\n<meta property=\"og:type\" content=\"article\" \/>\n<meta property=\"og:title\" content=\"COMUNICACI\u00d3N N\u00b0 485\/2.025 - Malarg\u00fce HCD\" \/>\n<meta property=\"og:description\" content=\"El HCD expres\u00f3 su profunda preocupaci\u00f3n por el aumento de la mortalidad infantil y materna en Mendoza A trav\u00e9s de la Comunicaci\u00f3n N\u00b0 485\/2.025, el Honorable Concejo Deliberante de Malarg\u00fce manifest\u00f3 su alarma frente al aumento de los \u00edndices de mortalidad infantil y materna registrados en la provincia durante el a\u00f1o 2024, datos que reflejan [&hellip;]\" \/>\n<meta property=\"og:url\" content=\"https:\/\/hcd.malargue.gov.ar\/?p=39249\" \/>\n<meta property=\"og:site_name\" content=\"Malarg\u00fce HCD\" \/>\n<meta property=\"article:published_time\" content=\"2025-08-05T12:31:11+00:00\" \/>\n<meta property=\"article:modified_time\" content=\"2025-08-05T12:31:17+00:00\" \/>\n<meta property=\"og:image\" content=\"https:\/\/hcd.malargue.gov.ar\/wp-content\/uploads\/2025\/08\/COMUNICACION-485-2025.png\" \/>\n\t<meta property=\"og:image:width\" content=\"940\" \/>\n\t<meta property=\"og:image:height\" content=\"788\" \/>\n\t<meta property=\"og:image:type\" content=\"image\/png\" \/>\n<meta name=\"author\" content=\"Belen Pedernera Ferragut\" \/>\n<meta name=\"twitter:card\" content=\"summary_large_image\" \/>\n<meta name=\"twitter:label1\" content=\"Escrito por\" \/>\n\t<meta name=\"twitter:data1\" content=\"Belen Pedernera Ferragut\" \/>\n\t<meta name=\"twitter:label2\" content=\"Tiempo de lectura\" \/>\n\t<meta name=\"twitter:data2\" content=\"6 minutos\" \/>\n<script type=\"application\/ld+json\" class=\"yoast-schema-graph\">{\"@context\":\"https:\/\/schema.org\",\"@graph\":[{\"@type\":\"WebPage\",\"@id\":\"https:\/\/hcd.malargue.gov.ar\/?p=39249\",\"url\":\"https:\/\/hcd.malargue.gov.ar\/?p=39249\",\"name\":\"COMUNICACI\u00d3N N\u00b0 485\/2.025 - Malarg\u00fce HCD\",\"isPartOf\":{\"@id\":\"https:\/\/hcd.malargue.gov.ar\/#website\"},\"datePublished\":\"2025-08-05T12:31:11+00:00\",\"dateModified\":\"2025-08-05T12:31:17+00:00\",\"author\":{\"@id\":\"https:\/\/hcd.malargue.gov.ar\/#\/schema\/person\/3fd6bbab64edd703961b795156c955d0\"},\"breadcrumb\":{\"@id\":\"https:\/\/hcd.malargue.gov.ar\/?p=39249#breadcrumb\"},\"inLanguage\":\"es-AR\",\"potentialAction\":[{\"@type\":\"ReadAction\",\"target\":[\"https:\/\/hcd.malargue.gov.ar\/?p=39249\"]}]},{\"@type\":\"BreadcrumbList\",\"@id\":\"https:\/\/hcd.malargue.gov.ar\/?p=39249#breadcrumb\",\"itemListElement\":[{\"@type\":\"ListItem\",\"position\":1,\"name\":\"Inicio\",\"item\":\"https:\/\/hcd.malargue.gov.ar\/\"},{\"@type\":\"ListItem\",\"position\":2,\"name\":\"COMUNICACI\u00d3N N\u00b0 485\/2.025\"}]},{\"@type\":\"WebSite\",\"@id\":\"https:\/\/hcd.malargue.gov.ar\/#website\",\"url\":\"https:\/\/hcd.malargue.gov.ar\/\",\"name\":\"Malarg\u00fce HCD\",\"description\":\"Malarg\u00fce Mendoza Argentina\",\"potentialAction\":[{\"@type\":\"SearchAction\",\"target\":{\"@type\":\"EntryPoint\",\"urlTemplate\":\"https:\/\/hcd.malargue.gov.ar\/?s={search_term_string}\"},\"query-input\":\"required name=search_term_string\"}],\"inLanguage\":\"es-AR\"},{\"@type\":\"Person\",\"@id\":\"https:\/\/hcd.malargue.gov.ar\/#\/schema\/person\/3fd6bbab64edd703961b795156c955d0\",\"name\":\"Belen Pedernera Ferragut\",\"image\":{\"@type\":\"ImageObject\",\"inLanguage\":\"es-AR\",\"@id\":\"https:\/\/hcd.malargue.gov.ar\/#\/schema\/person\/image\/\",\"url\":\"https:\/\/secure.gravatar.com\/avatar\/1054ffab3893de4bb3eb29bdd22f7e34b8537bf5d34d9dab311818154ad5b71f?s=96&d=mm&r=g\",\"contentUrl\":\"https:\/\/secure.gravatar.com\/avatar\/1054ffab3893de4bb3eb29bdd22f7e34b8537bf5d34d9dab311818154ad5b71f?s=96&d=mm&r=g\",\"caption\":\"Belen Pedernera Ferragut\"},\"url\":\"https:\/\/hcd.malargue.gov.ar\/?author=5\"}]}<\/script>\n<!-- \/ Yoast SEO plugin. -->","yoast_head_json":{"title":"COMUNICACI\u00d3N N\u00b0 485\/2.025 - Malarg\u00fce HCD","robots":{"index":"index","follow":"follow","max-snippet":"max-snippet:-1","max-image-preview":"max-image-preview:large","max-video-preview":"max-video-preview:-1"},"canonical":"https:\/\/hcd.malargue.gov.ar\/?p=39249","og_locale":"es_ES","og_type":"article","og_title":"COMUNICACI\u00d3N N\u00b0 485\/2.025 - Malarg\u00fce HCD","og_description":"El HCD expres\u00f3 su profunda preocupaci\u00f3n por el aumento de la mortalidad infantil y materna en Mendoza A trav\u00e9s de la Comunicaci\u00f3n N\u00b0 485\/2.025, el Honorable Concejo Deliberante de Malarg\u00fce manifest\u00f3 su alarma frente al aumento de los \u00edndices de mortalidad infantil y materna registrados en la provincia durante el a\u00f1o 2024, datos que reflejan [&hellip;]","og_url":"https:\/\/hcd.malargue.gov.ar\/?p=39249","og_site_name":"Malarg\u00fce HCD","article_published_time":"2025-08-05T12:31:11+00:00","article_modified_time":"2025-08-05T12:31:17+00:00","og_image":[{"width":940,"height":788,"url":"https:\/\/hcd.malargue.gov.ar\/wp-content\/uploads\/2025\/08\/COMUNICACION-485-2025.png","type":"image\/png"}],"author":"Belen Pedernera Ferragut","twitter_card":"summary_large_image","twitter_misc":{"Escrito por":"Belen Pedernera Ferragut","Tiempo de lectura":"6 minutos"},"schema":{"@context":"https:\/\/schema.org","@graph":[{"@type":"WebPage","@id":"https:\/\/hcd.malargue.gov.ar\/?p=39249","url":"https:\/\/hcd.malargue.gov.ar\/?p=39249","name":"COMUNICACI\u00d3N N\u00b0 485\/2.025 - Malarg\u00fce HCD","isPartOf":{"@id":"https:\/\/hcd.malargue.gov.ar\/#website"},"datePublished":"2025-08-05T12:31:11+00:00","dateModified":"2025-08-05T12:31:17+00:00","author":{"@id":"https:\/\/hcd.malargue.gov.ar\/#\/schema\/person\/3fd6bbab64edd703961b795156c955d0"},"breadcrumb":{"@id":"https:\/\/hcd.malargue.gov.ar\/?p=39249#breadcrumb"},"inLanguage":"es-AR","potentialAction":[{"@type":"ReadAction","target":["https:\/\/hcd.malargue.gov.ar\/?p=39249"]}]},{"@type":"BreadcrumbList","@id":"https:\/\/hcd.malargue.gov.ar\/?p=39249#breadcrumb","itemListElement":[{"@type":"ListItem","position":1,"name":"Inicio","item":"https:\/\/hcd.malargue.gov.ar\/"},{"@type":"ListItem","position":2,"name":"COMUNICACI\u00d3N N\u00b0 485\/2.025"}]},{"@type":"WebSite","@id":"https:\/\/hcd.malargue.gov.ar\/#website","url":"https:\/\/hcd.malargue.gov.ar\/","name":"Malarg\u00fce HCD","description":"Malarg\u00fce Mendoza Argentina","potentialAction":[{"@type":"SearchAction","target":{"@type":"EntryPoint","urlTemplate":"https:\/\/hcd.malargue.gov.ar\/?s={search_term_string}"},"query-input":"required name=search_term_string"}],"inLanguage":"es-AR"},{"@type":"Person","@id":"https:\/\/hcd.malargue.gov.ar\/#\/schema\/person\/3fd6bbab64edd703961b795156c955d0","name":"Belen Pedernera Ferragut","image":{"@type":"ImageObject","inLanguage":"es-AR","@id":"https:\/\/hcd.malargue.gov.ar\/#\/schema\/person\/image\/","url":"https:\/\/secure.gravatar.com\/avatar\/1054ffab3893de4bb3eb29bdd22f7e34b8537bf5d34d9dab311818154ad5b71f?s=96&d=mm&r=g","contentUrl":"https:\/\/secure.gravatar.com\/avatar\/1054ffab3893de4bb3eb29bdd22f7e34b8537bf5d34d9dab311818154ad5b71f?s=96&d=mm&r=g","caption":"Belen Pedernera Ferragut"},"url":"https:\/\/hcd.malargue.gov.ar\/?author=5"}]}},"_links":{"self":[{"href":"https:\/\/hcd.malargue.gov.ar\/index.php?rest_route=\/wp\/v2\/posts\/39249","targetHints":{"allow":["GET"]}}],"collection":[{"href":"https:\/\/hcd.malargue.gov.ar\/index.php?rest_route=\/wp\/v2\/posts"}],"about":[{"href":"https:\/\/hcd.malargue.gov.ar\/index.php?rest_route=\/wp\/v2\/types\/post"}],"author":[{"embeddable":true,"href":"https:\/\/hcd.malargue.gov.ar\/index.php?rest_route=\/wp\/v2\/users\/5"}],"replies":[{"embeddable":true,"href":"https:\/\/hcd.malargue.gov.ar\/index.php?rest_route=%2Fwp%2Fv2%2Fcomments&post=39249"}],"version-history":[{"count":1,"href":"https:\/\/hcd.malargue.gov.ar\/index.php?rest_route=\/wp\/v2\/posts\/39249\/revisions"}],"predecessor-version":[{"id":39251,"href":"https:\/\/hcd.malargue.gov.ar\/index.php?rest_route=\/wp\/v2\/posts\/39249\/revisions\/39251"}],"wp:featuredmedia":[{"embeddable":true,"href":"https:\/\/hcd.malargue.gov.ar\/index.php?rest_route=\/wp\/v2\/media\/39250"}],"wp:attachment":[{"href":"https:\/\/hcd.malargue.gov.ar\/index.php?rest_route=%2Fwp%2Fv2%2Fmedia&parent=39249"}],"wp:term":[{"taxonomy":"category","embeddable":true,"href":"https:\/\/hcd.malargue.gov.ar\/index.php?rest_route=%2Fwp%2Fv2%2Fcategories&post=39249"},{"taxonomy":"post_tag","embeddable":true,"href":"https:\/\/hcd.malargue.gov.ar\/index.php?rest_route=%2Fwp%2Fv2%2Ftags&post=39249"}],"curies":[{"name":"wp","href":"https:\/\/api.w.org\/{rel}","templated":true}]}}