{"id":39252,"date":"2025-08-05T11:58:37","date_gmt":"2025-08-05T14:58:37","guid":{"rendered":"https:\/\/hcd.malargue.gov.ar\/?p=39252"},"modified":"2025-08-05T11:58:44","modified_gmt":"2025-08-05T14:58:44","slug":"declaracion-n-359-2-025","status":"publish","type":"post","link":"https:\/\/hcd.malargue.gov.ar\/?p=39252","title":{"rendered":"DECLARACI\u00d3N N\u00b0 359\/2.025"},"content":{"rendered":"\n<h4 class=\"wp-block-heading has-text-align-center\"><strong>El HCD declar\u00f3 de Inter\u00e9s Educativo y Social las V Jornadas Argentinas de Etnobiolog\u00eda y Sociedad<\/strong><\/h4>\n\n\n\n<p><em>El Honorable Concejo Deliberante de Malarg\u00fce aprob\u00f3 la Declaraci\u00f3n N\u00b0 359\/2.025, mediante la cual se declar\u00f3 de Inter\u00e9s Educativo y Social la realizaci\u00f3n de las V Jornadas Argentinas de Etnobiolog\u00eda y Sociedad (JAES), que tendr\u00e1n lugar en Malarg\u00fce del 19 al 22 de abril de 2026.<\/em><\/p>\n\n\n\n<p><em>Las JAES se realizan de forma bianual desde 2017 y re\u00fanen a investigadores, gestores, miembros de organizaciones sociales, estudiantes y comunidades locales e ind\u00edgenas, en un espacio de intercambio y di\u00e1logo interdisciplinario. Esta edici\u00f3n, bajo el lema \u201cEntretejiendo Saberes Bioculturales\u201d, se desarrollar\u00e1 en el Centro de Convenciones y Exposiciones Thesaurus y convocar\u00e1 a m\u00e1s de 200 participantes.<\/em><\/p>\n\n\n\n<p><em>La Etnobiolog\u00eda, como campo de estudio emergente, articula conocimientos de diversas disciplinas como la biolog\u00eda, antropolog\u00eda, ecolog\u00eda, historia y geograf\u00eda, promoviendo la reflexi\u00f3n sobre la relaci\u00f3n entre las comunidades humanas y su entorno natural.<\/em><\/p>\n\n\n\n<p><em>Durante la sesi\u00f3n legislativa, tambi\u00e9n se resolvi\u00f3 entregar un diploma de distinci\u00f3n a las doctoras <strong>Claudia Campos<\/strong>, <strong>Carina Llano<\/strong> y <strong>Gabriela D\u00edaz<\/strong>, miembros de la Comisi\u00f3n Organizadora, en reconocimiento a su aporte al fortalecimiento del conocimiento intercultural, la conservaci\u00f3n de la biodiversidad y la promoci\u00f3n del di\u00e1logo entre saberes y culturas.<\/em><\/p>\n\n\n\n<p><em>El evento cuenta con la organizaci\u00f3n conjunta de instituciones acad\u00e9micas y cient\u00edficas de renombre como el IADIZA (CONICET Mendoza), el ICAI (CONICET San Rafael) y las facultades de Ciencias Exactas y Naturales y de Ciencias Aplicadas a la Industria de la Universidad Nacional de Cuyo.<\/em><\/p>\n\n\n\n<p><em>La realizaci\u00f3n de este encuentro nacional en Malarg\u00fce posiciona al departamento como sede de importantes espacios de reflexi\u00f3n cient\u00edfica y social, vinculados al cuidado del ambiente y la valorizaci\u00f3n de la diversidad cultural.<\/em><\/p>\n\n\n\n<p class=\"has-text-align-center\"><strong>PIEZA LEGAL COMPLETA<\/strong><\/p>\n\n\n<div class=\"wp-block-image\">\n<figure class=\"alignright is-resized\"><a href=\"http:\/\/hcd.malargue.gov.ar\/2025\/Dc%20359%202025%20V%20Edicion%20JAES..pdf\"><img loading=\"lazy\" decoding=\"async\" width=\"512\" height=\"512\" src=\"https:\/\/hcd.malargue.gov.ar\/wp-content\/uploads\/2018\/06\/PDF-JPG.jpg\" alt=\"\" class=\"wp-image-7950\" style=\"width:130px;height:auto\" srcset=\"https:\/\/hcd.malargue.gov.ar\/wp-content\/uploads\/2018\/06\/PDF-JPG.jpg 512w, https:\/\/hcd.malargue.gov.ar\/wp-content\/uploads\/2018\/06\/PDF-JPG-150x150.jpg 150w, https:\/\/hcd.malargue.gov.ar\/wp-content\/uploads\/2018\/06\/PDF-JPG-300x300.jpg 300w\" sizes=\"auto, (max-width: 512px) 100vw, 512px\" \/><\/a><\/figure>\n<\/div>\n\n\n<p><strong>AUTORES RODRIGO HIDALGO, MAGALI ACOSTA Y EMILCE MANSILLA<\/strong><\/p>\n\n\n\n<p><strong>BLOQUE PARTIDO JUSTICIALISTA<\/strong><\/p>\n\n\n\n<p>VISTO: El contenido del Expediente N\u00b0 3.026\/2.025-0. Bloque Partido Justicialista. Proyecto de Declaraci\u00f3n: Declarar de Inter\u00e9s Educativo y Social de las V Jornadas Argentinas de Etnobiolog\u00eda y Sociedad (JAES)<\/p>\n\n\n\n<p>Dichas jornadas se realizaron en diferentes ciudades de la Rep\u00fablica Argentina y en su Edici\u00f3n N\u00b0 V, se llevar\u00e1n a cabo en la Ciudad de Malarg\u00fce el d\u00eda 19 al 22 de abril del a\u00f1o 2.026.<\/p>\n\n\n\n<p>y;<\/p>\n\n\n\n<p>CONSIDERANDO: Que la Etnobiolog\u00eda es un campo de estudio relativamente joven, de car\u00e1cter interdisciplinario, que se desarrolla con el aporte de bi\u00f3logos, antrop\u00f3logos, ge\u00f3grafos, ec\u00f3logos, historiadores, etc.<\/p>\n\n\n\n<p>Que las Jornadas Argentinas de Etnobiolog\u00eda y Sociedad (JAES) son reuniones bianuales que se llevan a cabo desde el 2.017 y agrupan a cient\u00edficos, gestores, miembros de Organizaciones No Gubernamentales, estudiantes de carreras ambientales, pobladores locales y comunidades ind\u00edgenas.<\/p>\n\n\n\n<p>Que en estos eventos de 3 (tres) d\u00edas de duraci\u00f3n, se comparten proyectos de investigaci\u00f3n y extensi\u00f3n, trabajos, experiencias, etc y que convoca a doscientas (200) personas aproximadamente.<\/p>\n\n\n\n<p>Que la primera edici\u00f3n, &#8220;Compartiendo caminos&#8221;, tuvo lugar en Humahuaca, Jujuy. La segunda edici\u00f3n se llev\u00f3 a cabo en la Ciudad de C\u00f3rdoba, bajo el lema &#8220;Diversidad de actores, m\u00faltiples naturalezas&#8221;. La Tercera Edici\u00f3n de las Jornadas Argentinas de Etnobiolog\u00eda y Sociedad, bajo el lema &#8220;Naturaleza\/s en construcci\u00f3n: en la Confluencia de Territorios, Actores y Disciplinas&#8221;, fue con formato virtual debido a la Pandemia del COVID 19. La \u00faltima edici\u00f3n, bajo el lema &#8220;Volver al inicio&#8221;, se llev\u00f3 a cabo recientemente El Dorado, Provincia de Misiones.<\/p>\n\n\n\n<p>Que el objetivo es consolidar todo lo aprendido en las ediciones anteriores contribuir a las reflexiones metodol\u00f3gicas de la disciplina y promover el di\u00e1logo de saberes proyectando la Etnobiolog\u00eda Argentina hacia un futuro de mayor visibilidad impacto social y compromiso con el ambiente y la diversidad cultural.<\/p>\n\n\n\n<p>Que las V Jornadas Argentinas de Etnobiolog\u00eda y Sociedad, se llevaran a cabo en Malarg\u00fce, Mendoza, bajo el lema &#8220;Entretejiendo Saberes Bioculturales son organizadas por una Comisi\u00f3n Interinstitucional conformada por el Instituto Argentino de Investigaciones de las Zonas \u00c1ridas (IADIZA, CONICET Mendoza), el Instituto de Ciencias Aplicadas a la Industria (ICAI, CONICET San Rafael), la Facultad de Ciencias Exactas y Naturales y la Facultad de Ciencias Aplicadas a la Industria, ambas de la Universidad Nacional de Cuyo.<\/p>\n\n\n\n<p>EL HONORABLE CONCEJO DELIBERANTE DE LA MUNICIPALIDAD DE MALARG\u00dcE EN USO DE LAS FACULTADES QUE LE SON PROPIAS<\/p>\n\n\n\n<p>DECLARA<\/p>\n\n\n\n<p>ART\u00cdCULO 1\u00ba: Declarar de Inter\u00e9s Educativo y Social la &#8220;V Jornadas Argentinas de Etnobiolog\u00eda y Sociedad\u201d (JAES) a realizarse desde el d\u00eda 19 al 22 de abril del a\u00f1o 2.026 en el Centro de Convenciones y Exposiciones Thesaurus de nuestro Departamento.<\/p>\n\n\n\n<p>ART\u00cdCULO 2\u00ba: Hacer entrega, por parte del Honorable Concejo Deliberante, de un diploma de distinci\u00f3n legislativa a la Dra. Claudia Campos, a la Dra. Carina Llano y a la Dra. Gabriela D\u00edaz, miembros de la Comisi\u00f3n Organizadora, con la siguiente leyenda: El Honorable Concejo Deliberante de la Municipalidad de Malarg\u00fce Declara de Inter\u00e9s Educativo y Social las V Jornadas Argentinas de Etnolog\u00eda y Sociedad &#8211; JAES, &#8220;Entretejiendo Saberes Bioculturales&#8221; y otorga este reconocimiento por su invaluable aporte al fortalecimiento del conocimiento intercultural, la conservaci\u00f3n de la biodiversidad y la promoci\u00f3n del di\u00e1logo entre comunidades.<\/p>\n\n\n\n<p>ART\u00cdCULO 3\u00ba: Comun\u00edquese, reg\u00edstrese, agr\u00e9guese copia de la presente en las actuaciones correspondientes y arch\u00edvese.<\/p>\n\n\n\n<p>DADA EN LA SALA DE SESIONES DR.&nbsp; RICARDO BALBIN DEL HONORABLE CONCEJO DELIBERANTE DE LA MUNICIPALIDAD DE MALARG\u00dcE A VEINTICUATRO D\u00cdAS DE JULIO DE DOS MIL VEINTICINCO.<\/p>\n","protected":false},"excerpt":{"rendered":"<p>El HCD declar\u00f3 de Inter\u00e9s Educativo y Social las V Jornadas Argentinas de Etnobiolog\u00eda y Sociedad El Honorable Concejo Deliberante de Malarg\u00fce aprob\u00f3 la Declaraci\u00f3n N\u00b0 359\/2.025, mediante la cual se declar\u00f3 de Inter\u00e9s Educativo y Social la realizaci\u00f3n de las V Jornadas Argentinas de Etnobiolog\u00eda y Sociedad (JAES), que tendr\u00e1n lugar en Malarg\u00fce del [&hellip;]<\/p>\n","protected":false},"author":5,"featured_media":39253,"comment_status":"closed","ping_status":"closed","sticky":false,"template":"","format":"standard","meta":{"footnotes":""},"categories":[46,52,29,33],"tags":[],"class_list":["post-39252","post","type-post","status-publish","format-standard","has-post-thumbnail","hentry","category-declaraciones","category-gacetillas","category-lesgilacion","category-prensa"],"yoast_head":"<!-- This site is optimized with the Yoast SEO plugin v19.10 - https:\/\/yoast.com\/wordpress\/plugins\/seo\/ -->\n<title>DECLARACI\u00d3N N\u00b0 359\/2.025 - Malarg\u00fce HCD<\/title>\n<meta name=\"robots\" content=\"index, follow, max-snippet:-1, max-image-preview:large, max-video-preview:-1\" \/>\n<link rel=\"canonical\" href=\"https:\/\/hcd.malargue.gov.ar\/?p=39252\" \/>\n<meta property=\"og:locale\" content=\"es_ES\" \/>\n<meta property=\"og:type\" content=\"article\" \/>\n<meta property=\"og:title\" content=\"DECLARACI\u00d3N N\u00b0 359\/2.025 - Malarg\u00fce HCD\" \/>\n<meta property=\"og:description\" content=\"El HCD declar\u00f3 de Inter\u00e9s Educativo y Social las V Jornadas Argentinas de Etnobiolog\u00eda y Sociedad El Honorable Concejo Deliberante de Malarg\u00fce aprob\u00f3 la Declaraci\u00f3n N\u00b0 359\/2.025, mediante la cual se declar\u00f3 de Inter\u00e9s Educativo y Social la realizaci\u00f3n de las V Jornadas Argentinas de Etnobiolog\u00eda y Sociedad (JAES), que tendr\u00e1n lugar en Malarg\u00fce del [&hellip;]\" \/>\n<meta property=\"og:url\" content=\"https:\/\/hcd.malargue.gov.ar\/?p=39252\" \/>\n<meta property=\"og:site_name\" content=\"Malarg\u00fce HCD\" \/>\n<meta property=\"article:published_time\" content=\"2025-08-05T14:58:37+00:00\" \/>\n<meta property=\"article:modified_time\" content=\"2025-08-05T14:58:44+00:00\" \/>\n<meta property=\"og:image\" content=\"https:\/\/hcd.malargue.gov.ar\/wp-content\/uploads\/2025\/08\/DECLARACION-359-2025.png\" \/>\n\t<meta property=\"og:image:width\" content=\"940\" \/>\n\t<meta property=\"og:image:height\" content=\"788\" \/>\n\t<meta property=\"og:image:type\" content=\"image\/png\" \/>\n<meta name=\"author\" content=\"Belen Pedernera Ferragut\" \/>\n<meta name=\"twitter:card\" content=\"summary_large_image\" \/>\n<meta name=\"twitter:label1\" content=\"Escrito por\" \/>\n\t<meta name=\"twitter:data1\" content=\"Belen Pedernera Ferragut\" \/>\n\t<meta name=\"twitter:label2\" content=\"Tiempo de lectura\" \/>\n\t<meta name=\"twitter:data2\" content=\"5 minutos\" \/>\n<script type=\"application\/ld+json\" class=\"yoast-schema-graph\">{\"@context\":\"https:\/\/schema.org\",\"@graph\":[{\"@type\":\"WebPage\",\"@id\":\"https:\/\/hcd.malargue.gov.ar\/?p=39252\",\"url\":\"https:\/\/hcd.malargue.gov.ar\/?p=39252\",\"name\":\"DECLARACI\u00d3N N\u00b0 359\/2.025 - Malarg\u00fce HCD\",\"isPartOf\":{\"@id\":\"https:\/\/hcd.malargue.gov.ar\/#website\"},\"datePublished\":\"2025-08-05T14:58:37+00:00\",\"dateModified\":\"2025-08-05T14:58:44+00:00\",\"author\":{\"@id\":\"https:\/\/hcd.malargue.gov.ar\/#\/schema\/person\/3fd6bbab64edd703961b795156c955d0\"},\"breadcrumb\":{\"@id\":\"https:\/\/hcd.malargue.gov.ar\/?p=39252#breadcrumb\"},\"inLanguage\":\"es-AR\",\"potentialAction\":[{\"@type\":\"ReadAction\",\"target\":[\"https:\/\/hcd.malargue.gov.ar\/?p=39252\"]}]},{\"@type\":\"BreadcrumbList\",\"@id\":\"https:\/\/hcd.malargue.gov.ar\/?p=39252#breadcrumb\",\"itemListElement\":[{\"@type\":\"ListItem\",\"position\":1,\"name\":\"Inicio\",\"item\":\"https:\/\/hcd.malargue.gov.ar\/\"},{\"@type\":\"ListItem\",\"position\":2,\"name\":\"DECLARACI\u00d3N N\u00b0 359\/2.025\"}]},{\"@type\":\"WebSite\",\"@id\":\"https:\/\/hcd.malargue.gov.ar\/#website\",\"url\":\"https:\/\/hcd.malargue.gov.ar\/\",\"name\":\"Malarg\u00fce HCD\",\"description\":\"Malarg\u00fce Mendoza Argentina\",\"potentialAction\":[{\"@type\":\"SearchAction\",\"target\":{\"@type\":\"EntryPoint\",\"urlTemplate\":\"https:\/\/hcd.malargue.gov.ar\/?s={search_term_string}\"},\"query-input\":\"required name=search_term_string\"}],\"inLanguage\":\"es-AR\"},{\"@type\":\"Person\",\"@id\":\"https:\/\/hcd.malargue.gov.ar\/#\/schema\/person\/3fd6bbab64edd703961b795156c955d0\",\"name\":\"Belen Pedernera Ferragut\",\"image\":{\"@type\":\"ImageObject\",\"inLanguage\":\"es-AR\",\"@id\":\"https:\/\/hcd.malargue.gov.ar\/#\/schema\/person\/image\/\",\"url\":\"https:\/\/secure.gravatar.com\/avatar\/1054ffab3893de4bb3eb29bdd22f7e34b8537bf5d34d9dab311818154ad5b71f?s=96&d=mm&r=g\",\"contentUrl\":\"https:\/\/secure.gravatar.com\/avatar\/1054ffab3893de4bb3eb29bdd22f7e34b8537bf5d34d9dab311818154ad5b71f?s=96&d=mm&r=g\",\"caption\":\"Belen Pedernera Ferragut\"},\"url\":\"https:\/\/hcd.malargue.gov.ar\/?author=5\"}]}<\/script>\n<!-- \/ Yoast SEO plugin. -->","yoast_head_json":{"title":"DECLARACI\u00d3N N\u00b0 359\/2.025 - Malarg\u00fce HCD","robots":{"index":"index","follow":"follow","max-snippet":"max-snippet:-1","max-image-preview":"max-image-preview:large","max-video-preview":"max-video-preview:-1"},"canonical":"https:\/\/hcd.malargue.gov.ar\/?p=39252","og_locale":"es_ES","og_type":"article","og_title":"DECLARACI\u00d3N N\u00b0 359\/2.025 - Malarg\u00fce HCD","og_description":"El HCD declar\u00f3 de Inter\u00e9s Educativo y Social las V Jornadas Argentinas de Etnobiolog\u00eda y Sociedad El Honorable Concejo Deliberante de Malarg\u00fce aprob\u00f3 la Declaraci\u00f3n N\u00b0 359\/2.025, mediante la cual se declar\u00f3 de Inter\u00e9s Educativo y Social la realizaci\u00f3n de las V Jornadas Argentinas de Etnobiolog\u00eda y Sociedad (JAES), que tendr\u00e1n lugar en Malarg\u00fce del [&hellip;]","og_url":"https:\/\/hcd.malargue.gov.ar\/?p=39252","og_site_name":"Malarg\u00fce HCD","article_published_time":"2025-08-05T14:58:37+00:00","article_modified_time":"2025-08-05T14:58:44+00:00","og_image":[{"width":940,"height":788,"url":"https:\/\/hcd.malargue.gov.ar\/wp-content\/uploads\/2025\/08\/DECLARACION-359-2025.png","type":"image\/png"}],"author":"Belen Pedernera Ferragut","twitter_card":"summary_large_image","twitter_misc":{"Escrito por":"Belen Pedernera Ferragut","Tiempo de lectura":"5 minutos"},"schema":{"@context":"https:\/\/schema.org","@graph":[{"@type":"WebPage","@id":"https:\/\/hcd.malargue.gov.ar\/?p=39252","url":"https:\/\/hcd.malargue.gov.ar\/?p=39252","name":"DECLARACI\u00d3N N\u00b0 359\/2.025 - Malarg\u00fce HCD","isPartOf":{"@id":"https:\/\/hcd.malargue.gov.ar\/#website"},"datePublished":"2025-08-05T14:58:37+00:00","dateModified":"2025-08-05T14:58:44+00:00","author":{"@id":"https:\/\/hcd.malargue.gov.ar\/#\/schema\/person\/3fd6bbab64edd703961b795156c955d0"},"breadcrumb":{"@id":"https:\/\/hcd.malargue.gov.ar\/?p=39252#breadcrumb"},"inLanguage":"es-AR","potentialAction":[{"@type":"ReadAction","target":["https:\/\/hcd.malargue.gov.ar\/?p=39252"]}]},{"@type":"BreadcrumbList","@id":"https:\/\/hcd.malargue.gov.ar\/?p=39252#breadcrumb","itemListElement":[{"@type":"ListItem","position":1,"name":"Inicio","item":"https:\/\/hcd.malargue.gov.ar\/"},{"@type":"ListItem","position":2,"name":"DECLARACI\u00d3N N\u00b0 359\/2.025"}]},{"@type":"WebSite","@id":"https:\/\/hcd.malargue.gov.ar\/#website","url":"https:\/\/hcd.malargue.gov.ar\/","name":"Malarg\u00fce HCD","description":"Malarg\u00fce Mendoza Argentina","potentialAction":[{"@type":"SearchAction","target":{"@type":"EntryPoint","urlTemplate":"https:\/\/hcd.malargue.gov.ar\/?s={search_term_string}"},"query-input":"required name=search_term_string"}],"inLanguage":"es-AR"},{"@type":"Person","@id":"https:\/\/hcd.malargue.gov.ar\/#\/schema\/person\/3fd6bbab64edd703961b795156c955d0","name":"Belen Pedernera Ferragut","image":{"@type":"ImageObject","inLanguage":"es-AR","@id":"https:\/\/hcd.malargue.gov.ar\/#\/schema\/person\/image\/","url":"https:\/\/secure.gravatar.com\/avatar\/1054ffab3893de4bb3eb29bdd22f7e34b8537bf5d34d9dab311818154ad5b71f?s=96&d=mm&r=g","contentUrl":"https:\/\/secure.gravatar.com\/avatar\/1054ffab3893de4bb3eb29bdd22f7e34b8537bf5d34d9dab311818154ad5b71f?s=96&d=mm&r=g","caption":"Belen Pedernera Ferragut"},"url":"https:\/\/hcd.malargue.gov.ar\/?author=5"}]}},"_links":{"self":[{"href":"https:\/\/hcd.malargue.gov.ar\/index.php?rest_route=\/wp\/v2\/posts\/39252","targetHints":{"allow":["GET"]}}],"collection":[{"href":"https:\/\/hcd.malargue.gov.ar\/index.php?rest_route=\/wp\/v2\/posts"}],"about":[{"href":"https:\/\/hcd.malargue.gov.ar\/index.php?rest_route=\/wp\/v2\/types\/post"}],"author":[{"embeddable":true,"href":"https:\/\/hcd.malargue.gov.ar\/index.php?rest_route=\/wp\/v2\/users\/5"}],"replies":[{"embeddable":true,"href":"https:\/\/hcd.malargue.gov.ar\/index.php?rest_route=%2Fwp%2Fv2%2Fcomments&post=39252"}],"version-history":[{"count":1,"href":"https:\/\/hcd.malargue.gov.ar\/index.php?rest_route=\/wp\/v2\/posts\/39252\/revisions"}],"predecessor-version":[{"id":39254,"href":"https:\/\/hcd.malargue.gov.ar\/index.php?rest_route=\/wp\/v2\/posts\/39252\/revisions\/39254"}],"wp:featuredmedia":[{"embeddable":true,"href":"https:\/\/hcd.malargue.gov.ar\/index.php?rest_route=\/wp\/v2\/media\/39253"}],"wp:attachment":[{"href":"https:\/\/hcd.malargue.gov.ar\/index.php?rest_route=%2Fwp%2Fv2%2Fmedia&parent=39252"}],"wp:term":[{"taxonomy":"category","embeddable":true,"href":"https:\/\/hcd.malargue.gov.ar\/index.php?rest_route=%2Fwp%2Fv2%2Fcategories&post=39252"},{"taxonomy":"post_tag","embeddable":true,"href":"https:\/\/hcd.malargue.gov.ar\/index.php?rest_route=%2Fwp%2Fv2%2Ftags&post=39252"}],"curies":[{"name":"wp","href":"https:\/\/api.w.org\/{rel}","templated":true}]}}