{"id":39255,"date":"2025-08-05T12:37:26","date_gmt":"2025-08-05T15:37:26","guid":{"rendered":"https:\/\/hcd.malargue.gov.ar\/?p=39255"},"modified":"2025-08-05T12:37:29","modified_gmt":"2025-08-05T15:37:29","slug":"declaracion-n-360-2-025","status":"publish","type":"post","link":"https:\/\/hcd.malargue.gov.ar\/?p=39255","title":{"rendered":"DECLARACI\u00d3N N\u00b0 360\/2.025"},"content":{"rendered":"\n<h4 class=\"wp-block-heading has-text-align-center\"><strong>El HCD declar\u00f3 de Inter\u00e9s Estrat\u00e9gico la urgente pavimentaci\u00f3n de la Ruta Nacional 40 entre Malarg\u00fce y el norte neuquino<\/strong><\/h4>\n\n\n\n<p><em>A trav\u00e9s de la Declaraci\u00f3n N\u00b0 360\/2.025, el Honorable Concejo Deliberante de Malarg\u00fce declar\u00f3 de Inter\u00e9s Estrat\u00e9gico, Econ\u00f3mico, Social y Regional la urgente pavimentaci\u00f3n del tramo de la Ruta Nacional N\u00b0 40 que conecta el sur de Mendoza, a la altura de Malarg\u00fce, con la localidad de Barrancas en el norte de la Provincia de Neuqu\u00e9n.<\/em><\/p>\n\n\n\n<p><em>La iniciativa, presentada por el Bloque Partido Justicialista, destaca el rol clave que cumple esta ruta como corredor vial para la integraci\u00f3n territorial, el desarrollo econ\u00f3mico y el crecimiento del turismo y el comercio entre ambas provincias. La falta de inversi\u00f3n en este tramo ha representado una hist\u00f3rica postergaci\u00f3n para las comunidades del sur mendocino y el norte neuquino.<\/em><\/p>\n\n\n\n<p><em>Entre los fundamentos de la pieza legal se menciona el impacto negativo que el estado de la ruta tiene en la seguridad vial, en el tr\u00e1nsito de bienes y servicios, y especialmente en el acceso a la educaci\u00f3n para j\u00f3venes del norte neuquino que cursan estudios superiores en Mendoza, quienes dependen exclusivamente de transportes particulares debido a la falta de un servicio p\u00fablico regular.<\/em><\/p>\n\n\n\n<p><em>Adem\u00e1s, se se\u00f1al\u00f3 que este tramo es utilizado de forma intensiva por veh\u00edculos vinculados a la explotaci\u00f3n de Vaca Muerta, lo que acelera el deterioro de la v\u00eda y eleva el riesgo de accidentes.<\/em><\/p>\n\n\n\n<p><em>El Concejo expres\u00f3 su acompa\u00f1amiento a las gestiones iniciadas por los Concejos Deliberantes del norte neuquino y los intendentes de la regi\u00f3n, y solicit\u00f3 a la Direcci\u00f3n Nacional de Vialidad, a la Secretar\u00eda de Obras P\u00fablicas de la Naci\u00f3n y a los legisladores nacionales por Mendoza y Neuqu\u00e9n que prioricen esta obra en el Presupuesto Nacional, entendiendo que su postergaci\u00f3n afecta directamente el desarrollo regional.<\/em><\/p>\n\n\n\n<p><em>La pieza fue remitida tambi\u00e9n a los Gobernadores de ambas provincias, a las C\u00e1maras Legislativas y a la Direcci\u00f3n Nacional de Vialidad en Mendoza, en el marco de una articulaci\u00f3n regional que busca visibilizar la necesidad urgente de esta obra para las comunidades del sur del pa\u00eds.<\/em><\/p>\n\n\n\n<p class=\"has-text-align-center\"><strong>PIEZA LEGAL <\/strong><\/p>\n\n\n<div class=\"wp-block-image\">\n<figure class=\"alignright is-resized\"><a href=\"http:\/\/hcd.malargue.gov.ar\/2025\/Dc%20360%202025%20Ruta%2040%20tramo%20que%20une%20sur%20Mza%20norte%20Nqn.pdf\"><img loading=\"lazy\" decoding=\"async\" width=\"512\" height=\"512\" src=\"https:\/\/hcd.malargue.gov.ar\/wp-content\/uploads\/2018\/06\/PDF-JPG.jpg\" alt=\"\" class=\"wp-image-7950\" style=\"width:140px;height:auto\" srcset=\"https:\/\/hcd.malargue.gov.ar\/wp-content\/uploads\/2018\/06\/PDF-JPG.jpg 512w, https:\/\/hcd.malargue.gov.ar\/wp-content\/uploads\/2018\/06\/PDF-JPG-150x150.jpg 150w, https:\/\/hcd.malargue.gov.ar\/wp-content\/uploads\/2018\/06\/PDF-JPG-300x300.jpg 300w\" sizes=\"auto, (max-width: 512px) 100vw, 512px\" \/><\/a><\/figure>\n<\/div>\n\n\n<p><strong>AUTOR RODRIGO HIDALGO<\/strong><\/p>\n\n\n\n<p><strong>BLOQUE PARTIDO JUSTICIALISTA<\/strong><\/p>\n\n\n\n<p>VISTO: El contenido del Expediente N\u00b0 4.129\/2.025-0. Bloque Partido Justicialista. Proyecto de Declaraci\u00f3n: Declarar de Inter\u00e9s Estrat\u00e9gico, Econ\u00f3mico, Social y Regional la urgente pavimentaci\u00f3n del tramo de la Ruta Nacional N\u00b0 40 que une Malarg\u00fce-Mendoza, con la Localidad de Barrancas con el Norte de la Provincia de Neuqu\u00e9n.<\/p>\n\n\n\n<p>La falta de inversi\u00f3n en obras p\u00fablicas estrat\u00e9gicas por parte del Estado Nacional en regiones alejadas a los grandes centros urbanos, particularmente en el tramo de la Ruta Nacional N\u00b0 40 que une el sur de Mendoza con el norte de Neuqu\u00e9n.<\/p>\n\n\n\n<p>y;<\/p>\n\n\n\n<p>CONSIDERANDO: Que la Ruta Nacional N\u00b0 40 constituye un corredor vital para la conectividad y desarrollo regional y que el estado de deterioro en el tramo mencionado ha postergado durante a\u00f1os el crecimiento econ\u00f3mico, tur\u00edstico y social de numerosas localidades del sur mendocino y el norte neuquino.<\/p>\n\n\n\n<p>Que la pavimentaci\u00f3n de dicho tramo favorecer\u00eda significativamente la integraci\u00f3n territorial y el tr\u00e1nsito seguro de personas, bienes y servicios, promoviendo un impacto positivo inmediato en las econom\u00edas locales, el turismo, la educaci\u00f3n y el comercio entre ambas provincias.<\/p>\n\n\n\n<p>Que la falta de un transporte p\u00fablico regular por el mal estado de la ruta dificulta el acceso a la educaci\u00f3n de numerosos j\u00f3venes del norte neuquino que cursan estudios terciarios y universitarios en la Provincia de Mendoza, especialmente en Ciudades como la de San Rafael. dependiendo exclusivamente del transporte privado de sus familias.<\/p>\n\n\n\n<p>Que el corredor mencionado es utilizado de manera intensiva por veh\u00edculos ligados a la explotaci\u00f3n de Vaca Muerta, lo cual agrava el deterioro del tramo en cuesti\u00f3n, incrementando los riesgos para la seguridad vial y comprometiendo la infraestructura de forma acelerada.<\/p>\n\n\n\n<p>Que los Concejos Deliberantes del norte neuquino han iniciado gestiones coordinadas para visibilizar esta problem\u00e1tica, por lo cual es necesario articular acciones conjuntas a nivel departamental y regional para acompa\u00f1ar, reforzar y amplificar ese reclamo, haciendo llegar el pedido de inversi\u00f3n a los organismos competentes a nivel nacional<\/p>\n\n\n\n<p>EL HONORABLE CONCEJO DELIBERANTE DE LA MUNICIPALIDAD DE MALARG\u00dcE EN USO DE LAS FACULTADES QUE LE SON PROPIAS<\/p>\n\n\n\n<p>DECLARA<\/p>\n\n\n\n<p>ART\u00cdCULO 1\u00ba: Declarar de Inter\u00e9s Estrat\u00e9gico, Econ\u00f3mico, Social y Regional la Urgente pavimentaci\u00f3n del tramo de la Ruta Nacional N\u00b0 40, que une el Sur de la Provincia de Mendoza con la Localidad de Barrancas, en el Norte de la Provincia de Neuqu\u00e9n.<\/p>\n\n\n\n<p>ART\u00cdCULO 2\u00ba: Expresar el acompa\u00f1amiento del Honorable Concejo Deliberante de Malarg\u00fce a las gestiones iniciadas por los Concejos Deliberantes que integran el Norte de la Provincia de Neuqu\u00e9n y a los Intendentes de la regi\u00f3n en la b\u00fasqueda de soluciones definitivas para la mejora del tramo vial mencionado.<\/p>\n\n\n\n<p>ART\u00cdCULO 3\u00ba: Solicitar a la Direcci\u00f3n Nacional de Vialidad, a la Secretar\u00eda de Obras P\u00fablicas de la Naci\u00f3n y a los Legisladores Nacionales por Mendoza y Neuqu\u00e9n, que incorporen esta obra dentro de las prioridades del Presupuesto Nacional, dadas las consecuencias estructurales que su omisi\u00f3n genera sobre el Desarrollo Regional.<\/p>\n\n\n\n<p>ART\u00cdCULO 4\u00ba: Comunicar la presente Pieza Legal a los Concejos Deliberantes de la Regi\u00f3n; a los Gobernadores de las Provincias de Mendoza y Neuqu\u00e9n; a la Titular de la Direcci\u00f3n Nacional de Vialidad en Mendoza, Ing. Emilce Lozano y a las C\u00e1maras Legislativas Provinciales y Nacionales de las Provincias de Referencia.<\/p>\n\n\n\n<p>ART\u00cdCULO 5\u00ba: Comun\u00edquese, reg\u00edstrese, agr\u00e9guese copia de la presente en las actuaciones correspondientes y arch\u00edvese.<\/p>\n\n\n\n<p>DADA EN LA SALA DE SESIONES DR.&nbsp; RICARDO BALBIN DEL HONORABLE CONCEJO DELIBERANTE DE LA MUNICIPALIDAD DE MALARG\u00dcE A VEINTICUATRO D\u00cdAS DE JULIO DE DOS MIL VEINTICINCO.<\/p>\n","protected":false},"excerpt":{"rendered":"<p>El HCD declar\u00f3 de Inter\u00e9s Estrat\u00e9gico la urgente pavimentaci\u00f3n de la Ruta Nacional 40 entre Malarg\u00fce y el norte neuquino A trav\u00e9s de la Declaraci\u00f3n N\u00b0 360\/2.025, el Honorable Concejo Deliberante de Malarg\u00fce declar\u00f3 de Inter\u00e9s Estrat\u00e9gico, Econ\u00f3mico, Social y Regional la urgente pavimentaci\u00f3n del tramo de la Ruta Nacional N\u00b0 40 que conecta el [&hellip;]<\/p>\n","protected":false},"author":5,"featured_media":39256,"comment_status":"closed","ping_status":"closed","sticky":false,"template":"","format":"standard","meta":{"footnotes":""},"categories":[46,52,29,33],"tags":[],"class_list":["post-39255","post","type-post","status-publish","format-standard","has-post-thumbnail","hentry","category-declaraciones","category-gacetillas","category-lesgilacion","category-prensa"],"yoast_head":"<!-- This site is optimized with the Yoast SEO plugin v19.10 - https:\/\/yoast.com\/wordpress\/plugins\/seo\/ -->\n<title>DECLARACI\u00d3N N\u00b0 360\/2.025 - Malarg\u00fce HCD<\/title>\n<meta name=\"robots\" content=\"index, follow, max-snippet:-1, max-image-preview:large, max-video-preview:-1\" \/>\n<link rel=\"canonical\" href=\"https:\/\/hcd.malargue.gov.ar\/?p=39255\" \/>\n<meta property=\"og:locale\" content=\"es_ES\" \/>\n<meta property=\"og:type\" content=\"article\" \/>\n<meta property=\"og:title\" content=\"DECLARACI\u00d3N N\u00b0 360\/2.025 - Malarg\u00fce HCD\" \/>\n<meta property=\"og:description\" content=\"El HCD declar\u00f3 de Inter\u00e9s Estrat\u00e9gico la urgente pavimentaci\u00f3n de la Ruta Nacional 40 entre Malarg\u00fce y el norte neuquino A trav\u00e9s de la Declaraci\u00f3n N\u00b0 360\/2.025, el Honorable Concejo Deliberante de Malarg\u00fce declar\u00f3 de Inter\u00e9s Estrat\u00e9gico, Econ\u00f3mico, Social y Regional la urgente pavimentaci\u00f3n del tramo de la Ruta Nacional N\u00b0 40 que conecta el [&hellip;]\" \/>\n<meta property=\"og:url\" content=\"https:\/\/hcd.malargue.gov.ar\/?p=39255\" \/>\n<meta property=\"og:site_name\" content=\"Malarg\u00fce HCD\" \/>\n<meta property=\"article:published_time\" content=\"2025-08-05T15:37:26+00:00\" \/>\n<meta property=\"article:modified_time\" content=\"2025-08-05T15:37:29+00:00\" \/>\n<meta property=\"og:image\" content=\"https:\/\/hcd.malargue.gov.ar\/wp-content\/uploads\/2025\/08\/DECLARACION-360-2025.png\" \/>\n\t<meta property=\"og:image:width\" content=\"940\" \/>\n\t<meta property=\"og:image:height\" content=\"788\" \/>\n\t<meta property=\"og:image:type\" content=\"image\/png\" \/>\n<meta name=\"author\" content=\"Belen Pedernera Ferragut\" \/>\n<meta name=\"twitter:card\" content=\"summary_large_image\" \/>\n<meta name=\"twitter:label1\" content=\"Escrito por\" \/>\n\t<meta name=\"twitter:data1\" content=\"Belen Pedernera Ferragut\" \/>\n\t<meta name=\"twitter:label2\" content=\"Tiempo de lectura\" \/>\n\t<meta name=\"twitter:data2\" content=\"5 minutos\" \/>\n<script type=\"application\/ld+json\" class=\"yoast-schema-graph\">{\"@context\":\"https:\/\/schema.org\",\"@graph\":[{\"@type\":\"WebPage\",\"@id\":\"https:\/\/hcd.malargue.gov.ar\/?p=39255\",\"url\":\"https:\/\/hcd.malargue.gov.ar\/?p=39255\",\"name\":\"DECLARACI\u00d3N N\u00b0 360\/2.025 - Malarg\u00fce HCD\",\"isPartOf\":{\"@id\":\"https:\/\/hcd.malargue.gov.ar\/#website\"},\"datePublished\":\"2025-08-05T15:37:26+00:00\",\"dateModified\":\"2025-08-05T15:37:29+00:00\",\"author\":{\"@id\":\"https:\/\/hcd.malargue.gov.ar\/#\/schema\/person\/3fd6bbab64edd703961b795156c955d0\"},\"breadcrumb\":{\"@id\":\"https:\/\/hcd.malargue.gov.ar\/?p=39255#breadcrumb\"},\"inLanguage\":\"es-AR\",\"potentialAction\":[{\"@type\":\"ReadAction\",\"target\":[\"https:\/\/hcd.malargue.gov.ar\/?p=39255\"]}]},{\"@type\":\"BreadcrumbList\",\"@id\":\"https:\/\/hcd.malargue.gov.ar\/?p=39255#breadcrumb\",\"itemListElement\":[{\"@type\":\"ListItem\",\"position\":1,\"name\":\"Inicio\",\"item\":\"https:\/\/hcd.malargue.gov.ar\/\"},{\"@type\":\"ListItem\",\"position\":2,\"name\":\"DECLARACI\u00d3N N\u00b0 360\/2.025\"}]},{\"@type\":\"WebSite\",\"@id\":\"https:\/\/hcd.malargue.gov.ar\/#website\",\"url\":\"https:\/\/hcd.malargue.gov.ar\/\",\"name\":\"Malarg\u00fce HCD\",\"description\":\"Malarg\u00fce Mendoza Argentina\",\"potentialAction\":[{\"@type\":\"SearchAction\",\"target\":{\"@type\":\"EntryPoint\",\"urlTemplate\":\"https:\/\/hcd.malargue.gov.ar\/?s={search_term_string}\"},\"query-input\":\"required name=search_term_string\"}],\"inLanguage\":\"es-AR\"},{\"@type\":\"Person\",\"@id\":\"https:\/\/hcd.malargue.gov.ar\/#\/schema\/person\/3fd6bbab64edd703961b795156c955d0\",\"name\":\"Belen Pedernera Ferragut\",\"image\":{\"@type\":\"ImageObject\",\"inLanguage\":\"es-AR\",\"@id\":\"https:\/\/hcd.malargue.gov.ar\/#\/schema\/person\/image\/\",\"url\":\"https:\/\/secure.gravatar.com\/avatar\/1054ffab3893de4bb3eb29bdd22f7e34b8537bf5d34d9dab311818154ad5b71f?s=96&d=mm&r=g\",\"contentUrl\":\"https:\/\/secure.gravatar.com\/avatar\/1054ffab3893de4bb3eb29bdd22f7e34b8537bf5d34d9dab311818154ad5b71f?s=96&d=mm&r=g\",\"caption\":\"Belen Pedernera Ferragut\"},\"url\":\"https:\/\/hcd.malargue.gov.ar\/?author=5\"}]}<\/script>\n<!-- \/ Yoast SEO plugin. -->","yoast_head_json":{"title":"DECLARACI\u00d3N N\u00b0 360\/2.025 - Malarg\u00fce HCD","robots":{"index":"index","follow":"follow","max-snippet":"max-snippet:-1","max-image-preview":"max-image-preview:large","max-video-preview":"max-video-preview:-1"},"canonical":"https:\/\/hcd.malargue.gov.ar\/?p=39255","og_locale":"es_ES","og_type":"article","og_title":"DECLARACI\u00d3N N\u00b0 360\/2.025 - Malarg\u00fce HCD","og_description":"El HCD declar\u00f3 de Inter\u00e9s Estrat\u00e9gico la urgente pavimentaci\u00f3n de la Ruta Nacional 40 entre Malarg\u00fce y el norte neuquino A trav\u00e9s de la Declaraci\u00f3n N\u00b0 360\/2.025, el Honorable Concejo Deliberante de Malarg\u00fce declar\u00f3 de Inter\u00e9s Estrat\u00e9gico, Econ\u00f3mico, Social y Regional la urgente pavimentaci\u00f3n del tramo de la Ruta Nacional N\u00b0 40 que conecta el [&hellip;]","og_url":"https:\/\/hcd.malargue.gov.ar\/?p=39255","og_site_name":"Malarg\u00fce HCD","article_published_time":"2025-08-05T15:37:26+00:00","article_modified_time":"2025-08-05T15:37:29+00:00","og_image":[{"width":940,"height":788,"url":"https:\/\/hcd.malargue.gov.ar\/wp-content\/uploads\/2025\/08\/DECLARACION-360-2025.png","type":"image\/png"}],"author":"Belen Pedernera Ferragut","twitter_card":"summary_large_image","twitter_misc":{"Escrito por":"Belen Pedernera Ferragut","Tiempo de lectura":"5 minutos"},"schema":{"@context":"https:\/\/schema.org","@graph":[{"@type":"WebPage","@id":"https:\/\/hcd.malargue.gov.ar\/?p=39255","url":"https:\/\/hcd.malargue.gov.ar\/?p=39255","name":"DECLARACI\u00d3N N\u00b0 360\/2.025 - Malarg\u00fce HCD","isPartOf":{"@id":"https:\/\/hcd.malargue.gov.ar\/#website"},"datePublished":"2025-08-05T15:37:26+00:00","dateModified":"2025-08-05T15:37:29+00:00","author":{"@id":"https:\/\/hcd.malargue.gov.ar\/#\/schema\/person\/3fd6bbab64edd703961b795156c955d0"},"breadcrumb":{"@id":"https:\/\/hcd.malargue.gov.ar\/?p=39255#breadcrumb"},"inLanguage":"es-AR","potentialAction":[{"@type":"ReadAction","target":["https:\/\/hcd.malargue.gov.ar\/?p=39255"]}]},{"@type":"BreadcrumbList","@id":"https:\/\/hcd.malargue.gov.ar\/?p=39255#breadcrumb","itemListElement":[{"@type":"ListItem","position":1,"name":"Inicio","item":"https:\/\/hcd.malargue.gov.ar\/"},{"@type":"ListItem","position":2,"name":"DECLARACI\u00d3N N\u00b0 360\/2.025"}]},{"@type":"WebSite","@id":"https:\/\/hcd.malargue.gov.ar\/#website","url":"https:\/\/hcd.malargue.gov.ar\/","name":"Malarg\u00fce HCD","description":"Malarg\u00fce Mendoza Argentina","potentialAction":[{"@type":"SearchAction","target":{"@type":"EntryPoint","urlTemplate":"https:\/\/hcd.malargue.gov.ar\/?s={search_term_string}"},"query-input":"required name=search_term_string"}],"inLanguage":"es-AR"},{"@type":"Person","@id":"https:\/\/hcd.malargue.gov.ar\/#\/schema\/person\/3fd6bbab64edd703961b795156c955d0","name":"Belen Pedernera Ferragut","image":{"@type":"ImageObject","inLanguage":"es-AR","@id":"https:\/\/hcd.malargue.gov.ar\/#\/schema\/person\/image\/","url":"https:\/\/secure.gravatar.com\/avatar\/1054ffab3893de4bb3eb29bdd22f7e34b8537bf5d34d9dab311818154ad5b71f?s=96&d=mm&r=g","contentUrl":"https:\/\/secure.gravatar.com\/avatar\/1054ffab3893de4bb3eb29bdd22f7e34b8537bf5d34d9dab311818154ad5b71f?s=96&d=mm&r=g","caption":"Belen Pedernera Ferragut"},"url":"https:\/\/hcd.malargue.gov.ar\/?author=5"}]}},"_links":{"self":[{"href":"https:\/\/hcd.malargue.gov.ar\/index.php?rest_route=\/wp\/v2\/posts\/39255","targetHints":{"allow":["GET"]}}],"collection":[{"href":"https:\/\/hcd.malargue.gov.ar\/index.php?rest_route=\/wp\/v2\/posts"}],"about":[{"href":"https:\/\/hcd.malargue.gov.ar\/index.php?rest_route=\/wp\/v2\/types\/post"}],"author":[{"embeddable":true,"href":"https:\/\/hcd.malargue.gov.ar\/index.php?rest_route=\/wp\/v2\/users\/5"}],"replies":[{"embeddable":true,"href":"https:\/\/hcd.malargue.gov.ar\/index.php?rest_route=%2Fwp%2Fv2%2Fcomments&post=39255"}],"version-history":[{"count":1,"href":"https:\/\/hcd.malargue.gov.ar\/index.php?rest_route=\/wp\/v2\/posts\/39255\/revisions"}],"predecessor-version":[{"id":39257,"href":"https:\/\/hcd.malargue.gov.ar\/index.php?rest_route=\/wp\/v2\/posts\/39255\/revisions\/39257"}],"wp:featuredmedia":[{"embeddable":true,"href":"https:\/\/hcd.malargue.gov.ar\/index.php?rest_route=\/wp\/v2\/media\/39256"}],"wp:attachment":[{"href":"https:\/\/hcd.malargue.gov.ar\/index.php?rest_route=%2Fwp%2Fv2%2Fmedia&parent=39255"}],"wp:term":[{"taxonomy":"category","embeddable":true,"href":"https:\/\/hcd.malargue.gov.ar\/index.php?rest_route=%2Fwp%2Fv2%2Fcategories&post=39255"},{"taxonomy":"post_tag","embeddable":true,"href":"https:\/\/hcd.malargue.gov.ar\/index.php?rest_route=%2Fwp%2Fv2%2Ftags&post=39255"}],"curies":[{"name":"wp","href":"https:\/\/api.w.org\/{rel}","templated":true}]}}