{"id":39258,"date":"2025-08-06T10:34:41","date_gmt":"2025-08-06T13:34:41","guid":{"rendered":"https:\/\/hcd.malargue.gov.ar\/?p=39258"},"modified":"2025-08-06T10:36:16","modified_gmt":"2025-08-06T13:36:16","slug":"ordenanza-n-2-337-2-025","status":"publish","type":"post","link":"https:\/\/hcd.malargue.gov.ar\/?p=39258","title":{"rendered":"ORDENANZA N\u00b0 2.337\/2.025"},"content":{"rendered":"\n<h4 class=\"wp-block-heading has-text-align-center\"><strong>Malarg\u00fce cre\u00f3 su Escuela Municipal de Deportes Adaptados y la nombr\u00f3 en honor a Bruno Lara<\/strong><\/h4>\n\n\n\n<p><em>El Honorable Concejo Deliberante de Malarg\u00fce aprob\u00f3 por unanimidad la <strong>Ordenanza N\u00b0 2.337\/2.025<\/strong>, mediante la cual se cre\u00f3 oficialmente la Escuela Municipal de Deportes Adaptados, un espacio destinado a fomentar la inclusi\u00f3n, el desarrollo deportivo y la participaci\u00f3n activa de personas con discapacidad.<\/em><\/p>\n\n\n\n<p><em>La flamante instituci\u00f3n funcionar\u00e1 bajo la \u00f3rbita de la Direcci\u00f3n de Deportes, dependiente de la Secretar\u00eda de Desarrollo Humano, y trabajar\u00e1 en coordinaci\u00f3n con el \u00c1rea Integral de Discapacidad. La iniciativa fue impulsada por el Bloque del Partido Justicialista y representa un paso firme hacia la construcci\u00f3n de una comunidad m\u00e1s inclusiva y solidaria.<\/em><\/p>\n\n\n\n<p><em>La Ordenanza tambi\u00e9n establece que la Escuela llevar\u00e1 el nombre de <strong>\u201cBruno Lara\u201d<\/strong>, en homenaje al primer jugador de tenis para ciegos del departamento. Su historia se convirti\u00f3 en un s\u00edmbolo de superaci\u00f3n: fue quien impuls\u00f3 la creaci\u00f3n de la Escuela de Blind Tenis en 2022, particip\u00f3 en m\u00faltiples torneos nacionales y provinciales y fue el primer mendocino en integrar el ranking oficial de la Asociaci\u00f3n de Tenis para Ciegos.<\/em><\/p>\n\n\n\n<p><em>Gracias a su ejemplo, Malarg\u00fce se transform\u00f3 en pionero en el desarrollo del Blind Tenis en Mendoza, disciplina que luego se expandi\u00f3 a otros departamentos como Maip\u00fa y Godoy Cruz. Adem\u00e1s, Malarg\u00fce fue sede de importantes competencias nacionales y promovi\u00f3 la diversificaci\u00f3n del deporte adaptado, incluyendo actividades como goalball, ciclismo en t\u00e1ndem, f\u00fatbol adaptado y juegos de mesa inclusivos.<\/em><\/p>\n\n\n\n<p><em>Entre los objetivos de esta nueva escuela se destacan:<\/em><\/p>\n\n\n\n<ul class=\"wp-block-list\">\n<li><em>Promover la inclusi\u00f3n social y la igualdad de oportunidades.<\/em><\/li>\n\n\n\n<li><em>Mejorar la calidad de vida de las personas con discapacidad.<\/em><\/li>\n\n\n\n<li><em>Impulsar talentos deportivos con proyecci\u00f3n competitiva.<\/em><\/li>\n\n\n\n<li><em>Sensibilizar a la comunidad sobre el valor de la diversidad funcional.<\/em><\/li>\n<\/ul>\n\n\n\n<p><em>Como parte de la implementaci\u00f3n, el Ejecutivo Municipal deber\u00e1 disponer de un espacio en el Centro Polideportivo y Cultural Malal-Hue y colocar una placa conmemorativa en reconocimiento a Bruno Lara. Asimismo, se remitir\u00e1 una copia de la pieza legal a su familia como gesto de gratitud institucional.<\/em><\/p>\n\n\n\n<p><em>Con esta Ordenanza, el Cuerpo Legislativo reafirma su compromiso con el deporte como herramienta de transformaci\u00f3n social, honrando la historia de un ciudadano que abri\u00f3 caminos y dej\u00f3 huella en la comunidad.<\/em><\/p>\n\n\n\n<p class=\"has-text-align-center\"><strong>PIEZA LEGAL<\/strong><\/p>\n\n\n<div class=\"wp-block-image\">\n<figure class=\"alignright is-resized\"><a href=\"http:\/\/hcd.malargue.gov.ar\/2025\/On%20%202337%202025%20Escuela%20Deportes%20Adaptados.pdf\"><img loading=\"lazy\" decoding=\"async\" width=\"512\" height=\"512\" src=\"https:\/\/hcd.malargue.gov.ar\/wp-content\/uploads\/2018\/06\/PDF-JPG.jpg\" alt=\"\" class=\"wp-image-7950\" style=\"width:135px;height:auto\" srcset=\"https:\/\/hcd.malargue.gov.ar\/wp-content\/uploads\/2018\/06\/PDF-JPG.jpg 512w, https:\/\/hcd.malargue.gov.ar\/wp-content\/uploads\/2018\/06\/PDF-JPG-150x150.jpg 150w, https:\/\/hcd.malargue.gov.ar\/wp-content\/uploads\/2018\/06\/PDF-JPG-300x300.jpg 300w\" sizes=\"auto, (max-width: 512px) 100vw, 512px\" \/><\/a><\/figure>\n<\/div>\n\n\n<p><strong>AUTORES RODRIGO HIDALGO, EMILCE MANSILLA Y MAGALI ACOSTA<\/strong><\/p>\n\n\n\n<p><strong>BLOQUE PARTIDO JUSTICIALISTA<\/strong><\/p>\n\n\n\n<p>VISTO: El contenido del Expediente N\u00b0 3.023\/2.025-0. Bloque Partido Justicialista. Proyecto de Ordenanza: Creaci\u00f3n de la Escuela Municipal de Deportes Adaptados en el \u00e1mbito de la Direcci\u00f3n de Deportes dependiente de la Secretaria de Desarrollo Humano.<\/p>\n\n\n\n<p>El crecimiento de la Programa Deportivo Municipal de Blind Tenis de Malarg\u00fce y su destacado rendimiento deportivo en varios torneos.<\/p>\n\n\n\n<p>y;<\/p>\n\n\n\n<p>CONSIDERANDO: Que la Escuela de Blind Tenis de Malarg\u00fce fue creada en el a\u00f1o 2.022 como respuesta a la iniciativa de un alumno ciego del Programa \u201cTenis Rompiendo Barreras\u201d, quien manifest\u00f3 su inter\u00e9s en practicar esta disciplina adaptada.<\/p>\n\n\n\n<p>Que dicho alumno, Mario Bruno Lara, fue el primer jugador de tenis para ciegos en el Departamento y tambi\u00e9n el primer mendocino en participar en una competencia nacional, logrando posicionarse en el Ranking Oficial del Circuito de la Asociaci\u00f3n de Tenis para Ciegos.<\/p>\n\n\n\n<p>Que en marzo del a\u00f1o 2.023 particip\u00f3 de su primer torneo oficial en la Ciudad de Bah\u00eda Blanca, compitiendo luego en el Down Center; en el Parque Roca de Buenos Aires \u2014junto a los m\u00e1ximos exponentes nacionales de la disciplina\u2014 y en el Torneo Nacional de Blind Tenis realizado en la Provincia de La Pampa. En el a\u00f1o 2.024 form\u00f3 parte del 1\u00b0 Torneo Provincial desarrollado en el Polideportivo \u201cJuan Domingo Ribosqui\u201d del Departamento de Maip\u00fa.<\/p>\n\n\n\n<p>Que su participaci\u00f3n fue determinante para el impulso y desarrollo del tenis para ciegos en la Provincia de Mendoza, disciplina que hoy tambi\u00e9n se practica en los Departamentos de Maip\u00fa, Godoy Cruz y otros, pero que tuvo su origen en nuestro querido Malarg\u00fce.<\/p>\n\n\n\n<p>Que Malarg\u00fce ha sido sede del Torneo Nacional de Blind Tenis y para Personas con Disminuci\u00f3n Visual, logrando una destacada convocatoria y una positiva recepci\u00f3n por parte de la comunidad.<\/p>\n\n\n\n<p>Que el tenis fue la puerta de entrada para el desarrollo del Deporte Adaptado en el Departamento, ya que posteriormente, el equipo de profesores y alumnos se capacit\u00f3 en otras disciplinas como Goalball, Ciclismo en T\u00e1ndem, F\u00fatbol Adaptado y juegos de mesa inclusivos como el Truco Argentino, desarrollando diversas actividades durante todo el a\u00f1o 2.024, con proyecci\u00f3n de continuidad.<\/p>\n\n\n\n<p>Que la creaci\u00f3n de una Escuela Municipal de Deportes Adaptados generar\u00eda m\u00faltiples beneficios de car\u00e1cter social, inclusivo y comunitario, entre los cuales se destacan:<\/p>\n\n\n\n<ul class=\"wp-block-list\">\n<li>Promoci\u00f3n de la Inclusi\u00f3n Social: Fomenta la participaci\u00f3n activa de personas con discapacidad, generando espacios para el desarrollo de habilidades f\u00edsicas, emocionales y sociales, y promoviendo la igualdad de oportunidades.<\/li>\n\n\n\n<li>Mejora de la Calidad de Vida: Contribuye al bienestar f\u00edsico y mental de los participantes, favoreciendo la salud integral y fortaleciendo la autoestima.<\/li>\n\n\n\n<li>Fortalecimiento del entramado comunitario: Funciona como punto de encuentro para la comunidad, promoviendo valores como la solidaridad, la empat\u00eda y la cooperaci\u00f3n.<\/li>\n\n\n\n<li>Impulso a los Talentos Deportivos: Facilita la detecci\u00f3n y desarrollo de atletas con discapacidad, incentivando su participaci\u00f3n en competencias locales, provinciales, nacionales e internacionales.<\/li>\n\n\n\n<li>Sensibilizaci\u00f3n y Transformaci\u00f3n Cultural: Genera conciencia social sobre la importancia de la inclusi\u00f3n, contribuyendo a modificar percepciones sobre las capacidades y el potencial de las personas con discapacidad.<\/li>\n<\/ul>\n\n\n\n<p>Que este Honorable Concejo Deliberante ya ha sancionado normativas vinculadas al desarrollo de Programas Deportivos y a la construcci\u00f3n de un Departamento m\u00e1s inclusivo, como la Ordenanza N\u00b0 2.011\/2.019, que establece la creaci\u00f3n de Programas Deportivos Municipales y la Ordenanza N\u00b0 2.197\/2.022, orientada a la realizaci\u00f3n de Obras P\u00fablicas Accesibles.<\/p>\n\n\n\n<p>EL HONORABLE CONCEJO DELIBERANTE DE LA MUNICIPALIDAD DE MALARG\u00dcE EN USO DE LAS FACULTADES QUE LE SON PROPIAS<\/p>\n\n\n\n<p>ORDENA<\/p>\n\n\n\n<p>ART\u00cdCULO 1\u00ba: Cr\u00e9ase la &#8220;Escuela Municipal de Deportes Adaptados&#8221; en el \u00e1mbito de la Direcci\u00f3n de Deportes dependiente de la Secretaria de Desarrollo Humano, la cual deber\u00e1 trabajar de forma conjunta con el \u00c1rea Integral de Discapacidad o las que en el futuro las remplacen.<\/p>\n\n\n\n<p>ART\u00cdCULO 2\u00b0: Enti\u00e9ndase por Deporte Adaptado al conjunto de pr\u00e1cticas f\u00edsico-deportivas dise\u00f1adas o ajustadas espec\u00edficamente para responder a las necesidades de personas con discapacidades f\u00edsicas, sensoriales, intelectuales o m\u00faltiples, con el fin de promover la participaci\u00f3n equitativa y el desarrollo integral en contextos recreativos, educativos o competitivos.<\/p>\n\n\n\n<p>ART\u00cdCULO 3\u00b0:&nbsp; Imp\u00f3ngase el nombre &#8220;Bruno Lara\u201d a la Escuela Municipal de Deportes Adaptados de la Municipalidad de Malarg\u00fce en reconocimiento al esfuerzo, lucha, humildad, coraje, compromiso y ser pionero en el Blind Tenis de Malarg\u00fce.<\/p>\n\n\n\n<p>ART\u00cdCULO 4\u00b0: Encomi\u00e9ndese al Departamento Ejecutivo Municipal a trav\u00e9s de la Direcci\u00f3n de Deportes a disponer un espacio en el Centro Polideportivo y Cultural Malal &#8211; Hue y colocar una placa conmemorativa.<\/p>\n\n\n\n<p>ART\u00cdCULO 5\u00b0: Autorizase al Departamento Ejecutivo Municipal a afectar las partidas presupuestarias necesarias para la implementaci\u00f3n de la presente Ordenanza.<\/p>\n\n\n\n<p>ART\u00cdCULO 6\u00b0:&nbsp; El\u00e9vese copia de la siguiente pieza legal a la Sra. Mar\u00eda Quezada y a Xiomara Lara, B\u00e1rbara Lara, Maximiliano Lara, Esposa e Hijos de Bruno Lara y a su Nieta Ainhara Lara.<\/p>\n\n\n\n<p>ART\u00cdCULO 7\u00b0:&nbsp; Comun\u00edquese, reg\u00edstrese, c\u00famplase, publ\u00edquese, agr\u00e9guese copia de la presente en las actuaciones correspondientes y arch\u00edvese.<strong><\/strong><\/p>\n\n\n\n<p>DADA EN LA SALA DE SESIONES DR.&nbsp; RICARDO BALBIN DEL HONORABLE CONCEJO DELIBERANTE DE LA MUNICIPALIDAD DE MALARG\u00dcE A VEINTICUATRO D\u00cdAS DE JULIO DE DOS MIL VEINTICINCO.<\/p>\n","protected":false},"excerpt":{"rendered":"<p>Malarg\u00fce cre\u00f3 su Escuela Municipal de Deportes Adaptados y la nombr\u00f3 en honor a Bruno Lara El Honorable Concejo Deliberante de Malarg\u00fce aprob\u00f3 por unanimidad la Ordenanza N\u00b0 2.337\/2.025, mediante la cual se cre\u00f3 oficialmente la Escuela Municipal de Deportes Adaptados, un espacio destinado a fomentar la inclusi\u00f3n, el desarrollo deportivo y la participaci\u00f3n activa [&hellip;]<\/p>\n","protected":false},"author":5,"featured_media":39259,"comment_status":"closed","ping_status":"closed","sticky":false,"template":"","format":"standard","meta":{"footnotes":""},"categories":[52,29,48,33],"tags":[],"class_list":["post-39258","post","type-post","status-publish","format-standard","has-post-thumbnail","hentry","category-gacetillas","category-lesgilacion","category-ordenanzas-municipales","category-prensa"],"yoast_head":"<!-- This site is optimized with the Yoast SEO plugin v19.10 - https:\/\/yoast.com\/wordpress\/plugins\/seo\/ -->\n<title>ORDENANZA N\u00b0 2.337\/2.025 - Malarg\u00fce HCD<\/title>\n<meta name=\"robots\" content=\"index, follow, max-snippet:-1, max-image-preview:large, max-video-preview:-1\" \/>\n<link rel=\"canonical\" href=\"https:\/\/hcd.malargue.gov.ar\/?p=39258\" \/>\n<meta property=\"og:locale\" content=\"es_ES\" \/>\n<meta property=\"og:type\" content=\"article\" \/>\n<meta property=\"og:title\" content=\"ORDENANZA N\u00b0 2.337\/2.025 - Malarg\u00fce HCD\" \/>\n<meta property=\"og:description\" content=\"Malarg\u00fce cre\u00f3 su Escuela Municipal de Deportes Adaptados y la nombr\u00f3 en honor a Bruno Lara El Honorable Concejo Deliberante de Malarg\u00fce aprob\u00f3 por unanimidad la Ordenanza N\u00b0 2.337\/2.025, mediante la cual se cre\u00f3 oficialmente la Escuela Municipal de Deportes Adaptados, un espacio destinado a fomentar la inclusi\u00f3n, el desarrollo deportivo y la participaci\u00f3n activa [&hellip;]\" \/>\n<meta property=\"og:url\" content=\"https:\/\/hcd.malargue.gov.ar\/?p=39258\" \/>\n<meta property=\"og:site_name\" content=\"Malarg\u00fce HCD\" \/>\n<meta property=\"article:published_time\" content=\"2025-08-06T13:34:41+00:00\" \/>\n<meta property=\"article:modified_time\" content=\"2025-08-06T13:36:16+00:00\" \/>\n<meta property=\"og:image\" content=\"https:\/\/hcd.malargue.gov.ar\/wp-content\/uploads\/2025\/08\/ORDENANZA-2337-2025.png\" \/>\n\t<meta property=\"og:image:width\" content=\"940\" \/>\n\t<meta property=\"og:image:height\" content=\"788\" \/>\n\t<meta property=\"og:image:type\" content=\"image\/png\" \/>\n<meta name=\"author\" content=\"Belen Pedernera Ferragut\" \/>\n<meta name=\"twitter:card\" content=\"summary_large_image\" \/>\n<meta name=\"twitter:label1\" content=\"Escrito por\" \/>\n\t<meta name=\"twitter:data1\" content=\"Belen Pedernera Ferragut\" \/>\n\t<meta name=\"twitter:label2\" content=\"Tiempo de lectura\" \/>\n\t<meta name=\"twitter:data2\" content=\"6 minutos\" \/>\n<script type=\"application\/ld+json\" class=\"yoast-schema-graph\">{\"@context\":\"https:\/\/schema.org\",\"@graph\":[{\"@type\":\"WebPage\",\"@id\":\"https:\/\/hcd.malargue.gov.ar\/?p=39258\",\"url\":\"https:\/\/hcd.malargue.gov.ar\/?p=39258\",\"name\":\"ORDENANZA N\u00b0 2.337\/2.025 - Malarg\u00fce HCD\",\"isPartOf\":{\"@id\":\"https:\/\/hcd.malargue.gov.ar\/#website\"},\"datePublished\":\"2025-08-06T13:34:41+00:00\",\"dateModified\":\"2025-08-06T13:36:16+00:00\",\"author\":{\"@id\":\"https:\/\/hcd.malargue.gov.ar\/#\/schema\/person\/3fd6bbab64edd703961b795156c955d0\"},\"breadcrumb\":{\"@id\":\"https:\/\/hcd.malargue.gov.ar\/?p=39258#breadcrumb\"},\"inLanguage\":\"es-AR\",\"potentialAction\":[{\"@type\":\"ReadAction\",\"target\":[\"https:\/\/hcd.malargue.gov.ar\/?p=39258\"]}]},{\"@type\":\"BreadcrumbList\",\"@id\":\"https:\/\/hcd.malargue.gov.ar\/?p=39258#breadcrumb\",\"itemListElement\":[{\"@type\":\"ListItem\",\"position\":1,\"name\":\"Inicio\",\"item\":\"https:\/\/hcd.malargue.gov.ar\/\"},{\"@type\":\"ListItem\",\"position\":2,\"name\":\"ORDENANZA N\u00b0 2.337\/2.025\"}]},{\"@type\":\"WebSite\",\"@id\":\"https:\/\/hcd.malargue.gov.ar\/#website\",\"url\":\"https:\/\/hcd.malargue.gov.ar\/\",\"name\":\"Malarg\u00fce HCD\",\"description\":\"Malarg\u00fce Mendoza Argentina\",\"potentialAction\":[{\"@type\":\"SearchAction\",\"target\":{\"@type\":\"EntryPoint\",\"urlTemplate\":\"https:\/\/hcd.malargue.gov.ar\/?s={search_term_string}\"},\"query-input\":\"required name=search_term_string\"}],\"inLanguage\":\"es-AR\"},{\"@type\":\"Person\",\"@id\":\"https:\/\/hcd.malargue.gov.ar\/#\/schema\/person\/3fd6bbab64edd703961b795156c955d0\",\"name\":\"Belen Pedernera Ferragut\",\"image\":{\"@type\":\"ImageObject\",\"inLanguage\":\"es-AR\",\"@id\":\"https:\/\/hcd.malargue.gov.ar\/#\/schema\/person\/image\/\",\"url\":\"https:\/\/secure.gravatar.com\/avatar\/1054ffab3893de4bb3eb29bdd22f7e34b8537bf5d34d9dab311818154ad5b71f?s=96&d=mm&r=g\",\"contentUrl\":\"https:\/\/secure.gravatar.com\/avatar\/1054ffab3893de4bb3eb29bdd22f7e34b8537bf5d34d9dab311818154ad5b71f?s=96&d=mm&r=g\",\"caption\":\"Belen Pedernera Ferragut\"},\"url\":\"https:\/\/hcd.malargue.gov.ar\/?author=5\"}]}<\/script>\n<!-- \/ Yoast SEO plugin. -->","yoast_head_json":{"title":"ORDENANZA N\u00b0 2.337\/2.025 - Malarg\u00fce HCD","robots":{"index":"index","follow":"follow","max-snippet":"max-snippet:-1","max-image-preview":"max-image-preview:large","max-video-preview":"max-video-preview:-1"},"canonical":"https:\/\/hcd.malargue.gov.ar\/?p=39258","og_locale":"es_ES","og_type":"article","og_title":"ORDENANZA N\u00b0 2.337\/2.025 - Malarg\u00fce HCD","og_description":"Malarg\u00fce cre\u00f3 su Escuela Municipal de Deportes Adaptados y la nombr\u00f3 en honor a Bruno Lara El Honorable Concejo Deliberante de Malarg\u00fce aprob\u00f3 por unanimidad la Ordenanza N\u00b0 2.337\/2.025, mediante la cual se cre\u00f3 oficialmente la Escuela Municipal de Deportes Adaptados, un espacio destinado a fomentar la inclusi\u00f3n, el desarrollo deportivo y la participaci\u00f3n activa [&hellip;]","og_url":"https:\/\/hcd.malargue.gov.ar\/?p=39258","og_site_name":"Malarg\u00fce HCD","article_published_time":"2025-08-06T13:34:41+00:00","article_modified_time":"2025-08-06T13:36:16+00:00","og_image":[{"width":940,"height":788,"url":"https:\/\/hcd.malargue.gov.ar\/wp-content\/uploads\/2025\/08\/ORDENANZA-2337-2025.png","type":"image\/png"}],"author":"Belen Pedernera Ferragut","twitter_card":"summary_large_image","twitter_misc":{"Escrito por":"Belen Pedernera Ferragut","Tiempo de lectura":"6 minutos"},"schema":{"@context":"https:\/\/schema.org","@graph":[{"@type":"WebPage","@id":"https:\/\/hcd.malargue.gov.ar\/?p=39258","url":"https:\/\/hcd.malargue.gov.ar\/?p=39258","name":"ORDENANZA N\u00b0 2.337\/2.025 - Malarg\u00fce HCD","isPartOf":{"@id":"https:\/\/hcd.malargue.gov.ar\/#website"},"datePublished":"2025-08-06T13:34:41+00:00","dateModified":"2025-08-06T13:36:16+00:00","author":{"@id":"https:\/\/hcd.malargue.gov.ar\/#\/schema\/person\/3fd6bbab64edd703961b795156c955d0"},"breadcrumb":{"@id":"https:\/\/hcd.malargue.gov.ar\/?p=39258#breadcrumb"},"inLanguage":"es-AR","potentialAction":[{"@type":"ReadAction","target":["https:\/\/hcd.malargue.gov.ar\/?p=39258"]}]},{"@type":"BreadcrumbList","@id":"https:\/\/hcd.malargue.gov.ar\/?p=39258#breadcrumb","itemListElement":[{"@type":"ListItem","position":1,"name":"Inicio","item":"https:\/\/hcd.malargue.gov.ar\/"},{"@type":"ListItem","position":2,"name":"ORDENANZA N\u00b0 2.337\/2.025"}]},{"@type":"WebSite","@id":"https:\/\/hcd.malargue.gov.ar\/#website","url":"https:\/\/hcd.malargue.gov.ar\/","name":"Malarg\u00fce HCD","description":"Malarg\u00fce Mendoza Argentina","potentialAction":[{"@type":"SearchAction","target":{"@type":"EntryPoint","urlTemplate":"https:\/\/hcd.malargue.gov.ar\/?s={search_term_string}"},"query-input":"required name=search_term_string"}],"inLanguage":"es-AR"},{"@type":"Person","@id":"https:\/\/hcd.malargue.gov.ar\/#\/schema\/person\/3fd6bbab64edd703961b795156c955d0","name":"Belen Pedernera Ferragut","image":{"@type":"ImageObject","inLanguage":"es-AR","@id":"https:\/\/hcd.malargue.gov.ar\/#\/schema\/person\/image\/","url":"https:\/\/secure.gravatar.com\/avatar\/1054ffab3893de4bb3eb29bdd22f7e34b8537bf5d34d9dab311818154ad5b71f?s=96&d=mm&r=g","contentUrl":"https:\/\/secure.gravatar.com\/avatar\/1054ffab3893de4bb3eb29bdd22f7e34b8537bf5d34d9dab311818154ad5b71f?s=96&d=mm&r=g","caption":"Belen Pedernera Ferragut"},"url":"https:\/\/hcd.malargue.gov.ar\/?author=5"}]}},"_links":{"self":[{"href":"https:\/\/hcd.malargue.gov.ar\/index.php?rest_route=\/wp\/v2\/posts\/39258","targetHints":{"allow":["GET"]}}],"collection":[{"href":"https:\/\/hcd.malargue.gov.ar\/index.php?rest_route=\/wp\/v2\/posts"}],"about":[{"href":"https:\/\/hcd.malargue.gov.ar\/index.php?rest_route=\/wp\/v2\/types\/post"}],"author":[{"embeddable":true,"href":"https:\/\/hcd.malargue.gov.ar\/index.php?rest_route=\/wp\/v2\/users\/5"}],"replies":[{"embeddable":true,"href":"https:\/\/hcd.malargue.gov.ar\/index.php?rest_route=%2Fwp%2Fv2%2Fcomments&post=39258"}],"version-history":[{"count":1,"href":"https:\/\/hcd.malargue.gov.ar\/index.php?rest_route=\/wp\/v2\/posts\/39258\/revisions"}],"predecessor-version":[{"id":39260,"href":"https:\/\/hcd.malargue.gov.ar\/index.php?rest_route=\/wp\/v2\/posts\/39258\/revisions\/39260"}],"wp:featuredmedia":[{"embeddable":true,"href":"https:\/\/hcd.malargue.gov.ar\/index.php?rest_route=\/wp\/v2\/media\/39259"}],"wp:attachment":[{"href":"https:\/\/hcd.malargue.gov.ar\/index.php?rest_route=%2Fwp%2Fv2%2Fmedia&parent=39258"}],"wp:term":[{"taxonomy":"category","embeddable":true,"href":"https:\/\/hcd.malargue.gov.ar\/index.php?rest_route=%2Fwp%2Fv2%2Fcategories&post=39258"},{"taxonomy":"post_tag","embeddable":true,"href":"https:\/\/hcd.malargue.gov.ar\/index.php?rest_route=%2Fwp%2Fv2%2Ftags&post=39258"}],"curies":[{"name":"wp","href":"https:\/\/api.w.org\/{rel}","templated":true}]}}