{"id":39286,"date":"2025-08-11T09:53:57","date_gmt":"2025-08-11T12:53:57","guid":{"rendered":"https:\/\/hcd.malargue.gov.ar\/?p=39286"},"modified":"2025-08-11T10:42:11","modified_gmt":"2025-08-11T13:42:11","slug":"resolucion-n-222-2-025","status":"publish","type":"post","link":"https:\/\/hcd.malargue.gov.ar\/?p=39286","title":{"rendered":"RESOLUCI\u00d3N N\u00b0 222\/2.025"},"content":{"rendered":"\n<h4 class=\"wp-block-heading has-text-align-center\"><strong>El HCD solicit\u00f3 la implementaci\u00f3n de estaciones solares en espacios p\u00fablicos de Malarg\u00fce<\/strong><\/h4>\n\n\n\n<p><em>En la Sesi\u00f3n del 24 de julio, el Honorable Concejo Deliberante aprob\u00f3 la Resoluci\u00f3n N\u00ba 222\/2.025, mediante la cual se solicita al Departamento Ejecutivo Municipal la ejecuci\u00f3n de la <a href=\"https:\/\/hcd.malargue.gov.ar\/?p=34678\">Ordenanza N\u00ba 2.248\/2.023<\/a>, que establece la instalaci\u00f3n de estaciones solares p\u00fablicas en puntos estrat\u00e9gicos del Departamento.<\/em><\/p>\n\n\n\n<p><em>El objetivo es dotar a los espacios p\u00fablicos \u2014tanto urbanos como rurales\u2014 de infraestructura que permita recargar dispositivos m\u00f3viles y obtener agua caliente mediante energ\u00eda solar, beneficiando a vecinos y turistas.<\/em><\/p>\n\n\n\n<p><em>La medida busca promover el uso de energ\u00edas renovables, reducir el consumo el\u00e9ctrico convencional y ofrecer servicios \u00fatiles en lugares de alta concurrencia. Las estaciones deber\u00e1n contar con paneles solares fotovoltaicos, paneles t\u00e9rmicos para agua caliente, puertos USB y cargadores universales, as\u00ed como sistemas de seguridad y accesibilidad que garanticen su uso por todas las personas.<\/em><\/p>\n\n\n\n<p><em>Con esta Resoluci\u00f3n, el Cuerpo Deliberativo refuerza el compromiso de avanzar hacia un modelo energ\u00e9tico m\u00e1s sustentable, que potencie la calidad de los servicios p\u00fablicos y favorezca el cuidado del medio ambiente.<\/em><\/p>\n\n\n\n<p class=\"has-text-align-center\"><strong>PIEZA LEGAL<\/strong><\/p>\n\n\n<div class=\"wp-block-image\">\n<figure class=\"alignright is-resized\"><a href=\"http:\/\/hcd.malargue.gov.ar\/2025\/Rs%20222%202025%20Estaciones%20Solares.pdf\"><img loading=\"lazy\" decoding=\"async\" width=\"512\" height=\"512\" src=\"https:\/\/hcd.malargue.gov.ar\/wp-content\/uploads\/2018\/06\/PDF-JPG.jpg\" alt=\"\" class=\"wp-image-7950\" style=\"width:125px;height:auto\" srcset=\"https:\/\/hcd.malargue.gov.ar\/wp-content\/uploads\/2018\/06\/PDF-JPG.jpg 512w, https:\/\/hcd.malargue.gov.ar\/wp-content\/uploads\/2018\/06\/PDF-JPG-150x150.jpg 150w, https:\/\/hcd.malargue.gov.ar\/wp-content\/uploads\/2018\/06\/PDF-JPG-300x300.jpg 300w\" sizes=\"auto, (max-width: 512px) 100vw, 512px\" \/><\/a><\/figure>\n<\/div>\n\n\n<p><strong>AUTORES CONCEJALES VIVIANA MOSCA Y PABLO VILLARRUEL<\/strong><\/p>\n\n\n\n<p><strong>BLOQUE FRENTE CAMBIA MENDOZA <\/strong><\/p>\n\n\n\n<p>VISTO: El contenido del Expediente N\u00b0 3.976\/2.025-0. Bloque Frente Cambia Mendoza. Proyecto de Resoluci\u00f3n: Solicitar al Departamento Ejecutivo Municipal la ejecuci\u00f3n de la<a href=\"https:\/\/hcd.malargue.gov.ar\/?p=34678\"> Ordenanza N\u00b0 2.248\/2.023<\/a><\/p>\n\n\n\n<p>La necesidad de contar con puntos estrat\u00e9gicos de estaciones solares, que permitan proveer de energ\u00eda sustentable para la recarga de telefon\u00eda m\u00f3vil y carga de agua caliente a vecinos, como a turistas que eligen como destino visitar el Departamento de Malarg\u00fce.<\/p>\n\n\n\n<p>y;<\/p>\n\n\n\n<p>CONSIDERANDO: Que el uso de energ\u00eda solar contribuye a la reducci\u00f3n del consumo de energ\u00eda el\u00e9ctrica convencional, favoreciendo una transici\u00f3n progresiva hacia un mayor aprovechamiento de las denominadas energ\u00edas renovables, las cuales provienen de fuentes naturales virtualmente inagotables.<\/p>\n\n\n\n<p>Que la instalaci\u00f3n de estaciones solares permite disponer de suministro el\u00e9ctrico en espacios p\u00fablicos y abiertos, promoviendo el acceso a servicios energ\u00e9ticos sustentables.<\/p>\n\n\n\n<p>Que los dispensadores solares de agua h\u00edbridos \u2014que operan mediante energ\u00eda solar y el\u00e9ctrica\u2014 permiten obtener agua caliente con un ahorro estimado del cincuenta (50) al setenta por ciento (70%) del consumo el\u00e9ctrico tradicional, seg\u00fan las condiciones clim\u00e1ticas predominantes.<\/p>\n\n\n\n<p>Que en la actualidad, los tel\u00e9fonos celulares y computadoras personales se han transformado en herramientas de uso cotidiano, necesarias tanto para la comunicaci\u00f3n como para la resoluci\u00f3n de situaciones de emergencia, por lo que la implementaci\u00f3n de estaciones de carga solar debe considerarse una prioridad dentro de las obras p\u00fablicas municipales.<\/p>\n\n\n\n<p>EL HONORABLE CONCEJO DELIBERANTE DE LA MUNICIPALIDAD DE MALARG\u00dcE EN USO DE LAS FACULTADES QUE LE SON PROPIAS<\/p>\n\n\n\n<p>RESUELVE<\/p>\n\n\n\n<p>ART\u00cdCULO 1\u00ba: Solicitar al Departamento Ejecutivo Municipal ponga en vigencia la Ordenanza N\u00ba 2.248\/2023, que establece la instalaci\u00f3n de estaciones solares p\u00fablicas que provean agua caliente y tomacorrientes para carga de tel\u00e9fonos celulares, en los espacios p\u00fablicos con mayor concurrencia de la zona urbana y rural del Departamento.<\/p>\n\n\n\n<p>ART\u00cdCULO 2\u00ba: Solicitar al Departamento Ejecutivo Municipal contemple la ampliaci\u00f3n de puntos estrat\u00e9gicos para instalar las estaciones, conforme a lo establecido en el Art\u00edculo 3\u00b0 de la Ordenanza N\u00ba 2.248\/2023.<\/p>\n\n\n\n<p>ART\u00cdCULO 3\u00ba: Solicitar al Departamento Ejecutivo Municipal que las caracter\u00edsticas t\u00e9cnicas de las estaciones sean las siguientes:<\/p>\n\n\n\n<p>a) Paneles solares fotovoltaicos para la generaci\u00f3n de energ\u00eda el\u00e9ctrica, utilizados en la recarga de celulares.<\/p>\n\n\n\n<p>b) Paneles solares t\u00e9rmicos destinados a calentar agua para uso p\u00fablico.<\/p>\n\n\n\n<p>c) Estaciones de carga con puertos USB y cargadores universales.<\/p>\n\n\n\n<p>d) Sistema de seguridad: C\u00e1maras y se\u00f1alizaciones para prevenir actos vand\u00e1licos.<\/p>\n\n\n\n<p>c) Infraestructura accesible: Dise\u00f1o inclusivo que facilite su uso por parte de todas las personas.<\/p>\n\n\n\n<p>ART\u00cdCULO 4\u00ba: Comun\u00edquese, reg\u00edstrese, agr\u00e9guese copia de la presente en las actuaciones correspondientes y arch\u00edvese.<\/p>\n\n\n\n<p>DADA EN LA SALA DE SESIONES DR.&nbsp; RICARDO BALBIN DEL HONORABLE CONCEJO DELIBERANTE DE LA MUNICIPALIDAD DE MALARG\u00dcE A VEINTICUATRO D\u00cdAS DE JULIO DE DOS MIL VEINTICINCO.<\/p>\n","protected":false},"excerpt":{"rendered":"<p>El HCD solicit\u00f3 la implementaci\u00f3n de estaciones solares en espacios p\u00fablicos de Malarg\u00fce En la Sesi\u00f3n del 24 de julio, el Honorable Concejo Deliberante aprob\u00f3 la Resoluci\u00f3n N\u00ba 222\/2.025, mediante la cual se solicita al Departamento Ejecutivo Municipal la ejecuci\u00f3n de la Ordenanza N\u00ba 2.248\/2.023, que establece la instalaci\u00f3n de estaciones solares p\u00fablicas en puntos [&hellip;]<\/p>\n","protected":false},"author":5,"featured_media":39287,"comment_status":"closed","ping_status":"closed","sticky":false,"template":"","format":"standard","meta":{"footnotes":""},"categories":[52,29,33,51],"tags":[],"class_list":["post-39286","post","type-post","status-publish","format-standard","has-post-thumbnail","hentry","category-gacetillas","category-lesgilacion","category-prensa","category-resoluciones"],"yoast_head":"<!-- This site is optimized with the Yoast SEO plugin v19.10 - https:\/\/yoast.com\/wordpress\/plugins\/seo\/ -->\n<title>RESOLUCI\u00d3N N\u00b0 222\/2.025 - Malarg\u00fce HCD<\/title>\n<meta name=\"robots\" content=\"index, follow, max-snippet:-1, max-image-preview:large, max-video-preview:-1\" \/>\n<link rel=\"canonical\" href=\"https:\/\/hcd.malargue.gov.ar\/?p=39286\" \/>\n<meta property=\"og:locale\" content=\"es_ES\" \/>\n<meta property=\"og:type\" content=\"article\" \/>\n<meta property=\"og:title\" content=\"RESOLUCI\u00d3N N\u00b0 222\/2.025 - Malarg\u00fce HCD\" \/>\n<meta property=\"og:description\" content=\"El HCD solicit\u00f3 la implementaci\u00f3n de estaciones solares en espacios p\u00fablicos de Malarg\u00fce En la Sesi\u00f3n del 24 de julio, el Honorable Concejo Deliberante aprob\u00f3 la Resoluci\u00f3n N\u00ba 222\/2.025, mediante la cual se solicita al Departamento Ejecutivo Municipal la ejecuci\u00f3n de la Ordenanza N\u00ba 2.248\/2.023, que establece la instalaci\u00f3n de estaciones solares p\u00fablicas en puntos [&hellip;]\" \/>\n<meta property=\"og:url\" content=\"https:\/\/hcd.malargue.gov.ar\/?p=39286\" \/>\n<meta property=\"og:site_name\" content=\"Malarg\u00fce HCD\" \/>\n<meta property=\"article:published_time\" content=\"2025-08-11T12:53:57+00:00\" \/>\n<meta property=\"article:modified_time\" content=\"2025-08-11T13:42:11+00:00\" \/>\n<meta property=\"og:image\" content=\"https:\/\/hcd.malargue.gov.ar\/wp-content\/uploads\/2025\/08\/RESOLUCION-222-2025.png\" \/>\n\t<meta property=\"og:image:width\" content=\"940\" \/>\n\t<meta property=\"og:image:height\" content=\"788\" \/>\n\t<meta property=\"og:image:type\" content=\"image\/png\" \/>\n<meta name=\"author\" content=\"Belen Pedernera Ferragut\" \/>\n<meta name=\"twitter:card\" content=\"summary_large_image\" \/>\n<meta name=\"twitter:label1\" content=\"Escrito por\" \/>\n\t<meta name=\"twitter:data1\" content=\"Belen Pedernera Ferragut\" \/>\n\t<meta name=\"twitter:label2\" content=\"Tiempo de lectura\" \/>\n\t<meta name=\"twitter:data2\" content=\"4 minutos\" \/>\n<script type=\"application\/ld+json\" class=\"yoast-schema-graph\">{\"@context\":\"https:\/\/schema.org\",\"@graph\":[{\"@type\":\"WebPage\",\"@id\":\"https:\/\/hcd.malargue.gov.ar\/?p=39286\",\"url\":\"https:\/\/hcd.malargue.gov.ar\/?p=39286\",\"name\":\"RESOLUCI\u00d3N N\u00b0 222\/2.025 - Malarg\u00fce HCD\",\"isPartOf\":{\"@id\":\"https:\/\/hcd.malargue.gov.ar\/#website\"},\"datePublished\":\"2025-08-11T12:53:57+00:00\",\"dateModified\":\"2025-08-11T13:42:11+00:00\",\"author\":{\"@id\":\"https:\/\/hcd.malargue.gov.ar\/#\/schema\/person\/3fd6bbab64edd703961b795156c955d0\"},\"breadcrumb\":{\"@id\":\"https:\/\/hcd.malargue.gov.ar\/?p=39286#breadcrumb\"},\"inLanguage\":\"es-AR\",\"potentialAction\":[{\"@type\":\"ReadAction\",\"target\":[\"https:\/\/hcd.malargue.gov.ar\/?p=39286\"]}]},{\"@type\":\"BreadcrumbList\",\"@id\":\"https:\/\/hcd.malargue.gov.ar\/?p=39286#breadcrumb\",\"itemListElement\":[{\"@type\":\"ListItem\",\"position\":1,\"name\":\"Inicio\",\"item\":\"https:\/\/hcd.malargue.gov.ar\/\"},{\"@type\":\"ListItem\",\"position\":2,\"name\":\"RESOLUCI\u00d3N N\u00b0 222\/2.025\"}]},{\"@type\":\"WebSite\",\"@id\":\"https:\/\/hcd.malargue.gov.ar\/#website\",\"url\":\"https:\/\/hcd.malargue.gov.ar\/\",\"name\":\"Malarg\u00fce HCD\",\"description\":\"Malarg\u00fce Mendoza Argentina\",\"potentialAction\":[{\"@type\":\"SearchAction\",\"target\":{\"@type\":\"EntryPoint\",\"urlTemplate\":\"https:\/\/hcd.malargue.gov.ar\/?s={search_term_string}\"},\"query-input\":\"required name=search_term_string\"}],\"inLanguage\":\"es-AR\"},{\"@type\":\"Person\",\"@id\":\"https:\/\/hcd.malargue.gov.ar\/#\/schema\/person\/3fd6bbab64edd703961b795156c955d0\",\"name\":\"Belen Pedernera Ferragut\",\"image\":{\"@type\":\"ImageObject\",\"inLanguage\":\"es-AR\",\"@id\":\"https:\/\/hcd.malargue.gov.ar\/#\/schema\/person\/image\/\",\"url\":\"https:\/\/secure.gravatar.com\/avatar\/1054ffab3893de4bb3eb29bdd22f7e34b8537bf5d34d9dab311818154ad5b71f?s=96&d=mm&r=g\",\"contentUrl\":\"https:\/\/secure.gravatar.com\/avatar\/1054ffab3893de4bb3eb29bdd22f7e34b8537bf5d34d9dab311818154ad5b71f?s=96&d=mm&r=g\",\"caption\":\"Belen Pedernera Ferragut\"},\"url\":\"https:\/\/hcd.malargue.gov.ar\/?author=5\"}]}<\/script>\n<!-- \/ Yoast SEO plugin. -->","yoast_head_json":{"title":"RESOLUCI\u00d3N N\u00b0 222\/2.025 - Malarg\u00fce HCD","robots":{"index":"index","follow":"follow","max-snippet":"max-snippet:-1","max-image-preview":"max-image-preview:large","max-video-preview":"max-video-preview:-1"},"canonical":"https:\/\/hcd.malargue.gov.ar\/?p=39286","og_locale":"es_ES","og_type":"article","og_title":"RESOLUCI\u00d3N N\u00b0 222\/2.025 - Malarg\u00fce HCD","og_description":"El HCD solicit\u00f3 la implementaci\u00f3n de estaciones solares en espacios p\u00fablicos de Malarg\u00fce En la Sesi\u00f3n del 24 de julio, el Honorable Concejo Deliberante aprob\u00f3 la Resoluci\u00f3n N\u00ba 222\/2.025, mediante la cual se solicita al Departamento Ejecutivo Municipal la ejecuci\u00f3n de la Ordenanza N\u00ba 2.248\/2.023, que establece la instalaci\u00f3n de estaciones solares p\u00fablicas en puntos [&hellip;]","og_url":"https:\/\/hcd.malargue.gov.ar\/?p=39286","og_site_name":"Malarg\u00fce HCD","article_published_time":"2025-08-11T12:53:57+00:00","article_modified_time":"2025-08-11T13:42:11+00:00","og_image":[{"width":940,"height":788,"url":"https:\/\/hcd.malargue.gov.ar\/wp-content\/uploads\/2025\/08\/RESOLUCION-222-2025.png","type":"image\/png"}],"author":"Belen Pedernera Ferragut","twitter_card":"summary_large_image","twitter_misc":{"Escrito por":"Belen Pedernera Ferragut","Tiempo de lectura":"4 minutos"},"schema":{"@context":"https:\/\/schema.org","@graph":[{"@type":"WebPage","@id":"https:\/\/hcd.malargue.gov.ar\/?p=39286","url":"https:\/\/hcd.malargue.gov.ar\/?p=39286","name":"RESOLUCI\u00d3N N\u00b0 222\/2.025 - Malarg\u00fce HCD","isPartOf":{"@id":"https:\/\/hcd.malargue.gov.ar\/#website"},"datePublished":"2025-08-11T12:53:57+00:00","dateModified":"2025-08-11T13:42:11+00:00","author":{"@id":"https:\/\/hcd.malargue.gov.ar\/#\/schema\/person\/3fd6bbab64edd703961b795156c955d0"},"breadcrumb":{"@id":"https:\/\/hcd.malargue.gov.ar\/?p=39286#breadcrumb"},"inLanguage":"es-AR","potentialAction":[{"@type":"ReadAction","target":["https:\/\/hcd.malargue.gov.ar\/?p=39286"]}]},{"@type":"BreadcrumbList","@id":"https:\/\/hcd.malargue.gov.ar\/?p=39286#breadcrumb","itemListElement":[{"@type":"ListItem","position":1,"name":"Inicio","item":"https:\/\/hcd.malargue.gov.ar\/"},{"@type":"ListItem","position":2,"name":"RESOLUCI\u00d3N N\u00b0 222\/2.025"}]},{"@type":"WebSite","@id":"https:\/\/hcd.malargue.gov.ar\/#website","url":"https:\/\/hcd.malargue.gov.ar\/","name":"Malarg\u00fce HCD","description":"Malarg\u00fce Mendoza Argentina","potentialAction":[{"@type":"SearchAction","target":{"@type":"EntryPoint","urlTemplate":"https:\/\/hcd.malargue.gov.ar\/?s={search_term_string}"},"query-input":"required name=search_term_string"}],"inLanguage":"es-AR"},{"@type":"Person","@id":"https:\/\/hcd.malargue.gov.ar\/#\/schema\/person\/3fd6bbab64edd703961b795156c955d0","name":"Belen Pedernera Ferragut","image":{"@type":"ImageObject","inLanguage":"es-AR","@id":"https:\/\/hcd.malargue.gov.ar\/#\/schema\/person\/image\/","url":"https:\/\/secure.gravatar.com\/avatar\/1054ffab3893de4bb3eb29bdd22f7e34b8537bf5d34d9dab311818154ad5b71f?s=96&d=mm&r=g","contentUrl":"https:\/\/secure.gravatar.com\/avatar\/1054ffab3893de4bb3eb29bdd22f7e34b8537bf5d34d9dab311818154ad5b71f?s=96&d=mm&r=g","caption":"Belen Pedernera Ferragut"},"url":"https:\/\/hcd.malargue.gov.ar\/?author=5"}]}},"_links":{"self":[{"href":"https:\/\/hcd.malargue.gov.ar\/index.php?rest_route=\/wp\/v2\/posts\/39286","targetHints":{"allow":["GET"]}}],"collection":[{"href":"https:\/\/hcd.malargue.gov.ar\/index.php?rest_route=\/wp\/v2\/posts"}],"about":[{"href":"https:\/\/hcd.malargue.gov.ar\/index.php?rest_route=\/wp\/v2\/types\/post"}],"author":[{"embeddable":true,"href":"https:\/\/hcd.malargue.gov.ar\/index.php?rest_route=\/wp\/v2\/users\/5"}],"replies":[{"embeddable":true,"href":"https:\/\/hcd.malargue.gov.ar\/index.php?rest_route=%2Fwp%2Fv2%2Fcomments&post=39286"}],"version-history":[{"count":2,"href":"https:\/\/hcd.malargue.gov.ar\/index.php?rest_route=\/wp\/v2\/posts\/39286\/revisions"}],"predecessor-version":[{"id":39290,"href":"https:\/\/hcd.malargue.gov.ar\/index.php?rest_route=\/wp\/v2\/posts\/39286\/revisions\/39290"}],"wp:featuredmedia":[{"embeddable":true,"href":"https:\/\/hcd.malargue.gov.ar\/index.php?rest_route=\/wp\/v2\/media\/39287"}],"wp:attachment":[{"href":"https:\/\/hcd.malargue.gov.ar\/index.php?rest_route=%2Fwp%2Fv2%2Fmedia&parent=39286"}],"wp:term":[{"taxonomy":"category","embeddable":true,"href":"https:\/\/hcd.malargue.gov.ar\/index.php?rest_route=%2Fwp%2Fv2%2Fcategories&post=39286"},{"taxonomy":"post_tag","embeddable":true,"href":"https:\/\/hcd.malargue.gov.ar\/index.php?rest_route=%2Fwp%2Fv2%2Ftags&post=39286"}],"curies":[{"name":"wp","href":"https:\/\/api.w.org\/{rel}","templated":true}]}}