{"id":39294,"date":"2025-08-11T11:35:28","date_gmt":"2025-08-11T14:35:28","guid":{"rendered":"https:\/\/hcd.malargue.gov.ar\/?p=39294"},"modified":"2025-08-11T11:35:32","modified_gmt":"2025-08-11T14:35:32","slug":"resolucion-n-226-2-025","status":"publish","type":"post","link":"https:\/\/hcd.malargue.gov.ar\/?p=39294","title":{"rendered":"RESOLUCI\u00d3N N\u00b0 226\/2.025"},"content":{"rendered":"\n<h4 class=\"wp-block-heading has-text-align-center\"><strong>El HCD declar\u00f3 de Inter\u00e9s Departamental el libro \u201cLa L\u00e1mpara Encendida\u201d de la Lic. Norma Pag\u00e9s<\/strong><\/h4>\n\n\n\n<p><em>El HCD declar\u00f3 de Inter\u00e9s Departamental, por su valor hist\u00f3rico, educativo y cultural, el libro \u201cLa L\u00e1mpara Encendida\u201d de la licenciada Norma Pag\u00e9s. La obra, publicada por la Editorial Qellqasqa, re\u00fane en catorce cap\u00edtulos la esencia de la enfermer\u00eda, plasmando la experiencia, formaci\u00f3n y extensa trayectoria profesional de la autora en el Departamento de Malarg\u00fce.<\/em><\/p>\n\n\n\n<p><em>El libro rescata momentos significativos vividos en el Hospital Regional Malarg\u00fce, incluyendo registros fotogr\u00e1ficos de gran valor hist\u00f3rico, convirti\u00e9ndose en un documento que merece ser preservado para las futuras generaciones.<\/em><\/p>\n\n\n\n<p><em>La Licenciada Pag\u00e9s, adem\u00e1s de su labor en el \u00e1mbito de la salud, ha desarrollado una importante trayectoria p\u00fablica como edil y diputada provincial, siempre con un marcado compromiso con el bienestar de la comunidad.<\/em><\/p>\n\n\n\n<p><em>La entrega de la Resoluci\u00f3n se realizar\u00e1 el 21 de noviembre de 2025, y tambi\u00e9n se enviar\u00e1 copia de la pieza legal a la Direcci\u00f3n de Educaci\u00f3n municipal, al Hospital Regional Malarg\u00fce y al Instituto de Docencia, Investigaci\u00f3n y Capacitaci\u00f3n Laboral de la Sanidad.<\/em><\/p>\n\n\n\n<p class=\"has-text-align-center\"><strong>PIEZA LEGAL<\/strong><\/p>\n\n\n<div class=\"wp-block-image\">\n<figure class=\"alignright is-resized\"><a href=\"http:\/\/hcd.malargue.gov.ar\/2025\/Rs%20226%202025%20Libro%20Norma%20Pages.pdf\"><img loading=\"lazy\" decoding=\"async\" width=\"512\" height=\"512\" src=\"https:\/\/hcd.malargue.gov.ar\/wp-content\/uploads\/2018\/06\/PDF-JPG.jpg\" alt=\"\" class=\"wp-image-7950\" style=\"width:119px;height:auto\" srcset=\"https:\/\/hcd.malargue.gov.ar\/wp-content\/uploads\/2018\/06\/PDF-JPG.jpg 512w, https:\/\/hcd.malargue.gov.ar\/wp-content\/uploads\/2018\/06\/PDF-JPG-150x150.jpg 150w, https:\/\/hcd.malargue.gov.ar\/wp-content\/uploads\/2018\/06\/PDF-JPG-300x300.jpg 300w\" sizes=\"auto, (max-width: 512px) 100vw, 512px\" \/><\/a><\/figure>\n<\/div>\n\n\n<p><strong>AUTORA CONCEJAL VIVIANA MOSCA <\/strong><\/p>\n\n\n\n<p><strong>BLOQUE FRENTE CAMBIA MENDOZA<\/strong><\/p>\n\n\n\n<p>VISTO: El contenido del Expediente N\u00b0 4.248\/2.025-0. Bloque Frente Cambia Mendoza. Proyecto de Resoluci\u00f3n: Declarar de Inter\u00e9s por su valor Hist\u00f3rico, Educativo y Cultural el libro: \u201cLa L\u00e1mpara Encendida\u201d de la Autora Lic. Norma Pag\u00e9s<\/p>\n\n\n\n<p>El valioso aporte hist\u00f3rico, educativo y cultural contenido en la obra biogr\u00e1fica de la autora Lic. Norma Pag\u00e9s, a trav\u00e9s de su destacada trayectoria como profesional de la salud en el Departamento de Malarg\u00fce.<\/p>\n\n\n\n<p>y;<\/p>\n\n\n\n<p>CONSIDERANDO: Que la Lic. Norma Pag\u00e9s ha realizado innumerables contribuciones en el \u00e1mbito de la salud y de la cultura en el Departamento de Malarg\u00fce.<\/p>\n\n\n\n<p>Que su libro <em>&#8220;La L\u00e1mpara Encendida&#8221;<\/em>, publicado por la Editorial Qellqasqa, re\u00fane en sus catorce cap\u00edtulos la esencia de la enfermer\u00eda, relatando su experiencia, formaci\u00f3n y extensa trayectoria profesional en el mencionado Departamento.<\/p>\n\n\n\n<p>Que la obra rescata momentos hist\u00f3ricos significativos vividos en el Hospital Regional Malarg\u00fce, incluyendo valiosos registros fotogr\u00e1ficos, lo que convierte a este libro en un documento de gran valor hist\u00f3rico, digno de ser conservado para las futuras generaciones.<\/p>\n\n\n\n<p>Que el compromiso de la Lic. Pag\u00e9s con la comunidad se ha manifestado no solo en su desempe\u00f1o profesional en el \u00e1mbito de la salud, sino tambi\u00e9n en su labor como Edil y Diputada Provincial, siempre guiada por una constante preocupaci\u00f3n por el bienestar de los ciudadanos de Malarg\u00fce.<\/p>\n\n\n\n<p>EL HONORABLE CONCEJO DELIBERANTE DE LA MUNICIPALIDAD DE MALARG\u00dcE EN USO DE LAS FACULTADES QUE LE SON PROPIAS<\/p>\n\n\n\n<p>RESUELVE<\/p>\n\n\n\n<p>ART\u00cdCULO 1\u00ba: Declarar de Inter\u00e9s Departamental por su valor Hist\u00f3rico, Educativo y Cultural el libro La l\u00e1mpara Encendida&#8221; de la autora Norma Pag\u00e9s.<\/p>\n\n\n\n<p>ART\u00cdCULO 2\u00ba: Realizar entrega de la presente pieza legal por parte de este Honorable Concejo Deliberante a la Licenciada Norma Pag\u00e9s, el d\u00eda 21 de noviembre de 2.025.<\/p>\n\n\n\n<p>ART\u00cdCULO 3\u00ba: Enviar copia de la presente pieza legal a la Direcci\u00f3n:<\/p>\n\n\n\n<ul class=\"wp-block-list\">\n<li>Educaci\u00f3n de la Municipalidad de Malarg\u00fce.<\/li>\n\n\n\n<li>Hospital Regional Malarg\u00fce.<\/li>\n\n\n\n<li>Instituto de Docencia, Investigaci\u00f3n y Capacitaci\u00f3n Laboral de la Sanidad.<\/li>\n<\/ul>\n\n\n\n<p>ART\u00cdCULO 4\u00ba: Comun\u00edquese, reg\u00edstrese, agr\u00e9guese copia de la presente en las actuaciones correspondientes y arch\u00edvese.<\/p>\n\n\n\n<p>DADA EN LA SALA DE SESIONES DR.&nbsp; RICARDO BALBIN DEL HONORABLE CONCEJO DELIBERANTE DE LA MUNICIPALIDAD DE MALARG\u00dcE A VEINTICUATRO D\u00cdAS DE JULIO DE DOS MIL VEINTICINCO.<\/p>\n\n\n\n<p><\/p>\n","protected":false},"excerpt":{"rendered":"<p>El HCD declar\u00f3 de Inter\u00e9s Departamental el libro \u201cLa L\u00e1mpara Encendida\u201d de la Lic. Norma Pag\u00e9s El HCD declar\u00f3 de Inter\u00e9s Departamental, por su valor hist\u00f3rico, educativo y cultural, el libro \u201cLa L\u00e1mpara Encendida\u201d de la licenciada Norma Pag\u00e9s. La obra, publicada por la Editorial Qellqasqa, re\u00fane en catorce cap\u00edtulos la esencia de la enfermer\u00eda, [&hellip;]<\/p>\n","protected":false},"author":5,"featured_media":39295,"comment_status":"closed","ping_status":"closed","sticky":false,"template":"","format":"standard","meta":{"footnotes":""},"categories":[52,29,33,51],"tags":[],"class_list":["post-39294","post","type-post","status-publish","format-standard","has-post-thumbnail","hentry","category-gacetillas","category-lesgilacion","category-prensa","category-resoluciones"],"yoast_head":"<!-- This site is optimized with the Yoast SEO plugin v19.10 - https:\/\/yoast.com\/wordpress\/plugins\/seo\/ -->\n<title>RESOLUCI\u00d3N N\u00b0 226\/2.025 - Malarg\u00fce HCD<\/title>\n<meta name=\"robots\" content=\"index, follow, max-snippet:-1, max-image-preview:large, max-video-preview:-1\" \/>\n<link rel=\"canonical\" href=\"https:\/\/hcd.malargue.gov.ar\/?p=39294\" \/>\n<meta property=\"og:locale\" content=\"es_ES\" \/>\n<meta property=\"og:type\" content=\"article\" \/>\n<meta property=\"og:title\" content=\"RESOLUCI\u00d3N N\u00b0 226\/2.025 - Malarg\u00fce HCD\" \/>\n<meta property=\"og:description\" content=\"El HCD declar\u00f3 de Inter\u00e9s Departamental el libro \u201cLa L\u00e1mpara Encendida\u201d de la Lic. Norma Pag\u00e9s El HCD declar\u00f3 de Inter\u00e9s Departamental, por su valor hist\u00f3rico, educativo y cultural, el libro \u201cLa L\u00e1mpara Encendida\u201d de la licenciada Norma Pag\u00e9s. La obra, publicada por la Editorial Qellqasqa, re\u00fane en catorce cap\u00edtulos la esencia de la enfermer\u00eda, [&hellip;]\" \/>\n<meta property=\"og:url\" content=\"https:\/\/hcd.malargue.gov.ar\/?p=39294\" \/>\n<meta property=\"og:site_name\" content=\"Malarg\u00fce HCD\" \/>\n<meta property=\"article:published_time\" content=\"2025-08-11T14:35:28+00:00\" \/>\n<meta property=\"article:modified_time\" content=\"2025-08-11T14:35:32+00:00\" \/>\n<meta property=\"og:image\" content=\"https:\/\/hcd.malargue.gov.ar\/wp-content\/uploads\/2025\/08\/RESOLUCION-226-2025.png\" \/>\n\t<meta property=\"og:image:width\" content=\"940\" \/>\n\t<meta property=\"og:image:height\" content=\"788\" \/>\n\t<meta property=\"og:image:type\" content=\"image\/png\" \/>\n<meta name=\"author\" content=\"Belen Pedernera Ferragut\" \/>\n<meta name=\"twitter:card\" content=\"summary_large_image\" \/>\n<meta name=\"twitter:label1\" content=\"Escrito por\" \/>\n\t<meta name=\"twitter:data1\" content=\"Belen Pedernera Ferragut\" \/>\n\t<meta name=\"twitter:label2\" content=\"Tiempo de lectura\" \/>\n\t<meta name=\"twitter:data2\" content=\"3 minutos\" \/>\n<script type=\"application\/ld+json\" class=\"yoast-schema-graph\">{\"@context\":\"https:\/\/schema.org\",\"@graph\":[{\"@type\":\"WebPage\",\"@id\":\"https:\/\/hcd.malargue.gov.ar\/?p=39294\",\"url\":\"https:\/\/hcd.malargue.gov.ar\/?p=39294\",\"name\":\"RESOLUCI\u00d3N N\u00b0 226\/2.025 - Malarg\u00fce HCD\",\"isPartOf\":{\"@id\":\"https:\/\/hcd.malargue.gov.ar\/#website\"},\"datePublished\":\"2025-08-11T14:35:28+00:00\",\"dateModified\":\"2025-08-11T14:35:32+00:00\",\"author\":{\"@id\":\"https:\/\/hcd.malargue.gov.ar\/#\/schema\/person\/3fd6bbab64edd703961b795156c955d0\"},\"breadcrumb\":{\"@id\":\"https:\/\/hcd.malargue.gov.ar\/?p=39294#breadcrumb\"},\"inLanguage\":\"es-AR\",\"potentialAction\":[{\"@type\":\"ReadAction\",\"target\":[\"https:\/\/hcd.malargue.gov.ar\/?p=39294\"]}]},{\"@type\":\"BreadcrumbList\",\"@id\":\"https:\/\/hcd.malargue.gov.ar\/?p=39294#breadcrumb\",\"itemListElement\":[{\"@type\":\"ListItem\",\"position\":1,\"name\":\"Inicio\",\"item\":\"https:\/\/hcd.malargue.gov.ar\/\"},{\"@type\":\"ListItem\",\"position\":2,\"name\":\"RESOLUCI\u00d3N N\u00b0 226\/2.025\"}]},{\"@type\":\"WebSite\",\"@id\":\"https:\/\/hcd.malargue.gov.ar\/#website\",\"url\":\"https:\/\/hcd.malargue.gov.ar\/\",\"name\":\"Malarg\u00fce HCD\",\"description\":\"Malarg\u00fce Mendoza Argentina\",\"potentialAction\":[{\"@type\":\"SearchAction\",\"target\":{\"@type\":\"EntryPoint\",\"urlTemplate\":\"https:\/\/hcd.malargue.gov.ar\/?s={search_term_string}\"},\"query-input\":\"required name=search_term_string\"}],\"inLanguage\":\"es-AR\"},{\"@type\":\"Person\",\"@id\":\"https:\/\/hcd.malargue.gov.ar\/#\/schema\/person\/3fd6bbab64edd703961b795156c955d0\",\"name\":\"Belen Pedernera Ferragut\",\"image\":{\"@type\":\"ImageObject\",\"inLanguage\":\"es-AR\",\"@id\":\"https:\/\/hcd.malargue.gov.ar\/#\/schema\/person\/image\/\",\"url\":\"https:\/\/secure.gravatar.com\/avatar\/1054ffab3893de4bb3eb29bdd22f7e34b8537bf5d34d9dab311818154ad5b71f?s=96&d=mm&r=g\",\"contentUrl\":\"https:\/\/secure.gravatar.com\/avatar\/1054ffab3893de4bb3eb29bdd22f7e34b8537bf5d34d9dab311818154ad5b71f?s=96&d=mm&r=g\",\"caption\":\"Belen Pedernera Ferragut\"},\"url\":\"https:\/\/hcd.malargue.gov.ar\/?author=5\"}]}<\/script>\n<!-- \/ Yoast SEO plugin. -->","yoast_head_json":{"title":"RESOLUCI\u00d3N N\u00b0 226\/2.025 - Malarg\u00fce HCD","robots":{"index":"index","follow":"follow","max-snippet":"max-snippet:-1","max-image-preview":"max-image-preview:large","max-video-preview":"max-video-preview:-1"},"canonical":"https:\/\/hcd.malargue.gov.ar\/?p=39294","og_locale":"es_ES","og_type":"article","og_title":"RESOLUCI\u00d3N N\u00b0 226\/2.025 - Malarg\u00fce HCD","og_description":"El HCD declar\u00f3 de Inter\u00e9s Departamental el libro \u201cLa L\u00e1mpara Encendida\u201d de la Lic. Norma Pag\u00e9s El HCD declar\u00f3 de Inter\u00e9s Departamental, por su valor hist\u00f3rico, educativo y cultural, el libro \u201cLa L\u00e1mpara Encendida\u201d de la licenciada Norma Pag\u00e9s. La obra, publicada por la Editorial Qellqasqa, re\u00fane en catorce cap\u00edtulos la esencia de la enfermer\u00eda, [&hellip;]","og_url":"https:\/\/hcd.malargue.gov.ar\/?p=39294","og_site_name":"Malarg\u00fce HCD","article_published_time":"2025-08-11T14:35:28+00:00","article_modified_time":"2025-08-11T14:35:32+00:00","og_image":[{"width":940,"height":788,"url":"https:\/\/hcd.malargue.gov.ar\/wp-content\/uploads\/2025\/08\/RESOLUCION-226-2025.png","type":"image\/png"}],"author":"Belen Pedernera Ferragut","twitter_card":"summary_large_image","twitter_misc":{"Escrito por":"Belen Pedernera Ferragut","Tiempo de lectura":"3 minutos"},"schema":{"@context":"https:\/\/schema.org","@graph":[{"@type":"WebPage","@id":"https:\/\/hcd.malargue.gov.ar\/?p=39294","url":"https:\/\/hcd.malargue.gov.ar\/?p=39294","name":"RESOLUCI\u00d3N N\u00b0 226\/2.025 - Malarg\u00fce HCD","isPartOf":{"@id":"https:\/\/hcd.malargue.gov.ar\/#website"},"datePublished":"2025-08-11T14:35:28+00:00","dateModified":"2025-08-11T14:35:32+00:00","author":{"@id":"https:\/\/hcd.malargue.gov.ar\/#\/schema\/person\/3fd6bbab64edd703961b795156c955d0"},"breadcrumb":{"@id":"https:\/\/hcd.malargue.gov.ar\/?p=39294#breadcrumb"},"inLanguage":"es-AR","potentialAction":[{"@type":"ReadAction","target":["https:\/\/hcd.malargue.gov.ar\/?p=39294"]}]},{"@type":"BreadcrumbList","@id":"https:\/\/hcd.malargue.gov.ar\/?p=39294#breadcrumb","itemListElement":[{"@type":"ListItem","position":1,"name":"Inicio","item":"https:\/\/hcd.malargue.gov.ar\/"},{"@type":"ListItem","position":2,"name":"RESOLUCI\u00d3N N\u00b0 226\/2.025"}]},{"@type":"WebSite","@id":"https:\/\/hcd.malargue.gov.ar\/#website","url":"https:\/\/hcd.malargue.gov.ar\/","name":"Malarg\u00fce HCD","description":"Malarg\u00fce Mendoza Argentina","potentialAction":[{"@type":"SearchAction","target":{"@type":"EntryPoint","urlTemplate":"https:\/\/hcd.malargue.gov.ar\/?s={search_term_string}"},"query-input":"required name=search_term_string"}],"inLanguage":"es-AR"},{"@type":"Person","@id":"https:\/\/hcd.malargue.gov.ar\/#\/schema\/person\/3fd6bbab64edd703961b795156c955d0","name":"Belen Pedernera Ferragut","image":{"@type":"ImageObject","inLanguage":"es-AR","@id":"https:\/\/hcd.malargue.gov.ar\/#\/schema\/person\/image\/","url":"https:\/\/secure.gravatar.com\/avatar\/1054ffab3893de4bb3eb29bdd22f7e34b8537bf5d34d9dab311818154ad5b71f?s=96&d=mm&r=g","contentUrl":"https:\/\/secure.gravatar.com\/avatar\/1054ffab3893de4bb3eb29bdd22f7e34b8537bf5d34d9dab311818154ad5b71f?s=96&d=mm&r=g","caption":"Belen Pedernera Ferragut"},"url":"https:\/\/hcd.malargue.gov.ar\/?author=5"}]}},"_links":{"self":[{"href":"https:\/\/hcd.malargue.gov.ar\/index.php?rest_route=\/wp\/v2\/posts\/39294","targetHints":{"allow":["GET"]}}],"collection":[{"href":"https:\/\/hcd.malargue.gov.ar\/index.php?rest_route=\/wp\/v2\/posts"}],"about":[{"href":"https:\/\/hcd.malargue.gov.ar\/index.php?rest_route=\/wp\/v2\/types\/post"}],"author":[{"embeddable":true,"href":"https:\/\/hcd.malargue.gov.ar\/index.php?rest_route=\/wp\/v2\/users\/5"}],"replies":[{"embeddable":true,"href":"https:\/\/hcd.malargue.gov.ar\/index.php?rest_route=%2Fwp%2Fv2%2Fcomments&post=39294"}],"version-history":[{"count":1,"href":"https:\/\/hcd.malargue.gov.ar\/index.php?rest_route=\/wp\/v2\/posts\/39294\/revisions"}],"predecessor-version":[{"id":39296,"href":"https:\/\/hcd.malargue.gov.ar\/index.php?rest_route=\/wp\/v2\/posts\/39294\/revisions\/39296"}],"wp:featuredmedia":[{"embeddable":true,"href":"https:\/\/hcd.malargue.gov.ar\/index.php?rest_route=\/wp\/v2\/media\/39295"}],"wp:attachment":[{"href":"https:\/\/hcd.malargue.gov.ar\/index.php?rest_route=%2Fwp%2Fv2%2Fmedia&parent=39294"}],"wp:term":[{"taxonomy":"category","embeddable":true,"href":"https:\/\/hcd.malargue.gov.ar\/index.php?rest_route=%2Fwp%2Fv2%2Fcategories&post=39294"},{"taxonomy":"post_tag","embeddable":true,"href":"https:\/\/hcd.malargue.gov.ar\/index.php?rest_route=%2Fwp%2Fv2%2Ftags&post=39294"}],"curies":[{"name":"wp","href":"https:\/\/api.w.org\/{rel}","templated":true}]}}