{"id":39297,"date":"2025-08-11T12:05:56","date_gmt":"2025-08-11T15:05:56","guid":{"rendered":"https:\/\/hcd.malargue.gov.ar\/?p=39297"},"modified":"2025-08-11T12:06:00","modified_gmt":"2025-08-11T15:06:00","slug":"ordenanza-n-2-340-2-025","status":"publish","type":"post","link":"https:\/\/hcd.malargue.gov.ar\/?p=39297","title":{"rendered":"ORDENANZA N\u00b0 2.340\/2.025"},"content":{"rendered":"\n<h4 class=\"wp-block-heading has-text-align-center\"><strong>Malarg\u00fce Crea el Programa de Accesibilidad Cognitiva para personas con diversidad intelectual<\/strong><\/h4>\n\n\n\n<p><em>Con la finalidad de promover la autonom\u00eda y facilitar el acceso a la informaci\u00f3n de personas con Trastornos del Espectro Autista, analfabetas y quienes presentan discapacidad intelectual o sensorial, el Honorable Concejo Deliberante de Malarg\u00fce aprob\u00f3 la Ordenanza N\u00ba 2.340\/2025 que establece el Programa de Accesibilidad Cognitiva en la Administraci\u00f3n P\u00fablica Municipal.<\/em><\/p>\n\n\n\n<p><em>La iniciativa, presentada por el Bloque Frente Cambia Mendoza, reconoce que las barreras para la inclusi\u00f3n no son solo f\u00edsicas, sino tambi\u00e9n culturales, comunicativas y psicol\u00f3gicas. Por ello, se busca implementar la se\u00f1alizaci\u00f3n progresiva en espacios p\u00fablicos mediante pictogramas universales \u2014s\u00edmbolos gr\u00e1ficos claros y estandarizados\u2014 que permitan una comunicaci\u00f3n efectiva y superen barreras ling\u00fc\u00edsticas o cognitivas.<\/em><\/p>\n\n\n\n<p><em>La Ordenanza establece que los pictogramas deber\u00e1n ser visibles, de al menos 20 cm por lado, y desarrollados o seleccionados con la participaci\u00f3n activa de expertos y usuarios para asegurar su comprensi\u00f3n real y utilidad pr\u00e1ctica.<\/em><\/p>\n\n\n\n<p><em>Adem\u00e1s, se invita a organismos provinciales y nacionales, comercios, clubes e instituciones locales a adherir al programa, fomentando campa\u00f1as de difusi\u00f3n para fortalecer la inclusi\u00f3n en todos los \u00e1mbitos sociales y promover una comunidad m\u00e1s accesible.<\/em><\/p>\n\n\n\n<p><em>Este paso legislativo apunta a construir un Malarg\u00fce cada vez m\u00e1s integrador, donde las personas con discapacidad intelectual o sensorial puedan desenvolverse con mayor independencia y participaci\u00f3n plena en la vida comunitaria.<\/em><\/p>\n\n\n\n<p class=\"has-text-align-center\"><strong>PIEZA LEGAL<\/strong><\/p>\n\n\n<div class=\"wp-block-image\">\n<figure class=\"alignright is-resized\"><a href=\"http:\/\/hcd.malargue.gov.ar\/2025\/On%202340%202025%20Accesibilidad%20Personas%20Espectro%20Autista.pdf\"><img loading=\"lazy\" decoding=\"async\" width=\"512\" height=\"512\" src=\"https:\/\/hcd.malargue.gov.ar\/wp-content\/uploads\/2018\/06\/PDF-JPG.jpg\" alt=\"\" class=\"wp-image-7950\" style=\"width:126px;height:auto\" srcset=\"https:\/\/hcd.malargue.gov.ar\/wp-content\/uploads\/2018\/06\/PDF-JPG.jpg 512w, https:\/\/hcd.malargue.gov.ar\/wp-content\/uploads\/2018\/06\/PDF-JPG-150x150.jpg 150w, https:\/\/hcd.malargue.gov.ar\/wp-content\/uploads\/2018\/06\/PDF-JPG-300x300.jpg 300w\" sizes=\"auto, (max-width: 512px) 100vw, 512px\" \/><\/a><\/figure>\n<\/div>\n\n\n<p><strong>AUTORA CONCEJALA MANDATO CUMPLIDO DAIANA VARAS<\/strong><\/p>\n\n\n\n<p><strong>BLOQUE FRENTE CAMBIA MENDOZA<\/strong><\/p>\n\n\n\n<p>VISTO: El contenido del Expediente N\u00b0 5.265-HC-054-2.023. &nbsp;Bloque Frente Cambia Mendoza. Proyecto de Ordenanza: Crear el Programa de Accesibilidad Cognitiva a fin de promover autonom\u00eda en el desarrollo de personas con Trastornos del Espectro Autista, Analfabetas o con Discapacidad Intelectual.<\/p>\n\n\n\n<p>Que el entorno en el que desarrollamos nuestras vidas no se encuentra limitado solamente por barreras f\u00edsicas, sino tambi\u00e9n psicol\u00f3gicas, culturales, comunicativas, informativas, etc.<\/p>\n\n\n\n<p>CONSIDERANDO: Que los pictogramas son signos ic\u00f3nicos que transmiten un significado con simplicidad y claridad, m\u00e1s all\u00e1 de las fronteras culturales, ling\u00fc\u00edsticas o cognitivas<\/p>\n\n\n\n<p>Que la utilizaci\u00f3n de pictogramas universales es una herramienta para mejorar la accesibilidad cognitiva de un entorno, cuando \u00e9stos son de f\u00e1cil comprensi\u00f3n y han sido validados como estrategia que mejora la comunicaci\u00f3n.<\/p>\n\n\n\n<p>Que existen distintos tipos de pictogramas en cuanto a la funci\u00f3n que desarrollan y que una de ellas, es la de se\u00f1alizar los espacios.<\/p>\n\n\n\n<p>Que los pictogramas son herramientas habitualmente utilizadas para ofrecer una comunicaci\u00f3n aumentativa y alternativa y a la vez, garantizar la accesibilidad cognitiva de las personas con Trastornos de Espectro Autista, con discapacidades intelectual o del desarrollo y de la poblaci\u00f3n analfabeta<\/p>\n\n\n\n<p>Que el uso de pictogramas de apoyo a comunicaci\u00f3n puede resultar un buen recurso para que algunas personas puedan comunicarse y desenvolverse de manera independiente en la comunidad por ejemplo para realizar tr\u00e1mites con una mayor autonom\u00eda y pueden favorecer su participaci\u00f3n en determinadas ocasiones.<\/p>\n\n\n\n<p>Que existen antecedentes de Ordenanzas con este mismo esp\u00edritu en municipios de diversas provincias, incluidos Jun\u00edn y Las Heras en Mendoza.<\/p>\n\n\n\n<p>Que la participaci\u00f3n de usuarios es fundamental en el dise\u00f1o de pictogramas, ya que deben permitir a cualquier persona, en la pr\u00e1ctica, identificarlos y comprenderlos correctamente.<\/p>\n\n\n\n<p>Que es necesario seguir trabajando e interviniendo en los espacios p\u00fablicos y privados con la finalidad de intentar la plena integraci\u00f3n social de las personas con discapacidad, de manera de construir un departamento cada vez m\u00e1s accesible.<\/p>\n\n\n\n<p>Que es obligaci\u00f3n del Estado promover e impulsar pol\u00edticas p\u00fablicas y eventos tendientes a la integraci\u00f3n de las personas con discapacidad, as\u00ed como su acompa\u00f1amiento y la concientizaci\u00f3n resto de la comunidad.<\/p>\n\n\n\n<p>EL HONORABLE CONCEJO DELIBERANTE DE LA MUNICIPALIDAD DE MALARG\u00dcE EN USO DE LAS FACULTADES QUE LE SON PROPIAS<\/p>\n\n\n\n<p>ORDENA<\/p>\n\n\n\n<p>ART\u00cdCULO 1\u00ba: Crease el Programa de Accesibilidad Cognitiva en el \u00c1rea de la Administraci\u00f3n P\u00fablica Municipal, con el objetivo de promover la autonom\u00eda en el desarrollo personal y facilitar el acceso a la informaci\u00f3n a personas que presenten alguna diversidad intelectual y\/o sensorial (Visual auditiva)<\/p>\n\n\n\n<p>ART\u00cdCULO 2\u00b0: Disp\u00f3ngase la se\u00f1alizaci\u00f3n progresiva a trav\u00e9s de s\u00edmbolos pictogr\u00e1ficos (pictogramas) de los espacios p\u00fablicos administrativos y recreativos dependientes del Departamento Ejecutivo Municipal.<\/p>\n\n\n\n<p>ART\u00cdCULO 3\u00b0:&nbsp; Enti\u00e9ndase por Pictograma, a los efectos de la presente Ordenanza, a un Recurso comunicativo de car\u00e1cter visual, un gr\u00e1fico claro y esquem\u00e1tico que representa un objeto real, figura o concepto y que sintetiza un mensaje que puede se\u00f1alar o informar sobrepasando la barrera de las lenguas.<\/p>\n\n\n\n<p>ART\u00cdCULO 4\u00b0: Los pictogramas mencionados en el Art\u00edculo 2\u00ba deber\u00e1n tener un tama\u00f1o m\u00ednimo de 20 cm. x 20 cm. y colocarse a una altura que sea visible.<\/p>\n\n\n\n<p>ART\u00cdCULO 5\u00b0: La confecci\u00f3n y colocaci\u00f3n de los Pictogramas deber\u00e1 responder a las siguientes pautas:<\/p>\n\n\n\n<p>&#8211; Tener car\u00e1cter universal.<\/p>\n\n\n\n<p>&#8211; Contar con el criterio de las personas expertas, tanto profesionales docentes como personas con dificultades de comprensi\u00f3n que vayan a utilizar los entornos.<\/p>\n\n\n\n<p>&#8211; Utilizar pictogramas universales estandarizados ya existentes. Si no existen, deber\u00e1n ser desarrollados conforme a criterios y recomendaciones estandarizadas y validados posteriormente.<\/p>\n\n\n\n<p>ART\u00cdCULO 6\u00b0: Inv\u00edtese, a trav\u00e9s del Departamento Ejecutivo Municipal, a los Organismos P\u00fablicos Provinciales y Nacionales con sede en el Departamento de Malarg\u00fce, como as\u00ed tambi\u00e9n a Comercios, Clubes, Instituciones Religiosas, a adherir al presente programa.<\/p>\n\n\n\n<p>ART\u00cdCULO 7\u00b0: Promu\u00e9vase la realizaci\u00f3n de campa\u00f1as de difusi\u00f3n peri\u00f3dica en los medios de comunicaci\u00f3n masivos del Departamento, a efectos de promover la adhesi\u00f3n del sector privado a lo dispuesto en la presente Ordenanza.<\/p>\n\n\n\n<p>ART\u00cdCULO 8\u00b0: As\u00edgnese las partidas correspondientes al Presupuesto General de Gastos y C\u00e1lculos de Recursos del Ejercicio 2.026 y en los subsiguientes, de acuerdo a la planificaci\u00f3n realizado para el cumplimiento del programa.<\/p>\n\n\n\n<p>ART\u00cdCULO 9\u00b0: A los fines de la presente Ordenanza, inv\u00edtese a las Escuelas N\u00ba 2-030 Juan Maurin Navarro y N\u00ba 2-079 Roberto Ordenes, al Observatorio de las Personas con Discapacidad de la Provincia de Mendoza y a otras Instituciones del Departamento a confeccionar en conjunto con el Departamento Ejecutivo Municipal, los productos, servicios y comunicaci\u00f3n que facilite la implementaci\u00f3n del programa.<\/p>\n\n\n\n<p>ART\u00cdCULO 10:&nbsp; Comun\u00edquese, reg\u00edstrese, c\u00famplase, publ\u00edquese, agr\u00e9guese copia de la presente en las actuaciones correspondientes y arch\u00edvese.<\/p>\n\n\n\n<p>DADA EN LA SALA DE SESIONES DR.&nbsp; RICARDO BALBIN DEL HONORABLE CONCEJO DELIBERANTE DE LA MUNICIPALIDAD DE MALARG\u00dcE A VEINTICUATRO D\u00cdAS DE JULIO DE DOS MIL VEINTICINCO.<\/p>\n","protected":false},"excerpt":{"rendered":"<p>Malarg\u00fce Crea el Programa de Accesibilidad Cognitiva para personas con diversidad intelectual Con la finalidad de promover la autonom\u00eda y facilitar el acceso a la informaci\u00f3n de personas con Trastornos del Espectro Autista, analfabetas y quienes presentan discapacidad intelectual o sensorial, el Honorable Concejo Deliberante de Malarg\u00fce aprob\u00f3 la Ordenanza N\u00ba 2.340\/2025 que establece el [&hellip;]<\/p>\n","protected":false},"author":5,"featured_media":39298,"comment_status":"closed","ping_status":"closed","sticky":false,"template":"","format":"standard","meta":{"footnotes":""},"categories":[52,29,48,33],"tags":[],"class_list":["post-39297","post","type-post","status-publish","format-standard","has-post-thumbnail","hentry","category-gacetillas","category-lesgilacion","category-ordenanzas-municipales","category-prensa"],"yoast_head":"<!-- This site is optimized with the Yoast SEO plugin v19.10 - https:\/\/yoast.com\/wordpress\/plugins\/seo\/ -->\n<title>ORDENANZA N\u00b0 2.340\/2.025 - Malarg\u00fce HCD<\/title>\n<meta name=\"robots\" content=\"index, follow, max-snippet:-1, max-image-preview:large, max-video-preview:-1\" \/>\n<link rel=\"canonical\" href=\"https:\/\/hcd.malargue.gov.ar\/?p=39297\" \/>\n<meta property=\"og:locale\" content=\"es_ES\" \/>\n<meta property=\"og:type\" content=\"article\" \/>\n<meta property=\"og:title\" content=\"ORDENANZA N\u00b0 2.340\/2.025 - Malarg\u00fce HCD\" \/>\n<meta property=\"og:description\" content=\"Malarg\u00fce Crea el Programa de Accesibilidad Cognitiva para personas con diversidad intelectual Con la finalidad de promover la autonom\u00eda y facilitar el acceso a la informaci\u00f3n de personas con Trastornos del Espectro Autista, analfabetas y quienes presentan discapacidad intelectual o sensorial, el Honorable Concejo Deliberante de Malarg\u00fce aprob\u00f3 la Ordenanza N\u00ba 2.340\/2025 que establece el [&hellip;]\" \/>\n<meta property=\"og:url\" content=\"https:\/\/hcd.malargue.gov.ar\/?p=39297\" \/>\n<meta property=\"og:site_name\" content=\"Malarg\u00fce HCD\" \/>\n<meta property=\"article:published_time\" content=\"2025-08-11T15:05:56+00:00\" \/>\n<meta property=\"article:modified_time\" content=\"2025-08-11T15:06:00+00:00\" \/>\n<meta property=\"og:image\" content=\"https:\/\/hcd.malargue.gov.ar\/wp-content\/uploads\/2025\/08\/ORDENANZA-2340-2025.png\" \/>\n\t<meta property=\"og:image:width\" content=\"940\" \/>\n\t<meta property=\"og:image:height\" content=\"788\" \/>\n\t<meta property=\"og:image:type\" content=\"image\/png\" \/>\n<meta name=\"author\" content=\"Belen Pedernera Ferragut\" \/>\n<meta name=\"twitter:card\" content=\"summary_large_image\" \/>\n<meta name=\"twitter:label1\" content=\"Escrito por\" \/>\n\t<meta name=\"twitter:data1\" content=\"Belen Pedernera Ferragut\" \/>\n\t<meta name=\"twitter:label2\" content=\"Tiempo de lectura\" \/>\n\t<meta name=\"twitter:data2\" content=\"5 minutos\" \/>\n<script type=\"application\/ld+json\" class=\"yoast-schema-graph\">{\"@context\":\"https:\/\/schema.org\",\"@graph\":[{\"@type\":\"WebPage\",\"@id\":\"https:\/\/hcd.malargue.gov.ar\/?p=39297\",\"url\":\"https:\/\/hcd.malargue.gov.ar\/?p=39297\",\"name\":\"ORDENANZA N\u00b0 2.340\/2.025 - Malarg\u00fce HCD\",\"isPartOf\":{\"@id\":\"https:\/\/hcd.malargue.gov.ar\/#website\"},\"datePublished\":\"2025-08-11T15:05:56+00:00\",\"dateModified\":\"2025-08-11T15:06:00+00:00\",\"author\":{\"@id\":\"https:\/\/hcd.malargue.gov.ar\/#\/schema\/person\/3fd6bbab64edd703961b795156c955d0\"},\"breadcrumb\":{\"@id\":\"https:\/\/hcd.malargue.gov.ar\/?p=39297#breadcrumb\"},\"inLanguage\":\"es-AR\",\"potentialAction\":[{\"@type\":\"ReadAction\",\"target\":[\"https:\/\/hcd.malargue.gov.ar\/?p=39297\"]}]},{\"@type\":\"BreadcrumbList\",\"@id\":\"https:\/\/hcd.malargue.gov.ar\/?p=39297#breadcrumb\",\"itemListElement\":[{\"@type\":\"ListItem\",\"position\":1,\"name\":\"Inicio\",\"item\":\"https:\/\/hcd.malargue.gov.ar\/\"},{\"@type\":\"ListItem\",\"position\":2,\"name\":\"ORDENANZA N\u00b0 2.340\/2.025\"}]},{\"@type\":\"WebSite\",\"@id\":\"https:\/\/hcd.malargue.gov.ar\/#website\",\"url\":\"https:\/\/hcd.malargue.gov.ar\/\",\"name\":\"Malarg\u00fce HCD\",\"description\":\"Malarg\u00fce Mendoza Argentina\",\"potentialAction\":[{\"@type\":\"SearchAction\",\"target\":{\"@type\":\"EntryPoint\",\"urlTemplate\":\"https:\/\/hcd.malargue.gov.ar\/?s={search_term_string}\"},\"query-input\":\"required name=search_term_string\"}],\"inLanguage\":\"es-AR\"},{\"@type\":\"Person\",\"@id\":\"https:\/\/hcd.malargue.gov.ar\/#\/schema\/person\/3fd6bbab64edd703961b795156c955d0\",\"name\":\"Belen Pedernera Ferragut\",\"image\":{\"@type\":\"ImageObject\",\"inLanguage\":\"es-AR\",\"@id\":\"https:\/\/hcd.malargue.gov.ar\/#\/schema\/person\/image\/\",\"url\":\"https:\/\/secure.gravatar.com\/avatar\/1054ffab3893de4bb3eb29bdd22f7e34b8537bf5d34d9dab311818154ad5b71f?s=96&d=mm&r=g\",\"contentUrl\":\"https:\/\/secure.gravatar.com\/avatar\/1054ffab3893de4bb3eb29bdd22f7e34b8537bf5d34d9dab311818154ad5b71f?s=96&d=mm&r=g\",\"caption\":\"Belen Pedernera Ferragut\"},\"url\":\"https:\/\/hcd.malargue.gov.ar\/?author=5\"}]}<\/script>\n<!-- \/ Yoast SEO plugin. -->","yoast_head_json":{"title":"ORDENANZA N\u00b0 2.340\/2.025 - Malarg\u00fce HCD","robots":{"index":"index","follow":"follow","max-snippet":"max-snippet:-1","max-image-preview":"max-image-preview:large","max-video-preview":"max-video-preview:-1"},"canonical":"https:\/\/hcd.malargue.gov.ar\/?p=39297","og_locale":"es_ES","og_type":"article","og_title":"ORDENANZA N\u00b0 2.340\/2.025 - Malarg\u00fce HCD","og_description":"Malarg\u00fce Crea el Programa de Accesibilidad Cognitiva para personas con diversidad intelectual Con la finalidad de promover la autonom\u00eda y facilitar el acceso a la informaci\u00f3n de personas con Trastornos del Espectro Autista, analfabetas y quienes presentan discapacidad intelectual o sensorial, el Honorable Concejo Deliberante de Malarg\u00fce aprob\u00f3 la Ordenanza N\u00ba 2.340\/2025 que establece el [&hellip;]","og_url":"https:\/\/hcd.malargue.gov.ar\/?p=39297","og_site_name":"Malarg\u00fce HCD","article_published_time":"2025-08-11T15:05:56+00:00","article_modified_time":"2025-08-11T15:06:00+00:00","og_image":[{"width":940,"height":788,"url":"https:\/\/hcd.malargue.gov.ar\/wp-content\/uploads\/2025\/08\/ORDENANZA-2340-2025.png","type":"image\/png"}],"author":"Belen Pedernera Ferragut","twitter_card":"summary_large_image","twitter_misc":{"Escrito por":"Belen Pedernera Ferragut","Tiempo de lectura":"5 minutos"},"schema":{"@context":"https:\/\/schema.org","@graph":[{"@type":"WebPage","@id":"https:\/\/hcd.malargue.gov.ar\/?p=39297","url":"https:\/\/hcd.malargue.gov.ar\/?p=39297","name":"ORDENANZA N\u00b0 2.340\/2.025 - Malarg\u00fce HCD","isPartOf":{"@id":"https:\/\/hcd.malargue.gov.ar\/#website"},"datePublished":"2025-08-11T15:05:56+00:00","dateModified":"2025-08-11T15:06:00+00:00","author":{"@id":"https:\/\/hcd.malargue.gov.ar\/#\/schema\/person\/3fd6bbab64edd703961b795156c955d0"},"breadcrumb":{"@id":"https:\/\/hcd.malargue.gov.ar\/?p=39297#breadcrumb"},"inLanguage":"es-AR","potentialAction":[{"@type":"ReadAction","target":["https:\/\/hcd.malargue.gov.ar\/?p=39297"]}]},{"@type":"BreadcrumbList","@id":"https:\/\/hcd.malargue.gov.ar\/?p=39297#breadcrumb","itemListElement":[{"@type":"ListItem","position":1,"name":"Inicio","item":"https:\/\/hcd.malargue.gov.ar\/"},{"@type":"ListItem","position":2,"name":"ORDENANZA N\u00b0 2.340\/2.025"}]},{"@type":"WebSite","@id":"https:\/\/hcd.malargue.gov.ar\/#website","url":"https:\/\/hcd.malargue.gov.ar\/","name":"Malarg\u00fce HCD","description":"Malarg\u00fce Mendoza Argentina","potentialAction":[{"@type":"SearchAction","target":{"@type":"EntryPoint","urlTemplate":"https:\/\/hcd.malargue.gov.ar\/?s={search_term_string}"},"query-input":"required name=search_term_string"}],"inLanguage":"es-AR"},{"@type":"Person","@id":"https:\/\/hcd.malargue.gov.ar\/#\/schema\/person\/3fd6bbab64edd703961b795156c955d0","name":"Belen Pedernera Ferragut","image":{"@type":"ImageObject","inLanguage":"es-AR","@id":"https:\/\/hcd.malargue.gov.ar\/#\/schema\/person\/image\/","url":"https:\/\/secure.gravatar.com\/avatar\/1054ffab3893de4bb3eb29bdd22f7e34b8537bf5d34d9dab311818154ad5b71f?s=96&d=mm&r=g","contentUrl":"https:\/\/secure.gravatar.com\/avatar\/1054ffab3893de4bb3eb29bdd22f7e34b8537bf5d34d9dab311818154ad5b71f?s=96&d=mm&r=g","caption":"Belen Pedernera Ferragut"},"url":"https:\/\/hcd.malargue.gov.ar\/?author=5"}]}},"_links":{"self":[{"href":"https:\/\/hcd.malargue.gov.ar\/index.php?rest_route=\/wp\/v2\/posts\/39297","targetHints":{"allow":["GET"]}}],"collection":[{"href":"https:\/\/hcd.malargue.gov.ar\/index.php?rest_route=\/wp\/v2\/posts"}],"about":[{"href":"https:\/\/hcd.malargue.gov.ar\/index.php?rest_route=\/wp\/v2\/types\/post"}],"author":[{"embeddable":true,"href":"https:\/\/hcd.malargue.gov.ar\/index.php?rest_route=\/wp\/v2\/users\/5"}],"replies":[{"embeddable":true,"href":"https:\/\/hcd.malargue.gov.ar\/index.php?rest_route=%2Fwp%2Fv2%2Fcomments&post=39297"}],"version-history":[{"count":1,"href":"https:\/\/hcd.malargue.gov.ar\/index.php?rest_route=\/wp\/v2\/posts\/39297\/revisions"}],"predecessor-version":[{"id":39299,"href":"https:\/\/hcd.malargue.gov.ar\/index.php?rest_route=\/wp\/v2\/posts\/39297\/revisions\/39299"}],"wp:featuredmedia":[{"embeddable":true,"href":"https:\/\/hcd.malargue.gov.ar\/index.php?rest_route=\/wp\/v2\/media\/39298"}],"wp:attachment":[{"href":"https:\/\/hcd.malargue.gov.ar\/index.php?rest_route=%2Fwp%2Fv2%2Fmedia&parent=39297"}],"wp:term":[{"taxonomy":"category","embeddable":true,"href":"https:\/\/hcd.malargue.gov.ar\/index.php?rest_route=%2Fwp%2Fv2%2Fcategories&post=39297"},{"taxonomy":"post_tag","embeddable":true,"href":"https:\/\/hcd.malargue.gov.ar\/index.php?rest_route=%2Fwp%2Fv2%2Ftags&post=39297"}],"curies":[{"name":"wp","href":"https:\/\/api.w.org\/{rel}","templated":true}]}}