{"id":39306,"date":"2025-08-12T09:33:06","date_gmt":"2025-08-12T12:33:06","guid":{"rendered":"https:\/\/hcd.malargue.gov.ar\/?p=39306"},"modified":"2025-08-12T09:40:32","modified_gmt":"2025-08-12T12:40:32","slug":"resolucion-no-230-2-025","status":"publish","type":"post","link":"https:\/\/hcd.malargue.gov.ar\/?p=39306","title":{"rendered":"RESOLUCI\u00d3N N\u00b0 230\/2.025"},"content":{"rendered":"\n<h4 class=\"wp-block-heading has-text-align-center\"><strong>El HCD solicit\u00f3 informe sobre la labor de los Preventores Viales Municipales<\/strong><\/h4>\n\n\n\n<p><em>Los Ediles aprobaron un proyecto impulsado por la Concejal Silvina Camiolo para solicitar al Ejecutivo Municipal un informe detallado sobre las tareas y funciones del Cuerpo de Preventores Vial Municipal.<\/em><\/p>\n\n\n\n<p><em>La medida responde a la creciente preocupaci\u00f3n por el aumento de accidentes de tr\u00e1nsito en la ciudad y la necesidad de reforzar la prevenci\u00f3n y el control vehicular. El Concejo destac\u00f3 que este cuerpo cumple funciones de acompa\u00f1amiento, ordenamiento del tr\u00e1nsito y concientizaci\u00f3n ciudadana, contando con capacitaci\u00f3n espec\u00edfica y equipamiento provisto por el Municipio y el Observatorio Vial Provincial.<\/em><\/p>\n\n\n\n<p><em>Entre los puntos requeridos, se solicita el estricto cumplimiento de la Ley N\u00ba 9.024 y las ordenanzas municipales vigentes, as\u00ed como la asignaci\u00f3n de al menos cinco agentes municipales para cumplir exclusivamente funciones como Preventores de Tr\u00e1nsito, bajo la dependencia del Juzgado Vial.<\/em><\/p>\n\n\n\n<p><em>Con esta Resoluci\u00f3n, el Concejo Deliberante reafirma su compromiso firme y constante con la seguridad vial y la protecci\u00f3n de la comunidad, promoviendo acciones concretas que contribuyan a reducir los accidentes de tr\u00e1nsito y a mejorar la calidad de vida de todas las vecinas y vecinos de Malarg\u00fce.<\/em><\/p>\n\n\n\n<p class=\"has-text-align-center\"><strong>PIEZA LEGAL<\/strong><\/p>\n\n\n<div class=\"wp-block-image\">\n<figure class=\"alignright is-resized\"><a href=\"http:\/\/hcd.malargue.gov.ar\/2025\/Rs%20230%202025%20Informe%20Cuerpo%20Preventores.pdf\"><img loading=\"lazy\" decoding=\"async\" width=\"512\" height=\"512\" src=\"https:\/\/hcd.malargue.gov.ar\/wp-content\/uploads\/2018\/06\/PDF-JPG.jpg\" alt=\"\" class=\"wp-image-7950\" style=\"width:122px;height:auto\" srcset=\"https:\/\/hcd.malargue.gov.ar\/wp-content\/uploads\/2018\/06\/PDF-JPG.jpg 512w, https:\/\/hcd.malargue.gov.ar\/wp-content\/uploads\/2018\/06\/PDF-JPG-150x150.jpg 150w, https:\/\/hcd.malargue.gov.ar\/wp-content\/uploads\/2018\/06\/PDF-JPG-300x300.jpg 300w\" sizes=\"auto, (max-width: 512px) 100vw, 512px\" \/><\/a><\/figure>\n<\/div>\n\n\n<p><strong>AUTORA CONCEJALA SILVINA CAMIOLO<\/strong><\/p>\n\n\n\n<p><strong>BLOQUE RECONSTRUYENDO MALARG\u00dcE<\/strong><\/p>\n\n\n\n<p>VISTO: El contenido del Expediente N\u00b0 4.380\/2.025-0. Bloque Reconstruyendo Malarg\u00fce. Proyecto de Resoluci\u00f3n: Solicitar al Departamento Ejecutivo Municipal informe sobre la labor y tareas asignadas al Cuerpo de Preventores Vial Municipal.<\/p>\n\n\n\n<p>El aumento de accidentes de tr\u00e1nsito en nuestra ciudad.<\/p>\n\n\n\n<p>y;<\/p>\n\n\n\n<p>CONSIDERANDO: Que resulta de suma importancia la prevenci\u00f3n de accidentes de tr\u00e1nsito y el control diario de veh\u00edculos y motocicletas, a fin de resguardar la Seguridad Vial en el \u00e1mbito del Departamento de Malarg\u00fce.<\/p>\n\n\n\n<p>Que el Cuerpo de Preventores Municipales tiene a su cargo funciones de acompa\u00f1amiento, control, ordenamiento del tr\u00e1nsito y difusi\u00f3n de los principios de prevenci\u00f3n vial entre la poblaci\u00f3n.<\/p>\n\n\n\n<p>Que dicho cuerpo recibe capacitaci\u00f3n por parte del Ministerio de Seguridad, conforme a las disposiciones establecidas en la Ley Nacional de Tr\u00e1nsito N\u00b0 24.449, la Ley Provincial N\u00b0 9.024 y dem\u00e1s reglamentos y normativas aplicables en materia de seguridad y orden p\u00fablico.<\/p>\n\n\n\n<p>Que los Preventores desarrollan su labor principalmente en la v\u00eda p\u00fablica, promoviendo la concientizaci\u00f3n ciudadana y la mejora de las conductas sociales, con el objetivo de reducir la comisi\u00f3n de infracciones y minimizar situaciones de riesgo vinculadas al tr\u00e1nsito.<\/p>\n\n\n\n<p>Que en el ejercicio de sus funciones, se encuentran asimilados a la figura del personal de Polic\u00eda Vial, estando debidamente autorizados para requerir documentaci\u00f3n, labrar actas de infracci\u00f3n, retener licencias de conducir y veh\u00edculos, en los casos previstos por la normativa vigente.<\/p>\n\n\n\n<p>Que el cuerpo cuenta adem\u00e1s con entrenamiento espec\u00edfico para el patrullaje en motocicletas, lo cual ha sido fortalecido a partir de la adquisici\u00f3n de tres (3) unidades por parte del Municipio en febrero del a\u00f1o 2.023, con el prop\u00f3sito de optimizar la tarea preventiva y operativa en la v\u00eda p\u00fablica.<\/p>\n\n\n\n<p>Que uno de los objetivos fundacionales del Cuerpo ha sido su formaci\u00f3n en Protecci\u00f3n Civil, a fin de colaborar con la fuerza policial en tareas preventivas, especialmente en zonas escolares y sectores de alta circulaci\u00f3n peatonal, permitiendo as\u00ed que el personal policial pueda concentrarse en otras \u00e1reas de mayor complejidad.<\/p>\n\n\n\n<p>Que en el a\u00f1o 2.023 se suscribi\u00f3 un convenio con el Observatorio Vial Provincial, a trav\u00e9s del cual el Municipio recibi\u00f3, en una primera entrega, dos (2) alcohol\u00edmetros con impresoras, doscientas (200) boquillas, quince (15) chalecos refractarios, un grupo electr\u00f3geno y quince (15) linternas.<\/p>\n\n\n\n<p>Que en una segunda entrega se incorporaron veinte (20) conos de alta calidad, nuevos alcohol\u00edmetros tipo Dr\u00e4ger \u2014los m\u00e1s avanzados del mercado\u2014, doscientas (200) pipetas, cadenas de se\u00f1alizaci\u00f3n, material gr\u00e1fico y folleter\u00eda orientada a la concientizaci\u00f3n y prevenci\u00f3n vial.<\/p>\n\n\n\n<p>Que este equipamiento fortalece significativamente la capacidad operativa del Cuerpo de Preventores, brindando mayor seguridad, fomentando la prevenci\u00f3n y promoviendo la concientizaci\u00f3n ciudadana a trav\u00e9s de una presencia activa y profesional en la v\u00eda p\u00fablica.<\/p>\n\n\n\n<p>EL HONORABLE CONCEJO DELIBERANTE DE LA MUNICIPALIDAD DE MALARG\u00dcE EN USO DE LAS FACULTADES QUE LE SON PROPIAS<\/p>\n\n\n\n<p>RESUELVE<\/p>\n\n\n\n<p>ART\u00cdCULO 1\u00ba: Solicitar al Departamento Ejecutivo Municipal que con car\u00e1cter de urgente:<\/p>\n\n\n\n<p>a) D\u00e9 estricto cumplimiento a la Ley N\u00b0 9.024 y las Ordenanzas N\u00b0 1.996\/2.019 y 2.158\/2.022 de este municipio.<\/p>\n\n\n\n<p>b) Asigne al menos cinco Agentes municipales para oficiar exclusivamente como Preventores de Tr\u00e1nsito Municipal, dependientes del Juzgado Vial a cargo del Dr. Juan Manuel Negro.<\/p>\n\n\n\n<p>ART\u00cdCULO 2\u00ba: Comun\u00edquese, reg\u00edstrese, agr\u00e9guese copia de la presente en las actuaciones correspondientes y arch\u00edvese.<\/p>\n\n\n\n<p>DADA EN LA SALA DE SESIONES DR.&nbsp; RICARDO BALBIN DEL HONORABLE CONCEJO DELIBERANTE DE LA MUNICIPALIDAD DE MALARG\u00dcE A VEINTICUATRO D\u00cdAS DE JULIO DE DOS MIL VEINTICINCO.<\/p>\n","protected":false},"excerpt":{"rendered":"<p>El HCD solicit\u00f3 informe sobre la labor de los Preventores Viales Municipales Los Ediles aprobaron un proyecto impulsado por la Concejal Silvina Camiolo para solicitar al Ejecutivo Municipal un informe detallado sobre las tareas y funciones del Cuerpo de Preventores Vial Municipal. La medida responde a la creciente preocupaci\u00f3n por el aumento de accidentes de [&hellip;]<\/p>\n","protected":false},"author":5,"featured_media":39307,"comment_status":"closed","ping_status":"closed","sticky":false,"template":"","format":"standard","meta":{"footnotes":""},"categories":[52,29,33,51],"tags":[],"class_list":["post-39306","post","type-post","status-publish","format-standard","has-post-thumbnail","hentry","category-gacetillas","category-lesgilacion","category-prensa","category-resoluciones"],"yoast_head":"<!-- This site is optimized with the Yoast SEO plugin v19.10 - https:\/\/yoast.com\/wordpress\/plugins\/seo\/ -->\n<title>RESOLUCI\u00d3N N\u00b0 230\/2.025 - Malarg\u00fce HCD<\/title>\n<meta name=\"robots\" content=\"index, follow, max-snippet:-1, max-image-preview:large, max-video-preview:-1\" \/>\n<link rel=\"canonical\" href=\"https:\/\/hcd.malargue.gov.ar\/?p=39306\" \/>\n<meta property=\"og:locale\" content=\"es_ES\" \/>\n<meta property=\"og:type\" content=\"article\" \/>\n<meta property=\"og:title\" content=\"RESOLUCI\u00d3N N\u00b0 230\/2.025 - Malarg\u00fce HCD\" \/>\n<meta property=\"og:description\" content=\"El HCD solicit\u00f3 informe sobre la labor de los Preventores Viales Municipales Los Ediles aprobaron un proyecto impulsado por la Concejal Silvina Camiolo para solicitar al Ejecutivo Municipal un informe detallado sobre las tareas y funciones del Cuerpo de Preventores Vial Municipal. La medida responde a la creciente preocupaci\u00f3n por el aumento de accidentes de [&hellip;]\" \/>\n<meta property=\"og:url\" content=\"https:\/\/hcd.malargue.gov.ar\/?p=39306\" \/>\n<meta property=\"og:site_name\" content=\"Malarg\u00fce HCD\" \/>\n<meta property=\"article:published_time\" content=\"2025-08-12T12:33:06+00:00\" \/>\n<meta property=\"article:modified_time\" content=\"2025-08-12T12:40:32+00:00\" \/>\n<meta property=\"og:image\" content=\"https:\/\/hcd.malargue.gov.ar\/wp-content\/uploads\/2025\/08\/RESOLUCION-230-2025.png\" \/>\n\t<meta property=\"og:image:width\" content=\"940\" \/>\n\t<meta property=\"og:image:height\" content=\"788\" \/>\n\t<meta property=\"og:image:type\" content=\"image\/png\" \/>\n<meta name=\"author\" content=\"Belen Pedernera Ferragut\" \/>\n<meta name=\"twitter:card\" content=\"summary_large_image\" \/>\n<meta name=\"twitter:label1\" content=\"Escrito por\" \/>\n\t<meta name=\"twitter:data1\" content=\"Belen Pedernera Ferragut\" \/>\n\t<meta name=\"twitter:label2\" content=\"Tiempo de lectura\" \/>\n\t<meta name=\"twitter:data2\" content=\"4 minutos\" \/>\n<script type=\"application\/ld+json\" class=\"yoast-schema-graph\">{\"@context\":\"https:\/\/schema.org\",\"@graph\":[{\"@type\":\"WebPage\",\"@id\":\"https:\/\/hcd.malargue.gov.ar\/?p=39306\",\"url\":\"https:\/\/hcd.malargue.gov.ar\/?p=39306\",\"name\":\"RESOLUCI\u00d3N N\u00b0 230\/2.025 - Malarg\u00fce HCD\",\"isPartOf\":{\"@id\":\"https:\/\/hcd.malargue.gov.ar\/#website\"},\"datePublished\":\"2025-08-12T12:33:06+00:00\",\"dateModified\":\"2025-08-12T12:40:32+00:00\",\"author\":{\"@id\":\"https:\/\/hcd.malargue.gov.ar\/#\/schema\/person\/3fd6bbab64edd703961b795156c955d0\"},\"breadcrumb\":{\"@id\":\"https:\/\/hcd.malargue.gov.ar\/?p=39306#breadcrumb\"},\"inLanguage\":\"es-AR\",\"potentialAction\":[{\"@type\":\"ReadAction\",\"target\":[\"https:\/\/hcd.malargue.gov.ar\/?p=39306\"]}]},{\"@type\":\"BreadcrumbList\",\"@id\":\"https:\/\/hcd.malargue.gov.ar\/?p=39306#breadcrumb\",\"itemListElement\":[{\"@type\":\"ListItem\",\"position\":1,\"name\":\"Inicio\",\"item\":\"https:\/\/hcd.malargue.gov.ar\/\"},{\"@type\":\"ListItem\",\"position\":2,\"name\":\"RESOLUCI\u00d3N N\u00b0 230\/2.025\"}]},{\"@type\":\"WebSite\",\"@id\":\"https:\/\/hcd.malargue.gov.ar\/#website\",\"url\":\"https:\/\/hcd.malargue.gov.ar\/\",\"name\":\"Malarg\u00fce HCD\",\"description\":\"Malarg\u00fce Mendoza Argentina\",\"potentialAction\":[{\"@type\":\"SearchAction\",\"target\":{\"@type\":\"EntryPoint\",\"urlTemplate\":\"https:\/\/hcd.malargue.gov.ar\/?s={search_term_string}\"},\"query-input\":\"required name=search_term_string\"}],\"inLanguage\":\"es-AR\"},{\"@type\":\"Person\",\"@id\":\"https:\/\/hcd.malargue.gov.ar\/#\/schema\/person\/3fd6bbab64edd703961b795156c955d0\",\"name\":\"Belen Pedernera Ferragut\",\"image\":{\"@type\":\"ImageObject\",\"inLanguage\":\"es-AR\",\"@id\":\"https:\/\/hcd.malargue.gov.ar\/#\/schema\/person\/image\/\",\"url\":\"https:\/\/secure.gravatar.com\/avatar\/1054ffab3893de4bb3eb29bdd22f7e34b8537bf5d34d9dab311818154ad5b71f?s=96&d=mm&r=g\",\"contentUrl\":\"https:\/\/secure.gravatar.com\/avatar\/1054ffab3893de4bb3eb29bdd22f7e34b8537bf5d34d9dab311818154ad5b71f?s=96&d=mm&r=g\",\"caption\":\"Belen Pedernera Ferragut\"},\"url\":\"https:\/\/hcd.malargue.gov.ar\/?author=5\"}]}<\/script>\n<!-- \/ Yoast SEO plugin. -->","yoast_head_json":{"title":"RESOLUCI\u00d3N N\u00b0 230\/2.025 - Malarg\u00fce HCD","robots":{"index":"index","follow":"follow","max-snippet":"max-snippet:-1","max-image-preview":"max-image-preview:large","max-video-preview":"max-video-preview:-1"},"canonical":"https:\/\/hcd.malargue.gov.ar\/?p=39306","og_locale":"es_ES","og_type":"article","og_title":"RESOLUCI\u00d3N N\u00b0 230\/2.025 - Malarg\u00fce HCD","og_description":"El HCD solicit\u00f3 informe sobre la labor de los Preventores Viales Municipales Los Ediles aprobaron un proyecto impulsado por la Concejal Silvina Camiolo para solicitar al Ejecutivo Municipal un informe detallado sobre las tareas y funciones del Cuerpo de Preventores Vial Municipal. La medida responde a la creciente preocupaci\u00f3n por el aumento de accidentes de [&hellip;]","og_url":"https:\/\/hcd.malargue.gov.ar\/?p=39306","og_site_name":"Malarg\u00fce HCD","article_published_time":"2025-08-12T12:33:06+00:00","article_modified_time":"2025-08-12T12:40:32+00:00","og_image":[{"width":940,"height":788,"url":"https:\/\/hcd.malargue.gov.ar\/wp-content\/uploads\/2025\/08\/RESOLUCION-230-2025.png","type":"image\/png"}],"author":"Belen Pedernera Ferragut","twitter_card":"summary_large_image","twitter_misc":{"Escrito por":"Belen Pedernera Ferragut","Tiempo de lectura":"4 minutos"},"schema":{"@context":"https:\/\/schema.org","@graph":[{"@type":"WebPage","@id":"https:\/\/hcd.malargue.gov.ar\/?p=39306","url":"https:\/\/hcd.malargue.gov.ar\/?p=39306","name":"RESOLUCI\u00d3N N\u00b0 230\/2.025 - Malarg\u00fce HCD","isPartOf":{"@id":"https:\/\/hcd.malargue.gov.ar\/#website"},"datePublished":"2025-08-12T12:33:06+00:00","dateModified":"2025-08-12T12:40:32+00:00","author":{"@id":"https:\/\/hcd.malargue.gov.ar\/#\/schema\/person\/3fd6bbab64edd703961b795156c955d0"},"breadcrumb":{"@id":"https:\/\/hcd.malargue.gov.ar\/?p=39306#breadcrumb"},"inLanguage":"es-AR","potentialAction":[{"@type":"ReadAction","target":["https:\/\/hcd.malargue.gov.ar\/?p=39306"]}]},{"@type":"BreadcrumbList","@id":"https:\/\/hcd.malargue.gov.ar\/?p=39306#breadcrumb","itemListElement":[{"@type":"ListItem","position":1,"name":"Inicio","item":"https:\/\/hcd.malargue.gov.ar\/"},{"@type":"ListItem","position":2,"name":"RESOLUCI\u00d3N N\u00b0 230\/2.025"}]},{"@type":"WebSite","@id":"https:\/\/hcd.malargue.gov.ar\/#website","url":"https:\/\/hcd.malargue.gov.ar\/","name":"Malarg\u00fce HCD","description":"Malarg\u00fce Mendoza Argentina","potentialAction":[{"@type":"SearchAction","target":{"@type":"EntryPoint","urlTemplate":"https:\/\/hcd.malargue.gov.ar\/?s={search_term_string}"},"query-input":"required name=search_term_string"}],"inLanguage":"es-AR"},{"@type":"Person","@id":"https:\/\/hcd.malargue.gov.ar\/#\/schema\/person\/3fd6bbab64edd703961b795156c955d0","name":"Belen Pedernera Ferragut","image":{"@type":"ImageObject","inLanguage":"es-AR","@id":"https:\/\/hcd.malargue.gov.ar\/#\/schema\/person\/image\/","url":"https:\/\/secure.gravatar.com\/avatar\/1054ffab3893de4bb3eb29bdd22f7e34b8537bf5d34d9dab311818154ad5b71f?s=96&d=mm&r=g","contentUrl":"https:\/\/secure.gravatar.com\/avatar\/1054ffab3893de4bb3eb29bdd22f7e34b8537bf5d34d9dab311818154ad5b71f?s=96&d=mm&r=g","caption":"Belen Pedernera Ferragut"},"url":"https:\/\/hcd.malargue.gov.ar\/?author=5"}]}},"_links":{"self":[{"href":"https:\/\/hcd.malargue.gov.ar\/index.php?rest_route=\/wp\/v2\/posts\/39306","targetHints":{"allow":["GET"]}}],"collection":[{"href":"https:\/\/hcd.malargue.gov.ar\/index.php?rest_route=\/wp\/v2\/posts"}],"about":[{"href":"https:\/\/hcd.malargue.gov.ar\/index.php?rest_route=\/wp\/v2\/types\/post"}],"author":[{"embeddable":true,"href":"https:\/\/hcd.malargue.gov.ar\/index.php?rest_route=\/wp\/v2\/users\/5"}],"replies":[{"embeddable":true,"href":"https:\/\/hcd.malargue.gov.ar\/index.php?rest_route=%2Fwp%2Fv2%2Fcomments&post=39306"}],"version-history":[{"count":3,"href":"https:\/\/hcd.malargue.gov.ar\/index.php?rest_route=\/wp\/v2\/posts\/39306\/revisions"}],"predecessor-version":[{"id":39310,"href":"https:\/\/hcd.malargue.gov.ar\/index.php?rest_route=\/wp\/v2\/posts\/39306\/revisions\/39310"}],"wp:featuredmedia":[{"embeddable":true,"href":"https:\/\/hcd.malargue.gov.ar\/index.php?rest_route=\/wp\/v2\/media\/39307"}],"wp:attachment":[{"href":"https:\/\/hcd.malargue.gov.ar\/index.php?rest_route=%2Fwp%2Fv2%2Fmedia&parent=39306"}],"wp:term":[{"taxonomy":"category","embeddable":true,"href":"https:\/\/hcd.malargue.gov.ar\/index.php?rest_route=%2Fwp%2Fv2%2Fcategories&post=39306"},{"taxonomy":"post_tag","embeddable":true,"href":"https:\/\/hcd.malargue.gov.ar\/index.php?rest_route=%2Fwp%2Fv2%2Ftags&post=39306"}],"curies":[{"name":"wp","href":"https:\/\/api.w.org\/{rel}","templated":true}]}}