{"id":39311,"date":"2025-08-12T11:18:34","date_gmt":"2025-08-12T14:18:34","guid":{"rendered":"https:\/\/hcd.malargue.gov.ar\/?p=39311"},"modified":"2025-08-12T11:18:46","modified_gmt":"2025-08-12T14:18:46","slug":"resolucion-n-249-2-025","status":"publish","type":"post","link":"https:\/\/hcd.malargue.gov.ar\/?p=39311","title":{"rendered":"RESOLUCI\u00d3N N\u00b0 249\/2.025"},"content":{"rendered":"\n<h4 class=\"wp-block-heading has-text-align-center\"><strong>El HCD acompa\u00f1\u00f3 a la familia de Emma Jaque y solicit\u00f3 informes sobre el sistema de salud local<\/strong><\/h4>\n\n\n\n<p><em>El Honorable Concejo Deliberante aprob\u00f3 una Resoluci\u00f3n impulsada tras el uso de la <a href=\"https:\/\/www.instagram.com\/p\/DLps8fhsGba\/\">Banca del Ciudadano por parte de los padres de la menor Emma Jaque<\/a>, fallecida en circunstancias que a\u00fan se investigan, para exigir mayor control y transparencia en el sistema de salud del Departamento.<\/em><\/p>\n\n\n\n<p><em>Ante el profundo dolor e indignaci\u00f3n que caus\u00f3 el caso en la comunidad, el Concejo solicit\u00f3 a la Municipalidad el expediente completo de habilitaci\u00f3n municipal del establecimiento de salud involucrado, Cl\u00ednica Sur, y al Ministerio de Salud de Mendoza la certificaci\u00f3n vigente de habilitaci\u00f3n, inspecciones y medidas adoptadas.<\/em><\/p>\n\n\n\n<p><em>Adem\u00e1s, se pidi\u00f3 reforzar los mecanismos de control sobre los servicios de salud p\u00fablicos y privados, especialmente en lo que respecta a la dotaci\u00f3n y desempe\u00f1o del personal de enfermer\u00eda en guardias.<\/em><\/p>\n\n\n\n<p><em>Los Ediles expresaron su acompa\u00f1amiento institucional y humano a la familia Jaque, reconociendo el impacto de esta p\u00e9rdida y reafirmando la necesidad de una investigaci\u00f3n profunda, r\u00e1pida y transparente para garantizar justicia y evitar que hechos similares vuelvan a ocurrir.<\/em><\/p>\n\n\n\n<p><em>Con esta Resoluci\u00f3n, el Concejo reafirma su compromiso con la salud p\u00fablica y la protecci\u00f3n de los derechos de toda la comunidad de Malarg\u00fce.<\/em><\/p>\n\n\n\n<p class=\"has-text-align-center\"><strong>PIEZA LEGAL COMPLETA<\/strong><\/p>\n\n\n<div class=\"wp-block-image\">\n<figure class=\"alignright size-full is-resized\"><a href=\"http:\/\/hcd.malargue.gov.ar\/2025\/Rs%20249%202025%20Banca%20Ciudadano%20Villouta%20Laura%20Jaque%20Rodrigo.pdf\"><img loading=\"lazy\" decoding=\"async\" width=\"512\" height=\"512\" src=\"https:\/\/hcd.malargue.gov.ar\/wp-content\/uploads\/2018\/06\/PDF-JPG.jpg\" alt=\"\" class=\"wp-image-7950\" style=\"width:126px;height:auto\" srcset=\"https:\/\/hcd.malargue.gov.ar\/wp-content\/uploads\/2018\/06\/PDF-JPG.jpg 512w, https:\/\/hcd.malargue.gov.ar\/wp-content\/uploads\/2018\/06\/PDF-JPG-150x150.jpg 150w, https:\/\/hcd.malargue.gov.ar\/wp-content\/uploads\/2018\/06\/PDF-JPG-300x300.jpg 300w\" sizes=\"auto, (max-width: 512px) 100vw, 512px\" \/><\/a><\/figure>\n<\/div>\n\n\n<p>VISTO: El contenido de la Solicitud N\u00b0 6839\/2.025 Sra. Laura Villouta y Sr. Rodrigo Jaque solicitan hacer uso de la Banca del Ciudadano, para exponer situaci\u00f3n Particular referente al Sistema de Salud en el Departamento. <\/p>\n\n\n\n<p>Solicitud N\u00b0 8.458\/2.025. Sra. Laura Villouta eleva documentaci\u00f3n y solicita que el Concejo Deliberante solicite al Ministerio de Salud, las habilitaciones y control de guardias de enfermeros.<\/p>\n\n\n\n<p>y;<\/p>\n\n\n\n<p>CONSIDERANDO: Que &nbsp;el tr\u00e1gico fallecimiento de la menor Emma Jaque, ocurrida en circunstancias que a\u00fan se encuentran bajo investigaci\u00f3n, ha causado un profundo dolor e indignaci\u00f3n en la comunidad de Malarg\u00fce, generando una fuerte conmoci\u00f3n social que permanece viva en el recuerdo colectivo.<\/p>\n\n\n\n<p>La exposici\u00f3n realizada mediante el uso de la Banca del Ciudadano por parte de los padres de Emma Jaque, en la sesi\u00f3n del Honorable Concejo Deliberante de Malarg\u00fce el d\u00eda 03 de julio de 2025, asi como las solicitudes y documentaci\u00f3n presentada por los mismos, en relaci\u00f3n a su pedido de justicia y a deficiencias en el sistema de salud local.<\/p>\n\n\n\n<p>Que la Sra Laura Villouta y Rodrigo Jaque han denunciado p\u00fablicamente la existencia de presuntas irregularidades en la atenci\u00f3n m\u00e9dica recibida por su hija, las cuales derivaron en un tr\u00e1gico desenlace.<\/p>\n\n\n\n<p>Que el caso ha tenido amplia repercusi\u00f3n p\u00fablica en medios period\u00edsticos locales y provinciales, sensibilizando a la comunidad malarg\u00fcina y generando un leg\u00edtimo reclamo ciudadano por el esclarecimiento de lo ocurrido.<\/p>\n\n\n\n<p>Que en varias oportunidades se ha solicitado a este Cuerpo Deliberativo el uso de la Banca del Ciudadano para visibilizar situaciones similares, en materia de salud, habilitaciones y controles, a los efectores que prestan servicios de salud en el Departamento<\/p>\n\n\n\n<p>Que el Honorable Concejo Deliberante, en el marco de sus atribuciones y en ejercicio de su deber institucional de control y resguardo del inter\u00e9s p\u00fablico, debe requerir las autoridades competentes la documentaci\u00f3n pertinente para conocer con claridad la habilitaci\u00f3n y el funcionamiento de los establecimientos de salud involucrados.<\/p>\n\n\n\n<p>Que resulta prioritario garantizar el cumplimiento de los protocolos sanitarios, la idoneidad del personal de salud, y la fiscalizaci\u00f3n adecuada por parte de los organismos responsables, a fin de prevenir situaciones similares.<\/p>\n\n\n\n<p>EL HONORABLE CONCEJO DELIBERANTE DE LA MUNICIPALIDAD DE MALARG\u00dcE EN USO DE LAS FACULTADES QUE LE SON PROPIAS<\/p>\n\n\n\n<p>RESUELVE<\/p>\n\n\n\n<p>ART\u00cdCULO 1\u00ba: Solicitar a la Municipalidad de Malarg\u00fce, por intermedio del \u00c1rea correspondiente, la remisi\u00f3n del expediente completo de habilitaci\u00f3n municipal del establecimiento de salud involucrado en el caso de la menor Emma Jaque, a saber, Cl\u00ednica Sur, ubicada en calle Gral. Villegas Oeste 97, Malarg\u00fce, Mendoza.<\/p>\n\n\n\n<p>ART\u00cdCULO 2\u00ba: Requerir al Ministerio de Salud de la Provincia de Mendoza copia del Certificado de Habilitaci\u00f3n vigente de los establecimientos de Salud, con indicaci\u00f3n de las fechas de inspecci\u00f3n, observaciones y medidas adoptadas, en caso de corresponder.<\/p>\n\n\n\n<p>ART\u00cdCULO 3\u00ba: Solicitar asimismo a las autoridades sanitarias pertinentes (Municipales, Provinciales y Nacionales) que se refuercen los mecanismos de control en los servicios de salud privados y p\u00fablicos del Departamento, especialmente en lo que respecta a la dotaci\u00f3n, presencia efectiva y desempe\u00f1o del personal de enfermer\u00eda durante los turnos de guardia.<\/p>\n\n\n\n<p>ART\u00cdCULO 4\u00ba: Expresar el acompa\u00f1amiento institucional y humano del del Honorable Concejo Deliberante de Malarg\u00fce al justo reclamo de la familia de Emma Jaque, reconociendo el inmenso dolor que su p\u00e9rdida ha provocado en el seno de nuestra comunidad, y reiterando la necesidad de que se investigue con profundidad, celeridad y transparencia lo ocurrido, garantizando justicia y no repetici\u00f3n.<\/p>\n\n\n\n<p>ART\u00cdCULO 5\u00ba: Rem\u00edtase copia de la presente Resoluci\u00f3n al Ministerio de Salud de Mendoza y a la familia de la menor Emma Jaque.<\/p>\n\n\n\n<p>ART\u00cdCULO 6\u00ba: Comun\u00edquese, reg\u00edstrese, agr\u00e9guese copia de la presente en las actuaciones correspondientes y arch\u00edvese.<\/p>\n\n\n\n<p>DADA EN LA SALA DE SESIONES DR.&nbsp; RICARDO BALBIN DEL HONORABLE CONCEJO DELIBERANTE DE LA MUNICIPALIDAD DE MALARG\u00dcE A UN D\u00cdA DE AGOSTO DE DOS MIL VEINTICINCO.<\/p>\n","protected":false},"excerpt":{"rendered":"<p>El HCD acompa\u00f1\u00f3 a la familia de Emma Jaque y solicit\u00f3 informes sobre el sistema de salud local El Honorable Concejo Deliberante aprob\u00f3 una Resoluci\u00f3n impulsada tras el uso de la Banca del Ciudadano por parte de los padres de la menor Emma Jaque, fallecida en circunstancias que a\u00fan se investigan, para exigir mayor control [&hellip;]<\/p>\n","protected":false},"author":5,"featured_media":39312,"comment_status":"closed","ping_status":"closed","sticky":false,"template":"","format":"standard","meta":{"footnotes":""},"categories":[52,29,33,51],"tags":[],"class_list":["post-39311","post","type-post","status-publish","format-standard","has-post-thumbnail","hentry","category-gacetillas","category-lesgilacion","category-prensa","category-resoluciones"],"yoast_head":"<!-- This site is optimized with the Yoast SEO plugin v19.10 - https:\/\/yoast.com\/wordpress\/plugins\/seo\/ -->\n<title>RESOLUCI\u00d3N N\u00b0 249\/2.025 - Malarg\u00fce HCD<\/title>\n<meta name=\"robots\" content=\"index, follow, max-snippet:-1, max-image-preview:large, max-video-preview:-1\" \/>\n<link rel=\"canonical\" href=\"https:\/\/hcd.malargue.gov.ar\/?p=39311\" \/>\n<meta property=\"og:locale\" content=\"es_ES\" \/>\n<meta property=\"og:type\" content=\"article\" \/>\n<meta property=\"og:title\" content=\"RESOLUCI\u00d3N N\u00b0 249\/2.025 - Malarg\u00fce HCD\" \/>\n<meta property=\"og:description\" content=\"El HCD acompa\u00f1\u00f3 a la familia de Emma Jaque y solicit\u00f3 informes sobre el sistema de salud local El Honorable Concejo Deliberante aprob\u00f3 una Resoluci\u00f3n impulsada tras el uso de la Banca del Ciudadano por parte de los padres de la menor Emma Jaque, fallecida en circunstancias que a\u00fan se investigan, para exigir mayor control [&hellip;]\" \/>\n<meta property=\"og:url\" content=\"https:\/\/hcd.malargue.gov.ar\/?p=39311\" \/>\n<meta property=\"og:site_name\" content=\"Malarg\u00fce HCD\" \/>\n<meta property=\"article:published_time\" content=\"2025-08-12T14:18:34+00:00\" \/>\n<meta property=\"article:modified_time\" content=\"2025-08-12T14:18:46+00:00\" \/>\n<meta property=\"og:image\" content=\"https:\/\/hcd.malargue.gov.ar\/wp-content\/uploads\/2025\/08\/RESOLUCION-249-2025.png\" \/>\n\t<meta property=\"og:image:width\" content=\"940\" \/>\n\t<meta property=\"og:image:height\" content=\"788\" \/>\n\t<meta property=\"og:image:type\" content=\"image\/png\" \/>\n<meta name=\"author\" content=\"Belen Pedernera Ferragut\" \/>\n<meta name=\"twitter:card\" content=\"summary_large_image\" \/>\n<meta name=\"twitter:label1\" content=\"Escrito por\" \/>\n\t<meta name=\"twitter:data1\" content=\"Belen Pedernera Ferragut\" \/>\n\t<meta name=\"twitter:label2\" content=\"Tiempo de lectura\" \/>\n\t<meta name=\"twitter:data2\" content=\"5 minutos\" \/>\n<script type=\"application\/ld+json\" class=\"yoast-schema-graph\">{\"@context\":\"https:\/\/schema.org\",\"@graph\":[{\"@type\":\"WebPage\",\"@id\":\"https:\/\/hcd.malargue.gov.ar\/?p=39311\",\"url\":\"https:\/\/hcd.malargue.gov.ar\/?p=39311\",\"name\":\"RESOLUCI\u00d3N N\u00b0 249\/2.025 - Malarg\u00fce HCD\",\"isPartOf\":{\"@id\":\"https:\/\/hcd.malargue.gov.ar\/#website\"},\"datePublished\":\"2025-08-12T14:18:34+00:00\",\"dateModified\":\"2025-08-12T14:18:46+00:00\",\"author\":{\"@id\":\"https:\/\/hcd.malargue.gov.ar\/#\/schema\/person\/3fd6bbab64edd703961b795156c955d0\"},\"breadcrumb\":{\"@id\":\"https:\/\/hcd.malargue.gov.ar\/?p=39311#breadcrumb\"},\"inLanguage\":\"es-AR\",\"potentialAction\":[{\"@type\":\"ReadAction\",\"target\":[\"https:\/\/hcd.malargue.gov.ar\/?p=39311\"]}]},{\"@type\":\"BreadcrumbList\",\"@id\":\"https:\/\/hcd.malargue.gov.ar\/?p=39311#breadcrumb\",\"itemListElement\":[{\"@type\":\"ListItem\",\"position\":1,\"name\":\"Inicio\",\"item\":\"https:\/\/hcd.malargue.gov.ar\/\"},{\"@type\":\"ListItem\",\"position\":2,\"name\":\"RESOLUCI\u00d3N N\u00b0 249\/2.025\"}]},{\"@type\":\"WebSite\",\"@id\":\"https:\/\/hcd.malargue.gov.ar\/#website\",\"url\":\"https:\/\/hcd.malargue.gov.ar\/\",\"name\":\"Malarg\u00fce HCD\",\"description\":\"Malarg\u00fce Mendoza Argentina\",\"potentialAction\":[{\"@type\":\"SearchAction\",\"target\":{\"@type\":\"EntryPoint\",\"urlTemplate\":\"https:\/\/hcd.malargue.gov.ar\/?s={search_term_string}\"},\"query-input\":\"required name=search_term_string\"}],\"inLanguage\":\"es-AR\"},{\"@type\":\"Person\",\"@id\":\"https:\/\/hcd.malargue.gov.ar\/#\/schema\/person\/3fd6bbab64edd703961b795156c955d0\",\"name\":\"Belen Pedernera Ferragut\",\"image\":{\"@type\":\"ImageObject\",\"inLanguage\":\"es-AR\",\"@id\":\"https:\/\/hcd.malargue.gov.ar\/#\/schema\/person\/image\/\",\"url\":\"https:\/\/secure.gravatar.com\/avatar\/1054ffab3893de4bb3eb29bdd22f7e34b8537bf5d34d9dab311818154ad5b71f?s=96&d=mm&r=g\",\"contentUrl\":\"https:\/\/secure.gravatar.com\/avatar\/1054ffab3893de4bb3eb29bdd22f7e34b8537bf5d34d9dab311818154ad5b71f?s=96&d=mm&r=g\",\"caption\":\"Belen Pedernera Ferragut\"},\"url\":\"https:\/\/hcd.malargue.gov.ar\/?author=5\"}]}<\/script>\n<!-- \/ Yoast SEO plugin. -->","yoast_head_json":{"title":"RESOLUCI\u00d3N N\u00b0 249\/2.025 - Malarg\u00fce HCD","robots":{"index":"index","follow":"follow","max-snippet":"max-snippet:-1","max-image-preview":"max-image-preview:large","max-video-preview":"max-video-preview:-1"},"canonical":"https:\/\/hcd.malargue.gov.ar\/?p=39311","og_locale":"es_ES","og_type":"article","og_title":"RESOLUCI\u00d3N N\u00b0 249\/2.025 - Malarg\u00fce HCD","og_description":"El HCD acompa\u00f1\u00f3 a la familia de Emma Jaque y solicit\u00f3 informes sobre el sistema de salud local El Honorable Concejo Deliberante aprob\u00f3 una Resoluci\u00f3n impulsada tras el uso de la Banca del Ciudadano por parte de los padres de la menor Emma Jaque, fallecida en circunstancias que a\u00fan se investigan, para exigir mayor control [&hellip;]","og_url":"https:\/\/hcd.malargue.gov.ar\/?p=39311","og_site_name":"Malarg\u00fce HCD","article_published_time":"2025-08-12T14:18:34+00:00","article_modified_time":"2025-08-12T14:18:46+00:00","og_image":[{"width":940,"height":788,"url":"https:\/\/hcd.malargue.gov.ar\/wp-content\/uploads\/2025\/08\/RESOLUCION-249-2025.png","type":"image\/png"}],"author":"Belen Pedernera Ferragut","twitter_card":"summary_large_image","twitter_misc":{"Escrito por":"Belen Pedernera Ferragut","Tiempo de lectura":"5 minutos"},"schema":{"@context":"https:\/\/schema.org","@graph":[{"@type":"WebPage","@id":"https:\/\/hcd.malargue.gov.ar\/?p=39311","url":"https:\/\/hcd.malargue.gov.ar\/?p=39311","name":"RESOLUCI\u00d3N N\u00b0 249\/2.025 - Malarg\u00fce HCD","isPartOf":{"@id":"https:\/\/hcd.malargue.gov.ar\/#website"},"datePublished":"2025-08-12T14:18:34+00:00","dateModified":"2025-08-12T14:18:46+00:00","author":{"@id":"https:\/\/hcd.malargue.gov.ar\/#\/schema\/person\/3fd6bbab64edd703961b795156c955d0"},"breadcrumb":{"@id":"https:\/\/hcd.malargue.gov.ar\/?p=39311#breadcrumb"},"inLanguage":"es-AR","potentialAction":[{"@type":"ReadAction","target":["https:\/\/hcd.malargue.gov.ar\/?p=39311"]}]},{"@type":"BreadcrumbList","@id":"https:\/\/hcd.malargue.gov.ar\/?p=39311#breadcrumb","itemListElement":[{"@type":"ListItem","position":1,"name":"Inicio","item":"https:\/\/hcd.malargue.gov.ar\/"},{"@type":"ListItem","position":2,"name":"RESOLUCI\u00d3N N\u00b0 249\/2.025"}]},{"@type":"WebSite","@id":"https:\/\/hcd.malargue.gov.ar\/#website","url":"https:\/\/hcd.malargue.gov.ar\/","name":"Malarg\u00fce HCD","description":"Malarg\u00fce Mendoza Argentina","potentialAction":[{"@type":"SearchAction","target":{"@type":"EntryPoint","urlTemplate":"https:\/\/hcd.malargue.gov.ar\/?s={search_term_string}"},"query-input":"required name=search_term_string"}],"inLanguage":"es-AR"},{"@type":"Person","@id":"https:\/\/hcd.malargue.gov.ar\/#\/schema\/person\/3fd6bbab64edd703961b795156c955d0","name":"Belen Pedernera Ferragut","image":{"@type":"ImageObject","inLanguage":"es-AR","@id":"https:\/\/hcd.malargue.gov.ar\/#\/schema\/person\/image\/","url":"https:\/\/secure.gravatar.com\/avatar\/1054ffab3893de4bb3eb29bdd22f7e34b8537bf5d34d9dab311818154ad5b71f?s=96&d=mm&r=g","contentUrl":"https:\/\/secure.gravatar.com\/avatar\/1054ffab3893de4bb3eb29bdd22f7e34b8537bf5d34d9dab311818154ad5b71f?s=96&d=mm&r=g","caption":"Belen Pedernera Ferragut"},"url":"https:\/\/hcd.malargue.gov.ar\/?author=5"}]}},"_links":{"self":[{"href":"https:\/\/hcd.malargue.gov.ar\/index.php?rest_route=\/wp\/v2\/posts\/39311","targetHints":{"allow":["GET"]}}],"collection":[{"href":"https:\/\/hcd.malargue.gov.ar\/index.php?rest_route=\/wp\/v2\/posts"}],"about":[{"href":"https:\/\/hcd.malargue.gov.ar\/index.php?rest_route=\/wp\/v2\/types\/post"}],"author":[{"embeddable":true,"href":"https:\/\/hcd.malargue.gov.ar\/index.php?rest_route=\/wp\/v2\/users\/5"}],"replies":[{"embeddable":true,"href":"https:\/\/hcd.malargue.gov.ar\/index.php?rest_route=%2Fwp%2Fv2%2Fcomments&post=39311"}],"version-history":[{"count":1,"href":"https:\/\/hcd.malargue.gov.ar\/index.php?rest_route=\/wp\/v2\/posts\/39311\/revisions"}],"predecessor-version":[{"id":39313,"href":"https:\/\/hcd.malargue.gov.ar\/index.php?rest_route=\/wp\/v2\/posts\/39311\/revisions\/39313"}],"wp:featuredmedia":[{"embeddable":true,"href":"https:\/\/hcd.malargue.gov.ar\/index.php?rest_route=\/wp\/v2\/media\/39312"}],"wp:attachment":[{"href":"https:\/\/hcd.malargue.gov.ar\/index.php?rest_route=%2Fwp%2Fv2%2Fmedia&parent=39311"}],"wp:term":[{"taxonomy":"category","embeddable":true,"href":"https:\/\/hcd.malargue.gov.ar\/index.php?rest_route=%2Fwp%2Fv2%2Fcategories&post=39311"},{"taxonomy":"post_tag","embeddable":true,"href":"https:\/\/hcd.malargue.gov.ar\/index.php?rest_route=%2Fwp%2Fv2%2Ftags&post=39311"}],"curies":[{"name":"wp","href":"https:\/\/api.w.org\/{rel}","templated":true}]}}