{"id":39321,"date":"2025-08-13T12:14:32","date_gmt":"2025-08-13T15:14:32","guid":{"rendered":"https:\/\/hcd.malargue.gov.ar\/?p=39321"},"modified":"2025-08-13T12:14:36","modified_gmt":"2025-08-13T15:14:36","slug":"decreto-n-082-2-025","status":"publish","type":"post","link":"https:\/\/hcd.malargue.gov.ar\/?p=39321","title":{"rendered":"DECRETO N\u00b0 082\/2.025"},"content":{"rendered":"\n<h4 class=\"wp-block-heading has-text-align-center\"><strong>Autorizan participaci\u00f3n virtual del Concejal Pablo Cabrera por razones de salud<\/strong><\/h4>\n\n\n\n<p><em>En la \u00faltima Sesi\u00f3n, el HCD aprob\u00f3 el Decreto N\u00b0 082\/2.025, que autoriza la participaci\u00f3n virtual del Concejal Lic. Pablo Cabrera en Sesiones Ordinarias, Especiales, Extraordinarias y en reuniones de Comisiones, mediante plataformas digitales adecuadas.<\/em><\/p>\n\n\n\n<p><em>La medida se fundamenta en la necesidad de garantizar la inclusi\u00f3n y el pleno ejercicio de las funciones legislativas, sin que la presencialidad sea un requisito excluyente para quienes han sido elegidos por el pueblo.<\/em><\/p>\n\n\n\n<p><em>La decisi\u00f3n surge a ra\u00edz del accidente sufrido por Cabrera el pasado 22 de febrero, que lo mantiene en un proceso de rehabilitaci\u00f3n kinesiol\u00f3gica. Por este motivo, se estableci\u00f3 un plazo de prueba de 30 d\u00edas para su participaci\u00f3n remota, prorrogable en caso de ser necesario, asegurando que su intervenci\u00f3n y votaci\u00f3n tengan el mismo valor jur\u00eddico que la presencialidad.<\/em><\/p>\n\n\n\n<p><em>Asimismo, se prev\u00e9n mecanismos alternativos en caso de fallas t\u00e9cnicas y se encomienda a la Secretar\u00eda del HCD garantizar el correcto funcionamiento de las herramientas digitales necesarias. Esta autorizaci\u00f3n se enmarca en antecedentes normativos del propio Concejo y en disposiciones adoptadas recientemente por la Legislatura Provincial, que permiten el uso de tecnolog\u00edas de la informaci\u00f3n para el trabajo parlamentario.<\/em><\/p>\n\n\n\n<p class=\"has-text-align-center\"><strong>PIEZA LEGAL<\/strong><\/p>\n\n\n<div class=\"wp-block-image\">\n<figure class=\"alignright is-resized\"><a href=\"http:\/\/hcd.malargue.gov.ar\/2025\/DECRETO%20082%202025%20TIC%20CABRERA.pdf\"><img loading=\"lazy\" decoding=\"async\" width=\"512\" height=\"512\" src=\"https:\/\/hcd.malargue.gov.ar\/wp-content\/uploads\/2018\/06\/PDF-JPG.jpg\" alt=\"\" class=\"wp-image-7950\" style=\"width:128px;height:auto\" srcset=\"https:\/\/hcd.malargue.gov.ar\/wp-content\/uploads\/2018\/06\/PDF-JPG.jpg 512w, https:\/\/hcd.malargue.gov.ar\/wp-content\/uploads\/2018\/06\/PDF-JPG-150x150.jpg 150w, https:\/\/hcd.malargue.gov.ar\/wp-content\/uploads\/2018\/06\/PDF-JPG-300x300.jpg 300w\" sizes=\"auto, (max-width: 512px) 100vw, 512px\" \/><\/a><\/figure>\n<\/div>\n\n\n<p><strong>AUTORES RODRIGO HIDALGO, EMILCE MANSILLA Y MAGALI ACOSTA<\/strong><\/p>\n\n\n\n<p><strong>BLOQUE PARTIDO JUSTICIALISTA<\/strong><\/p>\n\n\n\n<p>VISTO: El Expediente N\u00b0 4.119\/2.025-0. Bloque Partido Justicialista. Proyecto de Decreto: Autorizar \u00fanicamente la participaci\u00f3n virtual del Concejal Lic. Pablo Cabrera en Sesiones Ordinarias, Especiales y Extraordinarias mediante Plataformas Digitales Adecuadas (TIC\u00b4s)<\/p>\n\n\n\n<p>La necesidad de adaptar los mecanismos de participaci\u00f3n en Sesiones Ordinarias, Especiales, Extraordinarias y Comisiones permitiendo el uso de Tecnolog\u00edas Digitales para garantizar la accesibilidad y eficiencia en la deliberaci\u00f3n de los asuntos p\u00fablicos.<\/p>\n\n\n\n<p>&nbsp;&nbsp;&nbsp;&nbsp;&nbsp;&nbsp;&nbsp;&nbsp;&nbsp;&nbsp;&nbsp; y;<\/p>\n\n\n\n<p>CONSIDERANDO: Que las herramientas tecnol\u00f3gicas actuales permiten la interacci\u00f3n remota de manera efectiva y segura.<\/p>\n\n\n\n<p>Que la implementaci\u00f3n de mecanismos virtuales de participaci\u00f3n fortalece la transparencia y democratizaci\u00f3n de los procesos legislativos.<\/p>\n\n\n\n<p>Que para arribar a una pieza legal t\u00e9cnica y acertada debemos remitirnos en primer lugar, entre otros, al Art\u00edculos 5\u00b0 y 123\u00b0 de la Constituci\u00f3n Nacional que establecen como obligaci\u00f3n que cada Provincia debe dictar para si una Constituci\u00f3n que asegure el R\u00e9gimen Municipal reglando su alcance y contenido en el Orden Institucional, Pol\u00edtico, Administrativo, Econ\u00f3mico y Financiero, es decir se reconoce la existencia del Municipio como Instituci\u00f3n Natural y necesaria de car\u00e1cter aut\u00f3nomo, es decir debe darse sus propias normativas.<\/p>\n\n\n\n<p>Que los Gobiernos Municipales tienen, al igual que los Gobiernos Nacionales y Provinciales, las formas de una Rep\u00fablica Representativa.<\/p>\n\n\n\n<p>Que con sustento en ello, la Constituci\u00f3n de la Provincia de Mendoza, en el Cap\u00edtulo IV en relaci\u00f3n a las disposiciones comunes de ambas C\u00e1maras, dispone que _ &#8220;Abren y cierran sus Sesiones Ordinarias y Extraordinarias, por s\u00ed mismas, reunidas en Asamblea y presididas por el presidente del Senado, debiendo dar conocimiento anticipadamente al Poder Ejecutivo.<\/p>\n\n\n\n<p>Que funcionar\u00e1n en la Capital de la Provincia y en el recinto de la Legislatura, pero, podr\u00e1n hacerlo en otro punto, por causa grave, previa Resoluci\u00f3n de ambas C\u00e1maras<\/p>\n\n\n\n<p>Que en el mismo sentido el Reglamente Interno de nuestro Honorable Cuerpo, en su Art. 48\u00b0 nos dice _&#8221;Los Concejales no constituir\u00e1n Concejo fuera de la Sala de sus Sesiones, salvo casos de fuerza mayor&#8221;.<\/p>\n\n\n\n<p>Que con meridiana claridad se observa que ambas disposiciones normativas establecen un principio general, vale decir que las Sesiones deben llevarse a cabo en el recinto y una excepci\u00f3n que es, en caso de fuerza mayor o causa grave.<\/p>\n\n\n\n<p>Que asimismo el Art. 57\u00b0 de la Ley N\u00b0 1.079 Org\u00e1nica de Municipalidades establece que \u201cEl Concejo Deliberante tendr\u00e1 durante el a\u00f1o un periodo de Sesiones Ordinarias desde el primero de marzo al treinta de octubre. Podr\u00e1 el Concejo por Resoluci\u00f3n tomada a simple mayor\u00eda de votos prorrogar sus sesiones ordinarias hasta por treinta d\u00edas.\u201d<\/p>\n\n\n\n<p>Que resulta imprescindible garantizar la inclusi\u00f3n, sin que la presencialidad sea un requisito excluyente para quien fue elegido por el pueblo malarg\u00fcino<\/p>\n\n\n\n<p>Que es de p\u00fablico conocimiento que el Concejal Lic. Pablo Antonio Cabrera sufri\u00f3 un accidente el s\u00e1bado 22 de febrero de 2.025.<\/p>\n\n\n\n<p>Que desde el Bloque al cual pertenece se han presentado certificados m\u00e9dicos que justifican su ausencia en el recinto y trabajo en Comisiones, los mismos fueron presentados ante la oficina de Recursos Humanos del Honorable Concejo Deliberante con copia a las Comisiones que integra el Edil en el periodo legislativo 2.025; Reglamento Interno &#8211; Educaci\u00f3n, Higiene, Moralidad, Acci\u00f3n Social y Cultura y Obras P\u00fablicas, Turismo y Recursos Naturales.<\/p>\n\n\n\n<p>Que actualmente el Concejal Lic. Pablo Antonio Cabrera est\u00e1 cumpliendo con rehabilitaci\u00f3n kinesiol\u00f3gica, entre otras, lo que le permite participar de forma remota por su cuidado.<\/p>\n\n\n\n<p>Que la Ley N\u00b0 1.079 Org\u00e1nica de Municipalidades, en su Art\u00edculo 83\u00b0 nos dice que: &#8220;Las Resoluciones del Concejo Deliberante las que se refieren al r\u00e9gimen interno de la Municipalidad podr\u00e1n adoptar forma de Decreto&#8221;<\/p>\n\n\n\n<p>Que en el mismo sentido el Art. 78\u00b0 del Reglamento Interno, reza lo siguiente: &#8220;Se presentar\u00e1 en forma de Proyecto de Decreto, toda proposici\u00f3n que tenga por objeto el rechazo de solicitudes particulares, la adopci\u00f3n de medidas relativas a la composici\u00f3n y organizaci\u00f3n interna del Cuerpo, en general toda disposici\u00f3n de car\u00e1cter imperativo que no requiera el &#8220;C\u00famplase&#8221; del Departamento Ejecutivo.<\/p>\n\n\n\n<p>Que en este Honorable Concejo Deliberante en su Decreto N\u00b0 071\/2.020 ya se ha autorizado el funcionamiento de este Honorable Cuerpo mediante la implementaci\u00f3n y habilitaci\u00f3n de plataformas virtuales, presenciales o mixtas adecuadas.<\/p>\n\n\n\n<p>Que recientemente la Legislatura de la Provincia de Mendoza ha establecido el uso de plataformas de TIC\u00b4s adecuadas que permitan el desarrollo de la labor legislativa.<\/p>\n\n\n\n<p>Que la presente pieza legal resulta adecuada y conforme a derecho, reuniendo la viabilidad jur\u00eddica necesaria para su debida ejecutoriedad.<\/p>\n\n\n\n<p>EL HONORABLE CONCEJO DELIBERANTE DE LA MUNICIPALIDAD DE MALARG\u00dcE EN USO DE LAS FACULTADES QUE LE SON PROPIAS<\/p>\n\n\n\n<p>DECRETA<\/p>\n\n\n\n<p>ART\u00cdCULO 1\u00b0: Autorizar \u00fanicamente la participaci\u00f3n virtual del Concejal Lic. Pablo Cabrera en Sesiones Ordinarias, Especiales y Extraordinarias Mediante Plataformas Digitales Adecuadas (TIC\u00b4s) que garanticen la comunicaci\u00f3n, deliberaci\u00f3n y grabaci\u00f3n efectiva entre \u00e9l y el recinto del Honorable Concejo Deliberante, por un plazo de prueba de treinta d\u00edas desde promulgada la presente, prorrogable por los ediles, en caso de considerarse oportuno.<\/p>\n\n\n\n<p>ART\u00cdCULO 2\u00b0: Autorizar \u00fanicamente la participaci\u00f3n virtual del Concejal Lic. Pablo Cabrera en Comisiones y Trabajo Parlamentario mediante Plataformas Digitales Adecuadas (TIC\u00b4S) que garanticen la comunicaci\u00f3n y deliberaci\u00f3n, entre \u00e9l y el resto del Cuerpo Legislativo en mencionados trabajos, por un plazo de prueba de treinta d\u00edas desde promulgada la presente, prorrogable por los ediles, en caso de considerarse oportuno.<\/p>\n\n\n\n<p>ART\u00cdCULO 3\u00b0: Establecer que la participaci\u00f3n virtual tendr\u00e1 el mismo valor y efectos jur\u00eddicos que la presencialidad, asegurando la validez del voto, intervenciones y decisiones adoptadas por el Concejal Lic. Pablo Cabrera.<\/p>\n\n\n\n<p>ART\u00cdCULO 4\u00b0: Preveer en caso de fallas t\u00e9cnicas, se dispondr\u00e1n mecanismos alternativos para garantizar la continuidad de la participaci\u00f3n sin perjuicio de los derechos del Edil Lic. Pablo Cabrera.<\/p>\n\n\n\n<p>ART\u00cdCULO 5\u00b0: Encomendar a Secretaria del Honorable Concejo Deliberante tome las medidas pertinentes para asegurar el funcionamiento virtual de las \u00e1reas afectadas al desarrollo de la Sesi\u00f3n, Comisiones y Labor Parlamentaria.<\/p>\n\n\n\n<p>ART\u00cdCULO 6\u00b0: Comun\u00edquese, reg\u00edstrese, agr\u00e9guese copia de la presente en las actuaciones correspondientes y arch\u00edvese.<\/p>\n\n\n\n<p>DADA EN LA SALA DE SESIONES DR. RICARDO BALBIN DEL HONORABLE CONCEJO DELIBERANTE DE LA MUNICIPALIDAD DE MALARG\u00dcE A SIETE&nbsp; D\u00cdAS DE AGOSTO&nbsp; DE&nbsp; DOS MIL VEINTICINCO.<\/p>\n","protected":false},"excerpt":{"rendered":"<p>Autorizan participaci\u00f3n virtual del Concejal Pablo Cabrera por razones de salud En la \u00faltima Sesi\u00f3n, el HCD aprob\u00f3 el Decreto N\u00b0 082\/2.025, que autoriza la participaci\u00f3n virtual del Concejal Lic. Pablo Cabrera en Sesiones Ordinarias, Especiales, Extraordinarias y en reuniones de Comisiones, mediante plataformas digitales adecuadas. La medida se fundamenta en la necesidad de garantizar [&hellip;]<\/p>\n","protected":false},"author":5,"featured_media":39322,"comment_status":"closed","ping_status":"closed","sticky":false,"template":"","format":"standard","meta":{"footnotes":""},"categories":[67,52,29,33],"tags":[],"class_list":["post-39321","post","type-post","status-publish","format-standard","has-post-thumbnail","hentry","category-decretos","category-gacetillas","category-lesgilacion","category-prensa"],"yoast_head":"<!-- This site is optimized with the Yoast SEO plugin v19.10 - https:\/\/yoast.com\/wordpress\/plugins\/seo\/ -->\n<title>DECRETO N\u00b0 082\/2.025 - Malarg\u00fce HCD<\/title>\n<meta name=\"robots\" content=\"index, follow, max-snippet:-1, max-image-preview:large, max-video-preview:-1\" \/>\n<link rel=\"canonical\" href=\"https:\/\/hcd.malargue.gov.ar\/?p=39321\" \/>\n<meta property=\"og:locale\" content=\"es_ES\" \/>\n<meta property=\"og:type\" content=\"article\" \/>\n<meta property=\"og:title\" content=\"DECRETO N\u00b0 082\/2.025 - Malarg\u00fce HCD\" \/>\n<meta property=\"og:description\" content=\"Autorizan participaci\u00f3n virtual del Concejal Pablo Cabrera por razones de salud En la \u00faltima Sesi\u00f3n, el HCD aprob\u00f3 el Decreto N\u00b0 082\/2.025, que autoriza la participaci\u00f3n virtual del Concejal Lic. Pablo Cabrera en Sesiones Ordinarias, Especiales, Extraordinarias y en reuniones de Comisiones, mediante plataformas digitales adecuadas. La medida se fundamenta en la necesidad de garantizar [&hellip;]\" \/>\n<meta property=\"og:url\" content=\"https:\/\/hcd.malargue.gov.ar\/?p=39321\" \/>\n<meta property=\"og:site_name\" content=\"Malarg\u00fce HCD\" \/>\n<meta property=\"article:published_time\" content=\"2025-08-13T15:14:32+00:00\" \/>\n<meta property=\"article:modified_time\" content=\"2025-08-13T15:14:36+00:00\" \/>\n<meta property=\"og:image\" content=\"https:\/\/hcd.malargue.gov.ar\/wp-content\/uploads\/2025\/08\/DECRETO-82-2025.png\" \/>\n\t<meta property=\"og:image:width\" content=\"940\" \/>\n\t<meta property=\"og:image:height\" content=\"788\" \/>\n\t<meta property=\"og:image:type\" content=\"image\/png\" \/>\n<meta name=\"author\" content=\"Belen Pedernera Ferragut\" \/>\n<meta name=\"twitter:card\" content=\"summary_large_image\" \/>\n<meta name=\"twitter:label1\" content=\"Escrito por\" \/>\n\t<meta name=\"twitter:data1\" content=\"Belen Pedernera Ferragut\" \/>\n\t<meta name=\"twitter:label2\" content=\"Tiempo de lectura\" \/>\n\t<meta name=\"twitter:data2\" content=\"6 minutos\" \/>\n<script type=\"application\/ld+json\" class=\"yoast-schema-graph\">{\"@context\":\"https:\/\/schema.org\",\"@graph\":[{\"@type\":\"WebPage\",\"@id\":\"https:\/\/hcd.malargue.gov.ar\/?p=39321\",\"url\":\"https:\/\/hcd.malargue.gov.ar\/?p=39321\",\"name\":\"DECRETO N\u00b0 082\/2.025 - Malarg\u00fce HCD\",\"isPartOf\":{\"@id\":\"https:\/\/hcd.malargue.gov.ar\/#website\"},\"datePublished\":\"2025-08-13T15:14:32+00:00\",\"dateModified\":\"2025-08-13T15:14:36+00:00\",\"author\":{\"@id\":\"https:\/\/hcd.malargue.gov.ar\/#\/schema\/person\/3fd6bbab64edd703961b795156c955d0\"},\"breadcrumb\":{\"@id\":\"https:\/\/hcd.malargue.gov.ar\/?p=39321#breadcrumb\"},\"inLanguage\":\"es-AR\",\"potentialAction\":[{\"@type\":\"ReadAction\",\"target\":[\"https:\/\/hcd.malargue.gov.ar\/?p=39321\"]}]},{\"@type\":\"BreadcrumbList\",\"@id\":\"https:\/\/hcd.malargue.gov.ar\/?p=39321#breadcrumb\",\"itemListElement\":[{\"@type\":\"ListItem\",\"position\":1,\"name\":\"Inicio\",\"item\":\"https:\/\/hcd.malargue.gov.ar\/\"},{\"@type\":\"ListItem\",\"position\":2,\"name\":\"DECRETO N\u00b0 082\/2.025\"}]},{\"@type\":\"WebSite\",\"@id\":\"https:\/\/hcd.malargue.gov.ar\/#website\",\"url\":\"https:\/\/hcd.malargue.gov.ar\/\",\"name\":\"Malarg\u00fce HCD\",\"description\":\"Malarg\u00fce Mendoza Argentina\",\"potentialAction\":[{\"@type\":\"SearchAction\",\"target\":{\"@type\":\"EntryPoint\",\"urlTemplate\":\"https:\/\/hcd.malargue.gov.ar\/?s={search_term_string}\"},\"query-input\":\"required name=search_term_string\"}],\"inLanguage\":\"es-AR\"},{\"@type\":\"Person\",\"@id\":\"https:\/\/hcd.malargue.gov.ar\/#\/schema\/person\/3fd6bbab64edd703961b795156c955d0\",\"name\":\"Belen Pedernera Ferragut\",\"image\":{\"@type\":\"ImageObject\",\"inLanguage\":\"es-AR\",\"@id\":\"https:\/\/hcd.malargue.gov.ar\/#\/schema\/person\/image\/\",\"url\":\"https:\/\/secure.gravatar.com\/avatar\/1054ffab3893de4bb3eb29bdd22f7e34b8537bf5d34d9dab311818154ad5b71f?s=96&d=mm&r=g\",\"contentUrl\":\"https:\/\/secure.gravatar.com\/avatar\/1054ffab3893de4bb3eb29bdd22f7e34b8537bf5d34d9dab311818154ad5b71f?s=96&d=mm&r=g\",\"caption\":\"Belen Pedernera Ferragut\"},\"url\":\"https:\/\/hcd.malargue.gov.ar\/?author=5\"}]}<\/script>\n<!-- \/ Yoast SEO plugin. -->","yoast_head_json":{"title":"DECRETO N\u00b0 082\/2.025 - Malarg\u00fce HCD","robots":{"index":"index","follow":"follow","max-snippet":"max-snippet:-1","max-image-preview":"max-image-preview:large","max-video-preview":"max-video-preview:-1"},"canonical":"https:\/\/hcd.malargue.gov.ar\/?p=39321","og_locale":"es_ES","og_type":"article","og_title":"DECRETO N\u00b0 082\/2.025 - Malarg\u00fce HCD","og_description":"Autorizan participaci\u00f3n virtual del Concejal Pablo Cabrera por razones de salud En la \u00faltima Sesi\u00f3n, el HCD aprob\u00f3 el Decreto N\u00b0 082\/2.025, que autoriza la participaci\u00f3n virtual del Concejal Lic. Pablo Cabrera en Sesiones Ordinarias, Especiales, Extraordinarias y en reuniones de Comisiones, mediante plataformas digitales adecuadas. La medida se fundamenta en la necesidad de garantizar [&hellip;]","og_url":"https:\/\/hcd.malargue.gov.ar\/?p=39321","og_site_name":"Malarg\u00fce HCD","article_published_time":"2025-08-13T15:14:32+00:00","article_modified_time":"2025-08-13T15:14:36+00:00","og_image":[{"width":940,"height":788,"url":"https:\/\/hcd.malargue.gov.ar\/wp-content\/uploads\/2025\/08\/DECRETO-82-2025.png","type":"image\/png"}],"author":"Belen Pedernera Ferragut","twitter_card":"summary_large_image","twitter_misc":{"Escrito por":"Belen Pedernera Ferragut","Tiempo de lectura":"6 minutos"},"schema":{"@context":"https:\/\/schema.org","@graph":[{"@type":"WebPage","@id":"https:\/\/hcd.malargue.gov.ar\/?p=39321","url":"https:\/\/hcd.malargue.gov.ar\/?p=39321","name":"DECRETO N\u00b0 082\/2.025 - Malarg\u00fce HCD","isPartOf":{"@id":"https:\/\/hcd.malargue.gov.ar\/#website"},"datePublished":"2025-08-13T15:14:32+00:00","dateModified":"2025-08-13T15:14:36+00:00","author":{"@id":"https:\/\/hcd.malargue.gov.ar\/#\/schema\/person\/3fd6bbab64edd703961b795156c955d0"},"breadcrumb":{"@id":"https:\/\/hcd.malargue.gov.ar\/?p=39321#breadcrumb"},"inLanguage":"es-AR","potentialAction":[{"@type":"ReadAction","target":["https:\/\/hcd.malargue.gov.ar\/?p=39321"]}]},{"@type":"BreadcrumbList","@id":"https:\/\/hcd.malargue.gov.ar\/?p=39321#breadcrumb","itemListElement":[{"@type":"ListItem","position":1,"name":"Inicio","item":"https:\/\/hcd.malargue.gov.ar\/"},{"@type":"ListItem","position":2,"name":"DECRETO N\u00b0 082\/2.025"}]},{"@type":"WebSite","@id":"https:\/\/hcd.malargue.gov.ar\/#website","url":"https:\/\/hcd.malargue.gov.ar\/","name":"Malarg\u00fce HCD","description":"Malarg\u00fce Mendoza Argentina","potentialAction":[{"@type":"SearchAction","target":{"@type":"EntryPoint","urlTemplate":"https:\/\/hcd.malargue.gov.ar\/?s={search_term_string}"},"query-input":"required name=search_term_string"}],"inLanguage":"es-AR"},{"@type":"Person","@id":"https:\/\/hcd.malargue.gov.ar\/#\/schema\/person\/3fd6bbab64edd703961b795156c955d0","name":"Belen Pedernera Ferragut","image":{"@type":"ImageObject","inLanguage":"es-AR","@id":"https:\/\/hcd.malargue.gov.ar\/#\/schema\/person\/image\/","url":"https:\/\/secure.gravatar.com\/avatar\/1054ffab3893de4bb3eb29bdd22f7e34b8537bf5d34d9dab311818154ad5b71f?s=96&d=mm&r=g","contentUrl":"https:\/\/secure.gravatar.com\/avatar\/1054ffab3893de4bb3eb29bdd22f7e34b8537bf5d34d9dab311818154ad5b71f?s=96&d=mm&r=g","caption":"Belen Pedernera Ferragut"},"url":"https:\/\/hcd.malargue.gov.ar\/?author=5"}]}},"_links":{"self":[{"href":"https:\/\/hcd.malargue.gov.ar\/index.php?rest_route=\/wp\/v2\/posts\/39321","targetHints":{"allow":["GET"]}}],"collection":[{"href":"https:\/\/hcd.malargue.gov.ar\/index.php?rest_route=\/wp\/v2\/posts"}],"about":[{"href":"https:\/\/hcd.malargue.gov.ar\/index.php?rest_route=\/wp\/v2\/types\/post"}],"author":[{"embeddable":true,"href":"https:\/\/hcd.malargue.gov.ar\/index.php?rest_route=\/wp\/v2\/users\/5"}],"replies":[{"embeddable":true,"href":"https:\/\/hcd.malargue.gov.ar\/index.php?rest_route=%2Fwp%2Fv2%2Fcomments&post=39321"}],"version-history":[{"count":1,"href":"https:\/\/hcd.malargue.gov.ar\/index.php?rest_route=\/wp\/v2\/posts\/39321\/revisions"}],"predecessor-version":[{"id":39323,"href":"https:\/\/hcd.malargue.gov.ar\/index.php?rest_route=\/wp\/v2\/posts\/39321\/revisions\/39323"}],"wp:featuredmedia":[{"embeddable":true,"href":"https:\/\/hcd.malargue.gov.ar\/index.php?rest_route=\/wp\/v2\/media\/39322"}],"wp:attachment":[{"href":"https:\/\/hcd.malargue.gov.ar\/index.php?rest_route=%2Fwp%2Fv2%2Fmedia&parent=39321"}],"wp:term":[{"taxonomy":"category","embeddable":true,"href":"https:\/\/hcd.malargue.gov.ar\/index.php?rest_route=%2Fwp%2Fv2%2Fcategories&post=39321"},{"taxonomy":"post_tag","embeddable":true,"href":"https:\/\/hcd.malargue.gov.ar\/index.php?rest_route=%2Fwp%2Fv2%2Ftags&post=39321"}],"curies":[{"name":"wp","href":"https:\/\/api.w.org\/{rel}","templated":true}]}}