{"id":39334,"date":"2025-08-20T09:27:24","date_gmt":"2025-08-20T12:27:24","guid":{"rendered":"https:\/\/hcd.malargue.gov.ar\/?p=39334"},"modified":"2025-08-20T09:27:28","modified_gmt":"2025-08-20T12:27:28","slug":"resolucion-n-260-2-025","status":"publish","type":"post","link":"https:\/\/hcd.malargue.gov.ar\/?p=39334","title":{"rendered":"RESOLUCI\u00d3N N\u00b0 260\/2.025"},"content":{"rendered":"\n<h4 class=\"wp-block-heading has-text-align-center\">El HCD solicit\u00f3 informe sobre contrataciones bajo la figura de Locaci\u00f3n de Servicios<\/h4>\n\n\n\n<p><em>El Honorable Concejo Deliberante aprob\u00f3 la Resoluci\u00f3n N\u00ba 260\/2.025, mediante la cual se requiere al Departamento Ejecutivo Municipal que brinde un informe detallado sobre el personal contratado bajo la figura de \u201cLocaci\u00f3n de Servicios\u201d.<\/em><\/p>\n\n\n\n<p><em>La iniciativa surge ante la preocupaci\u00f3n por la situaci\u00f3n laboral de m\u00e1s de 400 personas que, seg\u00fan un informe period\u00edstico publicado en julio de este a\u00f1o, cumplen funciones en el Municipio bajo esta modalidad contractual.<\/em><\/p>\n\n\n\n<p><em>El planteo legislativo resalta que, en muchos casos, no se garantizan condiciones laborales dignas ni acceso a elementos b\u00e1sicos como ba\u00f1os, higiene personal o equipamiento de protecci\u00f3n, especialmente en tareas que implican exposici\u00f3n a la intemperie.<\/em><\/p>\n\n\n\n<p><em>Asimismo, se advierte sobre posibles incompatibilidades \u00e9ticas en la gesti\u00f3n de contrataciones y desigualdades en los montos percibidos por los trabajadores, sin criterios claros de equidad ni control.<\/em><\/p>\n\n\n\n<p><em>El informe solicitado deber\u00e1 especificar cantidad de contratados, tareas desempe\u00f1adas, provisi\u00f3n de elementos de seguridad, cobertura ante accidentes laborales, criterios de remuneraci\u00f3n y marco legal de los contratos. Tambi\u00e9n se pide informaci\u00f3n sobre eventuales pr\u00e1cticas contables vinculadas a locadores dentro del horario laboral municipal.<\/em><\/p>\n\n\n\n<p><em>Con esta medida, el Concejo busca garantizar mayor transparencia en la administraci\u00f3n municipal y resguardar los derechos b\u00e1sicos de quienes cumplen funciones en el \u00e1mbito local.<\/em><\/p>\n\n\n\n<p class=\"has-text-align-center\"><strong>PIEZA LEGAL<\/strong><\/p>\n\n\n<div class=\"wp-block-image\">\n<figure class=\"alignright is-resized\"><a href=\"http:\/\/hcd.malargue.gov.ar\/2025\/Rs%20260%202025%20Informe%20Contratados.pdf\"><img loading=\"lazy\" decoding=\"async\" width=\"512\" height=\"512\" src=\"https:\/\/hcd.malargue.gov.ar\/wp-content\/uploads\/2018\/06\/PDF-JPG.jpg\" alt=\"\" class=\"wp-image-7950\" style=\"width:129px;height:auto\" srcset=\"https:\/\/hcd.malargue.gov.ar\/wp-content\/uploads\/2018\/06\/PDF-JPG.jpg 512w, https:\/\/hcd.malargue.gov.ar\/wp-content\/uploads\/2018\/06\/PDF-JPG-150x150.jpg 150w, https:\/\/hcd.malargue.gov.ar\/wp-content\/uploads\/2018\/06\/PDF-JPG-300x300.jpg 300w\" sizes=\"auto, (max-width: 512px) 100vw, 512px\" \/><\/a><\/figure>\n<\/div>\n\n\n<p><strong>AUTORA SILVINA CAMIOLO<\/strong><\/p>\n\n\n\n<p><strong>BLOQUE RECONSTRUYENDO MALARG\u00dcE<\/strong><\/p>\n\n\n\n<p>VISTO: El contenido del Expediente N\u00b0 4.773\/2.025-0. Interbloque Reconstruyendo Malarg\u00fce- Uni\u00f3n Mendocina Proyecto de Resoluci\u00f3n: Solicitar al Departamento Ejecutivo Municipal informe sobre el personal contratado bajo la figura de &#8220;Locaci\u00f3n de Servicios&#8221;.<\/p>\n\n\n\n<p>La situaci\u00f3n laboral de numerosos ciudadanos que cumplen funciones para el Municipio de Malarg\u00fce bajo la modalidad de &#8220;Contratos de Locaci\u00f3n&#8221;.<\/p>\n\n\n\n<p>y;<\/p>\n\n\n\n<p>CONSIDERANDO: Que seg\u00fan datos publicados por el medio &#8220;El Editor&#8221;, el d\u00eda 13 de julio de 2.025, m\u00e1s de 400 personas se encuentran prestando servicios al municipio mediante esta figura contractual, sin que se garantice, en muchos casos, un trato digno ni condiciones laborales acordes a los derechos adquiridos por los trabajadores en la historia reciente de nuestro pa\u00eds.<\/p>\n\n\n\n<p>Que esta situaci\u00f3n se agrava especialmente en tareas que implican trabajos a la intemperie y en condiciones clim\u00e1ticas extremas, como la limpieza de acequias y otras labores al aire libre, sin acceso visible a ba\u00f1os o espacios m\u00ednimos de higiene personal, lo cual representa una vulneraci\u00f3n del derecho al cuidado y a condiciones m\u00ednimas de salubridad.<\/p>\n\n\n\n<p>Que tambi\u00e9n se ha constatado que dicho personal no cuenta con los elementos de protecci\u00f3n personal (EPP) necesarios para las tareas que realiza o bien los tiene y no los utiliza por falta de control o supervisi\u00f3n, lo cual representa una grav\u00edsima falta de responsabilidad institucional ante posibles accidentes o enfermedades laborales.<\/p>\n\n\n\n<p>Que esta situaci\u00f3n no solo atenta contra la integridad f\u00edsica de quienes prestan servicios, sino que tambi\u00e9n resulta socialmente regresiva, especialmente si se considera que estas personas no gozan de estabilidad laboral, ni de los \u00edtems salariales especiales que corresponder\u00edan por exposici\u00f3n, esfuerzo f\u00edsico o condiciones de riesgo.<\/p>\n\n\n\n<p>Que resulta preocupante que se naturalice una precarizaci\u00f3n tan marcada del trabajo municipal, especialmente en tareas que requieren esfuerzo f\u00edsico y exposici\u00f3n al clima, sin las condiciones adecuadas ni reconocimiento salarial acorde.<\/p>\n\n\n\n<p>Que persisten dudas respecto al acceso a servicios sanitarios b\u00e1sicos por parte del personal en tareas de calle, lo que debe ser revisado desde una perspectiva de derechos laborales y dignidad humana.<\/p>\n\n\n\n<p>Que se han detectado situaciones de incompatibilidad o conflicto \u00e9tico entre funciones p\u00fablicas y servicios privados, en donde contadores que revisten funciones dentro del municipio son quienes tambi\u00e9n inscriben, confeccionan facturas y cobran por estos tr\u00e1mites a los mismos contratados, en horario laboral, lo que al menos requiere ser revisado bajo criterios de transparencia y equidad.<\/p>\n\n\n\n<p>Que tambi\u00e9n se ha tomado conocimiento de diferencias arbitrarias e injustificadas en los montos que perciben algunos contratados sin siquiera cumplir horarios, lo que genera un clima de descontento, falta de equidad y erosiona la confianza p\u00fablica en la administraci\u00f3n.<\/p>\n\n\n\n<p>Que el contrato de locaci\u00f3n de servicios, previsto en el C\u00f3digo Civil y Comercial de la Naci\u00f3n (arts. 1251 y ss.), no genera v\u00ednculo laboral, sino una relaci\u00f3n de car\u00e1cter civil, lo que implica la ausencia de derechos propios del empleo p\u00fablico o privado, tales como licencias, aguinaldo, obra social, aportes jubilatorios o cobertura por riesgos del trabajo. En el \u00e1mbito de la administraci\u00f3n p\u00fablica, esta figura debe ser de car\u00e1cter excepcional y estar justificada por la especialidad o autonom\u00eda del servicio requerido, no siendo adecuada para tareas habituales, permanentes o subordinadas, ya que su uso sistem\u00e1tico representa una forma de precarizaci\u00f3n laboral encubierta.<\/p>\n\n\n\n<p>Que al respecto, diversos autores, como Oscar Oszlak y Guillermo Schweinheim, han advertido que el empleo estatal mediante contrataciones irregulares diluye la responsabilidad institucional y produce un &#8220;cuadro de fragmentaci\u00f3n y debilidad del capital humano estatal&#8221; (Oszlak, &#8220;La reforma administrativa en Am\u00e9rica Latina: fundamentos, estrategias y experiencias&#8221;, CLAD, 2.001). Asimismo, la Corte Suprema de Justicia de la Naci\u00f3n ha sostenido en fallos como &#8220;Ramos, Elva&#8221; (2.007) Que cuando se configuran elementos de relaci\u00f3n de dependencia, corresponde reconocer derechos laborales, sin que la formalidad contractual pueda ocultar la verdadera naturaleza del v\u00ednculo.<\/p>\n\n\n\n<p>EL HONORABLE CONCEJO DELIBERANTE DE LA MUNICIPALIDAD DE MALARG\u00dcE EN USO DE LAS FACULTADES QUE LE SON PROPIAS<\/p>\n\n\n\n<p>RESUELVE<\/p>\n\n\n\n<p>ART\u00cdCULO 1\u00ba: Solicitar al Departamento Ejecutivo Municipal que, en el plazo legal correspondiente, informe con detalle:<\/p>\n\n\n\n<p>1. Cantidad exacta de personas contratadas bajo la figura de &#8220;Locaci\u00f3n de Servicios&#8221; durante el a\u00f1o en curso, discriminadas por edad, g\u00e9nero y funci\u00f3n desempe\u00f1ada.<\/p>\n\n\n\n<p>2. Listado de personas contratadas bajo esta modalidad que realizan trabajos al aire libre, especificando las tareas, los lugares asignados y la provisi\u00f3n de ba\u00f1os o lugares de higiene personal en los sitios de trabajo.<\/p>\n\n\n\n<p>3. Si el personal bajo contrato de locaci\u00f3n cuenta con los Elementos de Protecci\u00f3n Personal (EPP) obligatorios seg\u00fan la tarea. En caso afirmativo, detallar si hay controles sobre su uso; en caso negativo, explicar las razones.<\/p>\n\n\n\n<p>4. Qu\u00e9 medidas preventivas ha dispuesto el Municipio ante las bajas temperaturas, en funci\u00f3n del cuidado de quienes se desempe\u00f1an al aire libre y sin derechos laborales plenos.<\/p>\n\n\n\n<p>5. Explicar cu\u00e1les son las modalidades de contrataci\u00f3n vigentes en el Municipio, excluyendo planta permanente y temporaria: Requisitos, condiciones, formas de control de cumplimiento horario y de tareas y acceso a derechos laborales m\u00ednimos.<\/p>\n\n\n\n<p>6. Indicar cu\u00e1l es el marco legal bajo el cual se celebran los contratos de locaci\u00f3n en el \u00e1mbito municipal y si se garantiza cobertura en caso de accidente laboral (Aseguradora Riesgo de Trabajo u otro mecanismo). En caso negativo, justificar la legalidad de dicha omisi\u00f3n.<\/p>\n\n\n\n<p>7. Solicitar a la Contadora General de la Municipalidad de Malarg\u00fce, si est\u00e1 en conocimiento que se realizar\u00edan facturaciones y otras pr\u00e1cticas contables de los locadores\/gestiones privadas, en el \u00e1mbito y horario laboral del municipio.<\/p>\n\n\n\n<p>8. Detallar cu\u00e1les son los criterios por los cuales ciertos contratados perciben montos muy superiores a otros sin registrar cumplimiento horario o funci\u00f3n comprobable. Aportar listado de estos casos con los fundamentos correspondientes.<\/p>\n\n\n\n<p>ART\u00cdCULO 2\u00ba: Ingr\u00e9sese el requerimiento contenido en la presente pieza legal en el sistema establecido por la Ley N\u00b0 9.070 Acceso a la Informaci\u00f3n P\u00fablica, a los fines de asegurar su tramitaci\u00f3n conforme a derecho y la emisi\u00f3n de la respuesta correspondiente.<\/p>\n\n\n\n<p>ART\u00cdCULO 3\u00ba: Comun\u00edquese, reg\u00edstrese, agr\u00e9guese copia de la presente en las actuaciones correspondientes y arch\u00edvese.<\/p>\n\n\n\n<p>DADA EN LA SALA DE SESIONES DR.&nbsp; RICARDO BALBIN DEL HONORABLE CONCEJO DELIBERANTE DE LA MUNICIPALIDAD DE MALARG\u00dcE A SIETE D\u00cdAS DE AGOSTO DE DOS MIL VEINTICINCO.<\/p>\n","protected":false},"excerpt":{"rendered":"<p>El HCD solicit\u00f3 informe sobre contrataciones bajo la figura de Locaci\u00f3n de Servicios El Honorable Concejo Deliberante aprob\u00f3 la Resoluci\u00f3n N\u00ba 260\/2.025, mediante la cual se requiere al Departamento Ejecutivo Municipal que brinde un informe detallado sobre el personal contratado bajo la figura de \u201cLocaci\u00f3n de Servicios\u201d. La iniciativa surge ante la preocupaci\u00f3n por la [&hellip;]<\/p>\n","protected":false},"author":5,"featured_media":39337,"comment_status":"closed","ping_status":"closed","sticky":false,"template":"","format":"standard","meta":{"footnotes":""},"categories":[52,29,33,51],"tags":[],"class_list":["post-39334","post","type-post","status-publish","format-standard","has-post-thumbnail","hentry","category-gacetillas","category-lesgilacion","category-prensa","category-resoluciones"],"yoast_head":"<!-- This site is optimized with the Yoast SEO plugin v19.10 - https:\/\/yoast.com\/wordpress\/plugins\/seo\/ -->\n<title>RESOLUCI\u00d3N N\u00b0 260\/2.025 - Malarg\u00fce HCD<\/title>\n<meta name=\"robots\" content=\"index, follow, max-snippet:-1, max-image-preview:large, max-video-preview:-1\" \/>\n<link rel=\"canonical\" href=\"https:\/\/hcd.malargue.gov.ar\/?p=39334\" \/>\n<meta property=\"og:locale\" content=\"es_ES\" \/>\n<meta property=\"og:type\" content=\"article\" \/>\n<meta property=\"og:title\" content=\"RESOLUCI\u00d3N N\u00b0 260\/2.025 - Malarg\u00fce HCD\" \/>\n<meta property=\"og:description\" content=\"El HCD solicit\u00f3 informe sobre contrataciones bajo la figura de Locaci\u00f3n de Servicios El Honorable Concejo Deliberante aprob\u00f3 la Resoluci\u00f3n N\u00ba 260\/2.025, mediante la cual se requiere al Departamento Ejecutivo Municipal que brinde un informe detallado sobre el personal contratado bajo la figura de \u201cLocaci\u00f3n de Servicios\u201d. La iniciativa surge ante la preocupaci\u00f3n por la [&hellip;]\" \/>\n<meta property=\"og:url\" content=\"https:\/\/hcd.malargue.gov.ar\/?p=39334\" \/>\n<meta property=\"og:site_name\" content=\"Malarg\u00fce HCD\" \/>\n<meta property=\"article:published_time\" content=\"2025-08-20T12:27:24+00:00\" \/>\n<meta property=\"article:modified_time\" content=\"2025-08-20T12:27:28+00:00\" \/>\n<meta property=\"og:image\" content=\"https:\/\/hcd.malargue.gov.ar\/wp-content\/uploads\/2025\/08\/RESOLUCION-260-2025.png\" \/>\n\t<meta property=\"og:image:width\" content=\"940\" \/>\n\t<meta property=\"og:image:height\" content=\"788\" \/>\n\t<meta property=\"og:image:type\" content=\"image\/png\" \/>\n<meta name=\"author\" content=\"Belen Pedernera Ferragut\" \/>\n<meta name=\"twitter:card\" content=\"summary_large_image\" \/>\n<meta name=\"twitter:label1\" content=\"Escrito por\" \/>\n\t<meta name=\"twitter:data1\" content=\"Belen Pedernera Ferragut\" \/>\n\t<meta name=\"twitter:label2\" content=\"Tiempo de lectura\" \/>\n\t<meta name=\"twitter:data2\" content=\"6 minutos\" \/>\n<script type=\"application\/ld+json\" class=\"yoast-schema-graph\">{\"@context\":\"https:\/\/schema.org\",\"@graph\":[{\"@type\":\"WebPage\",\"@id\":\"https:\/\/hcd.malargue.gov.ar\/?p=39334\",\"url\":\"https:\/\/hcd.malargue.gov.ar\/?p=39334\",\"name\":\"RESOLUCI\u00d3N N\u00b0 260\/2.025 - Malarg\u00fce HCD\",\"isPartOf\":{\"@id\":\"https:\/\/hcd.malargue.gov.ar\/#website\"},\"datePublished\":\"2025-08-20T12:27:24+00:00\",\"dateModified\":\"2025-08-20T12:27:28+00:00\",\"author\":{\"@id\":\"https:\/\/hcd.malargue.gov.ar\/#\/schema\/person\/3fd6bbab64edd703961b795156c955d0\"},\"breadcrumb\":{\"@id\":\"https:\/\/hcd.malargue.gov.ar\/?p=39334#breadcrumb\"},\"inLanguage\":\"es-AR\",\"potentialAction\":[{\"@type\":\"ReadAction\",\"target\":[\"https:\/\/hcd.malargue.gov.ar\/?p=39334\"]}]},{\"@type\":\"BreadcrumbList\",\"@id\":\"https:\/\/hcd.malargue.gov.ar\/?p=39334#breadcrumb\",\"itemListElement\":[{\"@type\":\"ListItem\",\"position\":1,\"name\":\"Inicio\",\"item\":\"https:\/\/hcd.malargue.gov.ar\/\"},{\"@type\":\"ListItem\",\"position\":2,\"name\":\"RESOLUCI\u00d3N N\u00b0 260\/2.025\"}]},{\"@type\":\"WebSite\",\"@id\":\"https:\/\/hcd.malargue.gov.ar\/#website\",\"url\":\"https:\/\/hcd.malargue.gov.ar\/\",\"name\":\"Malarg\u00fce HCD\",\"description\":\"Malarg\u00fce Mendoza Argentina\",\"potentialAction\":[{\"@type\":\"SearchAction\",\"target\":{\"@type\":\"EntryPoint\",\"urlTemplate\":\"https:\/\/hcd.malargue.gov.ar\/?s={search_term_string}\"},\"query-input\":\"required name=search_term_string\"}],\"inLanguage\":\"es-AR\"},{\"@type\":\"Person\",\"@id\":\"https:\/\/hcd.malargue.gov.ar\/#\/schema\/person\/3fd6bbab64edd703961b795156c955d0\",\"name\":\"Belen Pedernera Ferragut\",\"image\":{\"@type\":\"ImageObject\",\"inLanguage\":\"es-AR\",\"@id\":\"https:\/\/hcd.malargue.gov.ar\/#\/schema\/person\/image\/\",\"url\":\"https:\/\/secure.gravatar.com\/avatar\/1054ffab3893de4bb3eb29bdd22f7e34b8537bf5d34d9dab311818154ad5b71f?s=96&d=mm&r=g\",\"contentUrl\":\"https:\/\/secure.gravatar.com\/avatar\/1054ffab3893de4bb3eb29bdd22f7e34b8537bf5d34d9dab311818154ad5b71f?s=96&d=mm&r=g\",\"caption\":\"Belen Pedernera Ferragut\"},\"url\":\"https:\/\/hcd.malargue.gov.ar\/?author=5\"}]}<\/script>\n<!-- \/ Yoast SEO plugin. -->","yoast_head_json":{"title":"RESOLUCI\u00d3N N\u00b0 260\/2.025 - Malarg\u00fce HCD","robots":{"index":"index","follow":"follow","max-snippet":"max-snippet:-1","max-image-preview":"max-image-preview:large","max-video-preview":"max-video-preview:-1"},"canonical":"https:\/\/hcd.malargue.gov.ar\/?p=39334","og_locale":"es_ES","og_type":"article","og_title":"RESOLUCI\u00d3N N\u00b0 260\/2.025 - Malarg\u00fce HCD","og_description":"El HCD solicit\u00f3 informe sobre contrataciones bajo la figura de Locaci\u00f3n de Servicios El Honorable Concejo Deliberante aprob\u00f3 la Resoluci\u00f3n N\u00ba 260\/2.025, mediante la cual se requiere al Departamento Ejecutivo Municipal que brinde un informe detallado sobre el personal contratado bajo la figura de \u201cLocaci\u00f3n de Servicios\u201d. La iniciativa surge ante la preocupaci\u00f3n por la [&hellip;]","og_url":"https:\/\/hcd.malargue.gov.ar\/?p=39334","og_site_name":"Malarg\u00fce HCD","article_published_time":"2025-08-20T12:27:24+00:00","article_modified_time":"2025-08-20T12:27:28+00:00","og_image":[{"width":940,"height":788,"url":"https:\/\/hcd.malargue.gov.ar\/wp-content\/uploads\/2025\/08\/RESOLUCION-260-2025.png","type":"image\/png"}],"author":"Belen Pedernera Ferragut","twitter_card":"summary_large_image","twitter_misc":{"Escrito por":"Belen Pedernera Ferragut","Tiempo de lectura":"6 minutos"},"schema":{"@context":"https:\/\/schema.org","@graph":[{"@type":"WebPage","@id":"https:\/\/hcd.malargue.gov.ar\/?p=39334","url":"https:\/\/hcd.malargue.gov.ar\/?p=39334","name":"RESOLUCI\u00d3N N\u00b0 260\/2.025 - Malarg\u00fce HCD","isPartOf":{"@id":"https:\/\/hcd.malargue.gov.ar\/#website"},"datePublished":"2025-08-20T12:27:24+00:00","dateModified":"2025-08-20T12:27:28+00:00","author":{"@id":"https:\/\/hcd.malargue.gov.ar\/#\/schema\/person\/3fd6bbab64edd703961b795156c955d0"},"breadcrumb":{"@id":"https:\/\/hcd.malargue.gov.ar\/?p=39334#breadcrumb"},"inLanguage":"es-AR","potentialAction":[{"@type":"ReadAction","target":["https:\/\/hcd.malargue.gov.ar\/?p=39334"]}]},{"@type":"BreadcrumbList","@id":"https:\/\/hcd.malargue.gov.ar\/?p=39334#breadcrumb","itemListElement":[{"@type":"ListItem","position":1,"name":"Inicio","item":"https:\/\/hcd.malargue.gov.ar\/"},{"@type":"ListItem","position":2,"name":"RESOLUCI\u00d3N N\u00b0 260\/2.025"}]},{"@type":"WebSite","@id":"https:\/\/hcd.malargue.gov.ar\/#website","url":"https:\/\/hcd.malargue.gov.ar\/","name":"Malarg\u00fce HCD","description":"Malarg\u00fce Mendoza Argentina","potentialAction":[{"@type":"SearchAction","target":{"@type":"EntryPoint","urlTemplate":"https:\/\/hcd.malargue.gov.ar\/?s={search_term_string}"},"query-input":"required name=search_term_string"}],"inLanguage":"es-AR"},{"@type":"Person","@id":"https:\/\/hcd.malargue.gov.ar\/#\/schema\/person\/3fd6bbab64edd703961b795156c955d0","name":"Belen Pedernera Ferragut","image":{"@type":"ImageObject","inLanguage":"es-AR","@id":"https:\/\/hcd.malargue.gov.ar\/#\/schema\/person\/image\/","url":"https:\/\/secure.gravatar.com\/avatar\/1054ffab3893de4bb3eb29bdd22f7e34b8537bf5d34d9dab311818154ad5b71f?s=96&d=mm&r=g","contentUrl":"https:\/\/secure.gravatar.com\/avatar\/1054ffab3893de4bb3eb29bdd22f7e34b8537bf5d34d9dab311818154ad5b71f?s=96&d=mm&r=g","caption":"Belen Pedernera Ferragut"},"url":"https:\/\/hcd.malargue.gov.ar\/?author=5"}]}},"_links":{"self":[{"href":"https:\/\/hcd.malargue.gov.ar\/index.php?rest_route=\/wp\/v2\/posts\/39334","targetHints":{"allow":["GET"]}}],"collection":[{"href":"https:\/\/hcd.malargue.gov.ar\/index.php?rest_route=\/wp\/v2\/posts"}],"about":[{"href":"https:\/\/hcd.malargue.gov.ar\/index.php?rest_route=\/wp\/v2\/types\/post"}],"author":[{"embeddable":true,"href":"https:\/\/hcd.malargue.gov.ar\/index.php?rest_route=\/wp\/v2\/users\/5"}],"replies":[{"embeddable":true,"href":"https:\/\/hcd.malargue.gov.ar\/index.php?rest_route=%2Fwp%2Fv2%2Fcomments&post=39334"}],"version-history":[{"count":1,"href":"https:\/\/hcd.malargue.gov.ar\/index.php?rest_route=\/wp\/v2\/posts\/39334\/revisions"}],"predecessor-version":[{"id":39340,"href":"https:\/\/hcd.malargue.gov.ar\/index.php?rest_route=\/wp\/v2\/posts\/39334\/revisions\/39340"}],"wp:featuredmedia":[{"embeddable":true,"href":"https:\/\/hcd.malargue.gov.ar\/index.php?rest_route=\/wp\/v2\/media\/39337"}],"wp:attachment":[{"href":"https:\/\/hcd.malargue.gov.ar\/index.php?rest_route=%2Fwp%2Fv2%2Fmedia&parent=39334"}],"wp:term":[{"taxonomy":"category","embeddable":true,"href":"https:\/\/hcd.malargue.gov.ar\/index.php?rest_route=%2Fwp%2Fv2%2Fcategories&post=39334"},{"taxonomy":"post_tag","embeddable":true,"href":"https:\/\/hcd.malargue.gov.ar\/index.php?rest_route=%2Fwp%2Fv2%2Ftags&post=39334"}],"curies":[{"name":"wp","href":"https:\/\/api.w.org\/{rel}","templated":true}]}}