{"id":39341,"date":"2025-08-20T09:41:27","date_gmt":"2025-08-20T12:41:27","guid":{"rendered":"https:\/\/hcd.malargue.gov.ar\/?p=39341"},"modified":"2025-08-20T09:42:38","modified_gmt":"2025-08-20T12:42:38","slug":"resolucion-n-263-2-025","status":"publish","type":"post","link":"https:\/\/hcd.malargue.gov.ar\/?p=39341","title":{"rendered":"RESOLUCI\u00d3N N\u00b0 263\/2.025"},"content":{"rendered":"\n<h4 class=\"wp-block-heading has-text-align-center\"><strong>El HCD inst\u00f3 a Legisladores Nacionales a rechazar el Veto Presidencial a las leyes de Movilidad Jubilatoria y Emergencia en Discapacidad<\/strong><\/h4>\n\n\n\n<p><em>Mediante esta Resoluci\u00f3n se solicita a los Legisladores Nacionales por la Provincia de Mendoza que rechacen el Veto Presidencial a la Ley de Movilidad Jubilatoria y a la Ley de Emergencia en Discapacidad, ambas aprobadas recientemente por el Congreso de la Naci\u00f3n.<\/em><\/p>\n\n\n\n<p><em>La Pieza Legal manifiesta que el veto constituye un retroceso en materia de derechos, afectando a dos sectores hist\u00f3ricamente vulnerados: las personas mayores y las personas con discapacidad. En este sentido, el Cuerpo Deliberativo expres\u00f3 su repudio a los dichos y acciones del Gobierno Nacional que deshumanizan y estigmatizan a estos colectivos, as\u00ed como a la represi\u00f3n sufrida por jubilados durante manifestaciones pac\u00edficas en Plaza Congreso.<\/em><\/p>\n\n\n\n<p><em>El proyecto, acompa\u00f1ado por entidades locales como Consultorios Integra2, Centro de D\u00eda Recrear, Colores y el Programa S\u00faper-Arte, remarca que las leyes vetadas surgieron de luchas colectivas y demandas sociales leg\u00edtimas. Por ello, el HCD consider\u00f3 pertinente pronunciarse en defensa de los derechos de los sectores m\u00e1s desprotegidos.<\/em><\/p>\n\n\n\n<p><em>La Resoluci\u00f3n ser\u00e1 remitida a los Legisladores Nacionales mendocinos, al Poder Ejecutivo Nacional, al Congreso de la Naci\u00f3n, al Ministerio de Capital Humano y a organismos provinciales y nacionales vinculados a la materia. Adem\u00e1s, se invita a otros Concejos Deliberantes de Mendoza a pronunciarse en igual sentido.<\/em><\/p>\n\n\n<div class=\"wp-block-image\">\n<figure class=\"alignright is-resized\"><a href=\"http:\/\/hcd.malargue.gov.ar\/2025\/Rs%20263%202025%20Rechazo%20al%20VETO.pdf\"><img loading=\"lazy\" decoding=\"async\" width=\"512\" height=\"512\" src=\"https:\/\/hcd.malargue.gov.ar\/wp-content\/uploads\/2018\/06\/PDF-JPG.jpg\" alt=\"\" class=\"wp-image-7950\" style=\"width:137px;height:auto\" srcset=\"https:\/\/hcd.malargue.gov.ar\/wp-content\/uploads\/2018\/06\/PDF-JPG.jpg 512w, https:\/\/hcd.malargue.gov.ar\/wp-content\/uploads\/2018\/06\/PDF-JPG-150x150.jpg 150w, https:\/\/hcd.malargue.gov.ar\/wp-content\/uploads\/2018\/06\/PDF-JPG-300x300.jpg 300w\" sizes=\"auto, (max-width: 512px) 100vw, 512px\" \/><\/a><\/figure>\n<\/div>\n\n\n<p class=\"has-text-align-center\"><strong>PIEZA LEGAL<\/strong><\/p>\n\n\n\n<p><strong>AUTORA SILVINA CAMIOLO<\/strong><\/p>\n\n\n\n<p><strong>BLOQUE RECONSTRUYENDO MALARG\u00dcE<\/strong><\/p>\n\n\n\n<p>VISTO: El contenido del Expediente N\u00b0 5.115\/2.025-0 Bloque Reconstruyendo Malarg\u00fce. &nbsp;Proyecto de Resoluci\u00f3n: &#8220;Instar a los y las legislado nacionales por la Provincia de Mendoza a rechazar el Veto Presidencial a la Ley de Movilidad Jubilatoria y a la Ley de Emergencia en Discapacidad&#8221;.<\/p>\n\n\n\n<p>El Veto Presidencial del Poder Ejecutivo Nacional a la Ley de Movilidad Jubilatoria, que contemplaba un aumento para jubilados y pensionados, as\u00ed como a la Ley de Emergencia en Discapacidad recientemente aprobada por el Congreso de la Naci\u00f3n.<\/p>\n\n\n\n<p>y;<\/p>\n\n\n\n<p>CONSIDERANDO: Que el Congreso Nacional, en representaci\u00f3n del pueblo argentino, aprob\u00f3 ambas leyes con el objetivo de garantizar derechos humanos fundamentales a sectores hist\u00f3ricamente vulnerados: las personas mayores y las personas con discapacidad.<\/p>\n\n\n\n<p>Que el Veto Presidencial constituye un grave retroceso en materia de derechos, evidenciando una falta de compromiso del Poder Ejecutivo con el bienestar y la dignidad de millones de ciudadanos y ciudadanas.<\/p>\n\n\n\n<p>Que los Legisladores Nacionales tienen el deber de representar los intereses del pueblo que los eligi\u00f3 y no de someterse a mandatos personalistas de sus referentes partidarios ni a programas de gobierno que desestiman el rol del Estado en la protecci\u00f3n de los sectores m\u00e1s vulnerables.<\/p>\n\n\n\n<p>Que resulta inadmisible que representantes de Mendoza \u2014Provincia con una alta proporci\u00f3n de personas mayores y miles de personas con discapacidad en situaci\u00f3n de desprotecci\u00f3n\u2014 convaliden un veto que atenta contra su calidad de vida, su acceso a servicios esenciales y su reconocimiento como ciudadanos plenos.<\/p>\n\n\n\n<p>Que desde el gobierno nacional se ha observado un tratamiento carente de empat\u00eda y humanidad hacia el colectivo de personas con discapacidad, a quienes se ha presentado como una carga para el sistema, con expresiones despectivas rechazadas por organizaciones de derechos humanos, sociales y profesionales.<\/p>\n\n\n\n<p>Que la Ley de Emergencia en Discapacidad no fue impulsada por intereses partidarios, sino por familiares, organizaciones, profesionales y personas con discapacidad que padecen la discontinuidad de prestaciones, la precarizaci\u00f3n de instituciones, la burocratizaci\u00f3n del acceso y la vulneraci\u00f3n sistem\u00e1tica de sus derechos.<\/p>\n\n\n\n<p>Que el veto al aumento para jubilados se produce en un contexto en el cual este sector ha sido objeto de desd\u00e9n y represi\u00f3n por parte del gobierno nacional, como qued\u00f3 demostrado en las recientes manifestaciones en Plaza Congreso, donde personas mayores fueron empujadas, golpeadas y reprimidas por las fuerzas de seguridad, \u00fanicamente por ejercer su leg\u00edtimo derecho a la protesta.<\/p>\n\n\n\n<p>Que la indiferencia estatal frente al sufrimiento de las personas mayores y de las personas con discapacidad no puede encontrar c\u00f3mplices en el Congreso de la Naci\u00f3n. La historia juzgar\u00e1 a quienes, pudiendo defender los derechos de su pueblo, optaron por acatar \u00f3rdenes de quienes gobiernan de espaldas a la ciudadan\u00eda.<\/p>\n\n\n\n<p>Que este Honorable Concejo Deliberante, atento a las luchas colectivas de la comunidad y a los justos reclamos presentados por Consultorios Integra2, Centro de D\u00eda Recrear, Colores, Programa S\u00faper-Arte y otras entidades que se hicieron presentes ante este \u00d3rgano de Gobierno local, considera procedente y dentro de sus facultades y atribuciones emitir la norma respectiva, como acci\u00f3n concreta y efectiva desde este Cuerpo Deliberativo, tal como se materializa en la Resoluci\u00f3n N\u00ba 161\/2.025.<\/p>\n\n\n\n<p>EL HONORABLE CONCEJO DELIBERANTE DE LA MUNICIPALIDAD DE MALARG\u00dcE EN USO DE LAS FACULTADES QUE LE SON PROPIAS<\/p>\n\n\n\n<p>RESUELVE<\/p>\n\n\n\n<p>ART\u00cdCULO 1\u00ba: Instar a los y las Legisladoras Nacionales por la Provincia de Mendoza a rechazar el Veto Presidencial (Decreto N\u00b0 534\/2.025) a la Ley de Movilidad Jubilatoria y a la Ley de Emergencia en Discapacidad, garantizando as\u00ed el respeto y la protecci\u00f3n de los derechos de los sectores afectados.<\/p>\n\n\n\n<p>ART\u00cdCULO 2\u00ba: Expresar el m\u00e1s en\u00e9rgico repudio a los dichos y acciones del Gobierno Nacional que deshumanizan y estigmatizan a las personas con discapacidad, as\u00ed como a la represi\u00f3n ejercida contra jubilados y jubiladas en recientes movilizaciones pac\u00edficas.<\/p>\n\n\n\n<p>ART\u00cdCULO 3\u00ba: Remitir copia de la presente Resoluci\u00f3n a los Legisladores Nacionales por Mendoza, que se detallan a continuaci\u00f3n y a los medios de comunicaci\u00f3n.<\/p>\n\n\n\n<figure class=\"wp-block-table\"><table class=\"has-fixed-layout\"><tbody><tr><td>Diputada Nacional<\/td><td>Lourdes Micaela Arrieta<\/td><td>Bloque Transformaci\u00f3n<\/td><\/tr><tr><td>Diputado Nacional<\/td><td>Martin Aveiro<\/td><td>Bloque Uni\u00f3n por la Patria<\/td><\/tr><tr><td>Diputado Nacional<\/td><td>Adolfo Bermejo<\/td><td>Bloque Uni\u00f3n por la Patria<\/td><\/tr><tr><td>Diputada Nacional<\/td><td>Liliana Paponet<\/td><td>Bloque Uni\u00f3n por la Patria<\/td><\/tr><tr><td>Diputado Nacional<\/td><td>Julio Cleto Cobos<\/td><td>Bloque UCR<\/td><\/tr><tr><td>Diputado Nacional<\/td><td>Lisandro Nieri<\/td><td>Bloque UCR<\/td><\/tr><tr><td>Diputada Nacional<\/td><td>Pamela Fernanda Verasay<\/td><td>Bloque UCR<\/td><\/tr><tr><td>Diputado Nacional<\/td><td>Facundo Correa Llano<\/td><td>Bloque La Libertad Avanza<\/td><\/tr><tr><td>Diputada Nacional<\/td><td>Mercedes Llano<\/td><td>Bloque La Libertad Avanza<\/td><\/tr><tr><td>Diputado Nacional<\/td><td>\u00c1lvaro Mart\u00ednez<\/td><td>Bloque La Libertad Avanza<\/td><\/tr><tr><td>Senador Nacional<\/td><td>Rodolfo Suarez<\/td><td>Bloque UCR<\/td><\/tr><tr><td>Senadora Nacional<\/td><td>Mariana Juri<\/td><td>Bloque UCR<\/td><\/tr><tr><td>Senadora Nacional<\/td><td>Anabel Fern\u00e1ndez Sagasti<\/td><td>Bloque Unidad Ciudadana<\/td><\/tr><\/tbody><\/table><\/figure>\n\n\n\n<p>ART\u00cdCULO 4\u00ba: Comunicar la presente Resoluci\u00f3n al Poder Ejecutivo Nacional, a ambas C\u00e1maras del Congreso de la Naci\u00f3n, al Ministerio de Capital Humano, a ambas c\u00e1maras de la Provincia de Mendoza y a organismos Provinciales y Nacionales que trabajen en materia de discapacidad.<\/p>\n\n\n\n<p>ART\u00cdCULO 5\u00ba: Invitar a los Concejos Deliberantes de la Provincia de Mendoza a pronunciarse en igual sentido.<\/p>\n\n\n\n<p>ART\u00cdCULO 6\u00ba: Comun\u00edquese, reg\u00edstrese, agr\u00e9guese copia de la presente en las actuaciones correspondientes y arch\u00edvese.<\/p>\n\n\n\n<p>DADA EN LA SALA DE SESIONES DR.&nbsp; RICARDO BALBIN DEL HONORABLE CONCEJO DELIBERANTE DE LA MUNICIPALIDAD DE MALARG\u00dcE A SIETE D\u00cdAS DE AGOSTO DE DOS MIL VEINTICINCO.<\/p>\n","protected":false},"excerpt":{"rendered":"<p>El HCD inst\u00f3 a Legisladores Nacionales a rechazar el Veto Presidencial a las leyes de Movilidad Jubilatoria y Emergencia en Discapacidad Mediante esta Resoluci\u00f3n se solicita a los Legisladores Nacionales por la Provincia de Mendoza que rechacen el Veto Presidencial a la Ley de Movilidad Jubilatoria y a la Ley de Emergencia en Discapacidad, ambas [&hellip;]<\/p>\n","protected":false},"author":5,"featured_media":39342,"comment_status":"closed","ping_status":"closed","sticky":false,"template":"","format":"standard","meta":{"footnotes":""},"categories":[52,29,33,51],"tags":[],"class_list":["post-39341","post","type-post","status-publish","format-standard","has-post-thumbnail","hentry","category-gacetillas","category-lesgilacion","category-prensa","category-resoluciones"],"yoast_head":"<!-- This site is optimized with the Yoast SEO plugin v19.10 - https:\/\/yoast.com\/wordpress\/plugins\/seo\/ -->\n<title>RESOLUCI\u00d3N N\u00b0 263\/2.025 - Malarg\u00fce HCD<\/title>\n<meta name=\"robots\" content=\"index, follow, max-snippet:-1, max-image-preview:large, max-video-preview:-1\" \/>\n<link rel=\"canonical\" href=\"https:\/\/hcd.malargue.gov.ar\/?p=39341\" \/>\n<meta property=\"og:locale\" content=\"es_ES\" \/>\n<meta property=\"og:type\" content=\"article\" \/>\n<meta property=\"og:title\" content=\"RESOLUCI\u00d3N N\u00b0 263\/2.025 - Malarg\u00fce HCD\" \/>\n<meta property=\"og:description\" content=\"El HCD inst\u00f3 a Legisladores Nacionales a rechazar el Veto Presidencial a las leyes de Movilidad Jubilatoria y Emergencia en Discapacidad Mediante esta Resoluci\u00f3n se solicita a los Legisladores Nacionales por la Provincia de Mendoza que rechacen el Veto Presidencial a la Ley de Movilidad Jubilatoria y a la Ley de Emergencia en Discapacidad, ambas [&hellip;]\" \/>\n<meta property=\"og:url\" content=\"https:\/\/hcd.malargue.gov.ar\/?p=39341\" \/>\n<meta property=\"og:site_name\" content=\"Malarg\u00fce HCD\" \/>\n<meta property=\"article:published_time\" content=\"2025-08-20T12:41:27+00:00\" \/>\n<meta property=\"article:modified_time\" content=\"2025-08-20T12:42:38+00:00\" \/>\n<meta property=\"og:image\" content=\"https:\/\/hcd.malargue.gov.ar\/wp-content\/uploads\/2025\/08\/RESOLUCION-263-2025.png\" \/>\n\t<meta property=\"og:image:width\" content=\"940\" \/>\n\t<meta property=\"og:image:height\" content=\"788\" \/>\n\t<meta property=\"og:image:type\" content=\"image\/png\" \/>\n<meta name=\"author\" content=\"Belen Pedernera Ferragut\" \/>\n<meta name=\"twitter:card\" content=\"summary_large_image\" \/>\n<meta name=\"twitter:label1\" content=\"Escrito por\" \/>\n\t<meta name=\"twitter:data1\" content=\"Belen Pedernera Ferragut\" \/>\n\t<meta name=\"twitter:label2\" content=\"Tiempo de lectura\" \/>\n\t<meta name=\"twitter:data2\" content=\"6 minutos\" \/>\n<script type=\"application\/ld+json\" class=\"yoast-schema-graph\">{\"@context\":\"https:\/\/schema.org\",\"@graph\":[{\"@type\":\"WebPage\",\"@id\":\"https:\/\/hcd.malargue.gov.ar\/?p=39341\",\"url\":\"https:\/\/hcd.malargue.gov.ar\/?p=39341\",\"name\":\"RESOLUCI\u00d3N N\u00b0 263\/2.025 - Malarg\u00fce HCD\",\"isPartOf\":{\"@id\":\"https:\/\/hcd.malargue.gov.ar\/#website\"},\"datePublished\":\"2025-08-20T12:41:27+00:00\",\"dateModified\":\"2025-08-20T12:42:38+00:00\",\"author\":{\"@id\":\"https:\/\/hcd.malargue.gov.ar\/#\/schema\/person\/3fd6bbab64edd703961b795156c955d0\"},\"breadcrumb\":{\"@id\":\"https:\/\/hcd.malargue.gov.ar\/?p=39341#breadcrumb\"},\"inLanguage\":\"es-AR\",\"potentialAction\":[{\"@type\":\"ReadAction\",\"target\":[\"https:\/\/hcd.malargue.gov.ar\/?p=39341\"]}]},{\"@type\":\"BreadcrumbList\",\"@id\":\"https:\/\/hcd.malargue.gov.ar\/?p=39341#breadcrumb\",\"itemListElement\":[{\"@type\":\"ListItem\",\"position\":1,\"name\":\"Inicio\",\"item\":\"https:\/\/hcd.malargue.gov.ar\/\"},{\"@type\":\"ListItem\",\"position\":2,\"name\":\"RESOLUCI\u00d3N N\u00b0 263\/2.025\"}]},{\"@type\":\"WebSite\",\"@id\":\"https:\/\/hcd.malargue.gov.ar\/#website\",\"url\":\"https:\/\/hcd.malargue.gov.ar\/\",\"name\":\"Malarg\u00fce HCD\",\"description\":\"Malarg\u00fce Mendoza Argentina\",\"potentialAction\":[{\"@type\":\"SearchAction\",\"target\":{\"@type\":\"EntryPoint\",\"urlTemplate\":\"https:\/\/hcd.malargue.gov.ar\/?s={search_term_string}\"},\"query-input\":\"required name=search_term_string\"}],\"inLanguage\":\"es-AR\"},{\"@type\":\"Person\",\"@id\":\"https:\/\/hcd.malargue.gov.ar\/#\/schema\/person\/3fd6bbab64edd703961b795156c955d0\",\"name\":\"Belen Pedernera Ferragut\",\"image\":{\"@type\":\"ImageObject\",\"inLanguage\":\"es-AR\",\"@id\":\"https:\/\/hcd.malargue.gov.ar\/#\/schema\/person\/image\/\",\"url\":\"https:\/\/secure.gravatar.com\/avatar\/1054ffab3893de4bb3eb29bdd22f7e34b8537bf5d34d9dab311818154ad5b71f?s=96&d=mm&r=g\",\"contentUrl\":\"https:\/\/secure.gravatar.com\/avatar\/1054ffab3893de4bb3eb29bdd22f7e34b8537bf5d34d9dab311818154ad5b71f?s=96&d=mm&r=g\",\"caption\":\"Belen Pedernera Ferragut\"},\"url\":\"https:\/\/hcd.malargue.gov.ar\/?author=5\"}]}<\/script>\n<!-- \/ Yoast SEO plugin. -->","yoast_head_json":{"title":"RESOLUCI\u00d3N N\u00b0 263\/2.025 - Malarg\u00fce HCD","robots":{"index":"index","follow":"follow","max-snippet":"max-snippet:-1","max-image-preview":"max-image-preview:large","max-video-preview":"max-video-preview:-1"},"canonical":"https:\/\/hcd.malargue.gov.ar\/?p=39341","og_locale":"es_ES","og_type":"article","og_title":"RESOLUCI\u00d3N N\u00b0 263\/2.025 - Malarg\u00fce HCD","og_description":"El HCD inst\u00f3 a Legisladores Nacionales a rechazar el Veto Presidencial a las leyes de Movilidad Jubilatoria y Emergencia en Discapacidad Mediante esta Resoluci\u00f3n se solicita a los Legisladores Nacionales por la Provincia de Mendoza que rechacen el Veto Presidencial a la Ley de Movilidad Jubilatoria y a la Ley de Emergencia en Discapacidad, ambas [&hellip;]","og_url":"https:\/\/hcd.malargue.gov.ar\/?p=39341","og_site_name":"Malarg\u00fce HCD","article_published_time":"2025-08-20T12:41:27+00:00","article_modified_time":"2025-08-20T12:42:38+00:00","og_image":[{"width":940,"height":788,"url":"https:\/\/hcd.malargue.gov.ar\/wp-content\/uploads\/2025\/08\/RESOLUCION-263-2025.png","type":"image\/png"}],"author":"Belen Pedernera Ferragut","twitter_card":"summary_large_image","twitter_misc":{"Escrito por":"Belen Pedernera Ferragut","Tiempo de lectura":"6 minutos"},"schema":{"@context":"https:\/\/schema.org","@graph":[{"@type":"WebPage","@id":"https:\/\/hcd.malargue.gov.ar\/?p=39341","url":"https:\/\/hcd.malargue.gov.ar\/?p=39341","name":"RESOLUCI\u00d3N N\u00b0 263\/2.025 - Malarg\u00fce HCD","isPartOf":{"@id":"https:\/\/hcd.malargue.gov.ar\/#website"},"datePublished":"2025-08-20T12:41:27+00:00","dateModified":"2025-08-20T12:42:38+00:00","author":{"@id":"https:\/\/hcd.malargue.gov.ar\/#\/schema\/person\/3fd6bbab64edd703961b795156c955d0"},"breadcrumb":{"@id":"https:\/\/hcd.malargue.gov.ar\/?p=39341#breadcrumb"},"inLanguage":"es-AR","potentialAction":[{"@type":"ReadAction","target":["https:\/\/hcd.malargue.gov.ar\/?p=39341"]}]},{"@type":"BreadcrumbList","@id":"https:\/\/hcd.malargue.gov.ar\/?p=39341#breadcrumb","itemListElement":[{"@type":"ListItem","position":1,"name":"Inicio","item":"https:\/\/hcd.malargue.gov.ar\/"},{"@type":"ListItem","position":2,"name":"RESOLUCI\u00d3N N\u00b0 263\/2.025"}]},{"@type":"WebSite","@id":"https:\/\/hcd.malargue.gov.ar\/#website","url":"https:\/\/hcd.malargue.gov.ar\/","name":"Malarg\u00fce HCD","description":"Malarg\u00fce Mendoza Argentina","potentialAction":[{"@type":"SearchAction","target":{"@type":"EntryPoint","urlTemplate":"https:\/\/hcd.malargue.gov.ar\/?s={search_term_string}"},"query-input":"required name=search_term_string"}],"inLanguage":"es-AR"},{"@type":"Person","@id":"https:\/\/hcd.malargue.gov.ar\/#\/schema\/person\/3fd6bbab64edd703961b795156c955d0","name":"Belen Pedernera Ferragut","image":{"@type":"ImageObject","inLanguage":"es-AR","@id":"https:\/\/hcd.malargue.gov.ar\/#\/schema\/person\/image\/","url":"https:\/\/secure.gravatar.com\/avatar\/1054ffab3893de4bb3eb29bdd22f7e34b8537bf5d34d9dab311818154ad5b71f?s=96&d=mm&r=g","contentUrl":"https:\/\/secure.gravatar.com\/avatar\/1054ffab3893de4bb3eb29bdd22f7e34b8537bf5d34d9dab311818154ad5b71f?s=96&d=mm&r=g","caption":"Belen Pedernera Ferragut"},"url":"https:\/\/hcd.malargue.gov.ar\/?author=5"}]}},"_links":{"self":[{"href":"https:\/\/hcd.malargue.gov.ar\/index.php?rest_route=\/wp\/v2\/posts\/39341","targetHints":{"allow":["GET"]}}],"collection":[{"href":"https:\/\/hcd.malargue.gov.ar\/index.php?rest_route=\/wp\/v2\/posts"}],"about":[{"href":"https:\/\/hcd.malargue.gov.ar\/index.php?rest_route=\/wp\/v2\/types\/post"}],"author":[{"embeddable":true,"href":"https:\/\/hcd.malargue.gov.ar\/index.php?rest_route=\/wp\/v2\/users\/5"}],"replies":[{"embeddable":true,"href":"https:\/\/hcd.malargue.gov.ar\/index.php?rest_route=%2Fwp%2Fv2%2Fcomments&post=39341"}],"version-history":[{"count":1,"href":"https:\/\/hcd.malargue.gov.ar\/index.php?rest_route=\/wp\/v2\/posts\/39341\/revisions"}],"predecessor-version":[{"id":39343,"href":"https:\/\/hcd.malargue.gov.ar\/index.php?rest_route=\/wp\/v2\/posts\/39341\/revisions\/39343"}],"wp:featuredmedia":[{"embeddable":true,"href":"https:\/\/hcd.malargue.gov.ar\/index.php?rest_route=\/wp\/v2\/media\/39342"}],"wp:attachment":[{"href":"https:\/\/hcd.malargue.gov.ar\/index.php?rest_route=%2Fwp%2Fv2%2Fmedia&parent=39341"}],"wp:term":[{"taxonomy":"category","embeddable":true,"href":"https:\/\/hcd.malargue.gov.ar\/index.php?rest_route=%2Fwp%2Fv2%2Fcategories&post=39341"},{"taxonomy":"post_tag","embeddable":true,"href":"https:\/\/hcd.malargue.gov.ar\/index.php?rest_route=%2Fwp%2Fv2%2Ftags&post=39341"}],"curies":[{"name":"wp","href":"https:\/\/api.w.org\/{rel}","templated":true}]}}