{"id":39359,"date":"2025-08-25T10:22:16","date_gmt":"2025-08-25T13:22:16","guid":{"rendered":"https:\/\/hcd.malargue.gov.ar\/?p=39359"},"modified":"2025-08-25T10:22:21","modified_gmt":"2025-08-25T13:22:21","slug":"resolucion-n-273-2-025","status":"publish","type":"post","link":"https:\/\/hcd.malargue.gov.ar\/?p=39359","title":{"rendered":"RESOLUCI\u00d3N N\u00b0 273\/2.025"},"content":{"rendered":"\n<h4 class=\"wp-block-heading has-text-align-center\">El HCD reconoce a comercios y empresas que promueven la inclusi\u00f3n laboral de personas con discapacidad<\/h4>\n\n\n\n<p><em>El Honorable Concejo Deliberante aprob\u00f3 la Resoluci\u00f3n N\u00b0 273\/2.025, mediante la cual se reconoce p\u00fablicamente a los comercios, servidores tur\u00edsticos, gastron\u00f3micos, sector hotelero, PyMES y dem\u00e1s actores del sector privado de Malarg\u00fce que incluyen en sus plantillas de trabajo a personas con discapacidad.<\/em><\/p>\n\n\n\n<p><em>La iniciativa busca visibilizar y homenajear a quienes, con responsabilidad social y compromiso, generan oportunidades laborales genuinas, contribuyendo a la construcci\u00f3n de una comunidad m\u00e1s justa, equitativa y diversa.<\/em><\/p>\n\n\n\n<p><em>La pieza legal tambi\u00e9n establece la inclusi\u00f3n de personas con discapacidad en los programas de capacitaci\u00f3n que ofrece la Oficina de Empleo de la Municipalidad, con el fin de fortalecer la inserci\u00f3n laboral, incentivar pr\u00e1cticas solidarias en el sector privado y promover la igualdad de oportunidades.<\/em><\/p>\n\n\n\n<p><em>Asimismo, se crea un registro en el \u00c1rea de Discapacidad dependiente de la Secretar\u00eda de Desarrollo Humano para articular acciones conjuntas con la Oficina de Empleo, y se invita al Ejecutivo Municipal a organizar un acto de entrega de diplomas a los comerciantes reconocidos, adem\u00e1s de difundir sus experiencias en medios locales.<\/em><\/p>\n\n\n\n<p><em>Este reconocimiento del Cuerpo Deliberativo no solo constituye un acto de justicia hacia quienes impulsan la inclusi\u00f3n, sino que tambi\u00e9n se presenta como un ejemplo inspirador para todo el sector privado del departamento.<\/em><\/p>\n\n\n\n<p class=\"has-text-align-center\"><strong>PIEZA LEGAL<\/strong><\/p>\n\n\n<div class=\"wp-block-image\">\n<figure class=\"alignright is-resized\"><a href=\"http:\/\/hcd.malargue.gov.ar\/2025\/Rs%20273%202025%20Reonocer%20quienes%20incluyan%20personal%20con%20discapacidad%20en%20el%20Ambito%20Privado.pdf\"><img loading=\"lazy\" decoding=\"async\" width=\"512\" height=\"512\" src=\"https:\/\/hcd.malargue.gov.ar\/wp-content\/uploads\/2018\/06\/PDF-JPG.jpg\" alt=\"\" class=\"wp-image-7950\" style=\"width:134px;height:auto\" srcset=\"https:\/\/hcd.malargue.gov.ar\/wp-content\/uploads\/2018\/06\/PDF-JPG.jpg 512w, https:\/\/hcd.malargue.gov.ar\/wp-content\/uploads\/2018\/06\/PDF-JPG-150x150.jpg 150w, https:\/\/hcd.malargue.gov.ar\/wp-content\/uploads\/2018\/06\/PDF-JPG-300x300.jpg 300w\" sizes=\"auto, (max-width: 512px) 100vw, 512px\" \/><\/a><\/figure>\n<\/div>\n\n\n<p><strong>AUTORA CONCEJAL VIVIANA MOSCA<\/strong><\/p>\n\n\n\n<p><strong>BLOQUE FRENTE CAMBIA MENDOZA<\/strong><\/p>\n\n\n\n<p>VISTO: El contenido del Expediente N\u00b0 4.671\/2.025-0. Bloque Frente Cambia Mendoza. Proyecto de Resoluci\u00f3n: Reconocer en el \u00e1mbito del sector privado a aquellos Comercios, Servidores Tur\u00edsticos, Gastron\u00f3micos, Sector&nbsp;Hotelero, PyMES y otras en el Departamento de Malarg\u00fce que incluyan en su n\u00f3mina de empleados a personas con discapacidad.<\/p>\n\n\n\n<p>La necesidad de promover y reconocer la inclusi\u00f3n laboral de personas con discapacidad en el \u00e1mbito privado del Departamento de Malarg\u00fce, como acci\u00f3n fundamental para construir una sociedad m\u00e1s justa, equitativa y diversa<\/p>\n\n\n\n<p>Que este proyecto busca visibilizar y homenajear a dichos comerciantes como ejemplo inspirador para otros sectores.<\/p>\n\n\n\n<p>y;<\/p>\n\n\n\n<p>CONSIDERANDO: Que el art\u00edculo 14\u00b0 de la Constituci\u00f3n Nacional Argentina garantiza a todos los habitantes el derecho a trabajar y ejercer toda industria l\u00edcita, conforme a las leyes que reglamentan su ejercicio.<\/p>\n\n\n\n<p>Que el Derecho Constitucional al trabajo de las personas con discapacidad implica el acceso a un empleo en igualdad de condiciones, libremente elegido, con iguales oportunidades, con remuneraci\u00f3n equitativa y en condiciones laborales justas, seguras y saludables.<\/p>\n\n\n\n<p>Que el empleo constituye una herramienta esencial para la inclusi\u00f3n social, el desarrollo personal y la autonom\u00eda de las personas con discapacidad.<\/p>\n\n\n\n<p>Que en el Departamento de Malarg\u00fce existen comerciantes que, con compromiso y responsabilidad social, han brindado oportunidades laborales genuinas a personas con discapacidad, contribuyendo activamente a consolidar una comunidad m\u00e1s justa y solidaria.<br>Que estas acciones generan un impacto positivo no solo en quienes acceden al empleo, sino tambi\u00e9n en el \u00e1mbito laboral, promoviendo la diversidad, el respeto y la igualdad de oportunidades.<\/p>\n\n\n\n<p>Que es deber del Estado visibilizar y fortalecer estas pr\u00e1cticas, reconociendo p\u00fablicamente a quienes las impulsan e incentivando al resto de los actores del sector privado a sumarse.<\/p>\n\n\n\n<p>Que un reconocimiento p\u00fablico por parte de este Honorable Concejo Deliberante constituye un acto de justicia y una se\u00f1al clara de respaldo institucional a la inclusi\u00f3n laboral.<\/p>\n\n\n\n<p>EL HONORABLE CONCEJO DELIBERANTE DE LA MUNICIPALIDAD DE MALARG\u00dcE EN USO DE LAS FACULTADES QUE LE SON PROPIAS<\/p>\n\n\n\n<p>RESUELVE<\/p>\n\n\n\n<p>ART\u00cdCULO 1\u00ba: Reconocer en el \u00e1mbito del sector privado a aquellos comercios, servidores tur\u00edsticos, gastron\u00f3micos, sector hotelero, PyMES y otras, del Departamento de Malarg\u00fce que incluyan dentro de la n\u00f3mina de sus empleados personas con discapacidad.<\/p>\n\n\n\n<p>ART\u00cdCULO 2\u00ba: Incluir y capacitar a personas con discapacidad dentro de Los Programas Laborales que se ofrezcan en la Oficina de Empleo a cargo de la Municipalidad de Malarg\u00fce a fin lograr los siguientes objetivos:<\/p>\n\n\n\n<ul class=\"wp-block-list\">\n<li>La inserci\u00f3n dentro del mercado laboral a personas con discapacidad.<\/li>\n\n\n\n<li>Visibilizar pr\u00e1cticas responsables y solidarias dentro del sector comercial local.<\/li>\n\n\n\n<li>Incentivar la contrataci\u00f3n inclusiva en el \u00e1mbito privado del Departamento.<\/li>\n\n\n\n<li>Fortalecer v\u00ednculos entre el Sector P\u00fablico, Privado y organizaciones civiles vinculadas a la discapacidad.<\/li>\n<\/ul>\n\n\n\n<p>ART\u00cdCULO 3\u00ba: Crear en el \u00c1rea de Discapacidad dependiente de la Secretaria de Desarrollo Humano el registro de personas que pudieran ser incluidas para las capacitaciones que puedan otorgarse desde la Oficina de Empleo de la Municipalidad de Malarg\u00fce.<\/p>\n\n\n\n<p>ART\u00cdCULO 4\u00ba: Invitar al Departamento Ejecutivo Municipal a organizar a trav\u00e9s de las \u00c1reas correspondientes, un Acto de entrega de Diplomas a los comerciantes reconocidos y a difundir sus experiencias en los medios de comunicaci\u00f3n local.<\/p>\n\n\n\n<p>&nbsp;ART\u00cdCULO 5\u00ba: Enviar copia de la presente pieza legal a la C\u00e1mara de Comercio, Industria, Miner\u00eda, Ganader\u00eda, Agricultura y Turismo de Malarg\u00fce; a la Asociaci\u00f3n Malarg\u00fcina de Turismo; a la Oficina de Empleo dependiente de la Municipalidad de Malarg\u00fce, a la Escuela N\u00ba 2-030 Juan Maurin Navarro; al Espacio Inclusivo Colores, al Centro de d\u00eda RECREAR y al Consultorio Integra2 y a toda Instituci\u00f3n que desarrolle actividades afines.<\/p>\n\n\n\n<p>ART\u00cdCULO 6\u00ba: Comun\u00edquese, reg\u00edstrese, agr\u00e9guese copia de la presente en las actuaciones correspondientes y arch\u00edvese.<\/p>\n\n\n\n<p>DADA EN LA SALA DE SESIONES DR.&nbsp; RICARDO BALBIN DEL HONORABLE CONCEJO DELIBERANTE DE LA MUNICIPALIDAD DE MALARG\u00dcE A CATORCE D\u00cdAS DE AGOSTO DE DOS MIL VEINTICINCO.<\/p>\n","protected":false},"excerpt":{"rendered":"<p>El HCD reconoce a comercios y empresas que promueven la inclusi\u00f3n laboral de personas con discapacidad El Honorable Concejo Deliberante aprob\u00f3 la Resoluci\u00f3n N\u00b0 273\/2.025, mediante la cual se reconoce p\u00fablicamente a los comercios, servidores tur\u00edsticos, gastron\u00f3micos, sector hotelero, PyMES y dem\u00e1s actores del sector privado de Malarg\u00fce que incluyen en sus plantillas de trabajo [&hellip;]<\/p>\n","protected":false},"author":5,"featured_media":39360,"comment_status":"closed","ping_status":"closed","sticky":false,"template":"","format":"standard","meta":{"footnotes":""},"categories":[52,29,33,51],"tags":[],"class_list":["post-39359","post","type-post","status-publish","format-standard","has-post-thumbnail","hentry","category-gacetillas","category-lesgilacion","category-prensa","category-resoluciones"],"yoast_head":"<!-- This site is optimized with the Yoast SEO plugin v19.10 - https:\/\/yoast.com\/wordpress\/plugins\/seo\/ -->\n<title>RESOLUCI\u00d3N N\u00b0 273\/2.025 - Malarg\u00fce HCD<\/title>\n<meta name=\"robots\" content=\"index, follow, max-snippet:-1, max-image-preview:large, max-video-preview:-1\" \/>\n<link rel=\"canonical\" href=\"https:\/\/hcd.malargue.gov.ar\/?p=39359\" \/>\n<meta property=\"og:locale\" content=\"es_ES\" \/>\n<meta property=\"og:type\" content=\"article\" \/>\n<meta property=\"og:title\" content=\"RESOLUCI\u00d3N N\u00b0 273\/2.025 - Malarg\u00fce HCD\" \/>\n<meta property=\"og:description\" content=\"El HCD reconoce a comercios y empresas que promueven la inclusi\u00f3n laboral de personas con discapacidad El Honorable Concejo Deliberante aprob\u00f3 la Resoluci\u00f3n N\u00b0 273\/2.025, mediante la cual se reconoce p\u00fablicamente a los comercios, servidores tur\u00edsticos, gastron\u00f3micos, sector hotelero, PyMES y dem\u00e1s actores del sector privado de Malarg\u00fce que incluyen en sus plantillas de trabajo [&hellip;]\" \/>\n<meta property=\"og:url\" content=\"https:\/\/hcd.malargue.gov.ar\/?p=39359\" \/>\n<meta property=\"og:site_name\" content=\"Malarg\u00fce HCD\" \/>\n<meta property=\"article:published_time\" content=\"2025-08-25T13:22:16+00:00\" \/>\n<meta property=\"article:modified_time\" content=\"2025-08-25T13:22:21+00:00\" \/>\n<meta property=\"og:image\" content=\"https:\/\/hcd.malargue.gov.ar\/wp-content\/uploads\/2025\/08\/RESOLUCION-273-2025.png\" \/>\n\t<meta property=\"og:image:width\" content=\"940\" \/>\n\t<meta property=\"og:image:height\" content=\"788\" \/>\n\t<meta property=\"og:image:type\" content=\"image\/png\" \/>\n<meta name=\"author\" content=\"Belen Pedernera Ferragut\" \/>\n<meta name=\"twitter:card\" content=\"summary_large_image\" \/>\n<meta name=\"twitter:label1\" content=\"Escrito por\" \/>\n\t<meta name=\"twitter:data1\" content=\"Belen Pedernera Ferragut\" \/>\n\t<meta name=\"twitter:label2\" content=\"Tiempo de lectura\" \/>\n\t<meta name=\"twitter:data2\" content=\"5 minutos\" \/>\n<script type=\"application\/ld+json\" class=\"yoast-schema-graph\">{\"@context\":\"https:\/\/schema.org\",\"@graph\":[{\"@type\":\"WebPage\",\"@id\":\"https:\/\/hcd.malargue.gov.ar\/?p=39359\",\"url\":\"https:\/\/hcd.malargue.gov.ar\/?p=39359\",\"name\":\"RESOLUCI\u00d3N N\u00b0 273\/2.025 - Malarg\u00fce HCD\",\"isPartOf\":{\"@id\":\"https:\/\/hcd.malargue.gov.ar\/#website\"},\"datePublished\":\"2025-08-25T13:22:16+00:00\",\"dateModified\":\"2025-08-25T13:22:21+00:00\",\"author\":{\"@id\":\"https:\/\/hcd.malargue.gov.ar\/#\/schema\/person\/3fd6bbab64edd703961b795156c955d0\"},\"breadcrumb\":{\"@id\":\"https:\/\/hcd.malargue.gov.ar\/?p=39359#breadcrumb\"},\"inLanguage\":\"es-AR\",\"potentialAction\":[{\"@type\":\"ReadAction\",\"target\":[\"https:\/\/hcd.malargue.gov.ar\/?p=39359\"]}]},{\"@type\":\"BreadcrumbList\",\"@id\":\"https:\/\/hcd.malargue.gov.ar\/?p=39359#breadcrumb\",\"itemListElement\":[{\"@type\":\"ListItem\",\"position\":1,\"name\":\"Inicio\",\"item\":\"https:\/\/hcd.malargue.gov.ar\/\"},{\"@type\":\"ListItem\",\"position\":2,\"name\":\"RESOLUCI\u00d3N N\u00b0 273\/2.025\"}]},{\"@type\":\"WebSite\",\"@id\":\"https:\/\/hcd.malargue.gov.ar\/#website\",\"url\":\"https:\/\/hcd.malargue.gov.ar\/\",\"name\":\"Malarg\u00fce HCD\",\"description\":\"Malarg\u00fce Mendoza Argentina\",\"potentialAction\":[{\"@type\":\"SearchAction\",\"target\":{\"@type\":\"EntryPoint\",\"urlTemplate\":\"https:\/\/hcd.malargue.gov.ar\/?s={search_term_string}\"},\"query-input\":\"required name=search_term_string\"}],\"inLanguage\":\"es-AR\"},{\"@type\":\"Person\",\"@id\":\"https:\/\/hcd.malargue.gov.ar\/#\/schema\/person\/3fd6bbab64edd703961b795156c955d0\",\"name\":\"Belen Pedernera Ferragut\",\"image\":{\"@type\":\"ImageObject\",\"inLanguage\":\"es-AR\",\"@id\":\"https:\/\/hcd.malargue.gov.ar\/#\/schema\/person\/image\/\",\"url\":\"https:\/\/secure.gravatar.com\/avatar\/1054ffab3893de4bb3eb29bdd22f7e34b8537bf5d34d9dab311818154ad5b71f?s=96&d=mm&r=g\",\"contentUrl\":\"https:\/\/secure.gravatar.com\/avatar\/1054ffab3893de4bb3eb29bdd22f7e34b8537bf5d34d9dab311818154ad5b71f?s=96&d=mm&r=g\",\"caption\":\"Belen Pedernera Ferragut\"},\"url\":\"https:\/\/hcd.malargue.gov.ar\/?author=5\"}]}<\/script>\n<!-- \/ Yoast SEO plugin. -->","yoast_head_json":{"title":"RESOLUCI\u00d3N N\u00b0 273\/2.025 - Malarg\u00fce HCD","robots":{"index":"index","follow":"follow","max-snippet":"max-snippet:-1","max-image-preview":"max-image-preview:large","max-video-preview":"max-video-preview:-1"},"canonical":"https:\/\/hcd.malargue.gov.ar\/?p=39359","og_locale":"es_ES","og_type":"article","og_title":"RESOLUCI\u00d3N N\u00b0 273\/2.025 - Malarg\u00fce HCD","og_description":"El HCD reconoce a comercios y empresas que promueven la inclusi\u00f3n laboral de personas con discapacidad El Honorable Concejo Deliberante aprob\u00f3 la Resoluci\u00f3n N\u00b0 273\/2.025, mediante la cual se reconoce p\u00fablicamente a los comercios, servidores tur\u00edsticos, gastron\u00f3micos, sector hotelero, PyMES y dem\u00e1s actores del sector privado de Malarg\u00fce que incluyen en sus plantillas de trabajo [&hellip;]","og_url":"https:\/\/hcd.malargue.gov.ar\/?p=39359","og_site_name":"Malarg\u00fce HCD","article_published_time":"2025-08-25T13:22:16+00:00","article_modified_time":"2025-08-25T13:22:21+00:00","og_image":[{"width":940,"height":788,"url":"https:\/\/hcd.malargue.gov.ar\/wp-content\/uploads\/2025\/08\/RESOLUCION-273-2025.png","type":"image\/png"}],"author":"Belen Pedernera Ferragut","twitter_card":"summary_large_image","twitter_misc":{"Escrito por":"Belen Pedernera Ferragut","Tiempo de lectura":"5 minutos"},"schema":{"@context":"https:\/\/schema.org","@graph":[{"@type":"WebPage","@id":"https:\/\/hcd.malargue.gov.ar\/?p=39359","url":"https:\/\/hcd.malargue.gov.ar\/?p=39359","name":"RESOLUCI\u00d3N N\u00b0 273\/2.025 - Malarg\u00fce HCD","isPartOf":{"@id":"https:\/\/hcd.malargue.gov.ar\/#website"},"datePublished":"2025-08-25T13:22:16+00:00","dateModified":"2025-08-25T13:22:21+00:00","author":{"@id":"https:\/\/hcd.malargue.gov.ar\/#\/schema\/person\/3fd6bbab64edd703961b795156c955d0"},"breadcrumb":{"@id":"https:\/\/hcd.malargue.gov.ar\/?p=39359#breadcrumb"},"inLanguage":"es-AR","potentialAction":[{"@type":"ReadAction","target":["https:\/\/hcd.malargue.gov.ar\/?p=39359"]}]},{"@type":"BreadcrumbList","@id":"https:\/\/hcd.malargue.gov.ar\/?p=39359#breadcrumb","itemListElement":[{"@type":"ListItem","position":1,"name":"Inicio","item":"https:\/\/hcd.malargue.gov.ar\/"},{"@type":"ListItem","position":2,"name":"RESOLUCI\u00d3N N\u00b0 273\/2.025"}]},{"@type":"WebSite","@id":"https:\/\/hcd.malargue.gov.ar\/#website","url":"https:\/\/hcd.malargue.gov.ar\/","name":"Malarg\u00fce HCD","description":"Malarg\u00fce Mendoza Argentina","potentialAction":[{"@type":"SearchAction","target":{"@type":"EntryPoint","urlTemplate":"https:\/\/hcd.malargue.gov.ar\/?s={search_term_string}"},"query-input":"required name=search_term_string"}],"inLanguage":"es-AR"},{"@type":"Person","@id":"https:\/\/hcd.malargue.gov.ar\/#\/schema\/person\/3fd6bbab64edd703961b795156c955d0","name":"Belen Pedernera Ferragut","image":{"@type":"ImageObject","inLanguage":"es-AR","@id":"https:\/\/hcd.malargue.gov.ar\/#\/schema\/person\/image\/","url":"https:\/\/secure.gravatar.com\/avatar\/1054ffab3893de4bb3eb29bdd22f7e34b8537bf5d34d9dab311818154ad5b71f?s=96&d=mm&r=g","contentUrl":"https:\/\/secure.gravatar.com\/avatar\/1054ffab3893de4bb3eb29bdd22f7e34b8537bf5d34d9dab311818154ad5b71f?s=96&d=mm&r=g","caption":"Belen Pedernera Ferragut"},"url":"https:\/\/hcd.malargue.gov.ar\/?author=5"}]}},"_links":{"self":[{"href":"https:\/\/hcd.malargue.gov.ar\/index.php?rest_route=\/wp\/v2\/posts\/39359","targetHints":{"allow":["GET"]}}],"collection":[{"href":"https:\/\/hcd.malargue.gov.ar\/index.php?rest_route=\/wp\/v2\/posts"}],"about":[{"href":"https:\/\/hcd.malargue.gov.ar\/index.php?rest_route=\/wp\/v2\/types\/post"}],"author":[{"embeddable":true,"href":"https:\/\/hcd.malargue.gov.ar\/index.php?rest_route=\/wp\/v2\/users\/5"}],"replies":[{"embeddable":true,"href":"https:\/\/hcd.malargue.gov.ar\/index.php?rest_route=%2Fwp%2Fv2%2Fcomments&post=39359"}],"version-history":[{"count":1,"href":"https:\/\/hcd.malargue.gov.ar\/index.php?rest_route=\/wp\/v2\/posts\/39359\/revisions"}],"predecessor-version":[{"id":39361,"href":"https:\/\/hcd.malargue.gov.ar\/index.php?rest_route=\/wp\/v2\/posts\/39359\/revisions\/39361"}],"wp:featuredmedia":[{"embeddable":true,"href":"https:\/\/hcd.malargue.gov.ar\/index.php?rest_route=\/wp\/v2\/media\/39360"}],"wp:attachment":[{"href":"https:\/\/hcd.malargue.gov.ar\/index.php?rest_route=%2Fwp%2Fv2%2Fmedia&parent=39359"}],"wp:term":[{"taxonomy":"category","embeddable":true,"href":"https:\/\/hcd.malargue.gov.ar\/index.php?rest_route=%2Fwp%2Fv2%2Fcategories&post=39359"},{"taxonomy":"post_tag","embeddable":true,"href":"https:\/\/hcd.malargue.gov.ar\/index.php?rest_route=%2Fwp%2Fv2%2Ftags&post=39359"}],"curies":[{"name":"wp","href":"https:\/\/api.w.org\/{rel}","templated":true}]}}