{"id":39365,"date":"2025-08-25T11:51:46","date_gmt":"2025-08-25T14:51:46","guid":{"rendered":"https:\/\/hcd.malargue.gov.ar\/?p=39365"},"modified":"2025-08-25T12:02:27","modified_gmt":"2025-08-25T15:02:27","slug":"resolucion-n-277-2-025","status":"publish","type":"post","link":"https:\/\/hcd.malargue.gov.ar\/?p=39365","title":{"rendered":"RESOLUCI\u00d3N N\u00b0 277\/2.025"},"content":{"rendered":"\n<h4 class=\"wp-block-heading has-text-align-center\"><strong>El HCD solicit\u00f3 el traslado de la Oficina de Fondos de la Transformaci\u00f3n a otra dependencia edilicia<\/strong><\/h4>\n\n\n\n<p><em>El Honorable Concejo Deliberante aprob\u00f3 la Resoluci\u00f3n N\u00b0 277\/2.025, mediante la cual se solicita al Departamento Ejecutivo Municipal disponer el traslado de la Oficina del Fondo para la Transformaci\u00f3n y el Crecimiento, actualmente instalada en el edificio del Planetario de Malarg\u00fce.<\/em><\/p>\n\n\n\n<p><em>La medida se fundamenta en que el Planetario constituye una infraestructura de car\u00e1cter cient\u00edfico, educativo, cultural y tur\u00edstico, concebida espec\u00edficamente para la divulgaci\u00f3n astron\u00f3mica y tecnol\u00f3gica. La ocupaci\u00f3n de sus espacios por oficinas administrativas ajenas a sus fines propios limita el desarrollo de actividades educativas y de divulgaci\u00f3n, adem\u00e1s de comprometer su integridad funcional.<\/em><\/p>\n\n\n\n<p><em>El proyecto aprobado resalta la necesidad de restituir al Planetario la totalidad de sus instalaciones, con el objetivo de fortalecer su rol como centro de referencia en la regi\u00f3n en materia de Astronom\u00eda, Ciencia y Tecnolog\u00eda.<\/em><\/p>\n\n\n\n<p><em>El Cuerpo Deliberativo destac\u00f3 que existen en Malarg\u00fce dependencias edilicias municipales m\u00e1s adecuadas para albergar dichas oficinas, garantizando as\u00ed una mayor coherencia funcional y permitiendo que el Planetario pueda destinar todos sus recursos al cumplimiento de sus objetivos institucionales.<\/em><\/p>\n\n\n\n<p class=\"has-text-align-center\"><strong>PIEZA LEGAL<\/strong><\/p>\n\n\n<div class=\"wp-block-image\">\n<figure class=\"alignright is-resized\"><a href=\"http:\/\/hcd.malargue.gov.ar\/2025\/Rs%20277%202025%20Traslado%20Oficina%20Fonde%20de%20la%20Transformacion.pdf\"><img loading=\"lazy\" decoding=\"async\" width=\"512\" height=\"512\" src=\"https:\/\/hcd.malargue.gov.ar\/wp-content\/uploads\/2018\/06\/PDF-JPG.jpg\" alt=\"\" class=\"wp-image-7950\" style=\"width:136px;height:auto\" srcset=\"https:\/\/hcd.malargue.gov.ar\/wp-content\/uploads\/2018\/06\/PDF-JPG.jpg 512w, https:\/\/hcd.malargue.gov.ar\/wp-content\/uploads\/2018\/06\/PDF-JPG-150x150.jpg 150w, https:\/\/hcd.malargue.gov.ar\/wp-content\/uploads\/2018\/06\/PDF-JPG-300x300.jpg 300w\" sizes=\"auto, (max-width: 512px) 100vw, 512px\" \/><\/a><\/figure>\n<\/div>\n\n\n<p><strong>AUTOR CONCEJAL FRANCISCO PARADA<\/strong><\/p>\n\n\n\n<p><strong>BLOQUE ENCUENTRO<\/strong><\/p>\n\n\n\n<p>VISTO: El contenido del Expediente N\u00b0 4.875\/2.025-0. Bloque Encuentro. Proyecto de Resoluci\u00f3n: Solicitar traslado de Oficina de Fondos de la Transformaci\u00f3n a una dependencia edilicia m\u00e1s adecuada y funcional a su naturaleza administrativa.<\/p>\n\n\n\n<p>La actual utilizaci\u00f3n de instalaciones del edificio del Planetario de Malarg\u00fce por parte de la oficina del Fondo para la Transformaci\u00f3n y el Crecimiento<\/p>\n\n\n\n<p>y;<\/p>\n\n\n\n<p>CONSIDERANDO: Que el Planetario de Malarg\u00fce constituye una infraestructura de car\u00e1cter Cient\u00edfico, Educativo, Cultural y Tur\u00edstico, concebida espec\u00edficamente para el desarrollo de actividades vinculadas a la divulgaci\u00f3n astron\u00f3mica y tecnol\u00f3gica.<\/p>\n\n\n\n<p>Que el funcionamiento de oficinas administrativas ajenas a los fines propios del Planetario compromete su integridad funcional y limita la disponibilidad de espacios destinados a Actividades Cient\u00edficas, Educativas y de divulgaci\u00f3n para instituciones, p\u00fablico visitante y eventos espec\u00edficos.<\/p>\n\n\n\n<p>Que resulta necesario restituir al Planetario la totalidad de su espacio edilicio, a fin de fortalecer su rol como centro de referencia en la Regi\u00f3n en materia de Astronom\u00eda, Ciencia y Tecnolog\u00eda.<\/p>\n\n\n\n<p>Que en el \u00e1mbito del Departamento de Malarg\u00fce existen dependencias edilicias municipales m\u00e1s adecuadas para albergar las oficinas del Fondo para la Transformaci\u00f3n y el Crecimiento, garantizando una mayor coherencia funcional.<\/p>\n\n\n\n<p>EL HONORABLE CONCEJO DELIBERANTE DE LA MUNICIPALIDAD DE MALARG\u00dcE EN USO DE LAS FACULTADES QUE LE SON PROPIAS<\/p>\n\n\n\n<p>RESUELVE<\/p>\n\n\n\n<p>ART\u00cdCULO 1\u00ba: Solicitar al Departamento Ejecutivo Municipal que disponga el traslado de la Oficina del Fondo para la Transformaci\u00f3n y el Crecimiento, actualmente ubicada en el edificio del Planetario de Malarg\u00fce, a una dependencia edilicia m\u00e1s adecuada y funcional a su naturaleza administrativa.<\/p>\n\n\n\n<p>ART\u00cdCULO 2\u00ba: Requerir que el espacio desocupado sea restituido al Planetario para su uso exclusivo en actividades vinculadas a la Ciencia, la Educaci\u00f3n, la Tecnolog\u00eda y el Turismo, en concordancia con objetivos institucionales.<\/p>\n\n\n\n<p>ART\u00cdCULO 3\u00ba: Comun\u00edquese, reg\u00edstrese, agr\u00e9guese copia de la presente en las actuaciones correspondientes y arch\u00edvese.<\/p>\n\n\n\n<p>DADA EN LA SALA DE SESIONES DR.&nbsp; RICARDO BALBIN DEL HONORABLE CONCEJO DELIBERANTE DE LA MUNICIPALIDAD DE MALARG\u00dcE A CATORCE D\u00cdAS DE AGOSTO DE DOS MIL VEINTICINCO.<\/p>\n","protected":false},"excerpt":{"rendered":"<p>El HCD solicit\u00f3 el traslado de la Oficina de Fondos de la Transformaci\u00f3n a otra dependencia edilicia El Honorable Concejo Deliberante aprob\u00f3 la Resoluci\u00f3n N\u00b0 277\/2.025, mediante la cual se solicita al Departamento Ejecutivo Municipal disponer el traslado de la Oficina del Fondo para la Transformaci\u00f3n y el Crecimiento, actualmente instalada en el edificio del [&hellip;]<\/p>\n","protected":false},"author":5,"featured_media":39367,"comment_status":"closed","ping_status":"closed","sticky":false,"template":"","format":"standard","meta":{"footnotes":""},"categories":[52,29,33,51],"tags":[],"class_list":["post-39365","post","type-post","status-publish","format-standard","has-post-thumbnail","hentry","category-gacetillas","category-lesgilacion","category-prensa","category-resoluciones"],"yoast_head":"<!-- This site is optimized with the Yoast SEO plugin v19.10 - https:\/\/yoast.com\/wordpress\/plugins\/seo\/ -->\n<title>RESOLUCI\u00d3N N\u00b0 277\/2.025 - Malarg\u00fce HCD<\/title>\n<meta name=\"robots\" content=\"index, follow, max-snippet:-1, max-image-preview:large, max-video-preview:-1\" \/>\n<link rel=\"canonical\" href=\"https:\/\/hcd.malargue.gov.ar\/?p=39365\" \/>\n<meta property=\"og:locale\" content=\"es_ES\" \/>\n<meta property=\"og:type\" content=\"article\" \/>\n<meta property=\"og:title\" content=\"RESOLUCI\u00d3N N\u00b0 277\/2.025 - Malarg\u00fce HCD\" \/>\n<meta property=\"og:description\" content=\"El HCD solicit\u00f3 el traslado de la Oficina de Fondos de la Transformaci\u00f3n a otra dependencia edilicia El Honorable Concejo Deliberante aprob\u00f3 la Resoluci\u00f3n N\u00b0 277\/2.025, mediante la cual se solicita al Departamento Ejecutivo Municipal disponer el traslado de la Oficina del Fondo para la Transformaci\u00f3n y el Crecimiento, actualmente instalada en el edificio del [&hellip;]\" \/>\n<meta property=\"og:url\" content=\"https:\/\/hcd.malargue.gov.ar\/?p=39365\" \/>\n<meta property=\"og:site_name\" content=\"Malarg\u00fce HCD\" \/>\n<meta property=\"article:published_time\" content=\"2025-08-25T14:51:46+00:00\" \/>\n<meta property=\"article:modified_time\" content=\"2025-08-25T15:02:27+00:00\" \/>\n<meta property=\"og:image\" content=\"https:\/\/hcd.malargue.gov.ar\/wp-content\/uploads\/2025\/08\/RESOLUCION-277-2025.png\" \/>\n\t<meta property=\"og:image:width\" content=\"940\" \/>\n\t<meta property=\"og:image:height\" content=\"788\" \/>\n\t<meta property=\"og:image:type\" content=\"image\/png\" \/>\n<meta name=\"author\" content=\"Belen Pedernera Ferragut\" \/>\n<meta name=\"twitter:card\" content=\"summary_large_image\" \/>\n<meta name=\"twitter:label1\" content=\"Escrito por\" \/>\n\t<meta name=\"twitter:data1\" content=\"Belen Pedernera Ferragut\" \/>\n\t<meta name=\"twitter:label2\" content=\"Tiempo de lectura\" \/>\n\t<meta name=\"twitter:data2\" content=\"3 minutos\" \/>\n<script type=\"application\/ld+json\" class=\"yoast-schema-graph\">{\"@context\":\"https:\/\/schema.org\",\"@graph\":[{\"@type\":\"WebPage\",\"@id\":\"https:\/\/hcd.malargue.gov.ar\/?p=39365\",\"url\":\"https:\/\/hcd.malargue.gov.ar\/?p=39365\",\"name\":\"RESOLUCI\u00d3N N\u00b0 277\/2.025 - Malarg\u00fce HCD\",\"isPartOf\":{\"@id\":\"https:\/\/hcd.malargue.gov.ar\/#website\"},\"datePublished\":\"2025-08-25T14:51:46+00:00\",\"dateModified\":\"2025-08-25T15:02:27+00:00\",\"author\":{\"@id\":\"https:\/\/hcd.malargue.gov.ar\/#\/schema\/person\/3fd6bbab64edd703961b795156c955d0\"},\"breadcrumb\":{\"@id\":\"https:\/\/hcd.malargue.gov.ar\/?p=39365#breadcrumb\"},\"inLanguage\":\"es-AR\",\"potentialAction\":[{\"@type\":\"ReadAction\",\"target\":[\"https:\/\/hcd.malargue.gov.ar\/?p=39365\"]}]},{\"@type\":\"BreadcrumbList\",\"@id\":\"https:\/\/hcd.malargue.gov.ar\/?p=39365#breadcrumb\",\"itemListElement\":[{\"@type\":\"ListItem\",\"position\":1,\"name\":\"Inicio\",\"item\":\"https:\/\/hcd.malargue.gov.ar\/\"},{\"@type\":\"ListItem\",\"position\":2,\"name\":\"RESOLUCI\u00d3N N\u00b0 277\/2.025\"}]},{\"@type\":\"WebSite\",\"@id\":\"https:\/\/hcd.malargue.gov.ar\/#website\",\"url\":\"https:\/\/hcd.malargue.gov.ar\/\",\"name\":\"Malarg\u00fce HCD\",\"description\":\"Malarg\u00fce Mendoza Argentina\",\"potentialAction\":[{\"@type\":\"SearchAction\",\"target\":{\"@type\":\"EntryPoint\",\"urlTemplate\":\"https:\/\/hcd.malargue.gov.ar\/?s={search_term_string}\"},\"query-input\":\"required name=search_term_string\"}],\"inLanguage\":\"es-AR\"},{\"@type\":\"Person\",\"@id\":\"https:\/\/hcd.malargue.gov.ar\/#\/schema\/person\/3fd6bbab64edd703961b795156c955d0\",\"name\":\"Belen Pedernera Ferragut\",\"image\":{\"@type\":\"ImageObject\",\"inLanguage\":\"es-AR\",\"@id\":\"https:\/\/hcd.malargue.gov.ar\/#\/schema\/person\/image\/\",\"url\":\"https:\/\/secure.gravatar.com\/avatar\/1054ffab3893de4bb3eb29bdd22f7e34b8537bf5d34d9dab311818154ad5b71f?s=96&d=mm&r=g\",\"contentUrl\":\"https:\/\/secure.gravatar.com\/avatar\/1054ffab3893de4bb3eb29bdd22f7e34b8537bf5d34d9dab311818154ad5b71f?s=96&d=mm&r=g\",\"caption\":\"Belen Pedernera Ferragut\"},\"url\":\"https:\/\/hcd.malargue.gov.ar\/?author=5\"}]}<\/script>\n<!-- \/ Yoast SEO plugin. -->","yoast_head_json":{"title":"RESOLUCI\u00d3N N\u00b0 277\/2.025 - Malarg\u00fce HCD","robots":{"index":"index","follow":"follow","max-snippet":"max-snippet:-1","max-image-preview":"max-image-preview:large","max-video-preview":"max-video-preview:-1"},"canonical":"https:\/\/hcd.malargue.gov.ar\/?p=39365","og_locale":"es_ES","og_type":"article","og_title":"RESOLUCI\u00d3N N\u00b0 277\/2.025 - Malarg\u00fce HCD","og_description":"El HCD solicit\u00f3 el traslado de la Oficina de Fondos de la Transformaci\u00f3n a otra dependencia edilicia El Honorable Concejo Deliberante aprob\u00f3 la Resoluci\u00f3n N\u00b0 277\/2.025, mediante la cual se solicita al Departamento Ejecutivo Municipal disponer el traslado de la Oficina del Fondo para la Transformaci\u00f3n y el Crecimiento, actualmente instalada en el edificio del [&hellip;]","og_url":"https:\/\/hcd.malargue.gov.ar\/?p=39365","og_site_name":"Malarg\u00fce HCD","article_published_time":"2025-08-25T14:51:46+00:00","article_modified_time":"2025-08-25T15:02:27+00:00","og_image":[{"width":940,"height":788,"url":"https:\/\/hcd.malargue.gov.ar\/wp-content\/uploads\/2025\/08\/RESOLUCION-277-2025.png","type":"image\/png"}],"author":"Belen Pedernera Ferragut","twitter_card":"summary_large_image","twitter_misc":{"Escrito por":"Belen Pedernera Ferragut","Tiempo de lectura":"3 minutos"},"schema":{"@context":"https:\/\/schema.org","@graph":[{"@type":"WebPage","@id":"https:\/\/hcd.malargue.gov.ar\/?p=39365","url":"https:\/\/hcd.malargue.gov.ar\/?p=39365","name":"RESOLUCI\u00d3N N\u00b0 277\/2.025 - Malarg\u00fce HCD","isPartOf":{"@id":"https:\/\/hcd.malargue.gov.ar\/#website"},"datePublished":"2025-08-25T14:51:46+00:00","dateModified":"2025-08-25T15:02:27+00:00","author":{"@id":"https:\/\/hcd.malargue.gov.ar\/#\/schema\/person\/3fd6bbab64edd703961b795156c955d0"},"breadcrumb":{"@id":"https:\/\/hcd.malargue.gov.ar\/?p=39365#breadcrumb"},"inLanguage":"es-AR","potentialAction":[{"@type":"ReadAction","target":["https:\/\/hcd.malargue.gov.ar\/?p=39365"]}]},{"@type":"BreadcrumbList","@id":"https:\/\/hcd.malargue.gov.ar\/?p=39365#breadcrumb","itemListElement":[{"@type":"ListItem","position":1,"name":"Inicio","item":"https:\/\/hcd.malargue.gov.ar\/"},{"@type":"ListItem","position":2,"name":"RESOLUCI\u00d3N N\u00b0 277\/2.025"}]},{"@type":"WebSite","@id":"https:\/\/hcd.malargue.gov.ar\/#website","url":"https:\/\/hcd.malargue.gov.ar\/","name":"Malarg\u00fce HCD","description":"Malarg\u00fce Mendoza Argentina","potentialAction":[{"@type":"SearchAction","target":{"@type":"EntryPoint","urlTemplate":"https:\/\/hcd.malargue.gov.ar\/?s={search_term_string}"},"query-input":"required name=search_term_string"}],"inLanguage":"es-AR"},{"@type":"Person","@id":"https:\/\/hcd.malargue.gov.ar\/#\/schema\/person\/3fd6bbab64edd703961b795156c955d0","name":"Belen Pedernera Ferragut","image":{"@type":"ImageObject","inLanguage":"es-AR","@id":"https:\/\/hcd.malargue.gov.ar\/#\/schema\/person\/image\/","url":"https:\/\/secure.gravatar.com\/avatar\/1054ffab3893de4bb3eb29bdd22f7e34b8537bf5d34d9dab311818154ad5b71f?s=96&d=mm&r=g","contentUrl":"https:\/\/secure.gravatar.com\/avatar\/1054ffab3893de4bb3eb29bdd22f7e34b8537bf5d34d9dab311818154ad5b71f?s=96&d=mm&r=g","caption":"Belen Pedernera Ferragut"},"url":"https:\/\/hcd.malargue.gov.ar\/?author=5"}]}},"_links":{"self":[{"href":"https:\/\/hcd.malargue.gov.ar\/index.php?rest_route=\/wp\/v2\/posts\/39365","targetHints":{"allow":["GET"]}}],"collection":[{"href":"https:\/\/hcd.malargue.gov.ar\/index.php?rest_route=\/wp\/v2\/posts"}],"about":[{"href":"https:\/\/hcd.malargue.gov.ar\/index.php?rest_route=\/wp\/v2\/types\/post"}],"author":[{"embeddable":true,"href":"https:\/\/hcd.malargue.gov.ar\/index.php?rest_route=\/wp\/v2\/users\/5"}],"replies":[{"embeddable":true,"href":"https:\/\/hcd.malargue.gov.ar\/index.php?rest_route=%2Fwp%2Fv2%2Fcomments&post=39365"}],"version-history":[{"count":1,"href":"https:\/\/hcd.malargue.gov.ar\/index.php?rest_route=\/wp\/v2\/posts\/39365\/revisions"}],"predecessor-version":[{"id":39366,"href":"https:\/\/hcd.malargue.gov.ar\/index.php?rest_route=\/wp\/v2\/posts\/39365\/revisions\/39366"}],"wp:featuredmedia":[{"embeddable":true,"href":"https:\/\/hcd.malargue.gov.ar\/index.php?rest_route=\/wp\/v2\/media\/39367"}],"wp:attachment":[{"href":"https:\/\/hcd.malargue.gov.ar\/index.php?rest_route=%2Fwp%2Fv2%2Fmedia&parent=39365"}],"wp:term":[{"taxonomy":"category","embeddable":true,"href":"https:\/\/hcd.malargue.gov.ar\/index.php?rest_route=%2Fwp%2Fv2%2Fcategories&post=39365"},{"taxonomy":"post_tag","embeddable":true,"href":"https:\/\/hcd.malargue.gov.ar\/index.php?rest_route=%2Fwp%2Fv2%2Ftags&post=39365"}],"curies":[{"name":"wp","href":"https:\/\/api.w.org\/{rel}","templated":true}]}}