{"id":39378,"date":"2025-08-26T10:18:02","date_gmt":"2025-08-26T13:18:02","guid":{"rendered":"https:\/\/hcd.malargue.gov.ar\/?p=39378"},"modified":"2025-08-29T09:34:30","modified_gmt":"2025-08-29T12:34:30","slug":"resolucion-n-283-2-025","status":"publish","type":"post","link":"https:\/\/hcd.malargue.gov.ar\/?p=39378","title":{"rendered":"RESOLUCI\u00d3N N\u00b0 283\/2.025"},"content":{"rendered":"\n<h4 class=\"wp-block-heading has-text-align-center\"><strong>El HCD declar\u00f3 de Inter\u00e9s Departamental el Proyecto \u201c+ Trabajo de Inclusi\u00f3n Laboral\u201d<\/strong><\/h4>\n\n\n\n<p><em>Los Ediles aprobaron el Proyecto inclusivo y privado \u201c+ Trabajo de Inclusi\u00f3n Laboral\u201d, liderado por los Licenciados Guido Esparza y Francisco Alonso, profesionales de la musicoterapia y la terapia ocupacional.<\/em><\/p>\n\n\n<div class=\"wp-block-image\">\n<figure class=\"aligncenter size-large\"><img loading=\"lazy\" decoding=\"async\" width=\"1024\" height=\"576\" src=\"https:\/\/hcd.malargue.gov.ar\/wp-content\/uploads\/2025\/08\/WhatsApp-Image-2025-08-28-at-12.11.47-1024x576.jpeg\" alt=\"\" class=\"wp-image-39413\" srcset=\"https:\/\/hcd.malargue.gov.ar\/wp-content\/uploads\/2025\/08\/WhatsApp-Image-2025-08-28-at-12.11.47-1024x576.jpeg 1024w, https:\/\/hcd.malargue.gov.ar\/wp-content\/uploads\/2025\/08\/WhatsApp-Image-2025-08-28-at-12.11.47-300x169.jpeg 300w, https:\/\/hcd.malargue.gov.ar\/wp-content\/uploads\/2025\/08\/WhatsApp-Image-2025-08-28-at-12.11.47-768x432.jpeg 768w, https:\/\/hcd.malargue.gov.ar\/wp-content\/uploads\/2025\/08\/WhatsApp-Image-2025-08-28-at-12.11.47.jpeg 1280w\" sizes=\"auto, (max-width: 1024px) 100vw, 1024px\" \/><\/figure>\n<\/div>\n\n\n<p><em>La iniciativa busca brindar oportunidades laborales significativas a personas con discapacidad a trav\u00e9s de tareas reales de jardiner\u00eda, mantenimiento de espacios verdes y huerta urbana. Estas actividades se desarrollan en equipos mixtos, acompa\u00f1ados por talleristas y supervisados por profesionales, constituyendo un espacio de inclusi\u00f3n, desarrollo humano y construcci\u00f3n de v\u00ednculos.<\/em><\/p>\n\n\n\n<p><em>El proyecto no solo representa una fuente de ingresos, sino que adem\u00e1s funciona como herramienta terap\u00e9utica para estimular habilidades laborales, sociales y personales, reforzar la autoestima, fomentar la autonom\u00eda y promover h\u00e1bitos de planificaci\u00f3n y responsabilidad.<\/em><\/p>\n\n\n<div class=\"wp-block-image\">\n<figure class=\"alignright size-large is-resized\"><img loading=\"lazy\" decoding=\"async\" width=\"1024\" height=\"576\" src=\"https:\/\/hcd.malargue.gov.ar\/wp-content\/uploads\/2025\/08\/WhatsApp-Image-2025-08-28-at-12.11.48-1024x576.jpeg\" alt=\"\" class=\"wp-image-39414\" style=\"width:418px;height:auto\" srcset=\"https:\/\/hcd.malargue.gov.ar\/wp-content\/uploads\/2025\/08\/WhatsApp-Image-2025-08-28-at-12.11.48-1024x576.jpeg 1024w, https:\/\/hcd.malargue.gov.ar\/wp-content\/uploads\/2025\/08\/WhatsApp-Image-2025-08-28-at-12.11.48-300x169.jpeg 300w, https:\/\/hcd.malargue.gov.ar\/wp-content\/uploads\/2025\/08\/WhatsApp-Image-2025-08-28-at-12.11.48-768x432.jpeg 768w, https:\/\/hcd.malargue.gov.ar\/wp-content\/uploads\/2025\/08\/WhatsApp-Image-2025-08-28-at-12.11.48.jpeg 1280w\" sizes=\"auto, (max-width: 1024px) 100vw, 1024px\" \/><\/figure>\n<\/div>\n\n\n<p><em>Durante el reconocimiento, se destac\u00f3 que la inclusi\u00f3n laboral no es una concesi\u00f3n, sino una obligaci\u00f3n \u00e9tica y jur\u00eddica de la sociedad y el Estado, en concordancia con lo establecido en la Convenci\u00f3n sobre los Derechos de las Personas con Discapacidad, ratificada por Argentina en 2008 y con rango constitucional desde 2014.<\/em><\/p>\n\n\n\n<p><em>En el marco de esta declaraci\u00f3n, el Concejo har\u00e1 entrega de una copia de la pieza legal y un diploma de reconocimiento a los autores intelectuales del proyecto, en agradecimiento por su valioso aporte al crecimiento inclusivo y comunitario de Malarg\u00fce.<\/em><\/p>\n\n\n\n<p class=\"has-text-align-center\"><strong>PIEZA LEGAL<\/strong><\/p>\n\n\n<div class=\"wp-block-image\">\n<figure class=\"alignright is-resized\"><a href=\"http:\/\/hcd.malargue.gov.ar\/2025\/Rs%20283%202025%20%2BTrabajo.pdf\"><img loading=\"lazy\" decoding=\"async\" width=\"512\" height=\"512\" src=\"https:\/\/hcd.malargue.gov.ar\/wp-content\/uploads\/2018\/06\/PDF-JPG.jpg\" alt=\"\" class=\"wp-image-7950\" style=\"width:126px;height:auto\" srcset=\"https:\/\/hcd.malargue.gov.ar\/wp-content\/uploads\/2018\/06\/PDF-JPG.jpg 512w, https:\/\/hcd.malargue.gov.ar\/wp-content\/uploads\/2018\/06\/PDF-JPG-150x150.jpg 150w, https:\/\/hcd.malargue.gov.ar\/wp-content\/uploads\/2018\/06\/PDF-JPG-300x300.jpg 300w\" sizes=\"auto, (max-width: 512px) 100vw, 512px\" \/><\/a><\/figure>\n<\/div>\n\n\n<p><strong>AUTORA SILVINA CAMIOLO<\/strong><\/p>\n\n\n\n<p><strong>BLOQUE RECONSTRUYENDO MALARG\u00dcE<\/strong><\/p>\n\n\n\n<p>VISTO: El contenido del Expediente N\u00b0 5.029\/2.025-0. Bloque Reconstruyendo Malarg\u00fce. Proyecto de Resoluci\u00f3n: Declarar de Inter\u00e9s Departamental el Proyecto&nbsp;\u201c+ trabajo de Inclusi\u00f3n Laboral\u201d<\/p>\n\n\n\n<p>La necesidad de brindar oportunidades laborales significativas a personas con discapacidad.<\/p>\n\n\n\n<p>y;<\/p>\n\n\n\n<p>CONSIDERANDO: Que la trabajo es un proyecto inclusivo y privado que promueve el acceso al trabajo de personas con discapacidad mediante tareas reales de jardiner\u00eda, mantenimiento de espacios verdes y huerta urbana.<\/p>\n\n\n\n<p>Que este proyecto este coordinado por profesionales de la salud y propone un modelo sustentable, comunitario y terap\u00e9utico a la vez, con algunos de estos objetivos:<\/p>\n\n\n\n<ul class=\"wp-block-list\">\n<li>Brindar oportunidades laborales significativas a personas con discapacidad.<\/li>\n\n\n\n<li>Estimular habilidades laborales, sociales y personales.<\/li>\n\n\n\n<li>Generar ingresos reales en el marco de un proceso de acompa\u00f1amiento terap\u00e9utico.<\/li>\n\n\n\n<li>Profesionalizar el trabajo inclusivo, desde un enfoque comunitario y sustentable<\/li>\n<\/ul>\n\n\n\n<p>Que la metodolog\u00eda de trabajo es que puedan realizar tareas de corte de pasto, poda, limpieza, mantenimiento de huertas y cuidado de espacios verdes.<\/p>\n\n\n\n<p>Que estas tareas se organizan en equipos mixtos, acompa\u00f1ados por talleristas y supervisados por profesionales en terapia ocupacional y musicoterapia.<\/p>\n\n\n\n<p>Que este proyecto no es solamente una fuente de ingresos, ni un espacio productivo es, ante todo, un entorno de desarrollo humano, donde el trabajo es veh\u00edculo para construir v\u00ednculos, autoestima y sentido de pertenencia. Tambi\u00e9n forman parte de un grupo, establecen amistades, se acompa\u00f1an y aprenden a convivir con otros desde un lugar de igualdad y dignidad.<\/p>\n\n\n\n<p>Que el dinero que reciben los participantes por su trabajo, no debe entenderse como un sueldo formal ni una fuente \u00fanica de sustento. Se trata de una herramienta terap\u00e9utica que permite:<\/p>\n\n\n\n<ul class=\"wp-block-list\">\n<li>Reconocer el valor del esfuerzo personal.<\/li>\n\n\n\n<li>Trabajar el manejo del dinero de forma responsable.<\/li>\n\n\n\n<li>Fomentar h\u00e1bitos de autonom\u00eda, ahorro y planificaci\u00f3n.<\/li>\n\n\n\n<li>Reforzar la autoestima y el sentido de logro personal.<\/li>\n<\/ul>\n\n\n\n<p>Que este enfoque es parte del proceso terap\u00e9utico-ocupacional, en el que el trabajo funciona como medio para fortalecer habilidades personales y sociales.<\/p>\n\n\n\n<p>Que la Convenci\u00f3n sobre los Derechos de las Personas con Discapacidad de la Organizaci\u00f3n de las Naciones Unidas, 2.006, ratificada por Argentina en 2.008, (Ley N\u00b0 26.378), con rango constitucional desde el a\u00f1o 2.014, en su Art\u00edculo 27\u00b0 reconoce el derecho de las personas con discapacidad a trabajar en igualdad de condiciones con las dem\u00e1s, incluyendo:<\/p>\n\n\n\n<p>a) La libre elecci\u00f3n de empleo.<\/p>\n\n\n\n<p>b) Condiciones de trabajo justas y favorables.<\/p>\n\n\n\n<p>c) Acceso a programas de formaci\u00f3n profesional y continua.<\/p>\n\n\n\n<p>d) Prohibici\u00f3n de discriminaci\u00f3n en todas las etapas del empleo.<\/p>\n\n\n\n<p>f) Derecho a trabajar en entornos accesibles e inclusivos.<\/p>\n\n\n\n<p>g) Que el trabajo de las personas con discapacidad debe garantizarse en igualdad de condiciones y con respeto por su dignidad, autonom\u00eda y libertad de elecci\u00f3n.<\/p>\n\n\n\n<p>h) Que la inclusi\u00f3n laboral no es una concesi\u00f3n, es una obligaci\u00f3n jur\u00eddica y \u00e9tica del Estado y de la sociedad.<\/p>\n\n\n\n<p>EL HONORABLE CONCEJO DELIBERANTE DE LA MUNICIPALIDAD DE MALARG\u00dcE EN USO DE LAS FACULTADES QUE LE SON PROPIAS<\/p>\n\n\n\n<p>RESUELVE<\/p>\n\n\n\n<p>ART\u00cdCULO 1\u00ba: Declarar de Inter\u00e9s Departamental el Proyecto Inclusivo y Privado &#8220;+ Trabajo&#8221;, liderado por los Licenciados Guido Esparta y Francisco Alonso; M\u00fasico -Terapeuta y Terapista-Ocupacional, respectivamente.<\/p>\n\n\n\n<p>ART\u00cdCULO 2\u00ba: Hacer entrega de una copia de la presente pieza legal y un Diploma de reconocimiento a los autores intelectuales del Proyecto con la leyenda: &#8220;Por su invaluable aporte al crecimiento y desarrollo inclusivo de nuestra Comunidad\u201d<\/p>\n\n\n\n<p>ART\u00cdCULO 3\u00ba: Comun\u00edquese, reg\u00edstrese, agr\u00e9guese copia de la presente en las actuaciones correspondientes y arch\u00edvese.<\/p>\n\n\n\n<p>DADA EN LA SALA DE SESIONES DR.&nbsp; RICARDO BALBIN DEL HONORABLE CONCEJO DELIBERANTE DE LA MUNICIPALIDAD DE MALARG\u00dcE A CATORCE D\u00cdAS DE AGOSTO DE DOS MIL VEINTICINCO.<\/p>\n\n\n\n<p><\/p>\n","protected":false},"excerpt":{"rendered":"<p>El HCD declar\u00f3 de Inter\u00e9s Departamental el Proyecto \u201c+ Trabajo de Inclusi\u00f3n Laboral\u201d Los Ediles aprobaron el Proyecto inclusivo y privado \u201c+ Trabajo de Inclusi\u00f3n Laboral\u201d, liderado por los Licenciados Guido Esparza y Francisco Alonso, profesionales de la musicoterapia y la terapia ocupacional. La iniciativa busca brindar oportunidades laborales significativas a personas con discapacidad a [&hellip;]<\/p>\n","protected":false},"author":5,"featured_media":39379,"comment_status":"closed","ping_status":"closed","sticky":false,"template":"","format":"standard","meta":{"footnotes":""},"categories":[52,29,33,51],"tags":[],"class_list":["post-39378","post","type-post","status-publish","format-standard","has-post-thumbnail","hentry","category-gacetillas","category-lesgilacion","category-prensa","category-resoluciones"],"yoast_head":"<!-- This site is optimized with the Yoast SEO plugin v19.10 - https:\/\/yoast.com\/wordpress\/plugins\/seo\/ -->\n<title>RESOLUCI\u00d3N N\u00b0 283\/2.025 - Malarg\u00fce HCD<\/title>\n<meta name=\"robots\" content=\"index, follow, max-snippet:-1, max-image-preview:large, max-video-preview:-1\" \/>\n<link rel=\"canonical\" href=\"https:\/\/hcd.malargue.gov.ar\/?p=39378\" \/>\n<meta property=\"og:locale\" content=\"es_ES\" \/>\n<meta property=\"og:type\" content=\"article\" \/>\n<meta property=\"og:title\" content=\"RESOLUCI\u00d3N N\u00b0 283\/2.025 - Malarg\u00fce HCD\" \/>\n<meta property=\"og:description\" content=\"El HCD declar\u00f3 de Inter\u00e9s Departamental el Proyecto \u201c+ Trabajo de Inclusi\u00f3n Laboral\u201d Los Ediles aprobaron el Proyecto inclusivo y privado \u201c+ Trabajo de Inclusi\u00f3n Laboral\u201d, liderado por los Licenciados Guido Esparza y Francisco Alonso, profesionales de la musicoterapia y la terapia ocupacional. La iniciativa busca brindar oportunidades laborales significativas a personas con discapacidad a [&hellip;]\" \/>\n<meta property=\"og:url\" content=\"https:\/\/hcd.malargue.gov.ar\/?p=39378\" \/>\n<meta property=\"og:site_name\" content=\"Malarg\u00fce HCD\" \/>\n<meta property=\"article:published_time\" content=\"2025-08-26T13:18:02+00:00\" \/>\n<meta property=\"article:modified_time\" content=\"2025-08-29T12:34:30+00:00\" \/>\n<meta property=\"og:image\" content=\"https:\/\/hcd.malargue.gov.ar\/wp-content\/uploads\/2025\/08\/RESOLUCION-283-2025.png\" \/>\n\t<meta property=\"og:image:width\" content=\"940\" \/>\n\t<meta property=\"og:image:height\" content=\"788\" \/>\n\t<meta property=\"og:image:type\" content=\"image\/png\" \/>\n<meta name=\"author\" content=\"Belen Pedernera Ferragut\" \/>\n<meta name=\"twitter:card\" content=\"summary_large_image\" \/>\n<meta name=\"twitter:label1\" content=\"Escrito por\" \/>\n\t<meta name=\"twitter:data1\" content=\"Belen Pedernera Ferragut\" \/>\n\t<meta name=\"twitter:label2\" content=\"Tiempo de lectura\" \/>\n\t<meta name=\"twitter:data2\" content=\"5 minutos\" \/>\n<script type=\"application\/ld+json\" class=\"yoast-schema-graph\">{\"@context\":\"https:\/\/schema.org\",\"@graph\":[{\"@type\":\"WebPage\",\"@id\":\"https:\/\/hcd.malargue.gov.ar\/?p=39378\",\"url\":\"https:\/\/hcd.malargue.gov.ar\/?p=39378\",\"name\":\"RESOLUCI\u00d3N N\u00b0 283\/2.025 - Malarg\u00fce HCD\",\"isPartOf\":{\"@id\":\"https:\/\/hcd.malargue.gov.ar\/#website\"},\"datePublished\":\"2025-08-26T13:18:02+00:00\",\"dateModified\":\"2025-08-29T12:34:30+00:00\",\"author\":{\"@id\":\"https:\/\/hcd.malargue.gov.ar\/#\/schema\/person\/3fd6bbab64edd703961b795156c955d0\"},\"breadcrumb\":{\"@id\":\"https:\/\/hcd.malargue.gov.ar\/?p=39378#breadcrumb\"},\"inLanguage\":\"es-AR\",\"potentialAction\":[{\"@type\":\"ReadAction\",\"target\":[\"https:\/\/hcd.malargue.gov.ar\/?p=39378\"]}]},{\"@type\":\"BreadcrumbList\",\"@id\":\"https:\/\/hcd.malargue.gov.ar\/?p=39378#breadcrumb\",\"itemListElement\":[{\"@type\":\"ListItem\",\"position\":1,\"name\":\"Inicio\",\"item\":\"https:\/\/hcd.malargue.gov.ar\/\"},{\"@type\":\"ListItem\",\"position\":2,\"name\":\"RESOLUCI\u00d3N N\u00b0 283\/2.025\"}]},{\"@type\":\"WebSite\",\"@id\":\"https:\/\/hcd.malargue.gov.ar\/#website\",\"url\":\"https:\/\/hcd.malargue.gov.ar\/\",\"name\":\"Malarg\u00fce HCD\",\"description\":\"Malarg\u00fce Mendoza Argentina\",\"potentialAction\":[{\"@type\":\"SearchAction\",\"target\":{\"@type\":\"EntryPoint\",\"urlTemplate\":\"https:\/\/hcd.malargue.gov.ar\/?s={search_term_string}\"},\"query-input\":\"required name=search_term_string\"}],\"inLanguage\":\"es-AR\"},{\"@type\":\"Person\",\"@id\":\"https:\/\/hcd.malargue.gov.ar\/#\/schema\/person\/3fd6bbab64edd703961b795156c955d0\",\"name\":\"Belen Pedernera Ferragut\",\"image\":{\"@type\":\"ImageObject\",\"inLanguage\":\"es-AR\",\"@id\":\"https:\/\/hcd.malargue.gov.ar\/#\/schema\/person\/image\/\",\"url\":\"https:\/\/secure.gravatar.com\/avatar\/1054ffab3893de4bb3eb29bdd22f7e34b8537bf5d34d9dab311818154ad5b71f?s=96&d=mm&r=g\",\"contentUrl\":\"https:\/\/secure.gravatar.com\/avatar\/1054ffab3893de4bb3eb29bdd22f7e34b8537bf5d34d9dab311818154ad5b71f?s=96&d=mm&r=g\",\"caption\":\"Belen Pedernera Ferragut\"},\"url\":\"https:\/\/hcd.malargue.gov.ar\/?author=5\"}]}<\/script>\n<!-- \/ Yoast SEO plugin. -->","yoast_head_json":{"title":"RESOLUCI\u00d3N N\u00b0 283\/2.025 - Malarg\u00fce HCD","robots":{"index":"index","follow":"follow","max-snippet":"max-snippet:-1","max-image-preview":"max-image-preview:large","max-video-preview":"max-video-preview:-1"},"canonical":"https:\/\/hcd.malargue.gov.ar\/?p=39378","og_locale":"es_ES","og_type":"article","og_title":"RESOLUCI\u00d3N N\u00b0 283\/2.025 - Malarg\u00fce HCD","og_description":"El HCD declar\u00f3 de Inter\u00e9s Departamental el Proyecto \u201c+ Trabajo de Inclusi\u00f3n Laboral\u201d Los Ediles aprobaron el Proyecto inclusivo y privado \u201c+ Trabajo de Inclusi\u00f3n Laboral\u201d, liderado por los Licenciados Guido Esparza y Francisco Alonso, profesionales de la musicoterapia y la terapia ocupacional. La iniciativa busca brindar oportunidades laborales significativas a personas con discapacidad a [&hellip;]","og_url":"https:\/\/hcd.malargue.gov.ar\/?p=39378","og_site_name":"Malarg\u00fce HCD","article_published_time":"2025-08-26T13:18:02+00:00","article_modified_time":"2025-08-29T12:34:30+00:00","og_image":[{"width":940,"height":788,"url":"https:\/\/hcd.malargue.gov.ar\/wp-content\/uploads\/2025\/08\/RESOLUCION-283-2025.png","type":"image\/png"}],"author":"Belen Pedernera Ferragut","twitter_card":"summary_large_image","twitter_misc":{"Escrito por":"Belen Pedernera Ferragut","Tiempo de lectura":"5 minutos"},"schema":{"@context":"https:\/\/schema.org","@graph":[{"@type":"WebPage","@id":"https:\/\/hcd.malargue.gov.ar\/?p=39378","url":"https:\/\/hcd.malargue.gov.ar\/?p=39378","name":"RESOLUCI\u00d3N N\u00b0 283\/2.025 - Malarg\u00fce HCD","isPartOf":{"@id":"https:\/\/hcd.malargue.gov.ar\/#website"},"datePublished":"2025-08-26T13:18:02+00:00","dateModified":"2025-08-29T12:34:30+00:00","author":{"@id":"https:\/\/hcd.malargue.gov.ar\/#\/schema\/person\/3fd6bbab64edd703961b795156c955d0"},"breadcrumb":{"@id":"https:\/\/hcd.malargue.gov.ar\/?p=39378#breadcrumb"},"inLanguage":"es-AR","potentialAction":[{"@type":"ReadAction","target":["https:\/\/hcd.malargue.gov.ar\/?p=39378"]}]},{"@type":"BreadcrumbList","@id":"https:\/\/hcd.malargue.gov.ar\/?p=39378#breadcrumb","itemListElement":[{"@type":"ListItem","position":1,"name":"Inicio","item":"https:\/\/hcd.malargue.gov.ar\/"},{"@type":"ListItem","position":2,"name":"RESOLUCI\u00d3N N\u00b0 283\/2.025"}]},{"@type":"WebSite","@id":"https:\/\/hcd.malargue.gov.ar\/#website","url":"https:\/\/hcd.malargue.gov.ar\/","name":"Malarg\u00fce HCD","description":"Malarg\u00fce Mendoza Argentina","potentialAction":[{"@type":"SearchAction","target":{"@type":"EntryPoint","urlTemplate":"https:\/\/hcd.malargue.gov.ar\/?s={search_term_string}"},"query-input":"required name=search_term_string"}],"inLanguage":"es-AR"},{"@type":"Person","@id":"https:\/\/hcd.malargue.gov.ar\/#\/schema\/person\/3fd6bbab64edd703961b795156c955d0","name":"Belen Pedernera Ferragut","image":{"@type":"ImageObject","inLanguage":"es-AR","@id":"https:\/\/hcd.malargue.gov.ar\/#\/schema\/person\/image\/","url":"https:\/\/secure.gravatar.com\/avatar\/1054ffab3893de4bb3eb29bdd22f7e34b8537bf5d34d9dab311818154ad5b71f?s=96&d=mm&r=g","contentUrl":"https:\/\/secure.gravatar.com\/avatar\/1054ffab3893de4bb3eb29bdd22f7e34b8537bf5d34d9dab311818154ad5b71f?s=96&d=mm&r=g","caption":"Belen Pedernera Ferragut"},"url":"https:\/\/hcd.malargue.gov.ar\/?author=5"}]}},"_links":{"self":[{"href":"https:\/\/hcd.malargue.gov.ar\/index.php?rest_route=\/wp\/v2\/posts\/39378","targetHints":{"allow":["GET"]}}],"collection":[{"href":"https:\/\/hcd.malargue.gov.ar\/index.php?rest_route=\/wp\/v2\/posts"}],"about":[{"href":"https:\/\/hcd.malargue.gov.ar\/index.php?rest_route=\/wp\/v2\/types\/post"}],"author":[{"embeddable":true,"href":"https:\/\/hcd.malargue.gov.ar\/index.php?rest_route=\/wp\/v2\/users\/5"}],"replies":[{"embeddable":true,"href":"https:\/\/hcd.malargue.gov.ar\/index.php?rest_route=%2Fwp%2Fv2%2Fcomments&post=39378"}],"version-history":[{"count":3,"href":"https:\/\/hcd.malargue.gov.ar\/index.php?rest_route=\/wp\/v2\/posts\/39378\/revisions"}],"predecessor-version":[{"id":39417,"href":"https:\/\/hcd.malargue.gov.ar\/index.php?rest_route=\/wp\/v2\/posts\/39378\/revisions\/39417"}],"wp:featuredmedia":[{"embeddable":true,"href":"https:\/\/hcd.malargue.gov.ar\/index.php?rest_route=\/wp\/v2\/media\/39379"}],"wp:attachment":[{"href":"https:\/\/hcd.malargue.gov.ar\/index.php?rest_route=%2Fwp%2Fv2%2Fmedia&parent=39378"}],"wp:term":[{"taxonomy":"category","embeddable":true,"href":"https:\/\/hcd.malargue.gov.ar\/index.php?rest_route=%2Fwp%2Fv2%2Fcategories&post=39378"},{"taxonomy":"post_tag","embeddable":true,"href":"https:\/\/hcd.malargue.gov.ar\/index.php?rest_route=%2Fwp%2Fv2%2Ftags&post=39378"}],"curies":[{"name":"wp","href":"https:\/\/api.w.org\/{rel}","templated":true}]}}